{"id":9368,"date":"2023-12-20T12:20:08","date_gmt":"2023-12-20T12:20:08","guid":{"rendered":"https:\/\/novo2023.camtra.org.br\/?p=9368"},"modified":"2024-07-11T22:17:51","modified_gmt":"2024-07-11T22:17:51","slug":"infografico-vivas-nos-queremos2022","status":"publish","type":"post","link":"https:\/\/novo2023.camtra.org.br\/index.php\/2023\/12\/20\/infografico-vivas-nos-queremos2022\/","title":{"rendered":"Infogr\u00e1fico &#8220;Vivas nos Queremos&#8221; 2022"},"content":{"rendered":"<div id=\"fb-root\"><\/div>\n\t\t<div data-elementor-type=\"wp-post\" data-elementor-id=\"9368\" class=\"elementor elementor-9368\">\n\t\t\t\t<div class=\"elementor-element elementor-element-3c18d75 e-flex e-con-boxed e-con e-parent\" data-id=\"3c18d75\" data-element_type=\"container\">\n\t\t\t\t\t<div class=\"e-con-inner\">\n\t\t\t\t<div class=\"elementor-element elementor-element-98a2c7e exad-sticky-section-no exad-glass-effect-no elementor-widget elementor-widget-heading\" data-id=\"98a2c7e\" data-element_type=\"widget\" data-widget_type=\"heading.default\">\n\t\t\t\t<div class=\"elementor-widget-container\">\n\t\t\t<style>\/*! elementor - v3.23.0 - 15-07-2024 *\/\n.elementor-heading-title{padding:0;margin:0;line-height:1}.elementor-widget-heading .elementor-heading-title[class*=elementor-size-]>a{color:inherit;font-size:inherit;line-height:inherit}.elementor-widget-heading .elementor-heading-title.elementor-size-small{font-size:15px}.elementor-widget-heading .elementor-heading-title.elementor-size-medium{font-size:19px}.elementor-widget-heading .elementor-heading-title.elementor-size-large{font-size:29px}.elementor-widget-heading .elementor-heading-title.elementor-size-xl{font-size:39px}.elementor-widget-heading .elementor-heading-title.elementor-size-xxl{font-size:59px}<\/style><h2 class=\"elementor-heading-title elementor-size-default\">Projeto Crimes do Patriarcado\n<\/h2>\t\t<\/div>\n\t\t\t\t<\/div>\n\t\t\t\t\t<\/div>\n\t\t\t\t<\/div>\n\t\t<div class=\"elementor-element elementor-element-3011692 e-flex e-con-boxed e-con e-parent\" data-id=\"3011692\" data-element_type=\"container\">\n\t\t\t\t\t<div class=\"e-con-inner\">\n\t\t\t\t<div class=\"elementor-element elementor-element-2e42d83 exad-sticky-section-no exad-glass-effect-no elementor-widget elementor-widget-text-editor\" data-id=\"2e42d83\" data-element_type=\"widget\" data-widget_type=\"text-editor.default\">\n\t\t\t\t<div class=\"elementor-widget-container\">\n\t\t\t<style>\/*! elementor - v3.23.0 - 15-07-2024 *\/\n.elementor-widget-text-editor.elementor-drop-cap-view-stacked .elementor-drop-cap{background-color:#69727d;color:#fff}.elementor-widget-text-editor.elementor-drop-cap-view-framed .elementor-drop-cap{color:#69727d;border:3px solid;background-color:transparent}.elementor-widget-text-editor:not(.elementor-drop-cap-view-default) .elementor-drop-cap{margin-top:8px}.elementor-widget-text-editor:not(.elementor-drop-cap-view-default) .elementor-drop-cap-letter{width:1em;height:1em}.elementor-widget-text-editor .elementor-drop-cap{float:left;text-align:center;line-height:1;font-size:50px}.elementor-widget-text-editor .elementor-drop-cap-letter{display:inline-block}<\/style>\t\t\t\t<p>O projeto \u201cCrimes do Patriarcado\u201d, iniciado em 2020, tem como objetivo garantir a mem\u00f3ria das v\u00edtimas e exigir justi\u00e7a contra quem cometeu os feminic\u00eddios.\u00a0<\/p><p><span style=\"font-size: 20px; font-weight: 400; text-align: var(--text-align);\">Inicialmente, a Camtra publicava diariamente os feminic\u00eddios, depois passou a ser semanal, quinzenal e, hoje, \u00e9 mensal. Anualmente, \u00e9 produzido um relat\u00f3rio, junto com um infogr\u00e1fico, que \u00e9 publicizado e enviado para as autoridades das esferas p\u00fablicas municipal, estadual e federal.<\/span><\/p><p><span style=\"font-weight: 400;\">A metodologia utilizada \u00e9 atrav\u00e9s de um alerta do Google, que traz os crimes relacionados \u00e0s mulheres cis e trans. A Camtra, ent\u00e3o, faz o levantamento para constatar se de fato foram feminic\u00eddios.<\/span><\/p><p><span style=\"font-weight: 400;\">Temos certeza de que n\u00e3o damos conta de trazer todas as meninas e mulheres que perderam suas vidas. Por\u00e9m, fazemos isso pelo compromisso com a justi\u00e7a e a mem\u00f3ria das v\u00edtimas, para n\u00e3o esquecermos das viol\u00eancias constantes a que somos submetidas. Por todas elas. Presente!<\/span><\/p><p><span style=\"font-weight: 400;\">Feminic\u00eddio \u00e9 a express\u00e3o maior do \u00f3dio contra todas n\u00f3s. Basta!<\/span><\/p><p><span style=\"font-weight: 400;\">Busque ajuda! N\u00e3o se isole, junte-se a n\u00f3s nesta caminhada, pela vida das mulheres.<\/span><\/p>\t\t\t\t\t\t<\/div>\n\t\t\t\t<\/div>\n\t\t\t\t\t<\/div>\n\t\t\t\t<\/div>\n\t\t<div class=\"elementor-element elementor-element-5cd1212 e-flex e-con-boxed e-con e-parent\" data-id=\"5cd1212\" data-element_type=\"container\">\n\t\t\t\t\t<div class=\"e-con-inner\">\n\t\t\t\t<div class=\"elementor-element elementor-element-80ef917 exad-sticky-section-no exad-glass-effect-no elementor-widget elementor-widget-image\" data-id=\"80ef917\" data-element_type=\"widget\" data-widget_type=\"image.default\">\n\t\t\t\t<div class=\"elementor-widget-container\">\n\t\t\t<style>\/*! elementor - v3.23.0 - 15-07-2024 *\/\n.elementor-widget-image{text-align:center}.elementor-widget-image a{display:inline-block}.elementor-widget-image a img[src$=\".svg\"]{width:48px}.elementor-widget-image img{vertical-align:middle;display:inline-block}<\/style>\t\t\t\t\t\t\t\t\t\t<img fetchpriority=\"high\" decoding=\"async\" width=\"724\" height=\"1024\" src=\"https:\/\/novo2023.camtra.org.br\/wp-content\/uploads\/2023\/12\/Infografico-crimes-do-patriarcado-2022-V6-724x1024.jpg\" class=\"attachment-large size-large wp-image-10482\" alt=\"\" srcset=\"https:\/\/novo2023.camtra.org.br\/wp-content\/uploads\/2023\/12\/Infografico-crimes-do-patriarcado-2022-V6-724x1024.jpg 724w, https:\/\/novo2023.camtra.org.br\/wp-content\/uploads\/2023\/12\/Infografico-crimes-do-patriarcado-2022-V6-212x300.jpg 212w, https:\/\/novo2023.camtra.org.br\/wp-content\/uploads\/2023\/12\/Infografico-crimes-do-patriarcado-2022-V6-768x1086.jpg 768w, https:\/\/novo2023.camtra.org.br\/wp-content\/uploads\/2023\/12\/Infografico-crimes-do-patriarcado-2022-V6-1086x1536.jpg 1086w, https:\/\/novo2023.camtra.org.br\/wp-content\/uploads\/2023\/12\/Infografico-crimes-do-patriarcado-2022-V6-1448x2048.jpg 1448w, https:\/\/novo2023.camtra.org.br\/wp-content\/uploads\/2023\/12\/Infografico-crimes-do-patriarcado-2022-V6.jpg 1754w\" sizes=\"(max-width: 724px) 100vw, 724px\" \/>\t\t\t\t\t\t\t\t\t\t\t\t\t<\/div>\n\t\t\t\t<\/div>\n\t\t\t\t\t<\/div>\n\t\t\t\t<\/div>\n\t\t<div class=\"elementor-element elementor-element-b101e3b e-flex e-con-boxed e-con e-parent\" data-id=\"b101e3b\" data-element_type=\"container\">\n\t\t\t\t\t<div class=\"e-con-inner\">\n\t\t<div class=\"elementor-element elementor-element-a84f5cc e-con-full e-flex e-con e-child\" data-id=\"a84f5cc\" data-element_type=\"container\">\n\t\t\t\t<div class=\"elementor-element elementor-element-535128a elementor-widget__width-initial exad-sticky-section-no exad-glass-effect-no elementor-widget elementor-widget-heading\" data-id=\"535128a\" data-element_type=\"widget\" data-widget_type=\"heading.default\">\n\t\t\t\t<div class=\"elementor-widget-container\">\n\t\t\t<h2 class=\"elementor-heading-title elementor-size-default\"><br><br>Relat\u00f3rio referente ao infogr\u00e1fico \u201cVivas nos Queremos\u201d<\/h2>\t\t<\/div>\n\t\t\t\t<\/div>\n\t\t\t\t<\/div>\n\t\t<div class=\"elementor-element elementor-element-77d9e6d e-con-full e-flex e-con e-child\" data-id=\"77d9e6d\" data-element_type=\"container\">\n\t\t\t\t<div class=\"elementor-element elementor-element-f9db90c exad-sticky-section-no exad-glass-effect-no elementor-widget elementor-widget-text-editor\" data-id=\"f9db90c\" data-element_type=\"widget\" data-widget_type=\"text-editor.default\">\n\t\t\t\t<div class=\"elementor-widget-container\">\n\t\t\t\t\t\t\t<p><div class=\"_df_thumb \" id=\"df_13504\"  _slug=\"relatorio-crimes-do-patriarcado\" data-title=\"relatorio-crimes-do-patriarcado\" wpoptions=\"true\" thumb=\"https:\/\/novo2023.camtra.org.br\/wp-content\/uploads\/2024\/05\/cards-info-768x768-1.jpg\" thumbtype=\"\" >Relat\u00f3rio crimes do patriarcado<\/div><script class=\"df-shortcode-script\" type=\"application\/javascript\">window.option_df_13504 = {\"outline\":[],\"backgroundColor\":\"#590a5d\",\"autoEnableOutline\":\"false\",\"autoEnableThumbnail\":\"false\",\"overwritePDFOutline\":\"false\",\"direction\":\"1\",\"pageSize\":\"0\",\"source\":\"https:\\\/\\\/novo2023.camtra.org.br\\\/wp-content\\\/uploads\\\/2024\\\/05\\\/Relatorio-crimes-do-patriarcado.pdf_CAMTRA.pdf\",\"wpOptions\":\"true\"}; if(window.DFLIP && window.DFLIP.parseBooks){window.DFLIP.parseBooks();}<\/script><\/p>\t\t\t\t\t\t<\/div>\n\t\t\t\t<\/div>\n\t\t\t\t<\/div>\n\t\t<div class=\"elementor-element elementor-element-482f072 e-con-full e-flex e-con e-child\" data-id=\"482f072\" data-element_type=\"container\">\n\t\t\t\t<\/div>\n\t\t<div class=\"elementor-element elementor-element-c065dff e-con-full e-flex e-con e-child\" data-id=\"c065dff\" data-element_type=\"container\">\n\t\t\t\t<\/div>\n\t\t\t\t\t<\/div>\n\t\t\t\t<\/div>\n\t\t\t\t<\/div>\n\t\t","protected":false},"excerpt":{"rendered":"<p>Projeto Crimes do Patriarcado O projeto \u201cCrimes do Patriarcado\u201d, iniciado em 2020, tem como objetivo garantir a mem\u00f3ria das v\u00edtimas e exigir justi\u00e7a contra quem cometeu os feminic\u00eddios.\u00a0 Inicialmente, a [&hellip;]<\/p>\n","protected":false},"author":1,"featured_media":0,"comment_status":"open","ping_status":"open","sticky":false,"template":"","format":"standard","meta":{"om_disable_all_campaigns":false,"_monsterinsights_skip_tracking":false,"_monsterinsights_sitenote_active":false,"_monsterinsights_sitenote_note":"","_monsterinsights_sitenote_category":0,"_uf_show_specific_survey":0,"_uf_disable_surveys":false,"ocean_post_layout":"","ocean_both_sidebars_style":"","ocean_both_sidebars_content_width":0,"ocean_both_sidebars_sidebars_width":0,"ocean_sidebar":"","ocean_second_sidebar":"","ocean_disable_margins":"enable","ocean_add_body_class":"","ocean_shortcode_before_top_bar":"","ocean_shortcode_after_top_bar":"","ocean_shortcode_before_header":"","ocean_shortcode_after_header":"","ocean_has_shortcode":"","ocean_shortcode_after_title":"","ocean_shortcode_before_footer_widgets":"","ocean_shortcode_after_footer_widgets":"","ocean_shortcode_before_footer_bottom":"","ocean_shortcode_after_footer_bottom":"","ocean_display_top_bar":"default","ocean_display_header":"default","ocean_header_style":"","ocean_center_header_left_menu":"","ocean_custom_header_template":"","ocean_custom_logo":0,"ocean_custom_retina_logo":0,"ocean_custom_logo_max_width":0,"ocean_custom_logo_tablet_max_width":0,"ocean_custom_logo_mobile_max_width":0,"ocean_custom_logo_max_height":0,"ocean_custom_logo_tablet_max_height":0,"ocean_custom_logo_mobile_max_height":0,"ocean_header_custom_menu":"","ocean_menu_typo_font_family":"","ocean_menu_typo_font_subset":"","ocean_menu_typo_font_size":0,"ocean_menu_typo_font_size_tablet":0,"ocean_menu_typo_font_size_mobile":0,"ocean_menu_typo_font_size_unit":"px","ocean_menu_typo_font_weight":"","ocean_menu_typo_font_weight_tablet":"","ocean_menu_typo_font_weight_mobile":"","ocean_menu_typo_transform":"","ocean_menu_typo_transform_tablet":"","ocean_menu_typo_transform_mobile":"","ocean_menu_typo_line_height":0,"ocean_menu_typo_line_height_tablet":0,"ocean_menu_typo_line_height_mobile":0,"ocean_menu_typo_line_height_unit":"","ocean_menu_typo_spacing":0,"ocean_menu_typo_spacing_tablet":0,"ocean_menu_typo_spacing_mobile":0,"ocean_menu_typo_spacing_unit":"","ocean_menu_link_color":"","ocean_menu_link_color_hover":"","ocean_menu_link_color_active":"","ocean_menu_link_background":"","ocean_menu_link_hover_background":"","ocean_menu_link_active_background":"","ocean_menu_social_links_bg":"","ocean_menu_social_hover_links_bg":"","ocean_menu_social_links_color":"","ocean_menu_social_hover_links_color":"","ocean_disable_title":"default","ocean_disable_heading":"default","ocean_post_title":"","ocean_post_subheading":"","ocean_post_title_style":"","ocean_post_title_background_color":"","ocean_post_title_background":0,"ocean_post_title_bg_image_position":"","ocean_post_title_bg_image_attachment":"","ocean_post_title_bg_image_repeat":"","ocean_post_title_bg_image_size":"","ocean_post_title_height":0,"ocean_post_title_bg_overlay":0.5,"ocean_post_title_bg_overlay_color":"","ocean_disable_breadcrumbs":"default","ocean_breadcrumbs_color":"","ocean_breadcrumbs_separator_color":"","ocean_breadcrumbs_links_color":"","ocean_breadcrumbs_links_hover_color":"","ocean_display_footer_widgets":"default","ocean_display_footer_bottom":"default","ocean_custom_footer_template":"","ocean_post_oembed":"","ocean_post_self_hosted_media":"","ocean_post_video_embed":"","ocean_link_format":"","ocean_link_format_target":"self","ocean_quote_format":"","ocean_quote_format_link":"post","ocean_gallery_link_images":"on","ocean_gallery_id":[],"footnotes":""},"categories":[623,30],"tags":[622],"class_list":["post-9368","post","type-post","status-publish","format-standard","hentry","category-campanhas-da-camtra","category-violencia","tag-infografico","entry"],"aioseo_notices":[],"yoast_head":"<!-- This site is optimized with the Yoast SEO plugin v23.0 - https:\/\/yoast.com\/wordpress\/plugins\/seo\/ -->\n<title>Infogr\u00e1fico &quot;Vivas nos Queremos&quot; 2022 - CAMTRA NOVO<\/title>\n<meta name=\"robots\" content=\"index, follow, max-snippet:-1, max-image-preview:large, max-video-preview:-1\" \/>\n<link rel=\"canonical\" href=\"https:\/\/novo2023.camtra.org.br\/index.php\/2023\/12\/20\/infografico-vivas-nos-queremos2022\/\" \/>\n<meta property=\"og:locale\" content=\"pt_BR\" \/>\n<meta property=\"og:type\" content=\"article\" \/>\n<meta property=\"og:title\" content=\"Infogr\u00e1fico &quot;Vivas nos Queremos&quot; 2022 - CAMTRA NOVO\" \/>\n<meta property=\"og:description\" content=\"Projeto Crimes do Patriarcado O projeto \u201cCrimes do Patriarcado\u201d, iniciado em 2020, tem como objetivo garantir a mem\u00f3ria das v\u00edtimas e exigir justi\u00e7a contra quem cometeu os feminic\u00eddios.\u00a0 Inicialmente, a [&hellip;]\" \/>\n<meta property=\"og:url\" content=\"https:\/\/novo2023.camtra.org.br\/index.php\/2023\/12\/20\/infografico-vivas-nos-queremos2022\/\" \/>\n<meta property=\"og:site_name\" content=\"CAMTRA NOVO\" \/>\n<meta property=\"article:published_time\" content=\"2023-12-20T12:20:08+00:00\" \/>\n<meta property=\"article:modified_time\" content=\"2024-07-11T22:17:51+00:00\" \/>\n<meta property=\"og:image\" content=\"https:\/\/novo2023.camtra.org.br\/wp-content\/uploads\/2023\/12\/Infografico-crimes-do-patriarcado-2022-V6-724x1024.jpg\" \/>\n<meta name=\"author\" content=\"alter\" \/>\n<meta name=\"twitter:card\" content=\"summary_large_image\" \/>\n<meta name=\"twitter:label1\" content=\"Escrito por\" \/>\n\t<meta name=\"twitter:data1\" content=\"alter\" \/>\n\t<meta name=\"twitter:label2\" content=\"Est. tempo de leitura\" \/>\n\t<meta name=\"twitter:data2\" content=\"2 minutos\" \/>\n<script type=\"application\/ld+json\" class=\"yoast-schema-graph\">{\"@context\":\"https:\/\/schema.org\",\"@graph\":[{\"@type\":\"Article\",\"@id\":\"https:\/\/novo2023.camtra.org.br\/index.php\/2023\/12\/20\/infografico-vivas-nos-queremos2022\/#article\",\"isPartOf\":{\"@id\":\"https:\/\/novo2023.camtra.org.br\/index.php\/2023\/12\/20\/infografico-vivas-nos-queremos2022\/\"},\"author\":{\"name\":\"alter\",\"@id\":\"https:\/\/novo2023.camtra.org.br\/#\/schema\/person\/15fb554c7c7e80758d7b3e44634f5118\"},\"headline\":\"Infogr\u00e1fico &#8220;Vivas nos Queremos&#8221; 2022\",\"datePublished\":\"2023-12-20T12:20:08+00:00\",\"dateModified\":\"2024-07-11T22:17:51+00:00\",\"mainEntityOfPage\":{\"@id\":\"https:\/\/novo2023.camtra.org.br\/index.php\/2023\/12\/20\/infografico-vivas-nos-queremos2022\/\"},\"wordCount\":208,\"commentCount\":0,\"publisher\":{\"@id\":\"https:\/\/novo2023.camtra.org.br\/#organization\"},\"image\":{\"@id\":\"https:\/\/novo2023.camtra.org.br\/index.php\/2023\/12\/20\/infografico-vivas-nos-queremos2022\/#primaryimage\"},\"thumbnailUrl\":\"https:\/\/novo2023.camtra.org.br\/wp-content\/uploads\/2023\/12\/Infografico-crimes-do-patriarcado-2022-V6-724x1024.jpg\",\"keywords\":[\"Infogr\u00e1fico\"],\"articleSection\":[\"Campanhas da CAMTRA\",\"Viol\u00eancia\"],\"inLanguage\":\"pt-BR\",\"potentialAction\":[{\"@type\":\"CommentAction\",\"name\":\"Comment\",\"target\":[\"https:\/\/novo2023.camtra.org.br\/index.php\/2023\/12\/20\/infografico-vivas-nos-queremos2022\/#respond\"]}]},{\"@type\":\"WebPage\",\"@id\":\"https:\/\/novo2023.camtra.org.br\/index.php\/2023\/12\/20\/infografico-vivas-nos-queremos2022\/\",\"url\":\"https:\/\/novo2023.camtra.org.br\/index.php\/2023\/12\/20\/infografico-vivas-nos-queremos2022\/\",\"name\":\"Infogr\u00e1fico \\\"Vivas nos Queremos\\\" 2022 - CAMTRA NOVO\",\"isPartOf\":{\"@id\":\"https:\/\/novo2023.camtra.org.br\/#website\"},\"primaryImageOfPage\":{\"@id\":\"https:\/\/novo2023.camtra.org.br\/index.php\/2023\/12\/20\/infografico-vivas-nos-queremos2022\/#primaryimage\"},\"image\":{\"@id\":\"https:\/\/novo2023.camtra.org.br\/index.php\/2023\/12\/20\/infografico-vivas-nos-queremos2022\/#primaryimage\"},\"thumbnailUrl\":\"https:\/\/novo2023.camtra.org.br\/wp-content\/uploads\/2023\/12\/Infografico-crimes-do-patriarcado-2022-V6-724x1024.jpg\",\"datePublished\":\"2023-12-20T12:20:08+00:00\",\"dateModified\":\"2024-07-11T22:17:51+00:00\",\"breadcrumb\":{\"@id\":\"https:\/\/novo2023.camtra.org.br\/index.php\/2023\/12\/20\/infografico-vivas-nos-queremos2022\/#breadcrumb\"},\"inLanguage\":\"pt-BR\",\"potentialAction\":[{\"@type\":\"ReadAction\",\"target\":[\"https:\/\/novo2023.camtra.org.br\/index.php\/2023\/12\/20\/infografico-vivas-nos-queremos2022\/\"]}]},{\"@type\":\"ImageObject\",\"inLanguage\":\"pt-BR\",\"@id\":\"https:\/\/novo2023.camtra.org.br\/index.php\/2023\/12\/20\/infografico-vivas-nos-queremos2022\/#primaryimage\",\"url\":\"https:\/\/novo2023.camtra.org.br\/wp-content\/uploads\/2023\/12\/Infografico-crimes-do-patriarcado-2022-V6.jpg\",\"contentUrl\":\"https:\/\/novo2023.camtra.org.br\/wp-content\/uploads\/2023\/12\/Infografico-crimes-do-patriarcado-2022-V6.jpg\",\"width\":1754,\"height\":2480},{\"@type\":\"BreadcrumbList\",\"@id\":\"https:\/\/novo2023.camtra.org.br\/index.php\/2023\/12\/20\/infografico-vivas-nos-queremos2022\/#breadcrumb\",\"itemListElement\":[{\"@type\":\"ListItem\",\"position\":1,\"name\":\"Home\",\"item\":\"https:\/\/novo2023.camtra.org.br\/\"},{\"@type\":\"ListItem\",\"position\":2,\"name\":\"Infogr\u00e1fico &#8220;Vivas nos Queremos&#8221; 2022\"}]},{\"@type\":\"WebSite\",\"@id\":\"https:\/\/novo2023.camtra.org.br\/#website\",\"url\":\"https:\/\/novo2023.camtra.org.br\/\",\"name\":\"CAMTRA NOVO\",\"description\":\"\",\"publisher\":{\"@id\":\"https:\/\/novo2023.camtra.org.br\/#organization\"},\"potentialAction\":[{\"@type\":\"SearchAction\",\"target\":{\"@type\":\"EntryPoint\",\"urlTemplate\":\"https:\/\/novo2023.camtra.org.br\/?s={search_term_string}\"},\"query-input\":\"required name=search_term_string\"}],\"inLanguage\":\"pt-BR\"},{\"@type\":\"Organization\",\"@id\":\"https:\/\/novo2023.camtra.org.br\/#organization\",\"name\":\"CAMTRA NOVO\",\"url\":\"https:\/\/novo2023.camtra.org.br\/\",\"logo\":{\"@type\":\"ImageObject\",\"inLanguage\":\"pt-BR\",\"@id\":\"https:\/\/novo2023.camtra.org.br\/#\/schema\/logo\/image\/\",\"url\":\"https:\/\/novo2023.camtra.org.br\/wp-content\/uploads\/2024\/01\/CAMTRA-comflor-roxa-logo_logo-camtra-principal-flor.png\",\"contentUrl\":\"https:\/\/novo2023.camtra.org.br\/wp-content\/uploads\/2024\/01\/CAMTRA-comflor-roxa-logo_logo-camtra-principal-flor.png\",\"width\":1172,\"height\":330,\"caption\":\"CAMTRA NOVO\"},\"image\":{\"@id\":\"https:\/\/novo2023.camtra.org.br\/#\/schema\/logo\/image\/\"}},{\"@type\":\"Person\",\"@id\":\"https:\/\/novo2023.camtra.org.br\/#\/schema\/person\/15fb554c7c7e80758d7b3e44634f5118\",\"name\":\"alter\",\"image\":{\"@type\":\"ImageObject\",\"inLanguage\":\"pt-BR\",\"@id\":\"https:\/\/novo2023.camtra.org.br\/#\/schema\/person\/image\/\",\"url\":\"https:\/\/novo2023.camtra.org.br\/wp-content\/litespeed\/avatar\/5227e4c6fe242ae45e670da808858849.jpg?ver=1776842484\",\"contentUrl\":\"https:\/\/novo2023.camtra.org.br\/wp-content\/litespeed\/avatar\/5227e4c6fe242ae45e670da808858849.jpg?ver=1776842484\",\"caption\":\"alter\"},\"sameAs\":[\"https:\/\/novo2023.camtra.org.br\"],\"url\":\"https:\/\/novo2023.camtra.org.br\/index.php\/author\/alter\/\"}]}<\/script>\n<!-- \/ Yoast SEO plugin. -->","yoast_head_json":{"title":"Infogr\u00e1fico \"Vivas nos Queremos\" 2022 - CAMTRA NOVO","robots":{"index":"index","follow":"follow","max-snippet":"max-snippet:-1","max-image-preview":"max-image-preview:large","max-video-preview":"max-video-preview:-1"},"canonical":"https:\/\/novo2023.camtra.org.br\/index.php\/2023\/12\/20\/infografico-vivas-nos-queremos2022\/","og_locale":"pt_BR","og_type":"article","og_title":"Infogr\u00e1fico \"Vivas nos Queremos\" 2022 - CAMTRA NOVO","og_description":"Projeto Crimes do Patriarcado O projeto \u201cCrimes do Patriarcado\u201d, iniciado em 2020, tem como objetivo garantir a mem\u00f3ria das v\u00edtimas e exigir justi\u00e7a contra quem cometeu os feminic\u00eddios.\u00a0 Inicialmente, a [&hellip;]","og_url":"https:\/\/novo2023.camtra.org.br\/index.php\/2023\/12\/20\/infografico-vivas-nos-queremos2022\/","og_site_name":"CAMTRA NOVO","article_published_time":"2023-12-20T12:20:08+00:00","article_modified_time":"2024-07-11T22:17:51+00:00","og_image":[{"url":"https:\/\/novo2023.camtra.org.br\/wp-content\/uploads\/2023\/12\/Infografico-crimes-do-patriarcado-2022-V6-724x1024.jpg"}],"author":"alter","twitter_card":"summary_large_image","twitter_misc":{"Escrito por":"alter","Est. tempo de leitura":"2 minutos"},"schema":{"@context":"https:\/\/schema.org","@graph":[{"@type":"Article","@id":"https:\/\/novo2023.camtra.org.br\/index.php\/2023\/12\/20\/infografico-vivas-nos-queremos2022\/#article","isPartOf":{"@id":"https:\/\/novo2023.camtra.org.br\/index.php\/2023\/12\/20\/infografico-vivas-nos-queremos2022\/"},"author":{"name":"alter","@id":"https:\/\/novo2023.camtra.org.br\/#\/schema\/person\/15fb554c7c7e80758d7b3e44634f5118"},"headline":"Infogr\u00e1fico &#8220;Vivas nos Queremos&#8221; 2022","datePublished":"2023-12-20T12:20:08+00:00","dateModified":"2024-07-11T22:17:51+00:00","mainEntityOfPage":{"@id":"https:\/\/novo2023.camtra.org.br\/index.php\/2023\/12\/20\/infografico-vivas-nos-queremos2022\/"},"wordCount":208,"commentCount":0,"publisher":{"@id":"https:\/\/novo2023.camtra.org.br\/#organization"},"image":{"@id":"https:\/\/novo2023.camtra.org.br\/index.php\/2023\/12\/20\/infografico-vivas-nos-queremos2022\/#primaryimage"},"thumbnailUrl":"https:\/\/novo2023.camtra.org.br\/wp-content\/uploads\/2023\/12\/Infografico-crimes-do-patriarcado-2022-V6-724x1024.jpg","keywords":["Infogr\u00e1fico"],"articleSection":["Campanhas da CAMTRA","Viol\u00eancia"],"inLanguage":"pt-BR","potentialAction":[{"@type":"CommentAction","name":"Comment","target":["https:\/\/novo2023.camtra.org.br\/index.php\/2023\/12\/20\/infografico-vivas-nos-queremos2022\/#respond"]}]},{"@type":"WebPage","@id":"https:\/\/novo2023.camtra.org.br\/index.php\/2023\/12\/20\/infografico-vivas-nos-queremos2022\/","url":"https:\/\/novo2023.camtra.org.br\/index.php\/2023\/12\/20\/infografico-vivas-nos-queremos2022\/","name":"Infogr\u00e1fico \"Vivas nos Queremos\" 2022 - CAMTRA NOVO","isPartOf":{"@id":"https:\/\/novo2023.camtra.org.br\/#website"},"primaryImageOfPage":{"@id":"https:\/\/novo2023.camtra.org.br\/index.php\/2023\/12\/20\/infografico-vivas-nos-queremos2022\/#primaryimage"},"image":{"@id":"https:\/\/novo2023.camtra.org.br\/index.php\/2023\/12\/20\/infografico-vivas-nos-queremos2022\/#primaryimage"},"thumbnailUrl":"https:\/\/novo2023.camtra.org.br\/wp-content\/uploads\/2023\/12\/Infografico-crimes-do-patriarcado-2022-V6-724x1024.jpg","datePublished":"2023-12-20T12:20:08+00:00","dateModified":"2024-07-11T22:17:51+00:00","breadcrumb":{"@id":"https:\/\/novo2023.camtra.org.br\/index.php\/2023\/12\/20\/infografico-vivas-nos-queremos2022\/#breadcrumb"},"inLanguage":"pt-BR","potentialAction":[{"@type":"ReadAction","target":["https:\/\/novo2023.camtra.org.br\/index.php\/2023\/12\/20\/infografico-vivas-nos-queremos2022\/"]}]},{"@type":"ImageObject","inLanguage":"pt-BR","@id":"https:\/\/novo2023.camtra.org.br\/index.php\/2023\/12\/20\/infografico-vivas-nos-queremos2022\/#primaryimage","url":"https:\/\/novo2023.camtra.org.br\/wp-content\/uploads\/2023\/12\/Infografico-crimes-do-patriarcado-2022-V6.jpg","contentUrl":"https:\/\/novo2023.camtra.org.br\/wp-content\/uploads\/2023\/12\/Infografico-crimes-do-patriarcado-2022-V6.jpg","width":1754,"height":2480},{"@type":"BreadcrumbList","@id":"https:\/\/novo2023.camtra.org.br\/index.php\/2023\/12\/20\/infografico-vivas-nos-queremos2022\/#breadcrumb","itemListElement":[{"@type":"ListItem","position":1,"name":"Home","item":"https:\/\/novo2023.camtra.org.br\/"},{"@type":"ListItem","position":2,"name":"Infogr\u00e1fico &#8220;Vivas nos Queremos&#8221; 2022"}]},{"@type":"WebSite","@id":"https:\/\/novo2023.camtra.org.br\/#website","url":"https:\/\/novo2023.camtra.org.br\/","name":"CAMTRA NOVO","description":"","publisher":{"@id":"https:\/\/novo2023.camtra.org.br\/#organization"},"potentialAction":[{"@type":"SearchAction","target":{"@type":"EntryPoint","urlTemplate":"https:\/\/novo2023.camtra.org.br\/?s={search_term_string}"},"query-input":"required name=search_term_string"}],"inLanguage":"pt-BR"},{"@type":"Organization","@id":"https:\/\/novo2023.camtra.org.br\/#organization","name":"CAMTRA NOVO","url":"https:\/\/novo2023.camtra.org.br\/","logo":{"@type":"ImageObject","inLanguage":"pt-BR","@id":"https:\/\/novo2023.camtra.org.br\/#\/schema\/logo\/image\/","url":"https:\/\/novo2023.camtra.org.br\/wp-content\/uploads\/2024\/01\/CAMTRA-comflor-roxa-logo_logo-camtra-principal-flor.png","contentUrl":"https:\/\/novo2023.camtra.org.br\/wp-content\/uploads\/2024\/01\/CAMTRA-comflor-roxa-logo_logo-camtra-principal-flor.png","width":1172,"height":330,"caption":"CAMTRA NOVO"},"image":{"@id":"https:\/\/novo2023.camtra.org.br\/#\/schema\/logo\/image\/"}},{"@type":"Person","@id":"https:\/\/novo2023.camtra.org.br\/#\/schema\/person\/15fb554c7c7e80758d7b3e44634f5118","name":"alter","image":{"@type":"ImageObject","inLanguage":"pt-BR","@id":"https:\/\/novo2023.camtra.org.br\/#\/schema\/person\/image\/","url":"https:\/\/novo2023.camtra.org.br\/wp-content\/litespeed\/avatar\/5227e4c6fe242ae45e670da808858849.jpg?ver=1776842484","contentUrl":"https:\/\/novo2023.camtra.org.br\/wp-content\/litespeed\/avatar\/5227e4c6fe242ae45e670da808858849.jpg?ver=1776842484","caption":"alter"},"sameAs":["https:\/\/novo2023.camtra.org.br"],"url":"https:\/\/novo2023.camtra.org.br\/index.php\/author\/alter\/"}]}},"_links":{"self":[{"href":"https:\/\/novo2023.camtra.org.br\/index.php\/wp-json\/wp\/v2\/posts\/9368"}],"collection":[{"href":"https:\/\/novo2023.camtra.org.br\/index.php\/wp-json\/wp\/v2\/posts"}],"about":[{"href":"https:\/\/novo2023.camtra.org.br\/index.php\/wp-json\/wp\/v2\/types\/post"}],"author":[{"embeddable":true,"href":"https:\/\/novo2023.camtra.org.br\/index.php\/wp-json\/wp\/v2\/users\/1"}],"replies":[{"embeddable":true,"href":"https:\/\/novo2023.camtra.org.br\/index.php\/wp-json\/wp\/v2\/comments?post=9368"}],"version-history":[{"count":23,"href":"https:\/\/novo2023.camtra.org.br\/index.php\/wp-json\/wp\/v2\/posts\/9368\/revisions"}],"predecessor-version":[{"id":14239,"href":"https:\/\/novo2023.camtra.org.br\/index.php\/wp-json\/wp\/v2\/posts\/9368\/revisions\/14239"}],"wp:attachment":[{"href":"https:\/\/novo2023.camtra.org.br\/index.php\/wp-json\/wp\/v2\/media?parent=9368"}],"wp:term":[{"taxonomy":"category","embeddable":true,"href":"https:\/\/novo2023.camtra.org.br\/index.php\/wp-json\/wp\/v2\/categories?post=9368"},{"taxonomy":"post_tag","embeddable":true,"href":"https:\/\/novo2023.camtra.org.br\/index.php\/wp-json\/wp\/v2\/tags?post=9368"}],"curies":[{"name":"wp","href":"https:\/\/api.w.org\/{rel}","templated":true}]}}