{"id":8557,"date":"2022-07-04T15:52:17","date_gmt":"2022-07-04T18:52:17","guid":{"rendered":"https:\/\/camtra.org.br\/?p=8557"},"modified":"2024-07-11T19:10:27","modified_gmt":"2024-07-11T19:10:27","slug":"julhodaspretaspretaspresentes-beatriz-nascimento","status":"publish","type":"post","link":"https:\/\/novo2023.camtra.org.br\/index.php\/2022\/07\/04\/julhodaspretaspretaspresentes-beatriz-nascimento\/","title":{"rendered":"Beatriz Nascimento"},"content":{"rendered":"<div id=\"fb-root\"><\/div>\n\t\t<div data-elementor-type=\"wp-post\" data-elementor-id=\"8557\" class=\"elementor elementor-8557\">\n\t\t\t\t<div class=\"elementor-element elementor-element-7e93770c e-flex e-con-boxed e-con e-parent\" data-id=\"7e93770c\" data-element_type=\"container\">\n\t\t\t\t\t<div class=\"e-con-inner\">\n\t\t\t\t<div class=\"elementor-element elementor-element-54808446 exad-sticky-section-no exad-glass-effect-no elementor-widget elementor-widget-text-editor\" data-id=\"54808446\" data-element_type=\"widget\" data-widget_type=\"text-editor.default\">\n\t\t\t\t<div class=\"elementor-widget-container\">\n\t\t\t<style>\/*! elementor - v3.23.0 - 15-07-2024 *\/\n.elementor-widget-text-editor.elementor-drop-cap-view-stacked .elementor-drop-cap{background-color:#69727d;color:#fff}.elementor-widget-text-editor.elementor-drop-cap-view-framed .elementor-drop-cap{color:#69727d;border:3px solid;background-color:transparent}.elementor-widget-text-editor:not(.elementor-drop-cap-view-default) .elementor-drop-cap{margin-top:8px}.elementor-widget-text-editor:not(.elementor-drop-cap-view-default) .elementor-drop-cap-letter{width:1em;height:1em}.elementor-widget-text-editor .elementor-drop-cap{float:left;text-align:center;line-height:1;font-size:50px}.elementor-widget-text-editor .elementor-drop-cap-letter{display:inline-block}<\/style>\t\t\t\t<p>Conhe\u00e7a um pouco mais sobre a intelectual negra Beatriz Nascimento.<\/p><p>Beatriz era sergipana, quilombola, urbana, historiadora, professora, roteirista, escritora, ativista do movimento negro.<\/p><p>Dedicou-se a luta antirracista, ao estudo dos wuilomboas e pela valoriza\u00e7\u00e3o das pr\u00e1ticas e saberes africanos e afrodiasp\u00f3ricos no Brasil.<\/p><p>Educando atrav\u00e9s dos saberes das mulheres com a l\u00f3gica racista e sexista e despertamos a valoriza\u00e7\u00e3o das identidades negras. Bora Aquilombar!<\/p><p>Beatriz, presente!<\/p><p>#JulhoDasPretas<\/p><p>#Educa\u00e7\u00e3oAntirracista<\/p><p>#IntelectuaisNegras<\/p><p>#MulheresNegras<\/p>\t\t\t\t\t\t<\/div>\n\t\t\t\t<\/div>\n\t\t\t\t\t<\/div>\n\t\t\t\t<\/div>\n\t\t\t\t<\/div>\n\t\t","protected":false},"excerpt":{"rendered":"<p>A intelectual negra Beatriz Nascimento, sersergipana, quilombola, urbana, historiadora, professora, roteirista, escritora e ativista do movimento negro, nasceu em 1942 e faleceu em 1995. Conhe\u00e7a sua hist\u00f3ria.<\/p>\n<p>Beatriz era sergipana, quilombola, urbana, historiadora, professora, roteirista, escritora, ativista do movimento negro.\u00a0<\/p>\n","protected":false},"author":3,"featured_media":8628,"comment_status":"open","ping_status":"open","sticky":false,"template":"","format":"standard","meta":{"om_disable_all_campaigns":false,"_monsterinsights_skip_tracking":false,"_monsterinsights_sitenote_active":false,"_monsterinsights_sitenote_note":"","_monsterinsights_sitenote_category":0,"_uf_show_specific_survey":0,"_uf_disable_surveys":false,"ocean_post_layout":"","ocean_both_sidebars_style":"","ocean_both_sidebars_content_width":0,"ocean_both_sidebars_sidebars_width":0,"ocean_sidebar":"","ocean_second_sidebar":"","ocean_disable_margins":"enable","ocean_add_body_class":"","ocean_shortcode_before_top_bar":"","ocean_shortcode_after_top_bar":"","ocean_shortcode_before_header":"","ocean_shortcode_after_header":"","ocean_has_shortcode":"","ocean_shortcode_after_title":"","ocean_shortcode_before_footer_widgets":"","ocean_shortcode_after_footer_widgets":"","ocean_shortcode_before_footer_bottom":"","ocean_shortcode_after_footer_bottom":"","ocean_display_top_bar":"default","ocean_display_header":"default","ocean_header_style":"","ocean_center_header_left_menu":"","ocean_custom_header_template":"","ocean_custom_logo":0,"ocean_custom_retina_logo":0,"ocean_custom_logo_max_width":0,"ocean_custom_logo_tablet_max_width":0,"ocean_custom_logo_mobile_max_width":0,"ocean_custom_logo_max_height":0,"ocean_custom_logo_tablet_max_height":0,"ocean_custom_logo_mobile_max_height":0,"ocean_header_custom_menu":"","ocean_menu_typo_font_family":"","ocean_menu_typo_font_subset":"","ocean_menu_typo_font_size":0,"ocean_menu_typo_font_size_tablet":0,"ocean_menu_typo_font_size_mobile":0,"ocean_menu_typo_font_size_unit":"px","ocean_menu_typo_font_weight":"","ocean_menu_typo_font_weight_tablet":"","ocean_menu_typo_font_weight_mobile":"","ocean_menu_typo_transform":"","ocean_menu_typo_transform_tablet":"","ocean_menu_typo_transform_mobile":"","ocean_menu_typo_line_height":0,"ocean_menu_typo_line_height_tablet":0,"ocean_menu_typo_line_height_mobile":0,"ocean_menu_typo_line_height_unit":"","ocean_menu_typo_spacing":0,"ocean_menu_typo_spacing_tablet":0,"ocean_menu_typo_spacing_mobile":0,"ocean_menu_typo_spacing_unit":"","ocean_menu_link_color":"","ocean_menu_link_color_hover":"","ocean_menu_link_color_active":"","ocean_menu_link_background":"","ocean_menu_link_hover_background":"","ocean_menu_link_active_background":"","ocean_menu_social_links_bg":"","ocean_menu_social_hover_links_bg":"","ocean_menu_social_links_color":"","ocean_menu_social_hover_links_color":"","ocean_disable_title":"default","ocean_disable_heading":"default","ocean_post_title":"","ocean_post_subheading":"","ocean_post_title_style":"","ocean_post_title_background_color":"","ocean_post_title_background":0,"ocean_post_title_bg_image_position":"","ocean_post_title_bg_image_attachment":"","ocean_post_title_bg_image_repeat":"","ocean_post_title_bg_image_size":"","ocean_post_title_height":0,"ocean_post_title_bg_overlay":0.5,"ocean_post_title_bg_overlay_color":"","ocean_disable_breadcrumbs":"default","ocean_breadcrumbs_color":"","ocean_breadcrumbs_separator_color":"","ocean_breadcrumbs_links_color":"","ocean_breadcrumbs_links_hover_color":"","ocean_display_footer_widgets":"default","ocean_display_footer_bottom":"default","ocean_custom_footer_template":"","ocean_post_oembed":"","ocean_post_self_hosted_media":"","ocean_post_video_embed":"","ocean_link_format":"","ocean_link_format_target":"self","ocean_quote_format":"","ocean_quote_format_link":"post","ocean_gallery_link_images":"on","ocean_gallery_id":[],"footnotes":""},"categories":[56,182],"tags":[265,266,267],"class_list":["post-8557","post","type-post","status-publish","format-standard","has-post-thumbnail","hentry","category-data","category-julhodaspretas","tag-beatriz-nascimento","tag-educacao-antirracista","tag-julhodaspretas-julho-das-pretas-pretas-decolonial-feminismo-negro-feminista-cultura-negra-sexismo-racismo","entry","has-media"],"aioseo_notices":[],"yoast_head":"<!-- This site is optimized with the Yoast SEO plugin v23.0 - https:\/\/yoast.com\/wordpress\/plugins\/seo\/ -->\n<title>Beatriz Nascimento - CAMTRA NOVO<\/title>\n<meta name=\"robots\" content=\"index, follow, max-snippet:-1, max-image-preview:large, max-video-preview:-1\" \/>\n<link rel=\"canonical\" href=\"https:\/\/novo2023.camtra.org.br\/index.php\/2022\/07\/04\/julhodaspretaspretaspresentes-beatriz-nascimento\/\" \/>\n<meta property=\"og:locale\" content=\"pt_BR\" \/>\n<meta property=\"og:type\" content=\"article\" \/>\n<meta property=\"og:title\" content=\"Beatriz Nascimento - CAMTRA NOVO\" \/>\n<meta property=\"og:description\" content=\"A intelectual negra Beatriz Nascimento, sersergipana, quilombola, urbana, historiadora, professora, roteirista, escritora e ativista do movimento negro, nasceu em 1942 e faleceu em 1995. Conhe\u00e7a sua hist\u00f3ria.  Beatriz era sergipana, quilombola, urbana, historiadora, professora, roteirista, escritora, ativista do movimento negro.\u00a0\" \/>\n<meta property=\"og:url\" content=\"https:\/\/novo2023.camtra.org.br\/index.php\/2022\/07\/04\/julhodaspretaspretaspresentes-beatriz-nascimento\/\" \/>\n<meta property=\"og:site_name\" content=\"CAMTRA NOVO\" \/>\n<meta property=\"article:published_time\" content=\"2022-07-04T18:52:17+00:00\" \/>\n<meta property=\"article:modified_time\" content=\"2024-07-11T19:10:27+00:00\" \/>\n<meta property=\"og:image\" content=\"https:\/\/novo2023.camtra.org.br\/wp-content\/uploads\/2022\/07\/IMG-20220704-WA0026-1.jpg\" \/>\n\t<meta property=\"og:image:width\" content=\"1080\" \/>\n\t<meta property=\"og:image:height\" content=\"1080\" \/>\n\t<meta property=\"og:image:type\" content=\"image\/jpeg\" \/>\n<meta name=\"author\" content=\"Casa da Mulher Trabalhadora\" \/>\n<meta name=\"twitter:card\" content=\"summary_large_image\" \/>\n<meta name=\"twitter:label1\" content=\"Escrito por\" \/>\n\t<meta name=\"twitter:data1\" content=\"Casa da Mulher Trabalhadora\" \/>\n\t<meta name=\"twitter:label2\" content=\"Est. tempo de leitura\" \/>\n\t<meta name=\"twitter:data2\" content=\"1 minuto\" \/>\n<script type=\"application\/ld+json\" class=\"yoast-schema-graph\">{\"@context\":\"https:\/\/schema.org\",\"@graph\":[{\"@type\":\"Article\",\"@id\":\"https:\/\/novo2023.camtra.org.br\/index.php\/2022\/07\/04\/julhodaspretaspretaspresentes-beatriz-nascimento\/#article\",\"isPartOf\":{\"@id\":\"https:\/\/novo2023.camtra.org.br\/index.php\/2022\/07\/04\/julhodaspretaspretaspresentes-beatriz-nascimento\/\"},\"author\":{\"name\":\"Casa da Mulher Trabalhadora\",\"@id\":\"https:\/\/novo2023.camtra.org.br\/#\/schema\/person\/f163af9cb65589aab5865b0437873a74\"},\"headline\":\"Beatriz Nascimento\",\"datePublished\":\"2022-07-04T18:52:17+00:00\",\"dateModified\":\"2024-07-11T19:10:27+00:00\",\"mainEntityOfPage\":{\"@id\":\"https:\/\/novo2023.camtra.org.br\/index.php\/2022\/07\/04\/julhodaspretaspretaspresentes-beatriz-nascimento\/\"},\"wordCount\":80,\"commentCount\":0,\"publisher\":{\"@id\":\"https:\/\/novo2023.camtra.org.br\/#organization\"},\"image\":{\"@id\":\"https:\/\/novo2023.camtra.org.br\/index.php\/2022\/07\/04\/julhodaspretaspretaspresentes-beatriz-nascimento\/#primaryimage\"},\"thumbnailUrl\":\"https:\/\/novo2023.camtra.org.br\/wp-content\/uploads\/2022\/07\/IMG-20220704-WA0026-1.jpg\",\"keywords\":[\"beatriz nascimento\",\"educa\u00e7\u00e3o antirracista\",\"JulhodasPretas; Julho das Pretas; pretas; decolonial; feminismo negro; feminista; cultura negra; sexismo; racismo;\"],\"articleSection\":[\"Data\",\"JulhodasPretas\"],\"inLanguage\":\"pt-BR\",\"potentialAction\":[{\"@type\":\"CommentAction\",\"name\":\"Comment\",\"target\":[\"https:\/\/novo2023.camtra.org.br\/index.php\/2022\/07\/04\/julhodaspretaspretaspresentes-beatriz-nascimento\/#respond\"]}]},{\"@type\":\"WebPage\",\"@id\":\"https:\/\/novo2023.camtra.org.br\/index.php\/2022\/07\/04\/julhodaspretaspretaspresentes-beatriz-nascimento\/\",\"url\":\"https:\/\/novo2023.camtra.org.br\/index.php\/2022\/07\/04\/julhodaspretaspretaspresentes-beatriz-nascimento\/\",\"name\":\"Beatriz Nascimento - CAMTRA NOVO\",\"isPartOf\":{\"@id\":\"https:\/\/novo2023.camtra.org.br\/#website\"},\"primaryImageOfPage\":{\"@id\":\"https:\/\/novo2023.camtra.org.br\/index.php\/2022\/07\/04\/julhodaspretaspretaspresentes-beatriz-nascimento\/#primaryimage\"},\"image\":{\"@id\":\"https:\/\/novo2023.camtra.org.br\/index.php\/2022\/07\/04\/julhodaspretaspretaspresentes-beatriz-nascimento\/#primaryimage\"},\"thumbnailUrl\":\"https:\/\/novo2023.camtra.org.br\/wp-content\/uploads\/2022\/07\/IMG-20220704-WA0026-1.jpg\",\"datePublished\":\"2022-07-04T18:52:17+00:00\",\"dateModified\":\"2024-07-11T19:10:27+00:00\",\"breadcrumb\":{\"@id\":\"https:\/\/novo2023.camtra.org.br\/index.php\/2022\/07\/04\/julhodaspretaspretaspresentes-beatriz-nascimento\/#breadcrumb\"},\"inLanguage\":\"pt-BR\",\"potentialAction\":[{\"@type\":\"ReadAction\",\"target\":[\"https:\/\/novo2023.camtra.org.br\/index.php\/2022\/07\/04\/julhodaspretaspretaspresentes-beatriz-nascimento\/\"]}]},{\"@type\":\"ImageObject\",\"inLanguage\":\"pt-BR\",\"@id\":\"https:\/\/novo2023.camtra.org.br\/index.php\/2022\/07\/04\/julhodaspretaspretaspresentes-beatriz-nascimento\/#primaryimage\",\"url\":\"https:\/\/novo2023.camtra.org.br\/wp-content\/uploads\/2022\/07\/IMG-20220704-WA0026-1.jpg\",\"contentUrl\":\"https:\/\/novo2023.camtra.org.br\/wp-content\/uploads\/2022\/07\/IMG-20220704-WA0026-1.jpg\",\"width\":1080,\"height\":1080},{\"@type\":\"BreadcrumbList\",\"@id\":\"https:\/\/novo2023.camtra.org.br\/index.php\/2022\/07\/04\/julhodaspretaspretaspresentes-beatriz-nascimento\/#breadcrumb\",\"itemListElement\":[{\"@type\":\"ListItem\",\"position\":1,\"name\":\"Home\",\"item\":\"https:\/\/novo2023.camtra.org.br\/\"},{\"@type\":\"ListItem\",\"position\":2,\"name\":\"Beatriz Nascimento\"}]},{\"@type\":\"WebSite\",\"@id\":\"https:\/\/novo2023.camtra.org.br\/#website\",\"url\":\"https:\/\/novo2023.camtra.org.br\/\",\"name\":\"CAMTRA NOVO\",\"description\":\"\",\"publisher\":{\"@id\":\"https:\/\/novo2023.camtra.org.br\/#organization\"},\"potentialAction\":[{\"@type\":\"SearchAction\",\"target\":{\"@type\":\"EntryPoint\",\"urlTemplate\":\"https:\/\/novo2023.camtra.org.br\/?s={search_term_string}\"},\"query-input\":\"required name=search_term_string\"}],\"inLanguage\":\"pt-BR\"},{\"@type\":\"Organization\",\"@id\":\"https:\/\/novo2023.camtra.org.br\/#organization\",\"name\":\"CAMTRA NOVO\",\"url\":\"https:\/\/novo2023.camtra.org.br\/\",\"logo\":{\"@type\":\"ImageObject\",\"inLanguage\":\"pt-BR\",\"@id\":\"https:\/\/novo2023.camtra.org.br\/#\/schema\/logo\/image\/\",\"url\":\"https:\/\/novo2023.camtra.org.br\/wp-content\/uploads\/2024\/01\/CAMTRA-comflor-roxa-logo_logo-camtra-principal-flor.png\",\"contentUrl\":\"https:\/\/novo2023.camtra.org.br\/wp-content\/uploads\/2024\/01\/CAMTRA-comflor-roxa-logo_logo-camtra-principal-flor.png\",\"width\":1172,\"height\":330,\"caption\":\"CAMTRA NOVO\"},\"image\":{\"@id\":\"https:\/\/novo2023.camtra.org.br\/#\/schema\/logo\/image\/\"}},{\"@type\":\"Person\",\"@id\":\"https:\/\/novo2023.camtra.org.br\/#\/schema\/person\/f163af9cb65589aab5865b0437873a74\",\"name\":\"Casa da Mulher Trabalhadora\",\"image\":{\"@type\":\"ImageObject\",\"inLanguage\":\"pt-BR\",\"@id\":\"https:\/\/novo2023.camtra.org.br\/#\/schema\/person\/image\/\",\"url\":\"https:\/\/novo2023.camtra.org.br\/wp-content\/litespeed\/avatar\/4c87233a8b80506f010db0cccf69e8b5.jpg?ver=1777270965\",\"contentUrl\":\"https:\/\/novo2023.camtra.org.br\/wp-content\/litespeed\/avatar\/4c87233a8b80506f010db0cccf69e8b5.jpg?ver=1777270965\",\"caption\":\"Casa da Mulher Trabalhadora\"},\"url\":\"https:\/\/novo2023.camtra.org.br\/index.php\/author\/camtra\/\"}]}<\/script>\n<!-- \/ Yoast SEO plugin. -->","yoast_head_json":{"title":"Beatriz Nascimento - CAMTRA NOVO","robots":{"index":"index","follow":"follow","max-snippet":"max-snippet:-1","max-image-preview":"max-image-preview:large","max-video-preview":"max-video-preview:-1"},"canonical":"https:\/\/novo2023.camtra.org.br\/index.php\/2022\/07\/04\/julhodaspretaspretaspresentes-beatriz-nascimento\/","og_locale":"pt_BR","og_type":"article","og_title":"Beatriz Nascimento - CAMTRA NOVO","og_description":"A intelectual negra Beatriz Nascimento, sersergipana, quilombola, urbana, historiadora, professora, roteirista, escritora e ativista do movimento negro, nasceu em 1942 e faleceu em 1995. Conhe\u00e7a sua hist\u00f3ria.  Beatriz era sergipana, quilombola, urbana, historiadora, professora, roteirista, escritora, ativista do movimento negro.\u00a0","og_url":"https:\/\/novo2023.camtra.org.br\/index.php\/2022\/07\/04\/julhodaspretaspretaspresentes-beatriz-nascimento\/","og_site_name":"CAMTRA NOVO","article_published_time":"2022-07-04T18:52:17+00:00","article_modified_time":"2024-07-11T19:10:27+00:00","og_image":[{"width":1080,"height":1080,"url":"https:\/\/novo2023.camtra.org.br\/wp-content\/uploads\/2022\/07\/IMG-20220704-WA0026-1.jpg","type":"image\/jpeg"}],"author":"Casa da Mulher Trabalhadora","twitter_card":"summary_large_image","twitter_misc":{"Escrito por":"Casa da Mulher Trabalhadora","Est. tempo de leitura":"1 minuto"},"schema":{"@context":"https:\/\/schema.org","@graph":[{"@type":"Article","@id":"https:\/\/novo2023.camtra.org.br\/index.php\/2022\/07\/04\/julhodaspretaspretaspresentes-beatriz-nascimento\/#article","isPartOf":{"@id":"https:\/\/novo2023.camtra.org.br\/index.php\/2022\/07\/04\/julhodaspretaspretaspresentes-beatriz-nascimento\/"},"author":{"name":"Casa da Mulher Trabalhadora","@id":"https:\/\/novo2023.camtra.org.br\/#\/schema\/person\/f163af9cb65589aab5865b0437873a74"},"headline":"Beatriz Nascimento","datePublished":"2022-07-04T18:52:17+00:00","dateModified":"2024-07-11T19:10:27+00:00","mainEntityOfPage":{"@id":"https:\/\/novo2023.camtra.org.br\/index.php\/2022\/07\/04\/julhodaspretaspretaspresentes-beatriz-nascimento\/"},"wordCount":80,"commentCount":0,"publisher":{"@id":"https:\/\/novo2023.camtra.org.br\/#organization"},"image":{"@id":"https:\/\/novo2023.camtra.org.br\/index.php\/2022\/07\/04\/julhodaspretaspretaspresentes-beatriz-nascimento\/#primaryimage"},"thumbnailUrl":"https:\/\/novo2023.camtra.org.br\/wp-content\/uploads\/2022\/07\/IMG-20220704-WA0026-1.jpg","keywords":["beatriz nascimento","educa\u00e7\u00e3o antirracista","JulhodasPretas; Julho das Pretas; pretas; decolonial; feminismo negro; feminista; cultura negra; sexismo; racismo;"],"articleSection":["Data","JulhodasPretas"],"inLanguage":"pt-BR","potentialAction":[{"@type":"CommentAction","name":"Comment","target":["https:\/\/novo2023.camtra.org.br\/index.php\/2022\/07\/04\/julhodaspretaspretaspresentes-beatriz-nascimento\/#respond"]}]},{"@type":"WebPage","@id":"https:\/\/novo2023.camtra.org.br\/index.php\/2022\/07\/04\/julhodaspretaspretaspresentes-beatriz-nascimento\/","url":"https:\/\/novo2023.camtra.org.br\/index.php\/2022\/07\/04\/julhodaspretaspretaspresentes-beatriz-nascimento\/","name":"Beatriz Nascimento - CAMTRA NOVO","isPartOf":{"@id":"https:\/\/novo2023.camtra.org.br\/#website"},"primaryImageOfPage":{"@id":"https:\/\/novo2023.camtra.org.br\/index.php\/2022\/07\/04\/julhodaspretaspretaspresentes-beatriz-nascimento\/#primaryimage"},"image":{"@id":"https:\/\/novo2023.camtra.org.br\/index.php\/2022\/07\/04\/julhodaspretaspretaspresentes-beatriz-nascimento\/#primaryimage"},"thumbnailUrl":"https:\/\/novo2023.camtra.org.br\/wp-content\/uploads\/2022\/07\/IMG-20220704-WA0026-1.jpg","datePublished":"2022-07-04T18:52:17+00:00","dateModified":"2024-07-11T19:10:27+00:00","breadcrumb":{"@id":"https:\/\/novo2023.camtra.org.br\/index.php\/2022\/07\/04\/julhodaspretaspretaspresentes-beatriz-nascimento\/#breadcrumb"},"inLanguage":"pt-BR","potentialAction":[{"@type":"ReadAction","target":["https:\/\/novo2023.camtra.org.br\/index.php\/2022\/07\/04\/julhodaspretaspretaspresentes-beatriz-nascimento\/"]}]},{"@type":"ImageObject","inLanguage":"pt-BR","@id":"https:\/\/novo2023.camtra.org.br\/index.php\/2022\/07\/04\/julhodaspretaspretaspresentes-beatriz-nascimento\/#primaryimage","url":"https:\/\/novo2023.camtra.org.br\/wp-content\/uploads\/2022\/07\/IMG-20220704-WA0026-1.jpg","contentUrl":"https:\/\/novo2023.camtra.org.br\/wp-content\/uploads\/2022\/07\/IMG-20220704-WA0026-1.jpg","width":1080,"height":1080},{"@type":"BreadcrumbList","@id":"https:\/\/novo2023.camtra.org.br\/index.php\/2022\/07\/04\/julhodaspretaspretaspresentes-beatriz-nascimento\/#breadcrumb","itemListElement":[{"@type":"ListItem","position":1,"name":"Home","item":"https:\/\/novo2023.camtra.org.br\/"},{"@type":"ListItem","position":2,"name":"Beatriz Nascimento"}]},{"@type":"WebSite","@id":"https:\/\/novo2023.camtra.org.br\/#website","url":"https:\/\/novo2023.camtra.org.br\/","name":"CAMTRA NOVO","description":"","publisher":{"@id":"https:\/\/novo2023.camtra.org.br\/#organization"},"potentialAction":[{"@type":"SearchAction","target":{"@type":"EntryPoint","urlTemplate":"https:\/\/novo2023.camtra.org.br\/?s={search_term_string}"},"query-input":"required name=search_term_string"}],"inLanguage":"pt-BR"},{"@type":"Organization","@id":"https:\/\/novo2023.camtra.org.br\/#organization","name":"CAMTRA NOVO","url":"https:\/\/novo2023.camtra.org.br\/","logo":{"@type":"ImageObject","inLanguage":"pt-BR","@id":"https:\/\/novo2023.camtra.org.br\/#\/schema\/logo\/image\/","url":"https:\/\/novo2023.camtra.org.br\/wp-content\/uploads\/2024\/01\/CAMTRA-comflor-roxa-logo_logo-camtra-principal-flor.png","contentUrl":"https:\/\/novo2023.camtra.org.br\/wp-content\/uploads\/2024\/01\/CAMTRA-comflor-roxa-logo_logo-camtra-principal-flor.png","width":1172,"height":330,"caption":"CAMTRA NOVO"},"image":{"@id":"https:\/\/novo2023.camtra.org.br\/#\/schema\/logo\/image\/"}},{"@type":"Person","@id":"https:\/\/novo2023.camtra.org.br\/#\/schema\/person\/f163af9cb65589aab5865b0437873a74","name":"Casa da Mulher Trabalhadora","image":{"@type":"ImageObject","inLanguage":"pt-BR","@id":"https:\/\/novo2023.camtra.org.br\/#\/schema\/person\/image\/","url":"https:\/\/novo2023.camtra.org.br\/wp-content\/litespeed\/avatar\/4c87233a8b80506f010db0cccf69e8b5.jpg?ver=1777270965","contentUrl":"https:\/\/novo2023.camtra.org.br\/wp-content\/litespeed\/avatar\/4c87233a8b80506f010db0cccf69e8b5.jpg?ver=1777270965","caption":"Casa da Mulher Trabalhadora"},"url":"https:\/\/novo2023.camtra.org.br\/index.php\/author\/camtra\/"}]}},"_links":{"self":[{"href":"https:\/\/novo2023.camtra.org.br\/index.php\/wp-json\/wp\/v2\/posts\/8557"}],"collection":[{"href":"https:\/\/novo2023.camtra.org.br\/index.php\/wp-json\/wp\/v2\/posts"}],"about":[{"href":"https:\/\/novo2023.camtra.org.br\/index.php\/wp-json\/wp\/v2\/types\/post"}],"author":[{"embeddable":true,"href":"https:\/\/novo2023.camtra.org.br\/index.php\/wp-json\/wp\/v2\/users\/3"}],"replies":[{"embeddable":true,"href":"https:\/\/novo2023.camtra.org.br\/index.php\/wp-json\/wp\/v2\/comments?post=8557"}],"version-history":[{"count":7,"href":"https:\/\/novo2023.camtra.org.br\/index.php\/wp-json\/wp\/v2\/posts\/8557\/revisions"}],"predecessor-version":[{"id":14115,"href":"https:\/\/novo2023.camtra.org.br\/index.php\/wp-json\/wp\/v2\/posts\/8557\/revisions\/14115"}],"wp:featuredmedia":[{"embeddable":true,"href":"https:\/\/novo2023.camtra.org.br\/index.php\/wp-json\/wp\/v2\/media\/8628"}],"wp:attachment":[{"href":"https:\/\/novo2023.camtra.org.br\/index.php\/wp-json\/wp\/v2\/media?parent=8557"}],"wp:term":[{"taxonomy":"category","embeddable":true,"href":"https:\/\/novo2023.camtra.org.br\/index.php\/wp-json\/wp\/v2\/categories?post=8557"},{"taxonomy":"post_tag","embeddable":true,"href":"https:\/\/novo2023.camtra.org.br\/index.php\/wp-json\/wp\/v2\/tags?post=8557"}],"curies":[{"name":"wp","href":"https:\/\/api.w.org\/{rel}","templated":true}]}}