{"id":8483,"date":"2022-06-17T20:45:16","date_gmt":"2022-06-17T23:45:16","guid":{"rendered":"https:\/\/camtra.org.br\/?p=8483"},"modified":"2024-04-16T11:20:18","modified_gmt":"2024-04-16T11:20:18","slug":"assembleia-ordinaria-de-prestacao-de-contas-do-exercicio-de-2021","status":"publish","type":"post","link":"https:\/\/novo2023.camtra.org.br\/index.php\/2022\/06\/17\/assembleia-ordinaria-de-prestacao-de-contas-do-exercicio-de-2021\/","title":{"rendered":"Assembleia Ordin\u00e1ria de Presta\u00e7\u00e3o de Contas do Exerc\u00edcio de 2021"},"content":{"rendered":"<div id=\"fb-root\"><\/div>\n<p>A Camtra &#8211; Casa da Mulher Trabalhadora convoca a todas as associadas para participar da <strong>Assembleia Ordin\u00e1ria de Presta\u00e7\u00e3o de Contas do Exerc\u00edcio de 2021<\/strong> que ser\u00e1 realizada no dia 24 de junho de 2022, em primeira convoca\u00e7\u00e3o \u00e0s 17h co. 2\/3 e segunda convoca\u00e7\u00e3o \u00e0s 17h30 com o n\u00famero presente. A assembleia sera realizada semipresencial na sede da Camtra, Rua da Lapa, 180, 806 &#8211; Centro Rio de Janeiro, e pelo aplicativo zoom.<!--more--><\/p>\n<h3>Pauta da Assembleia<\/h3>\n<p>a) Parecer do Conselho Fiscal do Exerc\u00edcio de 2021<\/p>\n<p>b) Apresenta\u00e7\u00e3o do Relat\u00f3rio de Atividades de 2021<\/p>\n<p>c) Apresenta\u00e7\u00e3o de proposta de novas associadas<\/p>\n<p>d) Informes Gerais<\/p>\n<p>Rio de Janeiro,17 de junho de 2022<\/p>\n<p>Eleut\u00e9ria Amora da Silva<\/p>\n<p>Coordenadora Geral da Camtra<\/p>\n<p>&nbsp;<\/p>\n<p><a href=\"https:\/\/novo2023.camtra.org.br\/wp-content\/uploads\/2022\/06\/edital-de-convocacao-assembleia-camtra-exercicio2021.pdf\">edital de convocacao assembleia camtra exercicio2021<\/a><\/p>\n<p>&nbsp;<\/p>\n","protected":false},"excerpt":{"rendered":"<p>A Camtra &#8211; Casa da Mulher Trabalhadora convoca a todas as associadas para participar da Assembleia Ordin\u00e1ria de Presta\u00e7\u00e3o de Contas do Exerc\u00edcio de 2021 que ser\u00e1 realizada no dia [&hellip;]<\/p>\n","protected":false},"author":3,"featured_media":8523,"comment_status":"open","ping_status":"open","sticky":false,"template":"","format":"standard","meta":{"om_disable_all_campaigns":false,"_monsterinsights_skip_tracking":false,"_monsterinsights_sitenote_active":false,"_monsterinsights_sitenote_note":"","_monsterinsights_sitenote_category":0,"_uf_show_specific_survey":0,"_uf_disable_surveys":false,"ocean_post_layout":"","ocean_both_sidebars_style":"","ocean_both_sidebars_content_width":0,"ocean_both_sidebars_sidebars_width":0,"ocean_sidebar":"","ocean_second_sidebar":"","ocean_disable_margins":"enable","ocean_add_body_class":"","ocean_shortcode_before_top_bar":"","ocean_shortcode_after_top_bar":"","ocean_shortcode_before_header":"","ocean_shortcode_after_header":"","ocean_has_shortcode":"","ocean_shortcode_after_title":"","ocean_shortcode_before_footer_widgets":"","ocean_shortcode_after_footer_widgets":"","ocean_shortcode_before_footer_bottom":"","ocean_shortcode_after_footer_bottom":"","ocean_display_top_bar":"default","ocean_display_header":"default","ocean_header_style":"","ocean_center_header_left_menu":"","ocean_custom_header_template":"","ocean_custom_logo":0,"ocean_custom_retina_logo":0,"ocean_custom_logo_max_width":0,"ocean_custom_logo_tablet_max_width":0,"ocean_custom_logo_mobile_max_width":0,"ocean_custom_logo_max_height":0,"ocean_custom_logo_tablet_max_height":0,"ocean_custom_logo_mobile_max_height":0,"ocean_header_custom_menu":"","ocean_menu_typo_font_family":"","ocean_menu_typo_font_subset":"","ocean_menu_typo_font_size":0,"ocean_menu_typo_font_size_tablet":0,"ocean_menu_typo_font_size_mobile":0,"ocean_menu_typo_font_size_unit":"px","ocean_menu_typo_font_weight":"","ocean_menu_typo_font_weight_tablet":"","ocean_menu_typo_font_weight_mobile":"","ocean_menu_typo_transform":"","ocean_menu_typo_transform_tablet":"","ocean_menu_typo_transform_mobile":"","ocean_menu_typo_line_height":0,"ocean_menu_typo_line_height_tablet":0,"ocean_menu_typo_line_height_mobile":0,"ocean_menu_typo_line_height_unit":"","ocean_menu_typo_spacing":0,"ocean_menu_typo_spacing_tablet":0,"ocean_menu_typo_spacing_mobile":0,"ocean_menu_typo_spacing_unit":"","ocean_menu_link_color":"","ocean_menu_link_color_hover":"","ocean_menu_link_color_active":"","ocean_menu_link_background":"","ocean_menu_link_hover_background":"","ocean_menu_link_active_background":"","ocean_menu_social_links_bg":"","ocean_menu_social_hover_links_bg":"","ocean_menu_social_links_color":"","ocean_menu_social_hover_links_color":"","ocean_disable_title":"default","ocean_disable_heading":"default","ocean_post_title":"","ocean_post_subheading":"","ocean_post_title_style":"","ocean_post_title_background_color":"","ocean_post_title_background":0,"ocean_post_title_bg_image_position":"","ocean_post_title_bg_image_attachment":"","ocean_post_title_bg_image_repeat":"","ocean_post_title_bg_image_size":"","ocean_post_title_height":0,"ocean_post_title_bg_overlay":0.5,"ocean_post_title_bg_overlay_color":"","ocean_disable_breadcrumbs":"default","ocean_breadcrumbs_color":"","ocean_breadcrumbs_separator_color":"","ocean_breadcrumbs_links_color":"","ocean_breadcrumbs_links_hover_color":"","ocean_display_footer_widgets":"default","ocean_display_footer_bottom":"default","ocean_custom_footer_template":"","ocean_post_oembed":"","ocean_post_self_hosted_media":"","ocean_post_video_embed":"","ocean_link_format":"","ocean_link_format_target":"self","ocean_quote_format":"","ocean_quote_format_link":"post","ocean_gallery_link_images":"on","ocean_gallery_id":[],"footnotes":""},"categories":[652,56,108,27],"tags":[424,425],"class_list":["post-8483","post","type-post","status-publish","format-standard","has-post-thumbnail","hentry","category-assembleia","category-data","category-evento","category-noticias","tag-assembleia-ordinaria","tag-prestacao-de-contas","entry","has-media"],"aioseo_notices":[],"yoast_head":"<!-- This site is optimized with the Yoast SEO plugin v23.0 - https:\/\/yoast.com\/wordpress\/plugins\/seo\/ -->\n<title>Assembleia Ordin\u00e1ria de Presta\u00e7\u00e3o de Contas do Exerc\u00edcio de 2021 - CAMTRA NOVO<\/title>\n<meta name=\"robots\" content=\"index, follow, max-snippet:-1, max-image-preview:large, max-video-preview:-1\" \/>\n<link rel=\"canonical\" href=\"https:\/\/novo2023.camtra.org.br\/index.php\/2022\/06\/17\/assembleia-ordinaria-de-prestacao-de-contas-do-exercicio-de-2021\/\" \/>\n<meta property=\"og:locale\" content=\"pt_BR\" \/>\n<meta property=\"og:type\" content=\"article\" \/>\n<meta property=\"og:title\" content=\"Assembleia Ordin\u00e1ria de Presta\u00e7\u00e3o de Contas do Exerc\u00edcio de 2021 - CAMTRA NOVO\" \/>\n<meta property=\"og:description\" content=\"A Camtra &#8211; Casa da Mulher Trabalhadora convoca a todas as associadas para participar da Assembleia Ordin\u00e1ria de Presta\u00e7\u00e3o de Contas do Exerc\u00edcio de 2021 que ser\u00e1 realizada no dia [&hellip;]\" \/>\n<meta property=\"og:url\" content=\"https:\/\/novo2023.camtra.org.br\/index.php\/2022\/06\/17\/assembleia-ordinaria-de-prestacao-de-contas-do-exercicio-de-2021\/\" \/>\n<meta property=\"og:site_name\" content=\"CAMTRA NOVO\" \/>\n<meta property=\"article:published_time\" content=\"2022-06-17T23:45:16+00:00\" \/>\n<meta property=\"article:modified_time\" content=\"2024-04-16T11:20:18+00:00\" \/>\n<meta property=\"og:image\" content=\"https:\/\/novo2023.camtra.org.br\/wp-content\/uploads\/2022\/06\/Camtra-marca-media.png\" \/>\n\t<meta property=\"og:image:width\" content=\"553\" \/>\n\t<meta property=\"og:image:height\" content=\"553\" \/>\n\t<meta property=\"og:image:type\" content=\"image\/png\" \/>\n<meta name=\"author\" content=\"Casa da Mulher Trabalhadora\" \/>\n<meta name=\"twitter:card\" content=\"summary_large_image\" \/>\n<meta name=\"twitter:label1\" content=\"Escrito por\" \/>\n\t<meta name=\"twitter:data1\" content=\"Casa da Mulher Trabalhadora\" \/>\n\t<meta name=\"twitter:label2\" content=\"Est. tempo de leitura\" \/>\n\t<meta name=\"twitter:data2\" content=\"1 minuto\" \/>\n<script type=\"application\/ld+json\" class=\"yoast-schema-graph\">{\"@context\":\"https:\/\/schema.org\",\"@graph\":[{\"@type\":\"Article\",\"@id\":\"https:\/\/novo2023.camtra.org.br\/index.php\/2022\/06\/17\/assembleia-ordinaria-de-prestacao-de-contas-do-exercicio-de-2021\/#article\",\"isPartOf\":{\"@id\":\"https:\/\/novo2023.camtra.org.br\/index.php\/2022\/06\/17\/assembleia-ordinaria-de-prestacao-de-contas-do-exercicio-de-2021\/\"},\"author\":{\"name\":\"Casa da Mulher Trabalhadora\",\"@id\":\"https:\/\/novo2023.camtra.org.br\/#\/schema\/person\/f163af9cb65589aab5865b0437873a74\"},\"headline\":\"Assembleia Ordin\u00e1ria de Presta\u00e7\u00e3o de Contas do Exerc\u00edcio de 2021\",\"datePublished\":\"2022-06-17T23:45:16+00:00\",\"dateModified\":\"2024-04-16T11:20:18+00:00\",\"mainEntityOfPage\":{\"@id\":\"https:\/\/novo2023.camtra.org.br\/index.php\/2022\/06\/17\/assembleia-ordinaria-de-prestacao-de-contas-do-exercicio-de-2021\/\"},\"wordCount\":141,\"commentCount\":0,\"publisher\":{\"@id\":\"https:\/\/novo2023.camtra.org.br\/#organization\"},\"image\":{\"@id\":\"https:\/\/novo2023.camtra.org.br\/index.php\/2022\/06\/17\/assembleia-ordinaria-de-prestacao-de-contas-do-exercicio-de-2021\/#primaryimage\"},\"thumbnailUrl\":\"https:\/\/novo2023.camtra.org.br\/wp-content\/uploads\/2022\/06\/Camtra-marca-media.png\",\"keywords\":[\"Assembleia Ordin\u00e1ria\",\"presta\u00e7\u00e3o de contas\"],\"articleSection\":[\"Assembleia\",\"Data\",\"Evento\",\"Not\u00edcias\"],\"inLanguage\":\"pt-BR\",\"potentialAction\":[{\"@type\":\"CommentAction\",\"name\":\"Comment\",\"target\":[\"https:\/\/novo2023.camtra.org.br\/index.php\/2022\/06\/17\/assembleia-ordinaria-de-prestacao-de-contas-do-exercicio-de-2021\/#respond\"]}]},{\"@type\":\"WebPage\",\"@id\":\"https:\/\/novo2023.camtra.org.br\/index.php\/2022\/06\/17\/assembleia-ordinaria-de-prestacao-de-contas-do-exercicio-de-2021\/\",\"url\":\"https:\/\/novo2023.camtra.org.br\/index.php\/2022\/06\/17\/assembleia-ordinaria-de-prestacao-de-contas-do-exercicio-de-2021\/\",\"name\":\"Assembleia Ordin\u00e1ria de Presta\u00e7\u00e3o de Contas do Exerc\u00edcio de 2021 - CAMTRA NOVO\",\"isPartOf\":{\"@id\":\"https:\/\/novo2023.camtra.org.br\/#website\"},\"primaryImageOfPage\":{\"@id\":\"https:\/\/novo2023.camtra.org.br\/index.php\/2022\/06\/17\/assembleia-ordinaria-de-prestacao-de-contas-do-exercicio-de-2021\/#primaryimage\"},\"image\":{\"@id\":\"https:\/\/novo2023.camtra.org.br\/index.php\/2022\/06\/17\/assembleia-ordinaria-de-prestacao-de-contas-do-exercicio-de-2021\/#primaryimage\"},\"thumbnailUrl\":\"https:\/\/novo2023.camtra.org.br\/wp-content\/uploads\/2022\/06\/Camtra-marca-media.png\",\"datePublished\":\"2022-06-17T23:45:16+00:00\",\"dateModified\":\"2024-04-16T11:20:18+00:00\",\"breadcrumb\":{\"@id\":\"https:\/\/novo2023.camtra.org.br\/index.php\/2022\/06\/17\/assembleia-ordinaria-de-prestacao-de-contas-do-exercicio-de-2021\/#breadcrumb\"},\"inLanguage\":\"pt-BR\",\"potentialAction\":[{\"@type\":\"ReadAction\",\"target\":[\"https:\/\/novo2023.camtra.org.br\/index.php\/2022\/06\/17\/assembleia-ordinaria-de-prestacao-de-contas-do-exercicio-de-2021\/\"]}]},{\"@type\":\"ImageObject\",\"inLanguage\":\"pt-BR\",\"@id\":\"https:\/\/novo2023.camtra.org.br\/index.php\/2022\/06\/17\/assembleia-ordinaria-de-prestacao-de-contas-do-exercicio-de-2021\/#primaryimage\",\"url\":\"https:\/\/novo2023.camtra.org.br\/wp-content\/uploads\/2022\/06\/Camtra-marca-media.png\",\"contentUrl\":\"https:\/\/novo2023.camtra.org.br\/wp-content\/uploads\/2022\/06\/Camtra-marca-media.png\",\"width\":553,\"height\":553},{\"@type\":\"BreadcrumbList\",\"@id\":\"https:\/\/novo2023.camtra.org.br\/index.php\/2022\/06\/17\/assembleia-ordinaria-de-prestacao-de-contas-do-exercicio-de-2021\/#breadcrumb\",\"itemListElement\":[{\"@type\":\"ListItem\",\"position\":1,\"name\":\"Home\",\"item\":\"https:\/\/novo2023.camtra.org.br\/\"},{\"@type\":\"ListItem\",\"position\":2,\"name\":\"Assembleia Ordin\u00e1ria de Presta\u00e7\u00e3o de Contas do Exerc\u00edcio de 2021\"}]},{\"@type\":\"WebSite\",\"@id\":\"https:\/\/novo2023.camtra.org.br\/#website\",\"url\":\"https:\/\/novo2023.camtra.org.br\/\",\"name\":\"CAMTRA NOVO\",\"description\":\"\",\"publisher\":{\"@id\":\"https:\/\/novo2023.camtra.org.br\/#organization\"},\"potentialAction\":[{\"@type\":\"SearchAction\",\"target\":{\"@type\":\"EntryPoint\",\"urlTemplate\":\"https:\/\/novo2023.camtra.org.br\/?s={search_term_string}\"},\"query-input\":\"required name=search_term_string\"}],\"inLanguage\":\"pt-BR\"},{\"@type\":\"Organization\",\"@id\":\"https:\/\/novo2023.camtra.org.br\/#organization\",\"name\":\"CAMTRA NOVO\",\"url\":\"https:\/\/novo2023.camtra.org.br\/\",\"logo\":{\"@type\":\"ImageObject\",\"inLanguage\":\"pt-BR\",\"@id\":\"https:\/\/novo2023.camtra.org.br\/#\/schema\/logo\/image\/\",\"url\":\"https:\/\/novo2023.camtra.org.br\/wp-content\/uploads\/2024\/01\/CAMTRA-comflor-roxa-logo_logo-camtra-principal-flor.png\",\"contentUrl\":\"https:\/\/novo2023.camtra.org.br\/wp-content\/uploads\/2024\/01\/CAMTRA-comflor-roxa-logo_logo-camtra-principal-flor.png\",\"width\":1172,\"height\":330,\"caption\":\"CAMTRA NOVO\"},\"image\":{\"@id\":\"https:\/\/novo2023.camtra.org.br\/#\/schema\/logo\/image\/\"}},{\"@type\":\"Person\",\"@id\":\"https:\/\/novo2023.camtra.org.br\/#\/schema\/person\/f163af9cb65589aab5865b0437873a74\",\"name\":\"Casa da Mulher Trabalhadora\",\"image\":{\"@type\":\"ImageObject\",\"inLanguage\":\"pt-BR\",\"@id\":\"https:\/\/novo2023.camtra.org.br\/#\/schema\/person\/image\/\",\"url\":\"https:\/\/novo2023.camtra.org.br\/wp-content\/litespeed\/avatar\/4c87233a8b80506f010db0cccf69e8b5.jpg?ver=1777270965\",\"contentUrl\":\"https:\/\/novo2023.camtra.org.br\/wp-content\/litespeed\/avatar\/4c87233a8b80506f010db0cccf69e8b5.jpg?ver=1777270965\",\"caption\":\"Casa da Mulher Trabalhadora\"},\"url\":\"https:\/\/novo2023.camtra.org.br\/index.php\/author\/camtra\/\"}]}<\/script>\n<!-- \/ Yoast SEO plugin. -->","yoast_head_json":{"title":"Assembleia Ordin\u00e1ria de Presta\u00e7\u00e3o de Contas do Exerc\u00edcio de 2021 - CAMTRA NOVO","robots":{"index":"index","follow":"follow","max-snippet":"max-snippet:-1","max-image-preview":"max-image-preview:large","max-video-preview":"max-video-preview:-1"},"canonical":"https:\/\/novo2023.camtra.org.br\/index.php\/2022\/06\/17\/assembleia-ordinaria-de-prestacao-de-contas-do-exercicio-de-2021\/","og_locale":"pt_BR","og_type":"article","og_title":"Assembleia Ordin\u00e1ria de Presta\u00e7\u00e3o de Contas do Exerc\u00edcio de 2021 - CAMTRA NOVO","og_description":"A Camtra &#8211; Casa da Mulher Trabalhadora convoca a todas as associadas para participar da Assembleia Ordin\u00e1ria de Presta\u00e7\u00e3o de Contas do Exerc\u00edcio de 2021 que ser\u00e1 realizada no dia [&hellip;]","og_url":"https:\/\/novo2023.camtra.org.br\/index.php\/2022\/06\/17\/assembleia-ordinaria-de-prestacao-de-contas-do-exercicio-de-2021\/","og_site_name":"CAMTRA NOVO","article_published_time":"2022-06-17T23:45:16+00:00","article_modified_time":"2024-04-16T11:20:18+00:00","og_image":[{"width":553,"height":553,"url":"https:\/\/novo2023.camtra.org.br\/wp-content\/uploads\/2022\/06\/Camtra-marca-media.png","type":"image\/png"}],"author":"Casa da Mulher Trabalhadora","twitter_card":"summary_large_image","twitter_misc":{"Escrito por":"Casa da Mulher Trabalhadora","Est. tempo de leitura":"1 minuto"},"schema":{"@context":"https:\/\/schema.org","@graph":[{"@type":"Article","@id":"https:\/\/novo2023.camtra.org.br\/index.php\/2022\/06\/17\/assembleia-ordinaria-de-prestacao-de-contas-do-exercicio-de-2021\/#article","isPartOf":{"@id":"https:\/\/novo2023.camtra.org.br\/index.php\/2022\/06\/17\/assembleia-ordinaria-de-prestacao-de-contas-do-exercicio-de-2021\/"},"author":{"name":"Casa da Mulher Trabalhadora","@id":"https:\/\/novo2023.camtra.org.br\/#\/schema\/person\/f163af9cb65589aab5865b0437873a74"},"headline":"Assembleia Ordin\u00e1ria de Presta\u00e7\u00e3o de Contas do Exerc\u00edcio de 2021","datePublished":"2022-06-17T23:45:16+00:00","dateModified":"2024-04-16T11:20:18+00:00","mainEntityOfPage":{"@id":"https:\/\/novo2023.camtra.org.br\/index.php\/2022\/06\/17\/assembleia-ordinaria-de-prestacao-de-contas-do-exercicio-de-2021\/"},"wordCount":141,"commentCount":0,"publisher":{"@id":"https:\/\/novo2023.camtra.org.br\/#organization"},"image":{"@id":"https:\/\/novo2023.camtra.org.br\/index.php\/2022\/06\/17\/assembleia-ordinaria-de-prestacao-de-contas-do-exercicio-de-2021\/#primaryimage"},"thumbnailUrl":"https:\/\/novo2023.camtra.org.br\/wp-content\/uploads\/2022\/06\/Camtra-marca-media.png","keywords":["Assembleia Ordin\u00e1ria","presta\u00e7\u00e3o de contas"],"articleSection":["Assembleia","Data","Evento","Not\u00edcias"],"inLanguage":"pt-BR","potentialAction":[{"@type":"CommentAction","name":"Comment","target":["https:\/\/novo2023.camtra.org.br\/index.php\/2022\/06\/17\/assembleia-ordinaria-de-prestacao-de-contas-do-exercicio-de-2021\/#respond"]}]},{"@type":"WebPage","@id":"https:\/\/novo2023.camtra.org.br\/index.php\/2022\/06\/17\/assembleia-ordinaria-de-prestacao-de-contas-do-exercicio-de-2021\/","url":"https:\/\/novo2023.camtra.org.br\/index.php\/2022\/06\/17\/assembleia-ordinaria-de-prestacao-de-contas-do-exercicio-de-2021\/","name":"Assembleia Ordin\u00e1ria de Presta\u00e7\u00e3o de Contas do Exerc\u00edcio de 2021 - CAMTRA NOVO","isPartOf":{"@id":"https:\/\/novo2023.camtra.org.br\/#website"},"primaryImageOfPage":{"@id":"https:\/\/novo2023.camtra.org.br\/index.php\/2022\/06\/17\/assembleia-ordinaria-de-prestacao-de-contas-do-exercicio-de-2021\/#primaryimage"},"image":{"@id":"https:\/\/novo2023.camtra.org.br\/index.php\/2022\/06\/17\/assembleia-ordinaria-de-prestacao-de-contas-do-exercicio-de-2021\/#primaryimage"},"thumbnailUrl":"https:\/\/novo2023.camtra.org.br\/wp-content\/uploads\/2022\/06\/Camtra-marca-media.png","datePublished":"2022-06-17T23:45:16+00:00","dateModified":"2024-04-16T11:20:18+00:00","breadcrumb":{"@id":"https:\/\/novo2023.camtra.org.br\/index.php\/2022\/06\/17\/assembleia-ordinaria-de-prestacao-de-contas-do-exercicio-de-2021\/#breadcrumb"},"inLanguage":"pt-BR","potentialAction":[{"@type":"ReadAction","target":["https:\/\/novo2023.camtra.org.br\/index.php\/2022\/06\/17\/assembleia-ordinaria-de-prestacao-de-contas-do-exercicio-de-2021\/"]}]},{"@type":"ImageObject","inLanguage":"pt-BR","@id":"https:\/\/novo2023.camtra.org.br\/index.php\/2022\/06\/17\/assembleia-ordinaria-de-prestacao-de-contas-do-exercicio-de-2021\/#primaryimage","url":"https:\/\/novo2023.camtra.org.br\/wp-content\/uploads\/2022\/06\/Camtra-marca-media.png","contentUrl":"https:\/\/novo2023.camtra.org.br\/wp-content\/uploads\/2022\/06\/Camtra-marca-media.png","width":553,"height":553},{"@type":"BreadcrumbList","@id":"https:\/\/novo2023.camtra.org.br\/index.php\/2022\/06\/17\/assembleia-ordinaria-de-prestacao-de-contas-do-exercicio-de-2021\/#breadcrumb","itemListElement":[{"@type":"ListItem","position":1,"name":"Home","item":"https:\/\/novo2023.camtra.org.br\/"},{"@type":"ListItem","position":2,"name":"Assembleia Ordin\u00e1ria de Presta\u00e7\u00e3o de Contas do Exerc\u00edcio de 2021"}]},{"@type":"WebSite","@id":"https:\/\/novo2023.camtra.org.br\/#website","url":"https:\/\/novo2023.camtra.org.br\/","name":"CAMTRA NOVO","description":"","publisher":{"@id":"https:\/\/novo2023.camtra.org.br\/#organization"},"potentialAction":[{"@type":"SearchAction","target":{"@type":"EntryPoint","urlTemplate":"https:\/\/novo2023.camtra.org.br\/?s={search_term_string}"},"query-input":"required name=search_term_string"}],"inLanguage":"pt-BR"},{"@type":"Organization","@id":"https:\/\/novo2023.camtra.org.br\/#organization","name":"CAMTRA NOVO","url":"https:\/\/novo2023.camtra.org.br\/","logo":{"@type":"ImageObject","inLanguage":"pt-BR","@id":"https:\/\/novo2023.camtra.org.br\/#\/schema\/logo\/image\/","url":"https:\/\/novo2023.camtra.org.br\/wp-content\/uploads\/2024\/01\/CAMTRA-comflor-roxa-logo_logo-camtra-principal-flor.png","contentUrl":"https:\/\/novo2023.camtra.org.br\/wp-content\/uploads\/2024\/01\/CAMTRA-comflor-roxa-logo_logo-camtra-principal-flor.png","width":1172,"height":330,"caption":"CAMTRA NOVO"},"image":{"@id":"https:\/\/novo2023.camtra.org.br\/#\/schema\/logo\/image\/"}},{"@type":"Person","@id":"https:\/\/novo2023.camtra.org.br\/#\/schema\/person\/f163af9cb65589aab5865b0437873a74","name":"Casa da Mulher Trabalhadora","image":{"@type":"ImageObject","inLanguage":"pt-BR","@id":"https:\/\/novo2023.camtra.org.br\/#\/schema\/person\/image\/","url":"https:\/\/novo2023.camtra.org.br\/wp-content\/litespeed\/avatar\/4c87233a8b80506f010db0cccf69e8b5.jpg?ver=1777270965","contentUrl":"https:\/\/novo2023.camtra.org.br\/wp-content\/litespeed\/avatar\/4c87233a8b80506f010db0cccf69e8b5.jpg?ver=1777270965","caption":"Casa da Mulher Trabalhadora"},"url":"https:\/\/novo2023.camtra.org.br\/index.php\/author\/camtra\/"}]}},"_links":{"self":[{"href":"https:\/\/novo2023.camtra.org.br\/index.php\/wp-json\/wp\/v2\/posts\/8483"}],"collection":[{"href":"https:\/\/novo2023.camtra.org.br\/index.php\/wp-json\/wp\/v2\/posts"}],"about":[{"href":"https:\/\/novo2023.camtra.org.br\/index.php\/wp-json\/wp\/v2\/types\/post"}],"author":[{"embeddable":true,"href":"https:\/\/novo2023.camtra.org.br\/index.php\/wp-json\/wp\/v2\/users\/3"}],"replies":[{"embeddable":true,"href":"https:\/\/novo2023.camtra.org.br\/index.php\/wp-json\/wp\/v2\/comments?post=8483"}],"version-history":[{"count":1,"href":"https:\/\/novo2023.camtra.org.br\/index.php\/wp-json\/wp\/v2\/posts\/8483\/revisions"}],"predecessor-version":[{"id":12429,"href":"https:\/\/novo2023.camtra.org.br\/index.php\/wp-json\/wp\/v2\/posts\/8483\/revisions\/12429"}],"wp:featuredmedia":[{"embeddable":true,"href":"https:\/\/novo2023.camtra.org.br\/index.php\/wp-json\/wp\/v2\/media\/8523"}],"wp:attachment":[{"href":"https:\/\/novo2023.camtra.org.br\/index.php\/wp-json\/wp\/v2\/media?parent=8483"}],"wp:term":[{"taxonomy":"category","embeddable":true,"href":"https:\/\/novo2023.camtra.org.br\/index.php\/wp-json\/wp\/v2\/categories?post=8483"},{"taxonomy":"post_tag","embeddable":true,"href":"https:\/\/novo2023.camtra.org.br\/index.php\/wp-json\/wp\/v2\/tags?post=8483"}],"curies":[{"name":"wp","href":"https:\/\/api.w.org\/{rel}","templated":true}]}}