{"id":8434,"date":"2022-05-28T12:13:26","date_gmt":"2022-05-28T15:13:26","guid":{"rendered":"https:\/\/camtra.org.br\/?p=8434"},"modified":"2024-04-11T17:39:12","modified_gmt":"2024-04-11T17:39:12","slug":"28-de-maio-dia-internacional-de-luta-pela-saude-da-mulher-dia-nacional-pela-reducao-da-mortalidade-materna","status":"publish","type":"post","link":"https:\/\/novo2023.camtra.org.br\/index.php\/2022\/05\/28\/28-de-maio-dia-internacional-de-luta-pela-saude-da-mulher-dia-nacional-pela-reducao-da-mortalidade-materna\/","title":{"rendered":"28 de maio &#8211; Dia Internacional de Luta pela Sa\u00fade da Mulher \/ Dia Nacional pela Redu\u00e7\u00e3o da Mortalidade Materna"},"content":{"rendered":"<div id=\"fb-root\"><\/div>\n<p>Dia 28 de maio \u00e9 o Dia Nacional de Redu\u00e7\u00e3o da Mortalidade Materna e Dia Internacional de Luta pela Sa\u00fade da Mulher, importante data do calend\u00e1rio feminista que visa promover a\u00e7\u00f5es pol\u00edticas necess\u00e1rias para melhorar as condi\u00e7\u00f5es de sa\u00fade da mulher, em especial, as gestantes.<\/p>\n<p><!--more--><\/p>\n<p>A Mortalidade Materna \u00e9 o \u00f3bito causado por qualquer fator relacionado ou agravado pela gravidez, por medidas tomadas em rela\u00e7\u00e3o a ela, ao parto ou ocorridos no per\u00edodo do puerp\u00e9rio.<\/p>\n<p>&nbsp;<\/p>\n<p>As mulheres negras somam mais da metade das v\u00edtimas, o que demonstra como a problem\u00e1tica tem ra\u00edzes profundas no racismo, no machismo e na desigualdade socioecon\u00f4mica.<\/p>\n<p>&nbsp;<\/p>\n<p>De acordo com dados do Observat\u00f3rio Obst\u00e9trico Brasileiro, desde o in\u00edcio da pandemia, as mulheres negras foram 1.095 das gestantes e pu\u00e9rperas que morreram da doen\u00e7a, cerca de 54% do n\u00famero total de gestantes que perderam a vida por conta da covid-19.<\/p>\n<p>&nbsp;<\/p>\n<p>Assim, nesta importante data reafirmamos nossa luta no enfrentamento \u00e0 misoginia e racismo, ainda t\u00e3o arraigadas nas pr\u00e1ticas de sa\u00fade e a necessidade do fortalecimento de pol\u00edticas p\u00fablicas que garantam \u00e0s mulheres um atendimento de qualidade no pr\u00e9 natal, parto e p\u00f3s parto.<\/p>\n<p>&nbsp;<\/p>\n<p>Pela qualidade do pr\u00e9 natal e assist\u00eancia ao parto e p\u00f3s parto, pela garantia do aborto legal e seguro. Pelo enfrentamento do racismo, da viol\u00eancia obst\u00e9trica e misoginia nos servi\u00e7os de sa\u00fade!<\/p>\n<p>&nbsp;<\/p>\n<p>Por mim, por n\u00f3s e pelas outras! \u00c9 pela vida de TODAS as Mulheres Trabalhadoras, seja em casa ou na rua!<\/p>\n<p>&nbsp;<\/p>\n<p>#Camtra25anos<\/p>\n<p>#MortalidadeMaterna<\/p>\n<p>#SaudedaMulher<\/p>\n<p>#PormimPorNosPelasOutras<\/p>\n","protected":false},"excerpt":{"rendered":"<p>Dia 28 de maio \u00e9 o Dia Nacional de Redu\u00e7\u00e3o da Mortalidade Materna e Dia Internacional de Luta pela Sa\u00fade da Mulher, importante data do calend\u00e1rio feminista que visa promover [&hellip;]<\/p>\n","protected":false},"author":3,"featured_media":8620,"comment_status":"open","ping_status":"open","sticky":false,"template":"","format":"standard","meta":{"om_disable_all_campaigns":false,"_monsterinsights_skip_tracking":false,"_monsterinsights_sitenote_active":false,"_monsterinsights_sitenote_note":"","_monsterinsights_sitenote_category":0,"_uf_show_specific_survey":0,"_uf_disable_surveys":false,"ocean_post_layout":"","ocean_both_sidebars_style":"","ocean_both_sidebars_content_width":0,"ocean_both_sidebars_sidebars_width":0,"ocean_sidebar":"","ocean_second_sidebar":"","ocean_disable_margins":"enable","ocean_add_body_class":"","ocean_shortcode_before_top_bar":"","ocean_shortcode_after_top_bar":"","ocean_shortcode_before_header":"","ocean_shortcode_after_header":"","ocean_has_shortcode":"","ocean_shortcode_after_title":"","ocean_shortcode_before_footer_widgets":"","ocean_shortcode_after_footer_widgets":"","ocean_shortcode_before_footer_bottom":"","ocean_shortcode_after_footer_bottom":"","ocean_display_top_bar":"default","ocean_display_header":"default","ocean_header_style":"","ocean_center_header_left_menu":"","ocean_custom_header_template":"","ocean_custom_logo":0,"ocean_custom_retina_logo":0,"ocean_custom_logo_max_width":0,"ocean_custom_logo_tablet_max_width":0,"ocean_custom_logo_mobile_max_width":0,"ocean_custom_logo_max_height":0,"ocean_custom_logo_tablet_max_height":0,"ocean_custom_logo_mobile_max_height":0,"ocean_header_custom_menu":"","ocean_menu_typo_font_family":"","ocean_menu_typo_font_subset":"","ocean_menu_typo_font_size":0,"ocean_menu_typo_font_size_tablet":0,"ocean_menu_typo_font_size_mobile":0,"ocean_menu_typo_font_size_unit":"px","ocean_menu_typo_font_weight":"","ocean_menu_typo_font_weight_tablet":"","ocean_menu_typo_font_weight_mobile":"","ocean_menu_typo_transform":"","ocean_menu_typo_transform_tablet":"","ocean_menu_typo_transform_mobile":"","ocean_menu_typo_line_height":0,"ocean_menu_typo_line_height_tablet":0,"ocean_menu_typo_line_height_mobile":0,"ocean_menu_typo_line_height_unit":"","ocean_menu_typo_spacing":0,"ocean_menu_typo_spacing_tablet":0,"ocean_menu_typo_spacing_mobile":0,"ocean_menu_typo_spacing_unit":"","ocean_menu_link_color":"","ocean_menu_link_color_hover":"","ocean_menu_link_color_active":"","ocean_menu_link_background":"","ocean_menu_link_hover_background":"","ocean_menu_link_active_background":"","ocean_menu_social_links_bg":"","ocean_menu_social_hover_links_bg":"","ocean_menu_social_links_color":"","ocean_menu_social_hover_links_color":"","ocean_disable_title":"default","ocean_disable_heading":"default","ocean_post_title":"","ocean_post_subheading":"","ocean_post_title_style":"","ocean_post_title_background_color":"","ocean_post_title_background":0,"ocean_post_title_bg_image_position":"","ocean_post_title_bg_image_attachment":"","ocean_post_title_bg_image_repeat":"","ocean_post_title_bg_image_size":"","ocean_post_title_height":0,"ocean_post_title_bg_overlay":0.5,"ocean_post_title_bg_overlay_color":"","ocean_disable_breadcrumbs":"default","ocean_breadcrumbs_color":"","ocean_breadcrumbs_separator_color":"","ocean_breadcrumbs_links_color":"","ocean_breadcrumbs_links_hover_color":"","ocean_display_footer_widgets":"default","ocean_display_footer_bottom":"default","ocean_custom_footer_template":"","ocean_post_oembed":"","ocean_post_self_hosted_media":"","ocean_post_video_embed":"","ocean_link_format":"","ocean_link_format_target":"self","ocean_quote_format":"","ocean_quote_format_link":"post","ocean_gallery_link_images":"on","ocean_gallery_id":[],"footnotes":""},"categories":[56,75,79],"tags":[],"class_list":["post-8434","post","type-post","status-publish","format-standard","has-post-thumbnail","hentry","category-data","category-direitos-sexuais-e-reprodutivos","category-saude","entry","has-media"],"aioseo_notices":[],"yoast_head":"<!-- This site is optimized with the Yoast SEO plugin v23.0 - https:\/\/yoast.com\/wordpress\/plugins\/seo\/ -->\n<title>28 de maio - Dia Internacional de Luta pela Sa\u00fade da Mulher \/ Dia Nacional pela Redu\u00e7\u00e3o da Mortalidade Materna - CAMTRA NOVO<\/title>\n<meta name=\"robots\" content=\"index, follow, max-snippet:-1, max-image-preview:large, max-video-preview:-1\" \/>\n<link rel=\"canonical\" href=\"https:\/\/novo2023.camtra.org.br\/index.php\/2022\/05\/28\/28-de-maio-dia-internacional-de-luta-pela-saude-da-mulher-dia-nacional-pela-reducao-da-mortalidade-materna\/\" \/>\n<meta property=\"og:locale\" content=\"pt_BR\" \/>\n<meta property=\"og:type\" content=\"article\" \/>\n<meta property=\"og:title\" content=\"28 de maio - Dia Internacional de Luta pela Sa\u00fade da Mulher \/ Dia Nacional pela Redu\u00e7\u00e3o da Mortalidade Materna - CAMTRA NOVO\" \/>\n<meta property=\"og:description\" content=\"Dia 28 de maio \u00e9 o Dia Nacional de Redu\u00e7\u00e3o da Mortalidade Materna e Dia Internacional de Luta pela Sa\u00fade da Mulher, importante data do calend\u00e1rio feminista que visa promover [&hellip;]\" \/>\n<meta property=\"og:url\" content=\"https:\/\/novo2023.camtra.org.br\/index.php\/2022\/05\/28\/28-de-maio-dia-internacional-de-luta-pela-saude-da-mulher-dia-nacional-pela-reducao-da-mortalidade-materna\/\" \/>\n<meta property=\"og:site_name\" content=\"CAMTRA NOVO\" \/>\n<meta property=\"article:published_time\" content=\"2022-05-28T15:13:26+00:00\" \/>\n<meta property=\"article:modified_time\" content=\"2024-04-11T17:39:12+00:00\" \/>\n<meta property=\"og:image\" content=\"https:\/\/novo2023.camtra.org.br\/wp-content\/uploads\/2022\/06\/Screenshot_20220610-121623_Instagram-1.jpg\" \/>\n\t<meta property=\"og:image:width\" content=\"1079\" \/>\n\t<meta property=\"og:image:height\" content=\"1092\" \/>\n\t<meta property=\"og:image:type\" content=\"image\/jpeg\" \/>\n<meta name=\"author\" content=\"Casa da Mulher Trabalhadora\" \/>\n<meta name=\"twitter:card\" content=\"summary_large_image\" \/>\n<meta name=\"twitter:label1\" content=\"Escrito por\" \/>\n\t<meta name=\"twitter:data1\" content=\"Casa da Mulher Trabalhadora\" \/>\n\t<meta name=\"twitter:label2\" content=\"Est. tempo de leitura\" \/>\n\t<meta name=\"twitter:data2\" content=\"2 minutos\" \/>\n<script type=\"application\/ld+json\" class=\"yoast-schema-graph\">{\"@context\":\"https:\/\/schema.org\",\"@graph\":[{\"@type\":\"Article\",\"@id\":\"https:\/\/novo2023.camtra.org.br\/index.php\/2022\/05\/28\/28-de-maio-dia-internacional-de-luta-pela-saude-da-mulher-dia-nacional-pela-reducao-da-mortalidade-materna\/#article\",\"isPartOf\":{\"@id\":\"https:\/\/novo2023.camtra.org.br\/index.php\/2022\/05\/28\/28-de-maio-dia-internacional-de-luta-pela-saude-da-mulher-dia-nacional-pela-reducao-da-mortalidade-materna\/\"},\"author\":{\"name\":\"Casa da Mulher Trabalhadora\",\"@id\":\"https:\/\/novo2023.camtra.org.br\/#\/schema\/person\/f163af9cb65589aab5865b0437873a74\"},\"headline\":\"28 de maio &#8211; Dia Internacional de Luta pela Sa\u00fade da Mulher \/ Dia Nacional pela Redu\u00e7\u00e3o da Mortalidade Materna\",\"datePublished\":\"2022-05-28T15:13:26+00:00\",\"dateModified\":\"2024-04-11T17:39:12+00:00\",\"mainEntityOfPage\":{\"@id\":\"https:\/\/novo2023.camtra.org.br\/index.php\/2022\/05\/28\/28-de-maio-dia-internacional-de-luta-pela-saude-da-mulher-dia-nacional-pela-reducao-da-mortalidade-materna\/\"},\"wordCount\":297,\"commentCount\":0,\"publisher\":{\"@id\":\"https:\/\/novo2023.camtra.org.br\/#organization\"},\"image\":{\"@id\":\"https:\/\/novo2023.camtra.org.br\/index.php\/2022\/05\/28\/28-de-maio-dia-internacional-de-luta-pela-saude-da-mulher-dia-nacional-pela-reducao-da-mortalidade-materna\/#primaryimage\"},\"thumbnailUrl\":\"https:\/\/novo2023.camtra.org.br\/wp-content\/uploads\/2022\/06\/Screenshot_20220610-121623_Instagram-1.jpg\",\"articleSection\":[\"Data\",\"Direitos sexuais e reprodutivos\",\"Sa\u00fade\"],\"inLanguage\":\"pt-BR\",\"potentialAction\":[{\"@type\":\"CommentAction\",\"name\":\"Comment\",\"target\":[\"https:\/\/novo2023.camtra.org.br\/index.php\/2022\/05\/28\/28-de-maio-dia-internacional-de-luta-pela-saude-da-mulher-dia-nacional-pela-reducao-da-mortalidade-materna\/#respond\"]}]},{\"@type\":\"WebPage\",\"@id\":\"https:\/\/novo2023.camtra.org.br\/index.php\/2022\/05\/28\/28-de-maio-dia-internacional-de-luta-pela-saude-da-mulher-dia-nacional-pela-reducao-da-mortalidade-materna\/\",\"url\":\"https:\/\/novo2023.camtra.org.br\/index.php\/2022\/05\/28\/28-de-maio-dia-internacional-de-luta-pela-saude-da-mulher-dia-nacional-pela-reducao-da-mortalidade-materna\/\",\"name\":\"28 de maio - Dia Internacional de Luta pela Sa\u00fade da Mulher \/ Dia Nacional pela Redu\u00e7\u00e3o da Mortalidade Materna - CAMTRA NOVO\",\"isPartOf\":{\"@id\":\"https:\/\/novo2023.camtra.org.br\/#website\"},\"primaryImageOfPage\":{\"@id\":\"https:\/\/novo2023.camtra.org.br\/index.php\/2022\/05\/28\/28-de-maio-dia-internacional-de-luta-pela-saude-da-mulher-dia-nacional-pela-reducao-da-mortalidade-materna\/#primaryimage\"},\"image\":{\"@id\":\"https:\/\/novo2023.camtra.org.br\/index.php\/2022\/05\/28\/28-de-maio-dia-internacional-de-luta-pela-saude-da-mulher-dia-nacional-pela-reducao-da-mortalidade-materna\/#primaryimage\"},\"thumbnailUrl\":\"https:\/\/novo2023.camtra.org.br\/wp-content\/uploads\/2022\/06\/Screenshot_20220610-121623_Instagram-1.jpg\",\"datePublished\":\"2022-05-28T15:13:26+00:00\",\"dateModified\":\"2024-04-11T17:39:12+00:00\",\"breadcrumb\":{\"@id\":\"https:\/\/novo2023.camtra.org.br\/index.php\/2022\/05\/28\/28-de-maio-dia-internacional-de-luta-pela-saude-da-mulher-dia-nacional-pela-reducao-da-mortalidade-materna\/#breadcrumb\"},\"inLanguage\":\"pt-BR\",\"potentialAction\":[{\"@type\":\"ReadAction\",\"target\":[\"https:\/\/novo2023.camtra.org.br\/index.php\/2022\/05\/28\/28-de-maio-dia-internacional-de-luta-pela-saude-da-mulher-dia-nacional-pela-reducao-da-mortalidade-materna\/\"]}]},{\"@type\":\"ImageObject\",\"inLanguage\":\"pt-BR\",\"@id\":\"https:\/\/novo2023.camtra.org.br\/index.php\/2022\/05\/28\/28-de-maio-dia-internacional-de-luta-pela-saude-da-mulher-dia-nacional-pela-reducao-da-mortalidade-materna\/#primaryimage\",\"url\":\"https:\/\/novo2023.camtra.org.br\/wp-content\/uploads\/2022\/06\/Screenshot_20220610-121623_Instagram-1.jpg\",\"contentUrl\":\"https:\/\/novo2023.camtra.org.br\/wp-content\/uploads\/2022\/06\/Screenshot_20220610-121623_Instagram-1.jpg\",\"width\":1079,\"height\":1092},{\"@type\":\"BreadcrumbList\",\"@id\":\"https:\/\/novo2023.camtra.org.br\/index.php\/2022\/05\/28\/28-de-maio-dia-internacional-de-luta-pela-saude-da-mulher-dia-nacional-pela-reducao-da-mortalidade-materna\/#breadcrumb\",\"itemListElement\":[{\"@type\":\"ListItem\",\"position\":1,\"name\":\"Home\",\"item\":\"https:\/\/novo2023.camtra.org.br\/\"},{\"@type\":\"ListItem\",\"position\":2,\"name\":\"28 de maio &#8211; Dia Internacional de Luta pela Sa\u00fade da Mulher \/ Dia Nacional pela Redu\u00e7\u00e3o da Mortalidade Materna\"}]},{\"@type\":\"WebSite\",\"@id\":\"https:\/\/novo2023.camtra.org.br\/#website\",\"url\":\"https:\/\/novo2023.camtra.org.br\/\",\"name\":\"CAMTRA NOVO\",\"description\":\"\",\"publisher\":{\"@id\":\"https:\/\/novo2023.camtra.org.br\/#organization\"},\"potentialAction\":[{\"@type\":\"SearchAction\",\"target\":{\"@type\":\"EntryPoint\",\"urlTemplate\":\"https:\/\/novo2023.camtra.org.br\/?s={search_term_string}\"},\"query-input\":\"required name=search_term_string\"}],\"inLanguage\":\"pt-BR\"},{\"@type\":\"Organization\",\"@id\":\"https:\/\/novo2023.camtra.org.br\/#organization\",\"name\":\"CAMTRA NOVO\",\"url\":\"https:\/\/novo2023.camtra.org.br\/\",\"logo\":{\"@type\":\"ImageObject\",\"inLanguage\":\"pt-BR\",\"@id\":\"https:\/\/novo2023.camtra.org.br\/#\/schema\/logo\/image\/\",\"url\":\"https:\/\/novo2023.camtra.org.br\/wp-content\/uploads\/2024\/01\/CAMTRA-comflor-roxa-logo_logo-camtra-principal-flor.png\",\"contentUrl\":\"https:\/\/novo2023.camtra.org.br\/wp-content\/uploads\/2024\/01\/CAMTRA-comflor-roxa-logo_logo-camtra-principal-flor.png\",\"width\":1172,\"height\":330,\"caption\":\"CAMTRA NOVO\"},\"image\":{\"@id\":\"https:\/\/novo2023.camtra.org.br\/#\/schema\/logo\/image\/\"}},{\"@type\":\"Person\",\"@id\":\"https:\/\/novo2023.camtra.org.br\/#\/schema\/person\/f163af9cb65589aab5865b0437873a74\",\"name\":\"Casa da Mulher Trabalhadora\",\"image\":{\"@type\":\"ImageObject\",\"inLanguage\":\"pt-BR\",\"@id\":\"https:\/\/novo2023.camtra.org.br\/#\/schema\/person\/image\/\",\"url\":\"https:\/\/novo2023.camtra.org.br\/wp-content\/litespeed\/avatar\/4c87233a8b80506f010db0cccf69e8b5.jpg?ver=1777270965\",\"contentUrl\":\"https:\/\/novo2023.camtra.org.br\/wp-content\/litespeed\/avatar\/4c87233a8b80506f010db0cccf69e8b5.jpg?ver=1777270965\",\"caption\":\"Casa da Mulher Trabalhadora\"},\"url\":\"https:\/\/novo2023.camtra.org.br\/index.php\/author\/camtra\/\"}]}<\/script>\n<!-- \/ Yoast SEO plugin. -->","yoast_head_json":{"title":"28 de maio - Dia Internacional de Luta pela Sa\u00fade da Mulher \/ Dia Nacional pela Redu\u00e7\u00e3o da Mortalidade Materna - CAMTRA NOVO","robots":{"index":"index","follow":"follow","max-snippet":"max-snippet:-1","max-image-preview":"max-image-preview:large","max-video-preview":"max-video-preview:-1"},"canonical":"https:\/\/novo2023.camtra.org.br\/index.php\/2022\/05\/28\/28-de-maio-dia-internacional-de-luta-pela-saude-da-mulher-dia-nacional-pela-reducao-da-mortalidade-materna\/","og_locale":"pt_BR","og_type":"article","og_title":"28 de maio - Dia Internacional de Luta pela Sa\u00fade da Mulher \/ Dia Nacional pela Redu\u00e7\u00e3o da Mortalidade Materna - CAMTRA NOVO","og_description":"Dia 28 de maio \u00e9 o Dia Nacional de Redu\u00e7\u00e3o da Mortalidade Materna e Dia Internacional de Luta pela Sa\u00fade da Mulher, importante data do calend\u00e1rio feminista que visa promover [&hellip;]","og_url":"https:\/\/novo2023.camtra.org.br\/index.php\/2022\/05\/28\/28-de-maio-dia-internacional-de-luta-pela-saude-da-mulher-dia-nacional-pela-reducao-da-mortalidade-materna\/","og_site_name":"CAMTRA NOVO","article_published_time":"2022-05-28T15:13:26+00:00","article_modified_time":"2024-04-11T17:39:12+00:00","og_image":[{"width":1079,"height":1092,"url":"https:\/\/novo2023.camtra.org.br\/wp-content\/uploads\/2022\/06\/Screenshot_20220610-121623_Instagram-1.jpg","type":"image\/jpeg"}],"author":"Casa da Mulher Trabalhadora","twitter_card":"summary_large_image","twitter_misc":{"Escrito por":"Casa da Mulher Trabalhadora","Est. tempo de leitura":"2 minutos"},"schema":{"@context":"https:\/\/schema.org","@graph":[{"@type":"Article","@id":"https:\/\/novo2023.camtra.org.br\/index.php\/2022\/05\/28\/28-de-maio-dia-internacional-de-luta-pela-saude-da-mulher-dia-nacional-pela-reducao-da-mortalidade-materna\/#article","isPartOf":{"@id":"https:\/\/novo2023.camtra.org.br\/index.php\/2022\/05\/28\/28-de-maio-dia-internacional-de-luta-pela-saude-da-mulher-dia-nacional-pela-reducao-da-mortalidade-materna\/"},"author":{"name":"Casa da Mulher Trabalhadora","@id":"https:\/\/novo2023.camtra.org.br\/#\/schema\/person\/f163af9cb65589aab5865b0437873a74"},"headline":"28 de maio &#8211; Dia Internacional de Luta pela Sa\u00fade da Mulher \/ Dia Nacional pela Redu\u00e7\u00e3o da Mortalidade Materna","datePublished":"2022-05-28T15:13:26+00:00","dateModified":"2024-04-11T17:39:12+00:00","mainEntityOfPage":{"@id":"https:\/\/novo2023.camtra.org.br\/index.php\/2022\/05\/28\/28-de-maio-dia-internacional-de-luta-pela-saude-da-mulher-dia-nacional-pela-reducao-da-mortalidade-materna\/"},"wordCount":297,"commentCount":0,"publisher":{"@id":"https:\/\/novo2023.camtra.org.br\/#organization"},"image":{"@id":"https:\/\/novo2023.camtra.org.br\/index.php\/2022\/05\/28\/28-de-maio-dia-internacional-de-luta-pela-saude-da-mulher-dia-nacional-pela-reducao-da-mortalidade-materna\/#primaryimage"},"thumbnailUrl":"https:\/\/novo2023.camtra.org.br\/wp-content\/uploads\/2022\/06\/Screenshot_20220610-121623_Instagram-1.jpg","articleSection":["Data","Direitos sexuais e reprodutivos","Sa\u00fade"],"inLanguage":"pt-BR","potentialAction":[{"@type":"CommentAction","name":"Comment","target":["https:\/\/novo2023.camtra.org.br\/index.php\/2022\/05\/28\/28-de-maio-dia-internacional-de-luta-pela-saude-da-mulher-dia-nacional-pela-reducao-da-mortalidade-materna\/#respond"]}]},{"@type":"WebPage","@id":"https:\/\/novo2023.camtra.org.br\/index.php\/2022\/05\/28\/28-de-maio-dia-internacional-de-luta-pela-saude-da-mulher-dia-nacional-pela-reducao-da-mortalidade-materna\/","url":"https:\/\/novo2023.camtra.org.br\/index.php\/2022\/05\/28\/28-de-maio-dia-internacional-de-luta-pela-saude-da-mulher-dia-nacional-pela-reducao-da-mortalidade-materna\/","name":"28 de maio - Dia Internacional de Luta pela Sa\u00fade da Mulher \/ Dia Nacional pela Redu\u00e7\u00e3o da Mortalidade Materna - CAMTRA NOVO","isPartOf":{"@id":"https:\/\/novo2023.camtra.org.br\/#website"},"primaryImageOfPage":{"@id":"https:\/\/novo2023.camtra.org.br\/index.php\/2022\/05\/28\/28-de-maio-dia-internacional-de-luta-pela-saude-da-mulher-dia-nacional-pela-reducao-da-mortalidade-materna\/#primaryimage"},"image":{"@id":"https:\/\/novo2023.camtra.org.br\/index.php\/2022\/05\/28\/28-de-maio-dia-internacional-de-luta-pela-saude-da-mulher-dia-nacional-pela-reducao-da-mortalidade-materna\/#primaryimage"},"thumbnailUrl":"https:\/\/novo2023.camtra.org.br\/wp-content\/uploads\/2022\/06\/Screenshot_20220610-121623_Instagram-1.jpg","datePublished":"2022-05-28T15:13:26+00:00","dateModified":"2024-04-11T17:39:12+00:00","breadcrumb":{"@id":"https:\/\/novo2023.camtra.org.br\/index.php\/2022\/05\/28\/28-de-maio-dia-internacional-de-luta-pela-saude-da-mulher-dia-nacional-pela-reducao-da-mortalidade-materna\/#breadcrumb"},"inLanguage":"pt-BR","potentialAction":[{"@type":"ReadAction","target":["https:\/\/novo2023.camtra.org.br\/index.php\/2022\/05\/28\/28-de-maio-dia-internacional-de-luta-pela-saude-da-mulher-dia-nacional-pela-reducao-da-mortalidade-materna\/"]}]},{"@type":"ImageObject","inLanguage":"pt-BR","@id":"https:\/\/novo2023.camtra.org.br\/index.php\/2022\/05\/28\/28-de-maio-dia-internacional-de-luta-pela-saude-da-mulher-dia-nacional-pela-reducao-da-mortalidade-materna\/#primaryimage","url":"https:\/\/novo2023.camtra.org.br\/wp-content\/uploads\/2022\/06\/Screenshot_20220610-121623_Instagram-1.jpg","contentUrl":"https:\/\/novo2023.camtra.org.br\/wp-content\/uploads\/2022\/06\/Screenshot_20220610-121623_Instagram-1.jpg","width":1079,"height":1092},{"@type":"BreadcrumbList","@id":"https:\/\/novo2023.camtra.org.br\/index.php\/2022\/05\/28\/28-de-maio-dia-internacional-de-luta-pela-saude-da-mulher-dia-nacional-pela-reducao-da-mortalidade-materna\/#breadcrumb","itemListElement":[{"@type":"ListItem","position":1,"name":"Home","item":"https:\/\/novo2023.camtra.org.br\/"},{"@type":"ListItem","position":2,"name":"28 de maio &#8211; Dia Internacional de Luta pela Sa\u00fade da Mulher \/ Dia Nacional pela Redu\u00e7\u00e3o da Mortalidade Materna"}]},{"@type":"WebSite","@id":"https:\/\/novo2023.camtra.org.br\/#website","url":"https:\/\/novo2023.camtra.org.br\/","name":"CAMTRA NOVO","description":"","publisher":{"@id":"https:\/\/novo2023.camtra.org.br\/#organization"},"potentialAction":[{"@type":"SearchAction","target":{"@type":"EntryPoint","urlTemplate":"https:\/\/novo2023.camtra.org.br\/?s={search_term_string}"},"query-input":"required name=search_term_string"}],"inLanguage":"pt-BR"},{"@type":"Organization","@id":"https:\/\/novo2023.camtra.org.br\/#organization","name":"CAMTRA NOVO","url":"https:\/\/novo2023.camtra.org.br\/","logo":{"@type":"ImageObject","inLanguage":"pt-BR","@id":"https:\/\/novo2023.camtra.org.br\/#\/schema\/logo\/image\/","url":"https:\/\/novo2023.camtra.org.br\/wp-content\/uploads\/2024\/01\/CAMTRA-comflor-roxa-logo_logo-camtra-principal-flor.png","contentUrl":"https:\/\/novo2023.camtra.org.br\/wp-content\/uploads\/2024\/01\/CAMTRA-comflor-roxa-logo_logo-camtra-principal-flor.png","width":1172,"height":330,"caption":"CAMTRA NOVO"},"image":{"@id":"https:\/\/novo2023.camtra.org.br\/#\/schema\/logo\/image\/"}},{"@type":"Person","@id":"https:\/\/novo2023.camtra.org.br\/#\/schema\/person\/f163af9cb65589aab5865b0437873a74","name":"Casa da Mulher Trabalhadora","image":{"@type":"ImageObject","inLanguage":"pt-BR","@id":"https:\/\/novo2023.camtra.org.br\/#\/schema\/person\/image\/","url":"https:\/\/novo2023.camtra.org.br\/wp-content\/litespeed\/avatar\/4c87233a8b80506f010db0cccf69e8b5.jpg?ver=1777270965","contentUrl":"https:\/\/novo2023.camtra.org.br\/wp-content\/litespeed\/avatar\/4c87233a8b80506f010db0cccf69e8b5.jpg?ver=1777270965","caption":"Casa da Mulher Trabalhadora"},"url":"https:\/\/novo2023.camtra.org.br\/index.php\/author\/camtra\/"}]}},"_links":{"self":[{"href":"https:\/\/novo2023.camtra.org.br\/index.php\/wp-json\/wp\/v2\/posts\/8434"}],"collection":[{"href":"https:\/\/novo2023.camtra.org.br\/index.php\/wp-json\/wp\/v2\/posts"}],"about":[{"href":"https:\/\/novo2023.camtra.org.br\/index.php\/wp-json\/wp\/v2\/types\/post"}],"author":[{"embeddable":true,"href":"https:\/\/novo2023.camtra.org.br\/index.php\/wp-json\/wp\/v2\/users\/3"}],"replies":[{"embeddable":true,"href":"https:\/\/novo2023.camtra.org.br\/index.php\/wp-json\/wp\/v2\/comments?post=8434"}],"version-history":[{"count":1,"href":"https:\/\/novo2023.camtra.org.br\/index.php\/wp-json\/wp\/v2\/posts\/8434\/revisions"}],"predecessor-version":[{"id":11187,"href":"https:\/\/novo2023.camtra.org.br\/index.php\/wp-json\/wp\/v2\/posts\/8434\/revisions\/11187"}],"wp:featuredmedia":[{"embeddable":true,"href":"https:\/\/novo2023.camtra.org.br\/index.php\/wp-json\/wp\/v2\/media\/8620"}],"wp:attachment":[{"href":"https:\/\/novo2023.camtra.org.br\/index.php\/wp-json\/wp\/v2\/media?parent=8434"}],"wp:term":[{"taxonomy":"category","embeddable":true,"href":"https:\/\/novo2023.camtra.org.br\/index.php\/wp-json\/wp\/v2\/categories?post=8434"},{"taxonomy":"post_tag","embeddable":true,"href":"https:\/\/novo2023.camtra.org.br\/index.php\/wp-json\/wp\/v2\/tags?post=8434"}],"curies":[{"name":"wp","href":"https:\/\/api.w.org\/{rel}","templated":true}]}}