{"id":8418,"date":"2022-05-24T16:00:31","date_gmt":"2022-05-24T19:00:31","guid":{"rendered":"https:\/\/camtra.org.br\/?p=8418"},"modified":"2022-05-24T16:00:31","modified_gmt":"2022-05-24T19:00:31","slug":"mexeu-com-uma-com-todas","status":"publish","type":"post","link":"https:\/\/novo2023.camtra.org.br\/index.php\/2022\/05\/24\/mexeu-com-uma-com-todas\/","title":{"rendered":"Mexeu com Uma com Todas!"},"content":{"rendered":"<div id=\"fb-root\"><\/div>\n<h2 style=\"text-align: center;\">Exigimos Justi\u00e7a por Tayane!<\/h2>\n<blockquote>\n<h3>&#8220;Quando eu olhei, n\u00e3o era mais eu, n\u00e3o sou eu com isso aqui. Para mim, ele me matou por dentro, acabou comigo com uma forma de me marcar e dizer que eu sou propriedade dele&#8221;\u00a0Tayane Caldas<\/h3>\n<\/blockquote>\n<p>A jovem de 18 anos teve o rosto tatuado \u00e0 for\u00e7a pelo ex-namorado que n\u00e3o aceitou o fim do relacionamento e manteve a jovem em c\u00e1rcere, onde ela foi torturada, com agress\u00f5es e ofensas durante o \u00faltimo fim de semana.<!--more--><\/p>\n<p>&nbsp;<\/p>\n<p>A sociedade em que vivemos desrespeita os direitos das mulheres e privilegia os homens, que por sua vez tratam as mulheres como objeto e como sua propriedade. O machismo marca e mata!<\/p>\n<p>&nbsp;<\/p>\n<p>Toda a nossa solidariedade a Tayane e a sua fam\u00edlia. Como disse a escritora Audre Lorde, \u201cn\u00e3o serei livre enquanto alguma mulher for prisioneira, mesmo que as correntes dela sejam diferentes das minhas\u201d.<\/p>\n<p>&nbsp;<\/p>\n<p>Mexeu com uma, mexeu com todas!<\/p>\n<p>&nbsp;<\/p>\n<p>#N\u00e3oSomosPropriedade<\/p>\n<p>&nbsp;<\/p>\n<p>N\u00e3o v\u00e3o nos calar! Por Mim, Por N\u00f3s e Pelas Outras!<\/p>\n<p>&nbsp;<\/p>\n<p>#ParaTodasVerem Card Fundo roxo no canto esquerdo a foto de Tayane e ao lado esquerdo a frase do depoimento bem como as frases \u201cMexeu com uma, mexeu com todas!\u201d e \u201cExigimos Justi\u00e7a por Tayane!\u201d<\/p>\n<p>&nbsp;<\/p>\n<p>Fonte: https:\/\/www.brasil247.com\/regionais\/sudeste\/me-matou-por-dentro-diz-jovem-tatuada-a-forca-com-nome-de-ex-namorado<\/p>\n","protected":false},"excerpt":{"rendered":"<p>Exigimos Justi\u00e7a por Tayane! &#8220;Quando eu olhei, n\u00e3o era mais eu, n\u00e3o sou eu com isso aqui. Para mim, ele me matou por dentro, acabou comigo com uma forma de [&hellip;]<\/p>\n","protected":false},"author":3,"featured_media":8419,"comment_status":"open","ping_status":"open","sticky":false,"template":"","format":"standard","meta":{"om_disable_all_campaigns":false,"_monsterinsights_skip_tracking":false,"_monsterinsights_sitenote_active":false,"_monsterinsights_sitenote_note":"","_monsterinsights_sitenote_category":0,"_uf_show_specific_survey":0,"_uf_disable_surveys":false,"ocean_post_layout":"","ocean_both_sidebars_style":"","ocean_both_sidebars_content_width":0,"ocean_both_sidebars_sidebars_width":0,"ocean_sidebar":"","ocean_second_sidebar":"","ocean_disable_margins":"enable","ocean_add_body_class":"","ocean_shortcode_before_top_bar":"","ocean_shortcode_after_top_bar":"","ocean_shortcode_before_header":"","ocean_shortcode_after_header":"","ocean_has_shortcode":"","ocean_shortcode_after_title":"","ocean_shortcode_before_footer_widgets":"","ocean_shortcode_after_footer_widgets":"","ocean_shortcode_before_footer_bottom":"","ocean_shortcode_after_footer_bottom":"","ocean_display_top_bar":"default","ocean_display_header":"default","ocean_header_style":"","ocean_center_header_left_menu":"","ocean_custom_header_template":"","ocean_custom_logo":0,"ocean_custom_retina_logo":0,"ocean_custom_logo_max_width":0,"ocean_custom_logo_tablet_max_width":0,"ocean_custom_logo_mobile_max_width":0,"ocean_custom_logo_max_height":0,"ocean_custom_logo_tablet_max_height":0,"ocean_custom_logo_mobile_max_height":0,"ocean_header_custom_menu":"","ocean_menu_typo_font_family":"","ocean_menu_typo_font_subset":"","ocean_menu_typo_font_size":0,"ocean_menu_typo_font_size_tablet":0,"ocean_menu_typo_font_size_mobile":0,"ocean_menu_typo_font_size_unit":"px","ocean_menu_typo_font_weight":"","ocean_menu_typo_font_weight_tablet":"","ocean_menu_typo_font_weight_mobile":"","ocean_menu_typo_transform":"","ocean_menu_typo_transform_tablet":"","ocean_menu_typo_transform_mobile":"","ocean_menu_typo_line_height":0,"ocean_menu_typo_line_height_tablet":0,"ocean_menu_typo_line_height_mobile":0,"ocean_menu_typo_line_height_unit":"","ocean_menu_typo_spacing":0,"ocean_menu_typo_spacing_tablet":0,"ocean_menu_typo_spacing_mobile":0,"ocean_menu_typo_spacing_unit":"","ocean_menu_link_color":"","ocean_menu_link_color_hover":"","ocean_menu_link_color_active":"","ocean_menu_link_background":"","ocean_menu_link_hover_background":"","ocean_menu_link_active_background":"","ocean_menu_social_links_bg":"","ocean_menu_social_hover_links_bg":"","ocean_menu_social_links_color":"","ocean_menu_social_hover_links_color":"","ocean_disable_title":"default","ocean_disable_heading":"default","ocean_post_title":"","ocean_post_subheading":"","ocean_post_title_style":"","ocean_post_title_background_color":"","ocean_post_title_background":0,"ocean_post_title_bg_image_position":"","ocean_post_title_bg_image_attachment":"","ocean_post_title_bg_image_repeat":"","ocean_post_title_bg_image_size":"","ocean_post_title_height":0,"ocean_post_title_bg_overlay":0.5,"ocean_post_title_bg_overlay_color":"","ocean_disable_breadcrumbs":"default","ocean_breadcrumbs_color":"","ocean_breadcrumbs_separator_color":"","ocean_breadcrumbs_links_color":"","ocean_breadcrumbs_links_hover_color":"","ocean_display_footer_widgets":"default","ocean_display_footer_bottom":"default","ocean_custom_footer_template":"","ocean_post_oembed":"","ocean_post_self_hosted_media":"","ocean_post_video_embed":"","ocean_link_format":"","ocean_link_format_target":"self","ocean_quote_format":"","ocean_quote_format_link":"post","ocean_gallery_link_images":"on","ocean_gallery_id":[],"footnotes":""},"categories":[27,30],"tags":[337,338,339,340],"class_list":["post-8418","post","type-post","status-publish","format-standard","has-post-thumbnail","hentry","category-noticias","category-violencia","tag-jovem-teve-rosto-tatuado-a-forca","tag-tayane-caldas","tag-tortura","tag-violencia-psicologica","entry","has-media"],"aioseo_notices":[],"yoast_head":"<!-- This site is optimized with the Yoast SEO plugin v23.0 - https:\/\/yoast.com\/wordpress\/plugins\/seo\/ -->\n<title>Mexeu com Uma com Todas! - CAMTRA NOVO<\/title>\n<meta name=\"robots\" content=\"index, follow, max-snippet:-1, max-image-preview:large, max-video-preview:-1\" \/>\n<link rel=\"canonical\" href=\"https:\/\/novo2023.camtra.org.br\/index.php\/2022\/05\/24\/mexeu-com-uma-com-todas\/\" \/>\n<meta property=\"og:locale\" content=\"pt_BR\" \/>\n<meta property=\"og:type\" content=\"article\" \/>\n<meta property=\"og:title\" content=\"Mexeu com Uma com Todas! - CAMTRA NOVO\" \/>\n<meta property=\"og:description\" content=\"Exigimos Justi\u00e7a por Tayane! &#8220;Quando eu olhei, n\u00e3o era mais eu, n\u00e3o sou eu com isso aqui. Para mim, ele me matou por dentro, acabou comigo com uma forma de [&hellip;]\" \/>\n<meta property=\"og:url\" content=\"https:\/\/novo2023.camtra.org.br\/index.php\/2022\/05\/24\/mexeu-com-uma-com-todas\/\" \/>\n<meta property=\"og:site_name\" content=\"CAMTRA NOVO\" \/>\n<meta property=\"article:published_time\" content=\"2022-05-24T19:00:31+00:00\" \/>\n<meta name=\"author\" content=\"Casa da Mulher Trabalhadora\" \/>\n<meta name=\"twitter:card\" content=\"summary_large_image\" \/>\n<meta name=\"twitter:label1\" content=\"Escrito por\" \/>\n\t<meta name=\"twitter:data1\" content=\"Casa da Mulher Trabalhadora\" \/>\n\t<meta name=\"twitter:label2\" content=\"Est. tempo de leitura\" \/>\n\t<meta name=\"twitter:data2\" content=\"1 minuto\" \/>\n<script type=\"application\/ld+json\" class=\"yoast-schema-graph\">{\"@context\":\"https:\/\/schema.org\",\"@graph\":[{\"@type\":\"Article\",\"@id\":\"https:\/\/novo2023.camtra.org.br\/index.php\/2022\/05\/24\/mexeu-com-uma-com-todas\/#article\",\"isPartOf\":{\"@id\":\"https:\/\/novo2023.camtra.org.br\/index.php\/2022\/05\/24\/mexeu-com-uma-com-todas\/\"},\"author\":{\"name\":\"Casa da Mulher Trabalhadora\",\"@id\":\"https:\/\/novo2023.camtra.org.br\/#\/schema\/person\/f163af9cb65589aab5865b0437873a74\"},\"headline\":\"Mexeu com Uma com Todas!\",\"datePublished\":\"2022-05-24T19:00:31+00:00\",\"dateModified\":\"2022-05-24T19:00:31+00:00\",\"mainEntityOfPage\":{\"@id\":\"https:\/\/novo2023.camtra.org.br\/index.php\/2022\/05\/24\/mexeu-com-uma-com-todas\/\"},\"wordCount\":230,\"commentCount\":0,\"publisher\":{\"@id\":\"https:\/\/novo2023.camtra.org.br\/#organization\"},\"image\":{\"@id\":\"https:\/\/novo2023.camtra.org.br\/index.php\/2022\/05\/24\/mexeu-com-uma-com-todas\/#primaryimage\"},\"thumbnailUrl\":\"\",\"keywords\":[\"jovem teve rosto tatuado \u00e0 forca\",\"Tayane Caldas\",\"tortura\",\"viol\u00eancia psicol\u00f3gica\"],\"articleSection\":[\"Not\u00edcias\",\"Viol\u00eancia\"],\"inLanguage\":\"pt-BR\",\"potentialAction\":[{\"@type\":\"CommentAction\",\"name\":\"Comment\",\"target\":[\"https:\/\/novo2023.camtra.org.br\/index.php\/2022\/05\/24\/mexeu-com-uma-com-todas\/#respond\"]}]},{\"@type\":\"WebPage\",\"@id\":\"https:\/\/novo2023.camtra.org.br\/index.php\/2022\/05\/24\/mexeu-com-uma-com-todas\/\",\"url\":\"https:\/\/novo2023.camtra.org.br\/index.php\/2022\/05\/24\/mexeu-com-uma-com-todas\/\",\"name\":\"Mexeu com Uma com Todas! - CAMTRA NOVO\",\"isPartOf\":{\"@id\":\"https:\/\/novo2023.camtra.org.br\/#website\"},\"primaryImageOfPage\":{\"@id\":\"https:\/\/novo2023.camtra.org.br\/index.php\/2022\/05\/24\/mexeu-com-uma-com-todas\/#primaryimage\"},\"image\":{\"@id\":\"https:\/\/novo2023.camtra.org.br\/index.php\/2022\/05\/24\/mexeu-com-uma-com-todas\/#primaryimage\"},\"thumbnailUrl\":\"\",\"datePublished\":\"2022-05-24T19:00:31+00:00\",\"dateModified\":\"2022-05-24T19:00:31+00:00\",\"breadcrumb\":{\"@id\":\"https:\/\/novo2023.camtra.org.br\/index.php\/2022\/05\/24\/mexeu-com-uma-com-todas\/#breadcrumb\"},\"inLanguage\":\"pt-BR\",\"potentialAction\":[{\"@type\":\"ReadAction\",\"target\":[\"https:\/\/novo2023.camtra.org.br\/index.php\/2022\/05\/24\/mexeu-com-uma-com-todas\/\"]}]},{\"@type\":\"ImageObject\",\"inLanguage\":\"pt-BR\",\"@id\":\"https:\/\/novo2023.camtra.org.br\/index.php\/2022\/05\/24\/mexeu-com-uma-com-todas\/#primaryimage\",\"url\":\"\",\"contentUrl\":\"\"},{\"@type\":\"BreadcrumbList\",\"@id\":\"https:\/\/novo2023.camtra.org.br\/index.php\/2022\/05\/24\/mexeu-com-uma-com-todas\/#breadcrumb\",\"itemListElement\":[{\"@type\":\"ListItem\",\"position\":1,\"name\":\"Home\",\"item\":\"https:\/\/novo2023.camtra.org.br\/\"},{\"@type\":\"ListItem\",\"position\":2,\"name\":\"Mexeu com Uma com Todas!\"}]},{\"@type\":\"WebSite\",\"@id\":\"https:\/\/novo2023.camtra.org.br\/#website\",\"url\":\"https:\/\/novo2023.camtra.org.br\/\",\"name\":\"CAMTRA NOVO\",\"description\":\"\",\"publisher\":{\"@id\":\"https:\/\/novo2023.camtra.org.br\/#organization\"},\"potentialAction\":[{\"@type\":\"SearchAction\",\"target\":{\"@type\":\"EntryPoint\",\"urlTemplate\":\"https:\/\/novo2023.camtra.org.br\/?s={search_term_string}\"},\"query-input\":\"required name=search_term_string\"}],\"inLanguage\":\"pt-BR\"},{\"@type\":\"Organization\",\"@id\":\"https:\/\/novo2023.camtra.org.br\/#organization\",\"name\":\"CAMTRA NOVO\",\"url\":\"https:\/\/novo2023.camtra.org.br\/\",\"logo\":{\"@type\":\"ImageObject\",\"inLanguage\":\"pt-BR\",\"@id\":\"https:\/\/novo2023.camtra.org.br\/#\/schema\/logo\/image\/\",\"url\":\"https:\/\/novo2023.camtra.org.br\/wp-content\/uploads\/2024\/01\/CAMTRA-comflor-roxa-logo_logo-camtra-principal-flor.png\",\"contentUrl\":\"https:\/\/novo2023.camtra.org.br\/wp-content\/uploads\/2024\/01\/CAMTRA-comflor-roxa-logo_logo-camtra-principal-flor.png\",\"width\":1172,\"height\":330,\"caption\":\"CAMTRA NOVO\"},\"image\":{\"@id\":\"https:\/\/novo2023.camtra.org.br\/#\/schema\/logo\/image\/\"}},{\"@type\":\"Person\",\"@id\":\"https:\/\/novo2023.camtra.org.br\/#\/schema\/person\/f163af9cb65589aab5865b0437873a74\",\"name\":\"Casa da Mulher Trabalhadora\",\"image\":{\"@type\":\"ImageObject\",\"inLanguage\":\"pt-BR\",\"@id\":\"https:\/\/novo2023.camtra.org.br\/#\/schema\/person\/image\/\",\"url\":\"https:\/\/novo2023.camtra.org.br\/wp-content\/litespeed\/avatar\/4c87233a8b80506f010db0cccf69e8b5.jpg?ver=1777270965\",\"contentUrl\":\"https:\/\/novo2023.camtra.org.br\/wp-content\/litespeed\/avatar\/4c87233a8b80506f010db0cccf69e8b5.jpg?ver=1777270965\",\"caption\":\"Casa da Mulher Trabalhadora\"},\"url\":\"https:\/\/novo2023.camtra.org.br\/index.php\/author\/camtra\/\"}]}<\/script>\n<!-- \/ Yoast SEO plugin. -->","yoast_head_json":{"title":"Mexeu com Uma com Todas! - CAMTRA NOVO","robots":{"index":"index","follow":"follow","max-snippet":"max-snippet:-1","max-image-preview":"max-image-preview:large","max-video-preview":"max-video-preview:-1"},"canonical":"https:\/\/novo2023.camtra.org.br\/index.php\/2022\/05\/24\/mexeu-com-uma-com-todas\/","og_locale":"pt_BR","og_type":"article","og_title":"Mexeu com Uma com Todas! - CAMTRA NOVO","og_description":"Exigimos Justi\u00e7a por Tayane! &#8220;Quando eu olhei, n\u00e3o era mais eu, n\u00e3o sou eu com isso aqui. Para mim, ele me matou por dentro, acabou comigo com uma forma de [&hellip;]","og_url":"https:\/\/novo2023.camtra.org.br\/index.php\/2022\/05\/24\/mexeu-com-uma-com-todas\/","og_site_name":"CAMTRA NOVO","article_published_time":"2022-05-24T19:00:31+00:00","author":"Casa da Mulher Trabalhadora","twitter_card":"summary_large_image","twitter_misc":{"Escrito por":"Casa da Mulher Trabalhadora","Est. tempo de leitura":"1 minuto"},"schema":{"@context":"https:\/\/schema.org","@graph":[{"@type":"Article","@id":"https:\/\/novo2023.camtra.org.br\/index.php\/2022\/05\/24\/mexeu-com-uma-com-todas\/#article","isPartOf":{"@id":"https:\/\/novo2023.camtra.org.br\/index.php\/2022\/05\/24\/mexeu-com-uma-com-todas\/"},"author":{"name":"Casa da Mulher Trabalhadora","@id":"https:\/\/novo2023.camtra.org.br\/#\/schema\/person\/f163af9cb65589aab5865b0437873a74"},"headline":"Mexeu com Uma com Todas!","datePublished":"2022-05-24T19:00:31+00:00","dateModified":"2022-05-24T19:00:31+00:00","mainEntityOfPage":{"@id":"https:\/\/novo2023.camtra.org.br\/index.php\/2022\/05\/24\/mexeu-com-uma-com-todas\/"},"wordCount":230,"commentCount":0,"publisher":{"@id":"https:\/\/novo2023.camtra.org.br\/#organization"},"image":{"@id":"https:\/\/novo2023.camtra.org.br\/index.php\/2022\/05\/24\/mexeu-com-uma-com-todas\/#primaryimage"},"thumbnailUrl":"","keywords":["jovem teve rosto tatuado \u00e0 forca","Tayane Caldas","tortura","viol\u00eancia psicol\u00f3gica"],"articleSection":["Not\u00edcias","Viol\u00eancia"],"inLanguage":"pt-BR","potentialAction":[{"@type":"CommentAction","name":"Comment","target":["https:\/\/novo2023.camtra.org.br\/index.php\/2022\/05\/24\/mexeu-com-uma-com-todas\/#respond"]}]},{"@type":"WebPage","@id":"https:\/\/novo2023.camtra.org.br\/index.php\/2022\/05\/24\/mexeu-com-uma-com-todas\/","url":"https:\/\/novo2023.camtra.org.br\/index.php\/2022\/05\/24\/mexeu-com-uma-com-todas\/","name":"Mexeu com Uma com Todas! - CAMTRA NOVO","isPartOf":{"@id":"https:\/\/novo2023.camtra.org.br\/#website"},"primaryImageOfPage":{"@id":"https:\/\/novo2023.camtra.org.br\/index.php\/2022\/05\/24\/mexeu-com-uma-com-todas\/#primaryimage"},"image":{"@id":"https:\/\/novo2023.camtra.org.br\/index.php\/2022\/05\/24\/mexeu-com-uma-com-todas\/#primaryimage"},"thumbnailUrl":"","datePublished":"2022-05-24T19:00:31+00:00","dateModified":"2022-05-24T19:00:31+00:00","breadcrumb":{"@id":"https:\/\/novo2023.camtra.org.br\/index.php\/2022\/05\/24\/mexeu-com-uma-com-todas\/#breadcrumb"},"inLanguage":"pt-BR","potentialAction":[{"@type":"ReadAction","target":["https:\/\/novo2023.camtra.org.br\/index.php\/2022\/05\/24\/mexeu-com-uma-com-todas\/"]}]},{"@type":"ImageObject","inLanguage":"pt-BR","@id":"https:\/\/novo2023.camtra.org.br\/index.php\/2022\/05\/24\/mexeu-com-uma-com-todas\/#primaryimage","url":"","contentUrl":""},{"@type":"BreadcrumbList","@id":"https:\/\/novo2023.camtra.org.br\/index.php\/2022\/05\/24\/mexeu-com-uma-com-todas\/#breadcrumb","itemListElement":[{"@type":"ListItem","position":1,"name":"Home","item":"https:\/\/novo2023.camtra.org.br\/"},{"@type":"ListItem","position":2,"name":"Mexeu com Uma com Todas!"}]},{"@type":"WebSite","@id":"https:\/\/novo2023.camtra.org.br\/#website","url":"https:\/\/novo2023.camtra.org.br\/","name":"CAMTRA NOVO","description":"","publisher":{"@id":"https:\/\/novo2023.camtra.org.br\/#organization"},"potentialAction":[{"@type":"SearchAction","target":{"@type":"EntryPoint","urlTemplate":"https:\/\/novo2023.camtra.org.br\/?s={search_term_string}"},"query-input":"required name=search_term_string"}],"inLanguage":"pt-BR"},{"@type":"Organization","@id":"https:\/\/novo2023.camtra.org.br\/#organization","name":"CAMTRA NOVO","url":"https:\/\/novo2023.camtra.org.br\/","logo":{"@type":"ImageObject","inLanguage":"pt-BR","@id":"https:\/\/novo2023.camtra.org.br\/#\/schema\/logo\/image\/","url":"https:\/\/novo2023.camtra.org.br\/wp-content\/uploads\/2024\/01\/CAMTRA-comflor-roxa-logo_logo-camtra-principal-flor.png","contentUrl":"https:\/\/novo2023.camtra.org.br\/wp-content\/uploads\/2024\/01\/CAMTRA-comflor-roxa-logo_logo-camtra-principal-flor.png","width":1172,"height":330,"caption":"CAMTRA NOVO"},"image":{"@id":"https:\/\/novo2023.camtra.org.br\/#\/schema\/logo\/image\/"}},{"@type":"Person","@id":"https:\/\/novo2023.camtra.org.br\/#\/schema\/person\/f163af9cb65589aab5865b0437873a74","name":"Casa da Mulher Trabalhadora","image":{"@type":"ImageObject","inLanguage":"pt-BR","@id":"https:\/\/novo2023.camtra.org.br\/#\/schema\/person\/image\/","url":"https:\/\/novo2023.camtra.org.br\/wp-content\/litespeed\/avatar\/4c87233a8b80506f010db0cccf69e8b5.jpg?ver=1777270965","contentUrl":"https:\/\/novo2023.camtra.org.br\/wp-content\/litespeed\/avatar\/4c87233a8b80506f010db0cccf69e8b5.jpg?ver=1777270965","caption":"Casa da Mulher Trabalhadora"},"url":"https:\/\/novo2023.camtra.org.br\/index.php\/author\/camtra\/"}]}},"_links":{"self":[{"href":"https:\/\/novo2023.camtra.org.br\/index.php\/wp-json\/wp\/v2\/posts\/8418"}],"collection":[{"href":"https:\/\/novo2023.camtra.org.br\/index.php\/wp-json\/wp\/v2\/posts"}],"about":[{"href":"https:\/\/novo2023.camtra.org.br\/index.php\/wp-json\/wp\/v2\/types\/post"}],"author":[{"embeddable":true,"href":"https:\/\/novo2023.camtra.org.br\/index.php\/wp-json\/wp\/v2\/users\/3"}],"replies":[{"embeddable":true,"href":"https:\/\/novo2023.camtra.org.br\/index.php\/wp-json\/wp\/v2\/comments?post=8418"}],"version-history":[{"count":0,"href":"https:\/\/novo2023.camtra.org.br\/index.php\/wp-json\/wp\/v2\/posts\/8418\/revisions"}],"wp:featuredmedia":[{"embeddable":true,"href":"https:\/\/novo2023.camtra.org.br\/index.php\/wp-json\/"}],"wp:attachment":[{"href":"https:\/\/novo2023.camtra.org.br\/index.php\/wp-json\/wp\/v2\/media?parent=8418"}],"wp:term":[{"taxonomy":"category","embeddable":true,"href":"https:\/\/novo2023.camtra.org.br\/index.php\/wp-json\/wp\/v2\/categories?post=8418"},{"taxonomy":"post_tag","embeddable":true,"href":"https:\/\/novo2023.camtra.org.br\/index.php\/wp-json\/wp\/v2\/tags?post=8418"}],"curies":[{"name":"wp","href":"https:\/\/api.w.org\/{rel}","templated":true}]}}