{"id":8348,"date":"2022-04-01T12:30:10","date_gmt":"2022-04-01T15:30:10","guid":{"rendered":"https:\/\/camtra.org.br\/?p=8348"},"modified":"2022-04-01T12:30:10","modified_gmt":"2022-04-01T15:30:10","slug":"crimes-do-patriarcado-16-a-31-de-marco-22","status":"publish","type":"post","link":"https:\/\/novo2023.camtra.org.br\/index.php\/2022\/04\/01\/crimes-do-patriarcado-16-a-31-de-marco-22\/","title":{"rendered":"Crimes do Patriarcado &#8211; 16 a 31 de mar\u00e7o\/22"},"content":{"rendered":"<div id=\"fb-root\"><\/div>\n<h1 style=\"text-align: center;\">Crimes do Patriarcado &#8211; Feminic\u00eddios de 16 a 31 de mar\u00e7o\/22<\/h1>\n<p>&nbsp;<\/p>\n<p>A CAMTRA realizou um levantamento atrav\u00e9s da internet, jornais locais e denunciamos o feminic\u00eddio de 28 mulheres ao longo da segunda quinzena de mar\u00e7o de 2022.<\/p>\n<p><!--more--><\/p>\n<p><img fetchpriority=\"high\" decoding=\"async\" class=\"alignnone size-large wp-image-8349\" src=\"https:\/\/camtra.org.br\/wp-content\/uploads\/2022\/06\/Screenshot_20220609-122841_Instagram-1014x1024.jpg\" alt=\"\" width=\"888\" height=\"897\" \/>De acordo com a Lei 13.104\/15 o feminicidio \u00e9 definido como o assassinato de uma mulher por raz\u00f5es da condi\u00e7\u00e3o de sexo feminino, sendo que s\u00e3o consideradas raz\u00f5es de condi\u00e7\u00e3o de sexo feminino quando o crime envolve viol\u00eancia dom\u00e9stica e familiar; menosprezo ou discrimina\u00e7\u00e3o \u00e0 condi\u00e7\u00e3o de mulher.<\/p>\n<p><img decoding=\"async\" class=\"alignnone size-large wp-image-8350\" src=\"https:\/\/camtra.org.br\/wp-content\/uploads\/2022\/06\/Screenshot_20220609-122914_Instagram-1014x1024.jpg\" alt=\"\" width=\"888\" height=\"897\" \/>O feminic\u00eddio \u00e9 um crime de \u00f3dio, n\u00e3o \u00e9 um crime passional. Os crimes do patriarcado s\u00e3o resultado das discrimina\u00e7\u00f5es, opress\u00f5es e viol\u00eancias contra as Mulheres.<\/p>\n<p><img decoding=\"async\" class=\"alignnone size-large wp-image-8352\" src=\"https:\/\/camtra.org.br\/wp-content\/uploads\/2022\/06\/Screenshot_20220609-122936_Instagram-1014x1024.jpg\" alt=\"\" width=\"888\" height=\"897\" \/>Mulheres s\u00e3o mortas por n\u00e3o aceitarem regras ou expectativas de seus companheiros ou da sociedade, por serem invis\u00edveis ao Estado que n\u00e3o garante sua seguran\u00e7a e, que na maioria dos casos, n\u00e3o foi capaz de ouvi-las para que pudesse prevenir tais mortes.<\/p>\n<p>&nbsp;<\/p>\n<p>N\u00e3o v\u00e3o nos calar!<\/p>\n<p>&nbsp;<\/p>\n<p>#CrimesdoPatriarcado #VacinaParaTodasAsCriancas #RendaBasica #NosQueremosVivas #PorMimPorNosPelasOutras<\/p>\n<p>#EuDefendooSUS<\/p>\n<p>&nbsp;<\/p>\n<p>#ParaTodosVerem: Carrossel de 3 cards com fundo roxo e letras brancas. Card 1: Fundo Roxo com letras brancas e amarelas, espelho de venha com punho em formato de rosa, abaixo logo da Camtra em magenta com frase \u201cCrimes do patriarcado\u201d e o per\u00edodo \u201c17 a 31 de dezembro de 2022\u201d. Card 2 e 3: Fundo de juta roxo com as fotos das mulheres vitimadas, cada uma com nome idade e estado em letras brancas. #fimdadescri\u00e7\u00e3o<\/p>\n","protected":false},"excerpt":{"rendered":"<p>Crimes do Patriarcado &#8211; Feminic\u00eddios de 16 a 31 de mar\u00e7o\/22 &nbsp; A CAMTRA realizou um levantamento atrav\u00e9s da internet, jornais locais e denunciamos o feminic\u00eddio de 28 mulheres ao [&hellip;]<\/p>\n","protected":false},"author":3,"featured_media":0,"comment_status":"open","ping_status":"open","sticky":false,"template":"","format":"standard","meta":{"om_disable_all_campaigns":false,"_monsterinsights_skip_tracking":false,"_monsterinsights_sitenote_active":false,"_monsterinsights_sitenote_note":"","_monsterinsights_sitenote_category":0,"_uf_show_specific_survey":0,"_uf_disable_surveys":false,"ocean_post_layout":"","ocean_both_sidebars_style":"","ocean_both_sidebars_content_width":0,"ocean_both_sidebars_sidebars_width":0,"ocean_sidebar":"","ocean_second_sidebar":"","ocean_disable_margins":"enable","ocean_add_body_class":"","ocean_shortcode_before_top_bar":"","ocean_shortcode_after_top_bar":"","ocean_shortcode_before_header":"","ocean_shortcode_after_header":"","ocean_has_shortcode":"","ocean_shortcode_after_title":"","ocean_shortcode_before_footer_widgets":"","ocean_shortcode_after_footer_widgets":"","ocean_shortcode_before_footer_bottom":"","ocean_shortcode_after_footer_bottom":"","ocean_display_top_bar":"default","ocean_display_header":"default","ocean_header_style":"","ocean_center_header_left_menu":"","ocean_custom_header_template":"","ocean_custom_logo":0,"ocean_custom_retina_logo":0,"ocean_custom_logo_max_width":0,"ocean_custom_logo_tablet_max_width":0,"ocean_custom_logo_mobile_max_width":0,"ocean_custom_logo_max_height":0,"ocean_custom_logo_tablet_max_height":0,"ocean_custom_logo_mobile_max_height":0,"ocean_header_custom_menu":"","ocean_menu_typo_font_family":"","ocean_menu_typo_font_subset":"","ocean_menu_typo_font_size":0,"ocean_menu_typo_font_size_tablet":0,"ocean_menu_typo_font_size_mobile":0,"ocean_menu_typo_font_size_unit":"px","ocean_menu_typo_font_weight":"","ocean_menu_typo_font_weight_tablet":"","ocean_menu_typo_font_weight_mobile":"","ocean_menu_typo_transform":"","ocean_menu_typo_transform_tablet":"","ocean_menu_typo_transform_mobile":"","ocean_menu_typo_line_height":0,"ocean_menu_typo_line_height_tablet":0,"ocean_menu_typo_line_height_mobile":0,"ocean_menu_typo_line_height_unit":"","ocean_menu_typo_spacing":0,"ocean_menu_typo_spacing_tablet":0,"ocean_menu_typo_spacing_mobile":0,"ocean_menu_typo_spacing_unit":"","ocean_menu_link_color":"","ocean_menu_link_color_hover":"","ocean_menu_link_color_active":"","ocean_menu_link_background":"","ocean_menu_link_hover_background":"","ocean_menu_link_active_background":"","ocean_menu_social_links_bg":"","ocean_menu_social_hover_links_bg":"","ocean_menu_social_links_color":"","ocean_menu_social_hover_links_color":"","ocean_disable_title":"default","ocean_disable_heading":"default","ocean_post_title":"","ocean_post_subheading":"","ocean_post_title_style":"","ocean_post_title_background_color":"","ocean_post_title_background":0,"ocean_post_title_bg_image_position":"","ocean_post_title_bg_image_attachment":"","ocean_post_title_bg_image_repeat":"","ocean_post_title_bg_image_size":"","ocean_post_title_height":0,"ocean_post_title_bg_overlay":0.5,"ocean_post_title_bg_overlay_color":"","ocean_disable_breadcrumbs":"default","ocean_breadcrumbs_color":"","ocean_breadcrumbs_separator_color":"","ocean_breadcrumbs_links_color":"","ocean_breadcrumbs_links_hover_color":"","ocean_display_footer_widgets":"default","ocean_display_footer_bottom":"default","ocean_custom_footer_template":"","ocean_post_oembed":"","ocean_post_self_hosted_media":"","ocean_post_video_embed":"","ocean_link_format":"","ocean_link_format_target":"self","ocean_quote_format":"","ocean_quote_format_link":"post","ocean_gallery_link_images":"on","ocean_gallery_id":[],"footnotes":""},"categories":[27,30],"tags":[82,331],"class_list":["post-8348","post","type-post","status-publish","format-standard","hentry","category-noticias","category-violencia","tag-feminicidio","tag-feminicidio-abril","entry"],"aioseo_notices":[],"yoast_head":"<!-- This site is optimized with the Yoast SEO plugin v23.0 - https:\/\/yoast.com\/wordpress\/plugins\/seo\/ -->\n<title>Crimes do Patriarcado - 16 a 31 de mar\u00e7o\/22 - CAMTRA NOVO<\/title>\n<meta name=\"robots\" content=\"index, follow, max-snippet:-1, max-image-preview:large, max-video-preview:-1\" \/>\n<link rel=\"canonical\" href=\"https:\/\/novo2023.camtra.org.br\/index.php\/2022\/04\/01\/crimes-do-patriarcado-16-a-31-de-marco-22\/\" \/>\n<meta property=\"og:locale\" content=\"pt_BR\" \/>\n<meta property=\"og:type\" content=\"article\" \/>\n<meta property=\"og:title\" content=\"Crimes do Patriarcado - 16 a 31 de mar\u00e7o\/22 - CAMTRA NOVO\" \/>\n<meta property=\"og:description\" content=\"Crimes do Patriarcado &#8211; Feminic\u00eddios de 16 a 31 de mar\u00e7o\/22 &nbsp; A CAMTRA realizou um levantamento atrav\u00e9s da internet, jornais locais e denunciamos o feminic\u00eddio de 28 mulheres ao [&hellip;]\" \/>\n<meta property=\"og:url\" content=\"https:\/\/novo2023.camtra.org.br\/index.php\/2022\/04\/01\/crimes-do-patriarcado-16-a-31-de-marco-22\/\" \/>\n<meta property=\"og:site_name\" content=\"CAMTRA NOVO\" \/>\n<meta property=\"article:published_time\" content=\"2022-04-01T15:30:10+00:00\" \/>\n<meta property=\"og:image\" content=\"https:\/\/camtra.org.br\/wp-content\/uploads\/2022\/06\/Screenshot_20220609-122841_Instagram-1014x1024.jpg\" \/>\n<meta name=\"author\" content=\"Casa da Mulher Trabalhadora\" \/>\n<meta name=\"twitter:card\" content=\"summary_large_image\" \/>\n<meta name=\"twitter:label1\" content=\"Escrito por\" \/>\n\t<meta name=\"twitter:data1\" content=\"Casa da Mulher Trabalhadora\" \/>\n\t<meta name=\"twitter:label2\" content=\"Est. tempo de leitura\" \/>\n\t<meta name=\"twitter:data2\" content=\"1 minuto\" \/>\n<script type=\"application\/ld+json\" class=\"yoast-schema-graph\">{\"@context\":\"https:\/\/schema.org\",\"@graph\":[{\"@type\":\"Article\",\"@id\":\"https:\/\/novo2023.camtra.org.br\/index.php\/2022\/04\/01\/crimes-do-patriarcado-16-a-31-de-marco-22\/#article\",\"isPartOf\":{\"@id\":\"https:\/\/novo2023.camtra.org.br\/index.php\/2022\/04\/01\/crimes-do-patriarcado-16-a-31-de-marco-22\/\"},\"author\":{\"name\":\"Casa da Mulher Trabalhadora\",\"@id\":\"https:\/\/novo2023.camtra.org.br\/#\/schema\/person\/f163af9cb65589aab5865b0437873a74\"},\"headline\":\"Crimes do Patriarcado &#8211; 16 a 31 de mar\u00e7o\/22\",\"datePublished\":\"2022-04-01T15:30:10+00:00\",\"dateModified\":\"2022-04-01T15:30:10+00:00\",\"mainEntityOfPage\":{\"@id\":\"https:\/\/novo2023.camtra.org.br\/index.php\/2022\/04\/01\/crimes-do-patriarcado-16-a-31-de-marco-22\/\"},\"wordCount\":264,\"commentCount\":0,\"publisher\":{\"@id\":\"https:\/\/novo2023.camtra.org.br\/#organization\"},\"image\":{\"@id\":\"https:\/\/novo2023.camtra.org.br\/index.php\/2022\/04\/01\/crimes-do-patriarcado-16-a-31-de-marco-22\/#primaryimage\"},\"thumbnailUrl\":\"https:\/\/camtra.org.br\/wp-content\/uploads\/2022\/06\/Screenshot_20220609-122841_Instagram-1014x1024.jpg\",\"keywords\":[\"feminicidio\",\"feminic\u00eddio abril\"],\"articleSection\":[\"Not\u00edcias\",\"Viol\u00eancia\"],\"inLanguage\":\"pt-BR\",\"potentialAction\":[{\"@type\":\"CommentAction\",\"name\":\"Comment\",\"target\":[\"https:\/\/novo2023.camtra.org.br\/index.php\/2022\/04\/01\/crimes-do-patriarcado-16-a-31-de-marco-22\/#respond\"]}]},{\"@type\":\"WebPage\",\"@id\":\"https:\/\/novo2023.camtra.org.br\/index.php\/2022\/04\/01\/crimes-do-patriarcado-16-a-31-de-marco-22\/\",\"url\":\"https:\/\/novo2023.camtra.org.br\/index.php\/2022\/04\/01\/crimes-do-patriarcado-16-a-31-de-marco-22\/\",\"name\":\"Crimes do Patriarcado - 16 a 31 de mar\u00e7o\/22 - CAMTRA NOVO\",\"isPartOf\":{\"@id\":\"https:\/\/novo2023.camtra.org.br\/#website\"},\"primaryImageOfPage\":{\"@id\":\"https:\/\/novo2023.camtra.org.br\/index.php\/2022\/04\/01\/crimes-do-patriarcado-16-a-31-de-marco-22\/#primaryimage\"},\"image\":{\"@id\":\"https:\/\/novo2023.camtra.org.br\/index.php\/2022\/04\/01\/crimes-do-patriarcado-16-a-31-de-marco-22\/#primaryimage\"},\"thumbnailUrl\":\"https:\/\/camtra.org.br\/wp-content\/uploads\/2022\/06\/Screenshot_20220609-122841_Instagram-1014x1024.jpg\",\"datePublished\":\"2022-04-01T15:30:10+00:00\",\"dateModified\":\"2022-04-01T15:30:10+00:00\",\"breadcrumb\":{\"@id\":\"https:\/\/novo2023.camtra.org.br\/index.php\/2022\/04\/01\/crimes-do-patriarcado-16-a-31-de-marco-22\/#breadcrumb\"},\"inLanguage\":\"pt-BR\",\"potentialAction\":[{\"@type\":\"ReadAction\",\"target\":[\"https:\/\/novo2023.camtra.org.br\/index.php\/2022\/04\/01\/crimes-do-patriarcado-16-a-31-de-marco-22\/\"]}]},{\"@type\":\"ImageObject\",\"inLanguage\":\"pt-BR\",\"@id\":\"https:\/\/novo2023.camtra.org.br\/index.php\/2022\/04\/01\/crimes-do-patriarcado-16-a-31-de-marco-22\/#primaryimage\",\"url\":\"https:\/\/camtra.org.br\/wp-content\/uploads\/2022\/06\/Screenshot_20220609-122841_Instagram-1014x1024.jpg\",\"contentUrl\":\"https:\/\/camtra.org.br\/wp-content\/uploads\/2022\/06\/Screenshot_20220609-122841_Instagram-1014x1024.jpg\"},{\"@type\":\"BreadcrumbList\",\"@id\":\"https:\/\/novo2023.camtra.org.br\/index.php\/2022\/04\/01\/crimes-do-patriarcado-16-a-31-de-marco-22\/#breadcrumb\",\"itemListElement\":[{\"@type\":\"ListItem\",\"position\":1,\"name\":\"Home\",\"item\":\"https:\/\/novo2023.camtra.org.br\/\"},{\"@type\":\"ListItem\",\"position\":2,\"name\":\"Crimes do Patriarcado &#8211; 16 a 31 de mar\u00e7o\/22\"}]},{\"@type\":\"WebSite\",\"@id\":\"https:\/\/novo2023.camtra.org.br\/#website\",\"url\":\"https:\/\/novo2023.camtra.org.br\/\",\"name\":\"CAMTRA NOVO\",\"description\":\"\",\"publisher\":{\"@id\":\"https:\/\/novo2023.camtra.org.br\/#organization\"},\"potentialAction\":[{\"@type\":\"SearchAction\",\"target\":{\"@type\":\"EntryPoint\",\"urlTemplate\":\"https:\/\/novo2023.camtra.org.br\/?s={search_term_string}\"},\"query-input\":\"required name=search_term_string\"}],\"inLanguage\":\"pt-BR\"},{\"@type\":\"Organization\",\"@id\":\"https:\/\/novo2023.camtra.org.br\/#organization\",\"name\":\"CAMTRA NOVO\",\"url\":\"https:\/\/novo2023.camtra.org.br\/\",\"logo\":{\"@type\":\"ImageObject\",\"inLanguage\":\"pt-BR\",\"@id\":\"https:\/\/novo2023.camtra.org.br\/#\/schema\/logo\/image\/\",\"url\":\"https:\/\/novo2023.camtra.org.br\/wp-content\/uploads\/2024\/01\/CAMTRA-comflor-roxa-logo_logo-camtra-principal-flor.png\",\"contentUrl\":\"https:\/\/novo2023.camtra.org.br\/wp-content\/uploads\/2024\/01\/CAMTRA-comflor-roxa-logo_logo-camtra-principal-flor.png\",\"width\":1172,\"height\":330,\"caption\":\"CAMTRA NOVO\"},\"image\":{\"@id\":\"https:\/\/novo2023.camtra.org.br\/#\/schema\/logo\/image\/\"}},{\"@type\":\"Person\",\"@id\":\"https:\/\/novo2023.camtra.org.br\/#\/schema\/person\/f163af9cb65589aab5865b0437873a74\",\"name\":\"Casa da Mulher Trabalhadora\",\"image\":{\"@type\":\"ImageObject\",\"inLanguage\":\"pt-BR\",\"@id\":\"https:\/\/novo2023.camtra.org.br\/#\/schema\/person\/image\/\",\"url\":\"https:\/\/novo2023.camtra.org.br\/wp-content\/litespeed\/avatar\/4c87233a8b80506f010db0cccf69e8b5.jpg?ver=1777270965\",\"contentUrl\":\"https:\/\/novo2023.camtra.org.br\/wp-content\/litespeed\/avatar\/4c87233a8b80506f010db0cccf69e8b5.jpg?ver=1777270965\",\"caption\":\"Casa da Mulher Trabalhadora\"},\"url\":\"https:\/\/novo2023.camtra.org.br\/index.php\/author\/camtra\/\"}]}<\/script>\n<!-- \/ Yoast SEO plugin. -->","yoast_head_json":{"title":"Crimes do Patriarcado - 16 a 31 de mar\u00e7o\/22 - CAMTRA NOVO","robots":{"index":"index","follow":"follow","max-snippet":"max-snippet:-1","max-image-preview":"max-image-preview:large","max-video-preview":"max-video-preview:-1"},"canonical":"https:\/\/novo2023.camtra.org.br\/index.php\/2022\/04\/01\/crimes-do-patriarcado-16-a-31-de-marco-22\/","og_locale":"pt_BR","og_type":"article","og_title":"Crimes do Patriarcado - 16 a 31 de mar\u00e7o\/22 - CAMTRA NOVO","og_description":"Crimes do Patriarcado &#8211; Feminic\u00eddios de 16 a 31 de mar\u00e7o\/22 &nbsp; A CAMTRA realizou um levantamento atrav\u00e9s da internet, jornais locais e denunciamos o feminic\u00eddio de 28 mulheres ao [&hellip;]","og_url":"https:\/\/novo2023.camtra.org.br\/index.php\/2022\/04\/01\/crimes-do-patriarcado-16-a-31-de-marco-22\/","og_site_name":"CAMTRA NOVO","article_published_time":"2022-04-01T15:30:10+00:00","og_image":[{"url":"https:\/\/camtra.org.br\/wp-content\/uploads\/2022\/06\/Screenshot_20220609-122841_Instagram-1014x1024.jpg"}],"author":"Casa da Mulher Trabalhadora","twitter_card":"summary_large_image","twitter_misc":{"Escrito por":"Casa da Mulher Trabalhadora","Est. tempo de leitura":"1 minuto"},"schema":{"@context":"https:\/\/schema.org","@graph":[{"@type":"Article","@id":"https:\/\/novo2023.camtra.org.br\/index.php\/2022\/04\/01\/crimes-do-patriarcado-16-a-31-de-marco-22\/#article","isPartOf":{"@id":"https:\/\/novo2023.camtra.org.br\/index.php\/2022\/04\/01\/crimes-do-patriarcado-16-a-31-de-marco-22\/"},"author":{"name":"Casa da Mulher Trabalhadora","@id":"https:\/\/novo2023.camtra.org.br\/#\/schema\/person\/f163af9cb65589aab5865b0437873a74"},"headline":"Crimes do Patriarcado &#8211; 16 a 31 de mar\u00e7o\/22","datePublished":"2022-04-01T15:30:10+00:00","dateModified":"2022-04-01T15:30:10+00:00","mainEntityOfPage":{"@id":"https:\/\/novo2023.camtra.org.br\/index.php\/2022\/04\/01\/crimes-do-patriarcado-16-a-31-de-marco-22\/"},"wordCount":264,"commentCount":0,"publisher":{"@id":"https:\/\/novo2023.camtra.org.br\/#organization"},"image":{"@id":"https:\/\/novo2023.camtra.org.br\/index.php\/2022\/04\/01\/crimes-do-patriarcado-16-a-31-de-marco-22\/#primaryimage"},"thumbnailUrl":"https:\/\/camtra.org.br\/wp-content\/uploads\/2022\/06\/Screenshot_20220609-122841_Instagram-1014x1024.jpg","keywords":["feminicidio","feminic\u00eddio abril"],"articleSection":["Not\u00edcias","Viol\u00eancia"],"inLanguage":"pt-BR","potentialAction":[{"@type":"CommentAction","name":"Comment","target":["https:\/\/novo2023.camtra.org.br\/index.php\/2022\/04\/01\/crimes-do-patriarcado-16-a-31-de-marco-22\/#respond"]}]},{"@type":"WebPage","@id":"https:\/\/novo2023.camtra.org.br\/index.php\/2022\/04\/01\/crimes-do-patriarcado-16-a-31-de-marco-22\/","url":"https:\/\/novo2023.camtra.org.br\/index.php\/2022\/04\/01\/crimes-do-patriarcado-16-a-31-de-marco-22\/","name":"Crimes do Patriarcado - 16 a 31 de mar\u00e7o\/22 - CAMTRA NOVO","isPartOf":{"@id":"https:\/\/novo2023.camtra.org.br\/#website"},"primaryImageOfPage":{"@id":"https:\/\/novo2023.camtra.org.br\/index.php\/2022\/04\/01\/crimes-do-patriarcado-16-a-31-de-marco-22\/#primaryimage"},"image":{"@id":"https:\/\/novo2023.camtra.org.br\/index.php\/2022\/04\/01\/crimes-do-patriarcado-16-a-31-de-marco-22\/#primaryimage"},"thumbnailUrl":"https:\/\/camtra.org.br\/wp-content\/uploads\/2022\/06\/Screenshot_20220609-122841_Instagram-1014x1024.jpg","datePublished":"2022-04-01T15:30:10+00:00","dateModified":"2022-04-01T15:30:10+00:00","breadcrumb":{"@id":"https:\/\/novo2023.camtra.org.br\/index.php\/2022\/04\/01\/crimes-do-patriarcado-16-a-31-de-marco-22\/#breadcrumb"},"inLanguage":"pt-BR","potentialAction":[{"@type":"ReadAction","target":["https:\/\/novo2023.camtra.org.br\/index.php\/2022\/04\/01\/crimes-do-patriarcado-16-a-31-de-marco-22\/"]}]},{"@type":"ImageObject","inLanguage":"pt-BR","@id":"https:\/\/novo2023.camtra.org.br\/index.php\/2022\/04\/01\/crimes-do-patriarcado-16-a-31-de-marco-22\/#primaryimage","url":"https:\/\/camtra.org.br\/wp-content\/uploads\/2022\/06\/Screenshot_20220609-122841_Instagram-1014x1024.jpg","contentUrl":"https:\/\/camtra.org.br\/wp-content\/uploads\/2022\/06\/Screenshot_20220609-122841_Instagram-1014x1024.jpg"},{"@type":"BreadcrumbList","@id":"https:\/\/novo2023.camtra.org.br\/index.php\/2022\/04\/01\/crimes-do-patriarcado-16-a-31-de-marco-22\/#breadcrumb","itemListElement":[{"@type":"ListItem","position":1,"name":"Home","item":"https:\/\/novo2023.camtra.org.br\/"},{"@type":"ListItem","position":2,"name":"Crimes do Patriarcado &#8211; 16 a 31 de mar\u00e7o\/22"}]},{"@type":"WebSite","@id":"https:\/\/novo2023.camtra.org.br\/#website","url":"https:\/\/novo2023.camtra.org.br\/","name":"CAMTRA NOVO","description":"","publisher":{"@id":"https:\/\/novo2023.camtra.org.br\/#organization"},"potentialAction":[{"@type":"SearchAction","target":{"@type":"EntryPoint","urlTemplate":"https:\/\/novo2023.camtra.org.br\/?s={search_term_string}"},"query-input":"required name=search_term_string"}],"inLanguage":"pt-BR"},{"@type":"Organization","@id":"https:\/\/novo2023.camtra.org.br\/#organization","name":"CAMTRA NOVO","url":"https:\/\/novo2023.camtra.org.br\/","logo":{"@type":"ImageObject","inLanguage":"pt-BR","@id":"https:\/\/novo2023.camtra.org.br\/#\/schema\/logo\/image\/","url":"https:\/\/novo2023.camtra.org.br\/wp-content\/uploads\/2024\/01\/CAMTRA-comflor-roxa-logo_logo-camtra-principal-flor.png","contentUrl":"https:\/\/novo2023.camtra.org.br\/wp-content\/uploads\/2024\/01\/CAMTRA-comflor-roxa-logo_logo-camtra-principal-flor.png","width":1172,"height":330,"caption":"CAMTRA NOVO"},"image":{"@id":"https:\/\/novo2023.camtra.org.br\/#\/schema\/logo\/image\/"}},{"@type":"Person","@id":"https:\/\/novo2023.camtra.org.br\/#\/schema\/person\/f163af9cb65589aab5865b0437873a74","name":"Casa da Mulher Trabalhadora","image":{"@type":"ImageObject","inLanguage":"pt-BR","@id":"https:\/\/novo2023.camtra.org.br\/#\/schema\/person\/image\/","url":"https:\/\/novo2023.camtra.org.br\/wp-content\/litespeed\/avatar\/4c87233a8b80506f010db0cccf69e8b5.jpg?ver=1777270965","contentUrl":"https:\/\/novo2023.camtra.org.br\/wp-content\/litespeed\/avatar\/4c87233a8b80506f010db0cccf69e8b5.jpg?ver=1777270965","caption":"Casa da Mulher Trabalhadora"},"url":"https:\/\/novo2023.camtra.org.br\/index.php\/author\/camtra\/"}]}},"_links":{"self":[{"href":"https:\/\/novo2023.camtra.org.br\/index.php\/wp-json\/wp\/v2\/posts\/8348"}],"collection":[{"href":"https:\/\/novo2023.camtra.org.br\/index.php\/wp-json\/wp\/v2\/posts"}],"about":[{"href":"https:\/\/novo2023.camtra.org.br\/index.php\/wp-json\/wp\/v2\/types\/post"}],"author":[{"embeddable":true,"href":"https:\/\/novo2023.camtra.org.br\/index.php\/wp-json\/wp\/v2\/users\/3"}],"replies":[{"embeddable":true,"href":"https:\/\/novo2023.camtra.org.br\/index.php\/wp-json\/wp\/v2\/comments?post=8348"}],"version-history":[{"count":0,"href":"https:\/\/novo2023.camtra.org.br\/index.php\/wp-json\/wp\/v2\/posts\/8348\/revisions"}],"wp:attachment":[{"href":"https:\/\/novo2023.camtra.org.br\/index.php\/wp-json\/wp\/v2\/media?parent=8348"}],"wp:term":[{"taxonomy":"category","embeddable":true,"href":"https:\/\/novo2023.camtra.org.br\/index.php\/wp-json\/wp\/v2\/categories?post=8348"},{"taxonomy":"post_tag","embeddable":true,"href":"https:\/\/novo2023.camtra.org.br\/index.php\/wp-json\/wp\/v2\/tags?post=8348"}],"curies":[{"name":"wp","href":"https:\/\/api.w.org\/{rel}","templated":true}]}}