{"id":8257,"date":"2022-03-18T13:57:46","date_gmt":"2022-03-18T16:57:46","guid":{"rendered":"https:\/\/camtra.org.br\/?p=8257"},"modified":"2022-03-18T13:57:46","modified_gmt":"2022-03-18T16:57:46","slug":"serie-21-dias-de-ativismo-contra-o-racismo-hiago-dos-santos-e-moise-kabagambe","status":"publish","type":"post","link":"https:\/\/novo2023.camtra.org.br\/index.php\/2022\/03\/18\/serie-21-dias-de-ativismo-contra-o-racismo-hiago-dos-santos-e-moise-kabagambe\/","title":{"rendered":"S\u00e9rie 21 dias de Ativismo contra o racismo &#8211; Hiago dos Santos e Moise Kabagambe"},"content":{"rendered":"<div id=\"fb-root\"><\/div>\n<h1 style=\"text-align: center;\">S\u00e9rie 21 dias de Ativismo contra o racismo &#8211; Hiago dos Santos e Moise Kabagambe<\/h1>\n<p>&nbsp;<\/p>\n<p>Hiago dos Santos (1991 &#8211; 14\/02\/2022)<\/p>\n<p><img fetchpriority=\"high\" decoding=\"async\" class=\"alignnone size-large wp-image-8101\" src=\"https:\/\/novo2023.camtra.org.br\/wp-content\/uploads\/2022\/05\/66a5fe08-127d-4a39-aa3f-1024009dbe71-1024x1024.jpg\" alt=\"\" width=\"888\" height=\"888\" srcset=\"https:\/\/novo2023.camtra.org.br\/wp-content\/uploads\/2022\/05\/66a5fe08-127d-4a39-aa3f-1024009dbe71-1024x1024.jpg 1024w, https:\/\/novo2023.camtra.org.br\/wp-content\/uploads\/2022\/05\/66a5fe08-127d-4a39-aa3f-1024009dbe71-300x300.jpg 300w, https:\/\/novo2023.camtra.org.br\/wp-content\/uploads\/2022\/05\/66a5fe08-127d-4a39-aa3f-1024009dbe71-150x150.jpg 150w, https:\/\/novo2023.camtra.org.br\/wp-content\/uploads\/2022\/05\/66a5fe08-127d-4a39-aa3f-1024009dbe71-768x768.jpg 768w, https:\/\/novo2023.camtra.org.br\/wp-content\/uploads\/2022\/05\/66a5fe08-127d-4a39-aa3f-1024009dbe71-600x600.jpg 600w, https:\/\/novo2023.camtra.org.br\/wp-content\/uploads\/2022\/05\/66a5fe08-127d-4a39-aa3f-1024009dbe71.jpg 1080w\" sizes=\"(max-width: 888px) 100vw, 888px\" \/><\/p>\n<p>Hiago era vendedor ambulante, 21 anos, pai de 1 filha, morador do Morro do Boa Vista em Niter\u00f3i, foi covardemente assassinado por um policial \u00e0 paisana, fora de servi\u00e7o, enquanto vendia balas.<\/p>\n<p>&nbsp;<\/p>\n<p>Estava desempregado e segundo sua esposa, Tha\u00eds, sa\u00eda todos os dias \u00e0s 5h da manh\u00e3 para vender doces, a fim de juntar dinheiro para o anivers\u00e1rio de sua filha que completou 2 anos, 4 dias ap\u00f3s a sua morte.<\/p>\n<p>&nbsp;<\/p>\n<p>Mo\u00efse Kabagambe (1998 &#8211; 24\/01\/2022)<\/p>\n<p><img decoding=\"async\" class=\"alignnone size-large wp-image-8258\" src=\"https:\/\/novo2023.camtra.org.br\/wp-content\/uploads\/2022\/06\/Screenshot_20220608-185601_Instagram-1012x1024.jpg\" alt=\"\" width=\"888\" height=\"899\" srcset=\"https:\/\/novo2023.camtra.org.br\/wp-content\/uploads\/2022\/06\/Screenshot_20220608-185601_Instagram-1012x1024.jpg 1012w, https:\/\/novo2023.camtra.org.br\/wp-content\/uploads\/2022\/06\/Screenshot_20220608-185601_Instagram-296x300.jpg 296w, https:\/\/novo2023.camtra.org.br\/wp-content\/uploads\/2022\/06\/Screenshot_20220608-185601_Instagram-768x777.jpg 768w, https:\/\/novo2023.camtra.org.br\/wp-content\/uploads\/2022\/06\/Screenshot_20220608-185601_Instagram.jpg 1079w\" sizes=\"(max-width: 888px) 100vw, 888px\" \/><\/p>\n<p>Mo\u00efse Kabagambe, jovem congol\u00eas de 24 anos, foi brutalmente espancado e morto a pauladas em um quiosque na Barra da Tijuca, no dia 24 de janeiro.<\/p>\n<p><!--more--><\/p>\n<p>Desempregado, Moise trabalhava no quiosque Tropic\u00e1lia e o combinado era receber por di\u00e1rias. Mas ao cobrar pelo pagamento, Moise foi espancado at\u00e9 a morte por 5 homens com um taco de beisebol.<\/p>\n<p>&nbsp;<\/p>\n<p>Moise chegou ao Brasil aos 14 anos fugindo dos conflitos de rela\u00e7\u00f5es \u00e9tnicas na Rep\u00fablica Democr\u00e1tica do Congo. Sua fam\u00edlia considerava o Brasil uma forma de viver em seguran\u00e7a.<\/p>\n<p>&nbsp;<\/p>\n<p>O racismo vigente em nossa sociedade capitalista e estruturado pelo Estado nos exclui do mercado de trabalho, nos d\u00e3o as ruas como op\u00e7\u00e3o de sobreviv\u00eancia e nos puni com agress\u00f5es, encarceramento e pena de morte, pela cor de nossa pele.<\/p>\n<p>&nbsp;<\/p>\n<p>Por Hiago e por Moise, pela dignidade e respeito da popula\u00e7\u00e3o negra, a CAMTRA se junta a Campanha 21 dias de ativismo contra o racismo por saber que como dizia Audre Lorde \u201cEm uma sociedade racista, n\u00e3o basta ser contra o racismo, \u00e9 necess\u00e1rio ser antirracista\u201d<\/p>\n<p>&nbsp;<\/p>\n<p>Vidas Negras Importam!<\/p>\n<p>&nbsp;<\/p>\n<p>#ParaTodasVerem Carrossel com dois cards de fundo roxo. no titulo \u201c21 dias de ativismo, vidas negras importam\u201d com tres punhos negros fechados. Do lado direito a foto de Moise e de Hiago e do lado esquerdo uma breve descri\u00e7\u00e3o.<\/p>\n<p>&nbsp;<\/p>\n<p>#Campanha21diasdeativismocontraoracismo<\/p>\n<p>#vidasnegrasimportam<\/p>\n<p>#Justi\u00e7aparaMoise<\/p>\n<p>#Justi\u00e7aparaHiago<\/p>\n","protected":false},"excerpt":{"rendered":"<p>S\u00e9rie 21 dias de Ativismo contra o racismo &#8211; Hiago dos Santos e Moise Kabagambe &nbsp; Hiago dos Santos (1991 &#8211; 14\/02\/2022) Hiago era vendedor ambulante, 21 anos, pai de [&hellip;]<\/p>\n","protected":false},"author":1,"featured_media":0,"comment_status":"open","ping_status":"open","sticky":false,"template":"","format":"standard","meta":{"om_disable_all_campaigns":false,"_monsterinsights_skip_tracking":false,"_monsterinsights_sitenote_active":false,"_monsterinsights_sitenote_note":"","_monsterinsights_sitenote_category":0,"_uf_show_specific_survey":0,"_uf_disable_surveys":false,"ocean_post_layout":"","ocean_both_sidebars_style":"","ocean_both_sidebars_content_width":0,"ocean_both_sidebars_sidebars_width":0,"ocean_sidebar":"","ocean_second_sidebar":"","ocean_disable_margins":"enable","ocean_add_body_class":"","ocean_shortcode_before_top_bar":"","ocean_shortcode_after_top_bar":"","ocean_shortcode_before_header":"","ocean_shortcode_after_header":"","ocean_has_shortcode":"","ocean_shortcode_after_title":"","ocean_shortcode_before_footer_widgets":"","ocean_shortcode_after_footer_widgets":"","ocean_shortcode_before_footer_bottom":"","ocean_shortcode_after_footer_bottom":"","ocean_display_top_bar":"default","ocean_display_header":"default","ocean_header_style":"","ocean_center_header_left_menu":"","ocean_custom_header_template":"","ocean_custom_logo":0,"ocean_custom_retina_logo":0,"ocean_custom_logo_max_width":0,"ocean_custom_logo_tablet_max_width":0,"ocean_custom_logo_mobile_max_width":0,"ocean_custom_logo_max_height":0,"ocean_custom_logo_tablet_max_height":0,"ocean_custom_logo_mobile_max_height":0,"ocean_header_custom_menu":"","ocean_menu_typo_font_family":"","ocean_menu_typo_font_subset":"","ocean_menu_typo_font_size":0,"ocean_menu_typo_font_size_tablet":0,"ocean_menu_typo_font_size_mobile":0,"ocean_menu_typo_font_size_unit":"px","ocean_menu_typo_font_weight":"","ocean_menu_typo_font_weight_tablet":"","ocean_menu_typo_font_weight_mobile":"","ocean_menu_typo_transform":"","ocean_menu_typo_transform_tablet":"","ocean_menu_typo_transform_mobile":"","ocean_menu_typo_line_height":0,"ocean_menu_typo_line_height_tablet":0,"ocean_menu_typo_line_height_mobile":0,"ocean_menu_typo_line_height_unit":"","ocean_menu_typo_spacing":0,"ocean_menu_typo_spacing_tablet":0,"ocean_menu_typo_spacing_mobile":0,"ocean_menu_typo_spacing_unit":"","ocean_menu_link_color":"","ocean_menu_link_color_hover":"","ocean_menu_link_color_active":"","ocean_menu_link_background":"","ocean_menu_link_hover_background":"","ocean_menu_link_active_background":"","ocean_menu_social_links_bg":"","ocean_menu_social_hover_links_bg":"","ocean_menu_social_links_color":"","ocean_menu_social_hover_links_color":"","ocean_disable_title":"default","ocean_disable_heading":"default","ocean_post_title":"","ocean_post_subheading":"","ocean_post_title_style":"","ocean_post_title_background_color":"","ocean_post_title_background":0,"ocean_post_title_bg_image_position":"","ocean_post_title_bg_image_attachment":"","ocean_post_title_bg_image_repeat":"","ocean_post_title_bg_image_size":"","ocean_post_title_height":0,"ocean_post_title_bg_overlay":0.5,"ocean_post_title_bg_overlay_color":"","ocean_disable_breadcrumbs":"default","ocean_breadcrumbs_color":"","ocean_breadcrumbs_separator_color":"","ocean_breadcrumbs_links_color":"","ocean_breadcrumbs_links_hover_color":"","ocean_display_footer_widgets":"default","ocean_display_footer_bottom":"default","ocean_custom_footer_template":"","ocean_post_oembed":"","ocean_post_self_hosted_media":"","ocean_post_video_embed":"","ocean_link_format":"","ocean_link_format_target":"self","ocean_quote_format":"","ocean_quote_format_link":"post","ocean_gallery_link_images":"on","ocean_gallery_id":[],"footnotes":""},"categories":[56,27,10,52,30],"tags":[97,98,99,100,101,96],"class_list":["post-8257","post","type-post","status-publish","format-standard","hentry","category-data","category-noticias","category-racismo","category-sem-categoria","category-violencia","tag-21-dias-de-ativismo","tag-contra-a-violencia-do-estado","tag-hiago-dos-santos","tag-jovens-negros","tag-moise-kabagambe","tag-violencia-do-estado","entry"],"aioseo_notices":[],"yoast_head":"<!-- This site is optimized with the Yoast SEO plugin v23.0 - https:\/\/yoast.com\/wordpress\/plugins\/seo\/ -->\n<title>S\u00e9rie 21 dias de Ativismo contra o racismo - Hiago dos Santos e Moise Kabagambe - CAMTRA NOVO<\/title>\n<meta name=\"robots\" content=\"index, follow, max-snippet:-1, max-image-preview:large, max-video-preview:-1\" \/>\n<link rel=\"canonical\" href=\"https:\/\/novo2023.camtra.org.br\/index.php\/2022\/03\/18\/serie-21-dias-de-ativismo-contra-o-racismo-hiago-dos-santos-e-moise-kabagambe\/\" \/>\n<meta property=\"og:locale\" content=\"pt_BR\" \/>\n<meta property=\"og:type\" content=\"article\" \/>\n<meta property=\"og:title\" content=\"S\u00e9rie 21 dias de Ativismo contra o racismo - Hiago dos Santos e Moise Kabagambe - CAMTRA NOVO\" \/>\n<meta property=\"og:description\" content=\"S\u00e9rie 21 dias de Ativismo contra o racismo &#8211; Hiago dos Santos e Moise Kabagambe &nbsp; Hiago dos Santos (1991 &#8211; 14\/02\/2022) Hiago era vendedor ambulante, 21 anos, pai de [&hellip;]\" \/>\n<meta property=\"og:url\" content=\"https:\/\/novo2023.camtra.org.br\/index.php\/2022\/03\/18\/serie-21-dias-de-ativismo-contra-o-racismo-hiago-dos-santos-e-moise-kabagambe\/\" \/>\n<meta property=\"og:site_name\" content=\"CAMTRA NOVO\" \/>\n<meta property=\"article:published_time\" content=\"2022-03-18T16:57:46+00:00\" \/>\n<meta property=\"og:image\" content=\"https:\/\/camtra.org.br\/wp-content\/uploads\/2022\/05\/66a5fe08-127d-4a39-aa3f-1024009dbe71-1024x1024.jpg\" \/>\n<meta name=\"author\" content=\"alter\" \/>\n<meta name=\"twitter:card\" content=\"summary_large_image\" \/>\n<meta name=\"twitter:label1\" content=\"Escrito por\" \/>\n\t<meta name=\"twitter:data1\" content=\"alter\" \/>\n\t<meta name=\"twitter:label2\" content=\"Est. tempo de leitura\" \/>\n\t<meta name=\"twitter:data2\" content=\"2 minutos\" \/>\n<script type=\"application\/ld+json\" class=\"yoast-schema-graph\">{\"@context\":\"https:\/\/schema.org\",\"@graph\":[{\"@type\":\"Article\",\"@id\":\"https:\/\/novo2023.camtra.org.br\/index.php\/2022\/03\/18\/serie-21-dias-de-ativismo-contra-o-racismo-hiago-dos-santos-e-moise-kabagambe\/#article\",\"isPartOf\":{\"@id\":\"https:\/\/novo2023.camtra.org.br\/index.php\/2022\/03\/18\/serie-21-dias-de-ativismo-contra-o-racismo-hiago-dos-santos-e-moise-kabagambe\/\"},\"author\":{\"name\":\"alter\",\"@id\":\"https:\/\/novo2023.camtra.org.br\/#\/schema\/person\/15fb554c7c7e80758d7b3e44634f5118\"},\"headline\":\"S\u00e9rie 21 dias de Ativismo contra o racismo &#8211; Hiago dos Santos e Moise Kabagambe\",\"datePublished\":\"2022-03-18T16:57:46+00:00\",\"dateModified\":\"2022-03-18T16:57:46+00:00\",\"mainEntityOfPage\":{\"@id\":\"https:\/\/novo2023.camtra.org.br\/index.php\/2022\/03\/18\/serie-21-dias-de-ativismo-contra-o-racismo-hiago-dos-santos-e-moise-kabagambe\/\"},\"wordCount\":351,\"commentCount\":0,\"publisher\":{\"@id\":\"https:\/\/novo2023.camtra.org.br\/#organization\"},\"image\":{\"@id\":\"https:\/\/novo2023.camtra.org.br\/index.php\/2022\/03\/18\/serie-21-dias-de-ativismo-contra-o-racismo-hiago-dos-santos-e-moise-kabagambe\/#primaryimage\"},\"thumbnailUrl\":\"https:\/\/novo2023.camtra.org.br\/wp-content\/uploads\/2022\/05\/66a5fe08-127d-4a39-aa3f-1024009dbe71-1024x1024.jpg\",\"keywords\":[\"21 dias de ativismo\",\"Contra a Viol\u00eancia do Estado\",\"hiago dos santos\",\"jovens negros\",\"moise Kabagambe\",\"Viol\u00eancia do Estado\"],\"articleSection\":{\"0\":\"Data\",\"1\":\"Not\u00edcias\",\"2\":\"Racismo\",\"4\":\"Viol\u00eancia\"},\"inLanguage\":\"pt-BR\",\"potentialAction\":[{\"@type\":\"CommentAction\",\"name\":\"Comment\",\"target\":[\"https:\/\/novo2023.camtra.org.br\/index.php\/2022\/03\/18\/serie-21-dias-de-ativismo-contra-o-racismo-hiago-dos-santos-e-moise-kabagambe\/#respond\"]}]},{\"@type\":\"WebPage\",\"@id\":\"https:\/\/novo2023.camtra.org.br\/index.php\/2022\/03\/18\/serie-21-dias-de-ativismo-contra-o-racismo-hiago-dos-santos-e-moise-kabagambe\/\",\"url\":\"https:\/\/novo2023.camtra.org.br\/index.php\/2022\/03\/18\/serie-21-dias-de-ativismo-contra-o-racismo-hiago-dos-santos-e-moise-kabagambe\/\",\"name\":\"S\u00e9rie 21 dias de Ativismo contra o racismo - Hiago dos Santos e Moise Kabagambe - CAMTRA NOVO\",\"isPartOf\":{\"@id\":\"https:\/\/novo2023.camtra.org.br\/#website\"},\"primaryImageOfPage\":{\"@id\":\"https:\/\/novo2023.camtra.org.br\/index.php\/2022\/03\/18\/serie-21-dias-de-ativismo-contra-o-racismo-hiago-dos-santos-e-moise-kabagambe\/#primaryimage\"},\"image\":{\"@id\":\"https:\/\/novo2023.camtra.org.br\/index.php\/2022\/03\/18\/serie-21-dias-de-ativismo-contra-o-racismo-hiago-dos-santos-e-moise-kabagambe\/#primaryimage\"},\"thumbnailUrl\":\"https:\/\/novo2023.camtra.org.br\/wp-content\/uploads\/2022\/05\/66a5fe08-127d-4a39-aa3f-1024009dbe71-1024x1024.jpg\",\"datePublished\":\"2022-03-18T16:57:46+00:00\",\"dateModified\":\"2022-03-18T16:57:46+00:00\",\"breadcrumb\":{\"@id\":\"https:\/\/novo2023.camtra.org.br\/index.php\/2022\/03\/18\/serie-21-dias-de-ativismo-contra-o-racismo-hiago-dos-santos-e-moise-kabagambe\/#breadcrumb\"},\"inLanguage\":\"pt-BR\",\"potentialAction\":[{\"@type\":\"ReadAction\",\"target\":[\"https:\/\/novo2023.camtra.org.br\/index.php\/2022\/03\/18\/serie-21-dias-de-ativismo-contra-o-racismo-hiago-dos-santos-e-moise-kabagambe\/\"]}]},{\"@type\":\"ImageObject\",\"inLanguage\":\"pt-BR\",\"@id\":\"https:\/\/novo2023.camtra.org.br\/index.php\/2022\/03\/18\/serie-21-dias-de-ativismo-contra-o-racismo-hiago-dos-santos-e-moise-kabagambe\/#primaryimage\",\"url\":\"https:\/\/novo2023.camtra.org.br\/wp-content\/uploads\/2022\/05\/66a5fe08-127d-4a39-aa3f-1024009dbe71.jpg\",\"contentUrl\":\"https:\/\/novo2023.camtra.org.br\/wp-content\/uploads\/2022\/05\/66a5fe08-127d-4a39-aa3f-1024009dbe71.jpg\",\"width\":1080,\"height\":1080},{\"@type\":\"BreadcrumbList\",\"@id\":\"https:\/\/novo2023.camtra.org.br\/index.php\/2022\/03\/18\/serie-21-dias-de-ativismo-contra-o-racismo-hiago-dos-santos-e-moise-kabagambe\/#breadcrumb\",\"itemListElement\":[{\"@type\":\"ListItem\",\"position\":1,\"name\":\"Home\",\"item\":\"https:\/\/novo2023.camtra.org.br\/\"},{\"@type\":\"ListItem\",\"position\":2,\"name\":\"S\u00e9rie 21 dias de Ativismo contra o racismo &#8211; Hiago dos Santos e Moise Kabagambe\"}]},{\"@type\":\"WebSite\",\"@id\":\"https:\/\/novo2023.camtra.org.br\/#website\",\"url\":\"https:\/\/novo2023.camtra.org.br\/\",\"name\":\"CAMTRA NOVO\",\"description\":\"\",\"publisher\":{\"@id\":\"https:\/\/novo2023.camtra.org.br\/#organization\"},\"potentialAction\":[{\"@type\":\"SearchAction\",\"target\":{\"@type\":\"EntryPoint\",\"urlTemplate\":\"https:\/\/novo2023.camtra.org.br\/?s={search_term_string}\"},\"query-input\":\"required name=search_term_string\"}],\"inLanguage\":\"pt-BR\"},{\"@type\":\"Organization\",\"@id\":\"https:\/\/novo2023.camtra.org.br\/#organization\",\"name\":\"CAMTRA NOVO\",\"url\":\"https:\/\/novo2023.camtra.org.br\/\",\"logo\":{\"@type\":\"ImageObject\",\"inLanguage\":\"pt-BR\",\"@id\":\"https:\/\/novo2023.camtra.org.br\/#\/schema\/logo\/image\/\",\"url\":\"https:\/\/novo2023.camtra.org.br\/wp-content\/uploads\/2024\/01\/CAMTRA-comflor-roxa-logo_logo-camtra-principal-flor.png\",\"contentUrl\":\"https:\/\/novo2023.camtra.org.br\/wp-content\/uploads\/2024\/01\/CAMTRA-comflor-roxa-logo_logo-camtra-principal-flor.png\",\"width\":1172,\"height\":330,\"caption\":\"CAMTRA NOVO\"},\"image\":{\"@id\":\"https:\/\/novo2023.camtra.org.br\/#\/schema\/logo\/image\/\"}},{\"@type\":\"Person\",\"@id\":\"https:\/\/novo2023.camtra.org.br\/#\/schema\/person\/15fb554c7c7e80758d7b3e44634f5118\",\"name\":\"alter\",\"image\":{\"@type\":\"ImageObject\",\"inLanguage\":\"pt-BR\",\"@id\":\"https:\/\/novo2023.camtra.org.br\/#\/schema\/person\/image\/\",\"url\":\"https:\/\/novo2023.camtra.org.br\/wp-content\/litespeed\/avatar\/5227e4c6fe242ae45e670da808858849.jpg?ver=1777448579\",\"contentUrl\":\"https:\/\/novo2023.camtra.org.br\/wp-content\/litespeed\/avatar\/5227e4c6fe242ae45e670da808858849.jpg?ver=1777448579\",\"caption\":\"alter\"},\"sameAs\":[\"https:\/\/novo2023.camtra.org.br\"],\"url\":\"https:\/\/novo2023.camtra.org.br\/index.php\/author\/alter\/\"}]}<\/script>\n<!-- \/ Yoast SEO plugin. -->","yoast_head_json":{"title":"S\u00e9rie 21 dias de Ativismo contra o racismo - Hiago dos Santos e Moise Kabagambe - CAMTRA NOVO","robots":{"index":"index","follow":"follow","max-snippet":"max-snippet:-1","max-image-preview":"max-image-preview:large","max-video-preview":"max-video-preview:-1"},"canonical":"https:\/\/novo2023.camtra.org.br\/index.php\/2022\/03\/18\/serie-21-dias-de-ativismo-contra-o-racismo-hiago-dos-santos-e-moise-kabagambe\/","og_locale":"pt_BR","og_type":"article","og_title":"S\u00e9rie 21 dias de Ativismo contra o racismo - Hiago dos Santos e Moise Kabagambe - CAMTRA NOVO","og_description":"S\u00e9rie 21 dias de Ativismo contra o racismo &#8211; Hiago dos Santos e Moise Kabagambe &nbsp; Hiago dos Santos (1991 &#8211; 14\/02\/2022) Hiago era vendedor ambulante, 21 anos, pai de [&hellip;]","og_url":"https:\/\/novo2023.camtra.org.br\/index.php\/2022\/03\/18\/serie-21-dias-de-ativismo-contra-o-racismo-hiago-dos-santos-e-moise-kabagambe\/","og_site_name":"CAMTRA NOVO","article_published_time":"2022-03-18T16:57:46+00:00","og_image":[{"url":"https:\/\/camtra.org.br\/wp-content\/uploads\/2022\/05\/66a5fe08-127d-4a39-aa3f-1024009dbe71-1024x1024.jpg"}],"author":"alter","twitter_card":"summary_large_image","twitter_misc":{"Escrito por":"alter","Est. tempo de leitura":"2 minutos"},"schema":{"@context":"https:\/\/schema.org","@graph":[{"@type":"Article","@id":"https:\/\/novo2023.camtra.org.br\/index.php\/2022\/03\/18\/serie-21-dias-de-ativismo-contra-o-racismo-hiago-dos-santos-e-moise-kabagambe\/#article","isPartOf":{"@id":"https:\/\/novo2023.camtra.org.br\/index.php\/2022\/03\/18\/serie-21-dias-de-ativismo-contra-o-racismo-hiago-dos-santos-e-moise-kabagambe\/"},"author":{"name":"alter","@id":"https:\/\/novo2023.camtra.org.br\/#\/schema\/person\/15fb554c7c7e80758d7b3e44634f5118"},"headline":"S\u00e9rie 21 dias de Ativismo contra o racismo &#8211; Hiago dos Santos e Moise Kabagambe","datePublished":"2022-03-18T16:57:46+00:00","dateModified":"2022-03-18T16:57:46+00:00","mainEntityOfPage":{"@id":"https:\/\/novo2023.camtra.org.br\/index.php\/2022\/03\/18\/serie-21-dias-de-ativismo-contra-o-racismo-hiago-dos-santos-e-moise-kabagambe\/"},"wordCount":351,"commentCount":0,"publisher":{"@id":"https:\/\/novo2023.camtra.org.br\/#organization"},"image":{"@id":"https:\/\/novo2023.camtra.org.br\/index.php\/2022\/03\/18\/serie-21-dias-de-ativismo-contra-o-racismo-hiago-dos-santos-e-moise-kabagambe\/#primaryimage"},"thumbnailUrl":"https:\/\/novo2023.camtra.org.br\/wp-content\/uploads\/2022\/05\/66a5fe08-127d-4a39-aa3f-1024009dbe71-1024x1024.jpg","keywords":["21 dias de ativismo","Contra a Viol\u00eancia do Estado","hiago dos santos","jovens negros","moise Kabagambe","Viol\u00eancia do Estado"],"articleSection":{"0":"Data","1":"Not\u00edcias","2":"Racismo","4":"Viol\u00eancia"},"inLanguage":"pt-BR","potentialAction":[{"@type":"CommentAction","name":"Comment","target":["https:\/\/novo2023.camtra.org.br\/index.php\/2022\/03\/18\/serie-21-dias-de-ativismo-contra-o-racismo-hiago-dos-santos-e-moise-kabagambe\/#respond"]}]},{"@type":"WebPage","@id":"https:\/\/novo2023.camtra.org.br\/index.php\/2022\/03\/18\/serie-21-dias-de-ativismo-contra-o-racismo-hiago-dos-santos-e-moise-kabagambe\/","url":"https:\/\/novo2023.camtra.org.br\/index.php\/2022\/03\/18\/serie-21-dias-de-ativismo-contra-o-racismo-hiago-dos-santos-e-moise-kabagambe\/","name":"S\u00e9rie 21 dias de Ativismo contra o racismo - Hiago dos Santos e Moise Kabagambe - CAMTRA NOVO","isPartOf":{"@id":"https:\/\/novo2023.camtra.org.br\/#website"},"primaryImageOfPage":{"@id":"https:\/\/novo2023.camtra.org.br\/index.php\/2022\/03\/18\/serie-21-dias-de-ativismo-contra-o-racismo-hiago-dos-santos-e-moise-kabagambe\/#primaryimage"},"image":{"@id":"https:\/\/novo2023.camtra.org.br\/index.php\/2022\/03\/18\/serie-21-dias-de-ativismo-contra-o-racismo-hiago-dos-santos-e-moise-kabagambe\/#primaryimage"},"thumbnailUrl":"https:\/\/novo2023.camtra.org.br\/wp-content\/uploads\/2022\/05\/66a5fe08-127d-4a39-aa3f-1024009dbe71-1024x1024.jpg","datePublished":"2022-03-18T16:57:46+00:00","dateModified":"2022-03-18T16:57:46+00:00","breadcrumb":{"@id":"https:\/\/novo2023.camtra.org.br\/index.php\/2022\/03\/18\/serie-21-dias-de-ativismo-contra-o-racismo-hiago-dos-santos-e-moise-kabagambe\/#breadcrumb"},"inLanguage":"pt-BR","potentialAction":[{"@type":"ReadAction","target":["https:\/\/novo2023.camtra.org.br\/index.php\/2022\/03\/18\/serie-21-dias-de-ativismo-contra-o-racismo-hiago-dos-santos-e-moise-kabagambe\/"]}]},{"@type":"ImageObject","inLanguage":"pt-BR","@id":"https:\/\/novo2023.camtra.org.br\/index.php\/2022\/03\/18\/serie-21-dias-de-ativismo-contra-o-racismo-hiago-dos-santos-e-moise-kabagambe\/#primaryimage","url":"https:\/\/novo2023.camtra.org.br\/wp-content\/uploads\/2022\/05\/66a5fe08-127d-4a39-aa3f-1024009dbe71.jpg","contentUrl":"https:\/\/novo2023.camtra.org.br\/wp-content\/uploads\/2022\/05\/66a5fe08-127d-4a39-aa3f-1024009dbe71.jpg","width":1080,"height":1080},{"@type":"BreadcrumbList","@id":"https:\/\/novo2023.camtra.org.br\/index.php\/2022\/03\/18\/serie-21-dias-de-ativismo-contra-o-racismo-hiago-dos-santos-e-moise-kabagambe\/#breadcrumb","itemListElement":[{"@type":"ListItem","position":1,"name":"Home","item":"https:\/\/novo2023.camtra.org.br\/"},{"@type":"ListItem","position":2,"name":"S\u00e9rie 21 dias de Ativismo contra o racismo &#8211; Hiago dos Santos e Moise Kabagambe"}]},{"@type":"WebSite","@id":"https:\/\/novo2023.camtra.org.br\/#website","url":"https:\/\/novo2023.camtra.org.br\/","name":"CAMTRA NOVO","description":"","publisher":{"@id":"https:\/\/novo2023.camtra.org.br\/#organization"},"potentialAction":[{"@type":"SearchAction","target":{"@type":"EntryPoint","urlTemplate":"https:\/\/novo2023.camtra.org.br\/?s={search_term_string}"},"query-input":"required name=search_term_string"}],"inLanguage":"pt-BR"},{"@type":"Organization","@id":"https:\/\/novo2023.camtra.org.br\/#organization","name":"CAMTRA NOVO","url":"https:\/\/novo2023.camtra.org.br\/","logo":{"@type":"ImageObject","inLanguage":"pt-BR","@id":"https:\/\/novo2023.camtra.org.br\/#\/schema\/logo\/image\/","url":"https:\/\/novo2023.camtra.org.br\/wp-content\/uploads\/2024\/01\/CAMTRA-comflor-roxa-logo_logo-camtra-principal-flor.png","contentUrl":"https:\/\/novo2023.camtra.org.br\/wp-content\/uploads\/2024\/01\/CAMTRA-comflor-roxa-logo_logo-camtra-principal-flor.png","width":1172,"height":330,"caption":"CAMTRA NOVO"},"image":{"@id":"https:\/\/novo2023.camtra.org.br\/#\/schema\/logo\/image\/"}},{"@type":"Person","@id":"https:\/\/novo2023.camtra.org.br\/#\/schema\/person\/15fb554c7c7e80758d7b3e44634f5118","name":"alter","image":{"@type":"ImageObject","inLanguage":"pt-BR","@id":"https:\/\/novo2023.camtra.org.br\/#\/schema\/person\/image\/","url":"https:\/\/novo2023.camtra.org.br\/wp-content\/litespeed\/avatar\/5227e4c6fe242ae45e670da808858849.jpg?ver=1777448579","contentUrl":"https:\/\/novo2023.camtra.org.br\/wp-content\/litespeed\/avatar\/5227e4c6fe242ae45e670da808858849.jpg?ver=1777448579","caption":"alter"},"sameAs":["https:\/\/novo2023.camtra.org.br"],"url":"https:\/\/novo2023.camtra.org.br\/index.php\/author\/alter\/"}]}},"_links":{"self":[{"href":"https:\/\/novo2023.camtra.org.br\/index.php\/wp-json\/wp\/v2\/posts\/8257"}],"collection":[{"href":"https:\/\/novo2023.camtra.org.br\/index.php\/wp-json\/wp\/v2\/posts"}],"about":[{"href":"https:\/\/novo2023.camtra.org.br\/index.php\/wp-json\/wp\/v2\/types\/post"}],"author":[{"embeddable":true,"href":"https:\/\/novo2023.camtra.org.br\/index.php\/wp-json\/wp\/v2\/users\/1"}],"replies":[{"embeddable":true,"href":"https:\/\/novo2023.camtra.org.br\/index.php\/wp-json\/wp\/v2\/comments?post=8257"}],"version-history":[{"count":0,"href":"https:\/\/novo2023.camtra.org.br\/index.php\/wp-json\/wp\/v2\/posts\/8257\/revisions"}],"wp:attachment":[{"href":"https:\/\/novo2023.camtra.org.br\/index.php\/wp-json\/wp\/v2\/media?parent=8257"}],"wp:term":[{"taxonomy":"category","embeddable":true,"href":"https:\/\/novo2023.camtra.org.br\/index.php\/wp-json\/wp\/v2\/categories?post=8257"},{"taxonomy":"post_tag","embeddable":true,"href":"https:\/\/novo2023.camtra.org.br\/index.php\/wp-json\/wp\/v2\/tags?post=8257"}],"curies":[{"name":"wp","href":"https:\/\/api.w.org\/{rel}","templated":true}]}}