{"id":8185,"date":"2022-03-09T11:23:49","date_gmt":"2022-03-09T14:23:49","guid":{"rendered":"https:\/\/camtra.org.br\/?p=8185"},"modified":"2022-03-09T11:23:49","modified_gmt":"2022-03-09T14:23:49","slug":"serie-mulheres-que-inspiram-nise-da-silveira","status":"publish","type":"post","link":"https:\/\/novo2023.camtra.org.br\/index.php\/2022\/03\/09\/serie-mulheres-que-inspiram-nise-da-silveira\/","title":{"rendered":"S\u00e9rie Mulheres que Nos Inspiram &#8211; Nise da Silveira"},"content":{"rendered":"<div id=\"fb-root\"><\/div>\n<h1 style=\"text-align: center;\">S\u00e9rie Mulheres que Nos Inspiram &#8211; Nise da Silveira<\/h1>\n<p>&nbsp;<\/p>\n<blockquote>\n<h3>&#8220;H\u00e1 no meu temperamento essa f\u00faria. Quando eu quero uma coisa, eu insisto. Todo o dia, sem falta, eu levantava cedo, pegava o \u00f4nibus e ia trabalhar em Engenho de Dentro. Todo dia, todo dia&#8230; Nada me tirava daquele caminho.\u201d Nise da Silveira<\/h3>\n<\/blockquote>\n<p><!--more--><\/p>\n<p>&nbsp;<\/p>\n<p>Psiquiatra que revolucionou o tratamento de sa\u00fade mental, no s\u00e9culo XX, Nise nos inspira para transformar a nossa realidade.<\/p>\n<p>&nbsp;<\/p>\n<p>Saudamos a todas as mulheres trabalhadoras que assim como Nise, \u201ctodo o dia, sem falta, levanta cedo\u201d, pega transporte p\u00fablico, muitas vezes enfrentado a longa e lotada viagem sem nada lhe tirar do caminho, insistindo para sobreviver e transformar suas vidas e de suas(seus) filhas(os)!<\/p>\n<p>&nbsp;<\/p>\n<p>Saudamos as mulheres trabalhadoras que enfrentam, em sua casa, intermin\u00e1veis jornadas de trabalho dom\u00e9stico, limpando, cozinhando, cuidando, todo dia, todo dia, com o amor e a f\u00faria de insistir para conquistar o que quer.<\/p>\n<p>Todas as Mulheres s\u00e3o trabalhadoras em Casa ou na Rua!<\/p>\n<p>&nbsp;<\/p>\n<p>Nise da Silveira, Presente!<\/p>\n<p>&nbsp;<\/p>\n<p>#ParaTodasVerem Card fundo roxo o t\u00edtulo Dia Internacional das Mulheres &#8211; Mulheres que inspiram. A direita a foto em preto e branco de Nise da Silveira e \u00e0 esquerda a descri\u00e7\u00e3o Nise Magalh\u00e3es da Silveira &#8211; Psiquiatra brasileira reconhecida por transformar o tratamento de sa\u00fade mental no Brasil em meados do s\u00e9culo XX. #FimdaDescricao<\/p>\n<p>&nbsp;<\/p>\n<p>#8demarco<\/p>\n<p>#Diainternacionaldamulher<\/p>\n<p>#Nise<\/p>\n","protected":false},"excerpt":{"rendered":"<p>S\u00e9rie Mulheres que Nos Inspiram &#8211; Nise da Silveira &nbsp; &#8220;H\u00e1 no meu temperamento essa f\u00faria. Quando eu quero uma coisa, eu insisto. Todo o dia, sem falta, eu levantava [&hellip;]<\/p>\n","protected":false},"author":3,"featured_media":8186,"comment_status":"open","ping_status":"open","sticky":false,"template":"","format":"standard","meta":{"om_disable_all_campaigns":false,"_monsterinsights_skip_tracking":false,"_monsterinsights_sitenote_active":false,"_monsterinsights_sitenote_note":"","_monsterinsights_sitenote_category":0,"_uf_show_specific_survey":0,"_uf_disable_surveys":false,"ocean_post_layout":"","ocean_both_sidebars_style":"","ocean_both_sidebars_content_width":0,"ocean_both_sidebars_sidebars_width":0,"ocean_sidebar":"","ocean_second_sidebar":"","ocean_disable_margins":"enable","ocean_add_body_class":"","ocean_shortcode_before_top_bar":"","ocean_shortcode_after_top_bar":"","ocean_shortcode_before_header":"","ocean_shortcode_after_header":"","ocean_has_shortcode":"","ocean_shortcode_after_title":"","ocean_shortcode_before_footer_widgets":"","ocean_shortcode_after_footer_widgets":"","ocean_shortcode_before_footer_bottom":"","ocean_shortcode_after_footer_bottom":"","ocean_display_top_bar":"default","ocean_display_header":"default","ocean_header_style":"","ocean_center_header_left_menu":"","ocean_custom_header_template":"","ocean_custom_logo":0,"ocean_custom_retina_logo":0,"ocean_custom_logo_max_width":0,"ocean_custom_logo_tablet_max_width":0,"ocean_custom_logo_mobile_max_width":0,"ocean_custom_logo_max_height":0,"ocean_custom_logo_tablet_max_height":0,"ocean_custom_logo_mobile_max_height":0,"ocean_header_custom_menu":"","ocean_menu_typo_font_family":"","ocean_menu_typo_font_subset":"","ocean_menu_typo_font_size":0,"ocean_menu_typo_font_size_tablet":0,"ocean_menu_typo_font_size_mobile":0,"ocean_menu_typo_font_size_unit":"px","ocean_menu_typo_font_weight":"","ocean_menu_typo_font_weight_tablet":"","ocean_menu_typo_font_weight_mobile":"","ocean_menu_typo_transform":"","ocean_menu_typo_transform_tablet":"","ocean_menu_typo_transform_mobile":"","ocean_menu_typo_line_height":0,"ocean_menu_typo_line_height_tablet":0,"ocean_menu_typo_line_height_mobile":0,"ocean_menu_typo_line_height_unit":"","ocean_menu_typo_spacing":0,"ocean_menu_typo_spacing_tablet":0,"ocean_menu_typo_spacing_mobile":0,"ocean_menu_typo_spacing_unit":"","ocean_menu_link_color":"","ocean_menu_link_color_hover":"","ocean_menu_link_color_active":"","ocean_menu_link_background":"","ocean_menu_link_hover_background":"","ocean_menu_link_active_background":"","ocean_menu_social_links_bg":"","ocean_menu_social_hover_links_bg":"","ocean_menu_social_links_color":"","ocean_menu_social_hover_links_color":"","ocean_disable_title":"default","ocean_disable_heading":"default","ocean_post_title":"","ocean_post_subheading":"","ocean_post_title_style":"","ocean_post_title_background_color":"","ocean_post_title_background":0,"ocean_post_title_bg_image_position":"","ocean_post_title_bg_image_attachment":"","ocean_post_title_bg_image_repeat":"","ocean_post_title_bg_image_size":"","ocean_post_title_height":0,"ocean_post_title_bg_overlay":0.5,"ocean_post_title_bg_overlay_color":"","ocean_disable_breadcrumbs":"default","ocean_breadcrumbs_color":"","ocean_breadcrumbs_separator_color":"","ocean_breadcrumbs_links_color":"","ocean_breadcrumbs_links_hover_color":"","ocean_display_footer_widgets":"default","ocean_display_footer_bottom":"default","ocean_custom_footer_template":"","ocean_post_oembed":"","ocean_post_self_hosted_media":"","ocean_post_video_embed":"","ocean_link_format":"","ocean_link_format_target":"self","ocean_quote_format":"","ocean_quote_format_link":"post","ocean_gallery_link_images":"on","ocean_gallery_id":[],"footnotes":""},"categories":[56,57,27],"tags":[67,54,613,216,614],"class_list":["post-8185","post","type-post","status-publish","format-standard","has-post-thumbnail","hentry","category-data","category-militancia","category-noticias","tag-08-de-marco-2022","tag-dia-internacional-da-mulher","tag-nise","tag-nise-da-silveira","tag-nisedasilveira","entry","has-media"],"aioseo_notices":[],"yoast_head":"<!-- This site is optimized with the Yoast SEO plugin v23.0 - https:\/\/yoast.com\/wordpress\/plugins\/seo\/ -->\n<title>S\u00e9rie Mulheres que Nos Inspiram - Nise da Silveira - CAMTRA NOVO<\/title>\n<meta name=\"robots\" content=\"index, follow, max-snippet:-1, max-image-preview:large, max-video-preview:-1\" \/>\n<link rel=\"canonical\" href=\"https:\/\/novo2023.camtra.org.br\/index.php\/2022\/03\/09\/serie-mulheres-que-inspiram-nise-da-silveira\/\" \/>\n<meta property=\"og:locale\" content=\"pt_BR\" \/>\n<meta property=\"og:type\" content=\"article\" \/>\n<meta property=\"og:title\" content=\"S\u00e9rie Mulheres que Nos Inspiram - Nise da Silveira - CAMTRA NOVO\" \/>\n<meta property=\"og:description\" content=\"S\u00e9rie Mulheres que Nos Inspiram &#8211; Nise da Silveira &nbsp; &#8220;H\u00e1 no meu temperamento essa f\u00faria. Quando eu quero uma coisa, eu insisto. Todo o dia, sem falta, eu levantava [&hellip;]\" \/>\n<meta property=\"og:url\" content=\"https:\/\/novo2023.camtra.org.br\/index.php\/2022\/03\/09\/serie-mulheres-que-inspiram-nise-da-silveira\/\" \/>\n<meta property=\"og:site_name\" content=\"CAMTRA NOVO\" \/>\n<meta property=\"article:published_time\" content=\"2022-03-09T14:23:49+00:00\" \/>\n<meta name=\"author\" content=\"Casa da Mulher Trabalhadora\" \/>\n<meta name=\"twitter:card\" content=\"summary_large_image\" \/>\n<meta name=\"twitter:label1\" content=\"Escrito por\" \/>\n\t<meta name=\"twitter:data1\" content=\"Casa da Mulher Trabalhadora\" \/>\n\t<meta name=\"twitter:label2\" content=\"Est. tempo de leitura\" \/>\n\t<meta name=\"twitter:data2\" content=\"1 minuto\" \/>\n<script type=\"application\/ld+json\" class=\"yoast-schema-graph\">{\"@context\":\"https:\/\/schema.org\",\"@graph\":[{\"@type\":\"Article\",\"@id\":\"https:\/\/novo2023.camtra.org.br\/index.php\/2022\/03\/09\/serie-mulheres-que-inspiram-nise-da-silveira\/#article\",\"isPartOf\":{\"@id\":\"https:\/\/novo2023.camtra.org.br\/index.php\/2022\/03\/09\/serie-mulheres-que-inspiram-nise-da-silveira\/\"},\"author\":{\"name\":\"Casa da Mulher Trabalhadora\",\"@id\":\"https:\/\/novo2023.camtra.org.br\/#\/schema\/person\/f163af9cb65589aab5865b0437873a74\"},\"headline\":\"S\u00e9rie Mulheres que Nos Inspiram &#8211; Nise da Silveira\",\"datePublished\":\"2022-03-09T14:23:49+00:00\",\"dateModified\":\"2022-03-09T14:23:49+00:00\",\"mainEntityOfPage\":{\"@id\":\"https:\/\/novo2023.camtra.org.br\/index.php\/2022\/03\/09\/serie-mulheres-que-inspiram-nise-da-silveira\/\"},\"wordCount\":253,\"commentCount\":0,\"publisher\":{\"@id\":\"https:\/\/novo2023.camtra.org.br\/#organization\"},\"image\":{\"@id\":\"https:\/\/novo2023.camtra.org.br\/index.php\/2022\/03\/09\/serie-mulheres-que-inspiram-nise-da-silveira\/#primaryimage\"},\"thumbnailUrl\":\"\",\"keywords\":[\"08 de mar\u00e7o 2022\",\"Dia Internacional da Mulher\",\"nise\",\"nise da silveira\",\"nisedasilveira\"],\"articleSection\":[\"Data\",\"Milit\u00e2ncia\",\"Not\u00edcias\"],\"inLanguage\":\"pt-BR\",\"potentialAction\":[{\"@type\":\"CommentAction\",\"name\":\"Comment\",\"target\":[\"https:\/\/novo2023.camtra.org.br\/index.php\/2022\/03\/09\/serie-mulheres-que-inspiram-nise-da-silveira\/#respond\"]}]},{\"@type\":\"WebPage\",\"@id\":\"https:\/\/novo2023.camtra.org.br\/index.php\/2022\/03\/09\/serie-mulheres-que-inspiram-nise-da-silveira\/\",\"url\":\"https:\/\/novo2023.camtra.org.br\/index.php\/2022\/03\/09\/serie-mulheres-que-inspiram-nise-da-silveira\/\",\"name\":\"S\u00e9rie Mulheres que Nos Inspiram - Nise da Silveira - CAMTRA NOVO\",\"isPartOf\":{\"@id\":\"https:\/\/novo2023.camtra.org.br\/#website\"},\"primaryImageOfPage\":{\"@id\":\"https:\/\/novo2023.camtra.org.br\/index.php\/2022\/03\/09\/serie-mulheres-que-inspiram-nise-da-silveira\/#primaryimage\"},\"image\":{\"@id\":\"https:\/\/novo2023.camtra.org.br\/index.php\/2022\/03\/09\/serie-mulheres-que-inspiram-nise-da-silveira\/#primaryimage\"},\"thumbnailUrl\":\"\",\"datePublished\":\"2022-03-09T14:23:49+00:00\",\"dateModified\":\"2022-03-09T14:23:49+00:00\",\"breadcrumb\":{\"@id\":\"https:\/\/novo2023.camtra.org.br\/index.php\/2022\/03\/09\/serie-mulheres-que-inspiram-nise-da-silveira\/#breadcrumb\"},\"inLanguage\":\"pt-BR\",\"potentialAction\":[{\"@type\":\"ReadAction\",\"target\":[\"https:\/\/novo2023.camtra.org.br\/index.php\/2022\/03\/09\/serie-mulheres-que-inspiram-nise-da-silveira\/\"]}]},{\"@type\":\"ImageObject\",\"inLanguage\":\"pt-BR\",\"@id\":\"https:\/\/novo2023.camtra.org.br\/index.php\/2022\/03\/09\/serie-mulheres-que-inspiram-nise-da-silveira\/#primaryimage\",\"url\":\"\",\"contentUrl\":\"\"},{\"@type\":\"BreadcrumbList\",\"@id\":\"https:\/\/novo2023.camtra.org.br\/index.php\/2022\/03\/09\/serie-mulheres-que-inspiram-nise-da-silveira\/#breadcrumb\",\"itemListElement\":[{\"@type\":\"ListItem\",\"position\":1,\"name\":\"Home\",\"item\":\"https:\/\/novo2023.camtra.org.br\/\"},{\"@type\":\"ListItem\",\"position\":2,\"name\":\"S\u00e9rie Mulheres que Nos Inspiram &#8211; Nise da Silveira\"}]},{\"@type\":\"WebSite\",\"@id\":\"https:\/\/novo2023.camtra.org.br\/#website\",\"url\":\"https:\/\/novo2023.camtra.org.br\/\",\"name\":\"CAMTRA NOVO\",\"description\":\"\",\"publisher\":{\"@id\":\"https:\/\/novo2023.camtra.org.br\/#organization\"},\"potentialAction\":[{\"@type\":\"SearchAction\",\"target\":{\"@type\":\"EntryPoint\",\"urlTemplate\":\"https:\/\/novo2023.camtra.org.br\/?s={search_term_string}\"},\"query-input\":\"required name=search_term_string\"}],\"inLanguage\":\"pt-BR\"},{\"@type\":\"Organization\",\"@id\":\"https:\/\/novo2023.camtra.org.br\/#organization\",\"name\":\"CAMTRA NOVO\",\"url\":\"https:\/\/novo2023.camtra.org.br\/\",\"logo\":{\"@type\":\"ImageObject\",\"inLanguage\":\"pt-BR\",\"@id\":\"https:\/\/novo2023.camtra.org.br\/#\/schema\/logo\/image\/\",\"url\":\"https:\/\/novo2023.camtra.org.br\/wp-content\/uploads\/2024\/01\/CAMTRA-comflor-roxa-logo_logo-camtra-principal-flor.png\",\"contentUrl\":\"https:\/\/novo2023.camtra.org.br\/wp-content\/uploads\/2024\/01\/CAMTRA-comflor-roxa-logo_logo-camtra-principal-flor.png\",\"width\":1172,\"height\":330,\"caption\":\"CAMTRA NOVO\"},\"image\":{\"@id\":\"https:\/\/novo2023.camtra.org.br\/#\/schema\/logo\/image\/\"}},{\"@type\":\"Person\",\"@id\":\"https:\/\/novo2023.camtra.org.br\/#\/schema\/person\/f163af9cb65589aab5865b0437873a74\",\"name\":\"Casa da Mulher Trabalhadora\",\"image\":{\"@type\":\"ImageObject\",\"inLanguage\":\"pt-BR\",\"@id\":\"https:\/\/novo2023.camtra.org.br\/#\/schema\/person\/image\/\",\"url\":\"https:\/\/novo2023.camtra.org.br\/wp-content\/litespeed\/avatar\/4c87233a8b80506f010db0cccf69e8b5.jpg?ver=1777270965\",\"contentUrl\":\"https:\/\/novo2023.camtra.org.br\/wp-content\/litespeed\/avatar\/4c87233a8b80506f010db0cccf69e8b5.jpg?ver=1777270965\",\"caption\":\"Casa da Mulher Trabalhadora\"},\"url\":\"https:\/\/novo2023.camtra.org.br\/index.php\/author\/camtra\/\"}]}<\/script>\n<!-- \/ Yoast SEO plugin. -->","yoast_head_json":{"title":"S\u00e9rie Mulheres que Nos Inspiram - Nise da Silveira - CAMTRA NOVO","robots":{"index":"index","follow":"follow","max-snippet":"max-snippet:-1","max-image-preview":"max-image-preview:large","max-video-preview":"max-video-preview:-1"},"canonical":"https:\/\/novo2023.camtra.org.br\/index.php\/2022\/03\/09\/serie-mulheres-que-inspiram-nise-da-silveira\/","og_locale":"pt_BR","og_type":"article","og_title":"S\u00e9rie Mulheres que Nos Inspiram - Nise da Silveira - CAMTRA NOVO","og_description":"S\u00e9rie Mulheres que Nos Inspiram &#8211; Nise da Silveira &nbsp; &#8220;H\u00e1 no meu temperamento essa f\u00faria. Quando eu quero uma coisa, eu insisto. Todo o dia, sem falta, eu levantava [&hellip;]","og_url":"https:\/\/novo2023.camtra.org.br\/index.php\/2022\/03\/09\/serie-mulheres-que-inspiram-nise-da-silveira\/","og_site_name":"CAMTRA NOVO","article_published_time":"2022-03-09T14:23:49+00:00","author":"Casa da Mulher Trabalhadora","twitter_card":"summary_large_image","twitter_misc":{"Escrito por":"Casa da Mulher Trabalhadora","Est. tempo de leitura":"1 minuto"},"schema":{"@context":"https:\/\/schema.org","@graph":[{"@type":"Article","@id":"https:\/\/novo2023.camtra.org.br\/index.php\/2022\/03\/09\/serie-mulheres-que-inspiram-nise-da-silveira\/#article","isPartOf":{"@id":"https:\/\/novo2023.camtra.org.br\/index.php\/2022\/03\/09\/serie-mulheres-que-inspiram-nise-da-silveira\/"},"author":{"name":"Casa da Mulher Trabalhadora","@id":"https:\/\/novo2023.camtra.org.br\/#\/schema\/person\/f163af9cb65589aab5865b0437873a74"},"headline":"S\u00e9rie Mulheres que Nos Inspiram &#8211; Nise da Silveira","datePublished":"2022-03-09T14:23:49+00:00","dateModified":"2022-03-09T14:23:49+00:00","mainEntityOfPage":{"@id":"https:\/\/novo2023.camtra.org.br\/index.php\/2022\/03\/09\/serie-mulheres-que-inspiram-nise-da-silveira\/"},"wordCount":253,"commentCount":0,"publisher":{"@id":"https:\/\/novo2023.camtra.org.br\/#organization"},"image":{"@id":"https:\/\/novo2023.camtra.org.br\/index.php\/2022\/03\/09\/serie-mulheres-que-inspiram-nise-da-silveira\/#primaryimage"},"thumbnailUrl":"","keywords":["08 de mar\u00e7o 2022","Dia Internacional da Mulher","nise","nise da silveira","nisedasilveira"],"articleSection":["Data","Milit\u00e2ncia","Not\u00edcias"],"inLanguage":"pt-BR","potentialAction":[{"@type":"CommentAction","name":"Comment","target":["https:\/\/novo2023.camtra.org.br\/index.php\/2022\/03\/09\/serie-mulheres-que-inspiram-nise-da-silveira\/#respond"]}]},{"@type":"WebPage","@id":"https:\/\/novo2023.camtra.org.br\/index.php\/2022\/03\/09\/serie-mulheres-que-inspiram-nise-da-silveira\/","url":"https:\/\/novo2023.camtra.org.br\/index.php\/2022\/03\/09\/serie-mulheres-que-inspiram-nise-da-silveira\/","name":"S\u00e9rie Mulheres que Nos Inspiram - Nise da Silveira - CAMTRA NOVO","isPartOf":{"@id":"https:\/\/novo2023.camtra.org.br\/#website"},"primaryImageOfPage":{"@id":"https:\/\/novo2023.camtra.org.br\/index.php\/2022\/03\/09\/serie-mulheres-que-inspiram-nise-da-silveira\/#primaryimage"},"image":{"@id":"https:\/\/novo2023.camtra.org.br\/index.php\/2022\/03\/09\/serie-mulheres-que-inspiram-nise-da-silveira\/#primaryimage"},"thumbnailUrl":"","datePublished":"2022-03-09T14:23:49+00:00","dateModified":"2022-03-09T14:23:49+00:00","breadcrumb":{"@id":"https:\/\/novo2023.camtra.org.br\/index.php\/2022\/03\/09\/serie-mulheres-que-inspiram-nise-da-silveira\/#breadcrumb"},"inLanguage":"pt-BR","potentialAction":[{"@type":"ReadAction","target":["https:\/\/novo2023.camtra.org.br\/index.php\/2022\/03\/09\/serie-mulheres-que-inspiram-nise-da-silveira\/"]}]},{"@type":"ImageObject","inLanguage":"pt-BR","@id":"https:\/\/novo2023.camtra.org.br\/index.php\/2022\/03\/09\/serie-mulheres-que-inspiram-nise-da-silveira\/#primaryimage","url":"","contentUrl":""},{"@type":"BreadcrumbList","@id":"https:\/\/novo2023.camtra.org.br\/index.php\/2022\/03\/09\/serie-mulheres-que-inspiram-nise-da-silveira\/#breadcrumb","itemListElement":[{"@type":"ListItem","position":1,"name":"Home","item":"https:\/\/novo2023.camtra.org.br\/"},{"@type":"ListItem","position":2,"name":"S\u00e9rie Mulheres que Nos Inspiram &#8211; Nise da Silveira"}]},{"@type":"WebSite","@id":"https:\/\/novo2023.camtra.org.br\/#website","url":"https:\/\/novo2023.camtra.org.br\/","name":"CAMTRA NOVO","description":"","publisher":{"@id":"https:\/\/novo2023.camtra.org.br\/#organization"},"potentialAction":[{"@type":"SearchAction","target":{"@type":"EntryPoint","urlTemplate":"https:\/\/novo2023.camtra.org.br\/?s={search_term_string}"},"query-input":"required name=search_term_string"}],"inLanguage":"pt-BR"},{"@type":"Organization","@id":"https:\/\/novo2023.camtra.org.br\/#organization","name":"CAMTRA NOVO","url":"https:\/\/novo2023.camtra.org.br\/","logo":{"@type":"ImageObject","inLanguage":"pt-BR","@id":"https:\/\/novo2023.camtra.org.br\/#\/schema\/logo\/image\/","url":"https:\/\/novo2023.camtra.org.br\/wp-content\/uploads\/2024\/01\/CAMTRA-comflor-roxa-logo_logo-camtra-principal-flor.png","contentUrl":"https:\/\/novo2023.camtra.org.br\/wp-content\/uploads\/2024\/01\/CAMTRA-comflor-roxa-logo_logo-camtra-principal-flor.png","width":1172,"height":330,"caption":"CAMTRA NOVO"},"image":{"@id":"https:\/\/novo2023.camtra.org.br\/#\/schema\/logo\/image\/"}},{"@type":"Person","@id":"https:\/\/novo2023.camtra.org.br\/#\/schema\/person\/f163af9cb65589aab5865b0437873a74","name":"Casa da Mulher Trabalhadora","image":{"@type":"ImageObject","inLanguage":"pt-BR","@id":"https:\/\/novo2023.camtra.org.br\/#\/schema\/person\/image\/","url":"https:\/\/novo2023.camtra.org.br\/wp-content\/litespeed\/avatar\/4c87233a8b80506f010db0cccf69e8b5.jpg?ver=1777270965","contentUrl":"https:\/\/novo2023.camtra.org.br\/wp-content\/litespeed\/avatar\/4c87233a8b80506f010db0cccf69e8b5.jpg?ver=1777270965","caption":"Casa da Mulher Trabalhadora"},"url":"https:\/\/novo2023.camtra.org.br\/index.php\/author\/camtra\/"}]}},"_links":{"self":[{"href":"https:\/\/novo2023.camtra.org.br\/index.php\/wp-json\/wp\/v2\/posts\/8185"}],"collection":[{"href":"https:\/\/novo2023.camtra.org.br\/index.php\/wp-json\/wp\/v2\/posts"}],"about":[{"href":"https:\/\/novo2023.camtra.org.br\/index.php\/wp-json\/wp\/v2\/types\/post"}],"author":[{"embeddable":true,"href":"https:\/\/novo2023.camtra.org.br\/index.php\/wp-json\/wp\/v2\/users\/3"}],"replies":[{"embeddable":true,"href":"https:\/\/novo2023.camtra.org.br\/index.php\/wp-json\/wp\/v2\/comments?post=8185"}],"version-history":[{"count":0,"href":"https:\/\/novo2023.camtra.org.br\/index.php\/wp-json\/wp\/v2\/posts\/8185\/revisions"}],"wp:featuredmedia":[{"embeddable":true,"href":"https:\/\/novo2023.camtra.org.br\/index.php\/wp-json\/"}],"wp:attachment":[{"href":"https:\/\/novo2023.camtra.org.br\/index.php\/wp-json\/wp\/v2\/media?parent=8185"}],"wp:term":[{"taxonomy":"category","embeddable":true,"href":"https:\/\/novo2023.camtra.org.br\/index.php\/wp-json\/wp\/v2\/categories?post=8185"},{"taxonomy":"post_tag","embeddable":true,"href":"https:\/\/novo2023.camtra.org.br\/index.php\/wp-json\/wp\/v2\/tags?post=8185"}],"curies":[{"name":"wp","href":"https:\/\/api.w.org\/{rel}","templated":true}]}}