{"id":8132,"date":"2022-05-30T17:04:27","date_gmt":"2022-05-30T20:04:27","guid":{"rendered":"https:\/\/camtra.org.br\/?p=8132"},"modified":"2022-05-30T17:04:27","modified_gmt":"2022-05-30T20:04:27","slug":"crimes-do-patriarcado-feminicidios-22-a-28-de-maio-22","status":"publish","type":"post","link":"https:\/\/novo2023.camtra.org.br\/index.php\/2022\/05\/30\/crimes-do-patriarcado-feminicidios-22-a-28-de-maio-22\/","title":{"rendered":"Crimes do Patriarcado &#8211; Feminic\u00eddios 22 a 28 de maio\/22"},"content":{"rendered":"<div id=\"fb-root\"><\/div>\n<h2 style=\"text-align: center;\">Crimes do Patriarcados: Mem\u00f3ria, Luta e Resist\u00eancia. Mulheres Presentes!<\/h2>\n<h3 style=\"text-align: center;\">As viol\u00eancias contra as mulheres nos matam. \u270a\ud83c\udffe<\/h3>\n<p>A CAMTRA realizou um levantamento atrav\u00e9s da internet, jornais locais e denunciamos o feminic\u00eddio de 17 mulheres entre 22\/05\/2022 a 28\/05\/2022.<\/p>\n<h4>Ao todo apuramos 17 casos de feminic\u00eddio em todo o Brasil durante a semana passada, sendo 3 casos nas regi\u00f5es Norte e no Nordeste; 2 casos na regi\u00e3o Sul; 5 casos na regi\u00e3o Sudeste e 7 casos na regi\u00e3o Centro-Oeste, sendo 4 casos no estado de Goi\u00e1s.<\/h4>\n<p><!--more--><\/p>\n<p>De acordo com a Lei 13.104\/15 o feminic\u00eddio \u00e9 definido como o assassinato de uma mulher por raz\u00f5es da condi\u00e7\u00e3o de g\u00eanero feminino, sendo que s\u00e3o consideradas raz\u00f5es de condi\u00e7\u00e3o de sexo feminino quando o crime envolve viol\u00eancia dom\u00e9stica e familiar; menosprezo ou discrimina\u00e7\u00e3o \u00e0 condi\u00e7\u00e3o de mulher.<\/p>\n<p>O feminic\u00eddio \u00e9 um crime de \u00f3dio, n\u00e3o \u00e9 um crime passional. Os crimes do patriarcado s\u00e3o resultado das discrimina\u00e7\u00f5es, opress\u00f5es e viol\u00eancias contra as Mulheres.<\/p>\n<p>Mulheres s\u00e3o mortas por n\u00e3o aceitarem regras ou expectativas de seus companheiros ou da sociedade, por serem invis\u00edveis ao Estado que n\u00e3o garante sua seguran\u00e7a e, que na maioria dos casos, n\u00e3o foi capaz de ouvi-las para que pudesse prevenir tais mortes.<\/p>\n<p>Se voc\u00ea for v\u00edtima de viol\u00eancia ou souber de algu\u00e9m que esteja em situa\u00e7\u00e3o de viol\u00eancia dom\u00e9stica. Denuncie! Isso pode salvar a vida da mulher. <a href=\"http:\/\/www.camtra.org.br\/defenda-se\">Acesse www.camtra.org.br\/defenda-se<\/a><\/p>\n<p>&nbsp;<\/p>\n<p>N\u00e3o v\u00e3o nos calar!<\/p>\n","protected":false},"excerpt":{"rendered":"<p>Crimes do Patriarcados: Mem\u00f3ria, Luta e Resist\u00eancia. Mulheres Presentes! As viol\u00eancias contra as mulheres nos matam. \u270a\ud83c\udffe A CAMTRA realizou um levantamento atrav\u00e9s da internet, jornais locais e denunciamos o [&hellip;]<\/p>\n","protected":false},"author":3,"featured_media":8133,"comment_status":"open","ping_status":"open","sticky":false,"template":"","format":"standard","meta":{"om_disable_all_campaigns":false,"_monsterinsights_skip_tracking":false,"_monsterinsights_sitenote_active":false,"_monsterinsights_sitenote_note":"","_monsterinsights_sitenote_category":0,"_uf_show_specific_survey":0,"_uf_disable_surveys":false,"ocean_post_layout":"","ocean_both_sidebars_style":"","ocean_both_sidebars_content_width":0,"ocean_both_sidebars_sidebars_width":0,"ocean_sidebar":"","ocean_second_sidebar":"","ocean_disable_margins":"enable","ocean_add_body_class":"","ocean_shortcode_before_top_bar":"","ocean_shortcode_after_top_bar":"","ocean_shortcode_before_header":"","ocean_shortcode_after_header":"","ocean_has_shortcode":"","ocean_shortcode_after_title":"","ocean_shortcode_before_footer_widgets":"","ocean_shortcode_after_footer_widgets":"","ocean_shortcode_before_footer_bottom":"","ocean_shortcode_after_footer_bottom":"","ocean_display_top_bar":"default","ocean_display_header":"default","ocean_header_style":"","ocean_center_header_left_menu":"","ocean_custom_header_template":"","ocean_custom_logo":0,"ocean_custom_retina_logo":0,"ocean_custom_logo_max_width":0,"ocean_custom_logo_tablet_max_width":0,"ocean_custom_logo_mobile_max_width":0,"ocean_custom_logo_max_height":0,"ocean_custom_logo_tablet_max_height":0,"ocean_custom_logo_mobile_max_height":0,"ocean_header_custom_menu":"","ocean_menu_typo_font_family":"","ocean_menu_typo_font_subset":"","ocean_menu_typo_font_size":0,"ocean_menu_typo_font_size_tablet":0,"ocean_menu_typo_font_size_mobile":0,"ocean_menu_typo_font_size_unit":"px","ocean_menu_typo_font_weight":"","ocean_menu_typo_font_weight_tablet":"","ocean_menu_typo_font_weight_mobile":"","ocean_menu_typo_transform":"","ocean_menu_typo_transform_tablet":"","ocean_menu_typo_transform_mobile":"","ocean_menu_typo_line_height":0,"ocean_menu_typo_line_height_tablet":0,"ocean_menu_typo_line_height_mobile":0,"ocean_menu_typo_line_height_unit":"","ocean_menu_typo_spacing":0,"ocean_menu_typo_spacing_tablet":0,"ocean_menu_typo_spacing_mobile":0,"ocean_menu_typo_spacing_unit":"","ocean_menu_link_color":"","ocean_menu_link_color_hover":"","ocean_menu_link_color_active":"","ocean_menu_link_background":"","ocean_menu_link_hover_background":"","ocean_menu_link_active_background":"","ocean_menu_social_links_bg":"","ocean_menu_social_hover_links_bg":"","ocean_menu_social_links_color":"","ocean_menu_social_hover_links_color":"","ocean_disable_title":"default","ocean_disable_heading":"default","ocean_post_title":"","ocean_post_subheading":"","ocean_post_title_style":"","ocean_post_title_background_color":"","ocean_post_title_background":0,"ocean_post_title_bg_image_position":"","ocean_post_title_bg_image_attachment":"","ocean_post_title_bg_image_repeat":"","ocean_post_title_bg_image_size":"","ocean_post_title_height":0,"ocean_post_title_bg_overlay":0.5,"ocean_post_title_bg_overlay_color":"","ocean_disable_breadcrumbs":"default","ocean_breadcrumbs_color":"","ocean_breadcrumbs_separator_color":"","ocean_breadcrumbs_links_color":"","ocean_breadcrumbs_links_hover_color":"","ocean_display_footer_widgets":"default","ocean_display_footer_bottom":"default","ocean_custom_footer_template":"","ocean_post_oembed":"","ocean_post_self_hosted_media":"","ocean_post_video_embed":"","ocean_link_format":"","ocean_link_format_target":"self","ocean_quote_format":"","ocean_quote_format_link":"post","ocean_gallery_link_images":"on","ocean_gallery_id":[],"footnotes":""},"categories":[27,30],"tags":[],"class_list":["post-8132","post","type-post","status-publish","format-standard","has-post-thumbnail","hentry","category-noticias","category-violencia","entry","has-media"],"aioseo_notices":[],"yoast_head":"<!-- This site is optimized with the Yoast SEO plugin v23.0 - https:\/\/yoast.com\/wordpress\/plugins\/seo\/ -->\n<title>Crimes do Patriarcado - Feminic\u00eddios 22 a 28 de maio\/22 - CAMTRA NOVO<\/title>\n<meta name=\"robots\" content=\"index, follow, max-snippet:-1, max-image-preview:large, max-video-preview:-1\" \/>\n<link rel=\"canonical\" href=\"https:\/\/novo2023.camtra.org.br\/index.php\/2022\/05\/30\/crimes-do-patriarcado-feminicidios-22-a-28-de-maio-22\/\" \/>\n<meta property=\"og:locale\" content=\"pt_BR\" \/>\n<meta property=\"og:type\" content=\"article\" \/>\n<meta property=\"og:title\" content=\"Crimes do Patriarcado - Feminic\u00eddios 22 a 28 de maio\/22 - CAMTRA NOVO\" \/>\n<meta property=\"og:description\" content=\"Crimes do Patriarcados: Mem\u00f3ria, Luta e Resist\u00eancia. Mulheres Presentes! As viol\u00eancias contra as mulheres nos matam. \u270a\ud83c\udffe A CAMTRA realizou um levantamento atrav\u00e9s da internet, jornais locais e denunciamos o [&hellip;]\" \/>\n<meta property=\"og:url\" content=\"https:\/\/novo2023.camtra.org.br\/index.php\/2022\/05\/30\/crimes-do-patriarcado-feminicidios-22-a-28-de-maio-22\/\" \/>\n<meta property=\"og:site_name\" content=\"CAMTRA NOVO\" \/>\n<meta property=\"article:published_time\" content=\"2022-05-30T20:04:27+00:00\" \/>\n<meta name=\"author\" content=\"Casa da Mulher Trabalhadora\" \/>\n<meta name=\"twitter:card\" content=\"summary_large_image\" \/>\n<meta name=\"twitter:label1\" content=\"Escrito por\" \/>\n\t<meta name=\"twitter:data1\" content=\"Casa da Mulher Trabalhadora\" \/>\n\t<meta name=\"twitter:label2\" content=\"Est. tempo de leitura\" \/>\n\t<meta name=\"twitter:data2\" content=\"1 minuto\" \/>\n<script type=\"application\/ld+json\" class=\"yoast-schema-graph\">{\"@context\":\"https:\/\/schema.org\",\"@graph\":[{\"@type\":\"Article\",\"@id\":\"https:\/\/novo2023.camtra.org.br\/index.php\/2022\/05\/30\/crimes-do-patriarcado-feminicidios-22-a-28-de-maio-22\/#article\",\"isPartOf\":{\"@id\":\"https:\/\/novo2023.camtra.org.br\/index.php\/2022\/05\/30\/crimes-do-patriarcado-feminicidios-22-a-28-de-maio-22\/\"},\"author\":{\"name\":\"Casa da Mulher Trabalhadora\",\"@id\":\"https:\/\/novo2023.camtra.org.br\/#\/schema\/person\/f163af9cb65589aab5865b0437873a74\"},\"headline\":\"Crimes do Patriarcado &#8211; Feminic\u00eddios 22 a 28 de maio\/22\",\"datePublished\":\"2022-05-30T20:04:27+00:00\",\"dateModified\":\"2022-05-30T20:04:27+00:00\",\"mainEntityOfPage\":{\"@id\":\"https:\/\/novo2023.camtra.org.br\/index.php\/2022\/05\/30\/crimes-do-patriarcado-feminicidios-22-a-28-de-maio-22\/\"},\"wordCount\":273,\"commentCount\":0,\"publisher\":{\"@id\":\"https:\/\/novo2023.camtra.org.br\/#organization\"},\"image\":{\"@id\":\"https:\/\/novo2023.camtra.org.br\/index.php\/2022\/05\/30\/crimes-do-patriarcado-feminicidios-22-a-28-de-maio-22\/#primaryimage\"},\"thumbnailUrl\":\"\",\"articleSection\":[\"Not\u00edcias\",\"Viol\u00eancia\"],\"inLanguage\":\"pt-BR\",\"potentialAction\":[{\"@type\":\"CommentAction\",\"name\":\"Comment\",\"target\":[\"https:\/\/novo2023.camtra.org.br\/index.php\/2022\/05\/30\/crimes-do-patriarcado-feminicidios-22-a-28-de-maio-22\/#respond\"]}]},{\"@type\":\"WebPage\",\"@id\":\"https:\/\/novo2023.camtra.org.br\/index.php\/2022\/05\/30\/crimes-do-patriarcado-feminicidios-22-a-28-de-maio-22\/\",\"url\":\"https:\/\/novo2023.camtra.org.br\/index.php\/2022\/05\/30\/crimes-do-patriarcado-feminicidios-22-a-28-de-maio-22\/\",\"name\":\"Crimes do Patriarcado - Feminic\u00eddios 22 a 28 de maio\/22 - CAMTRA NOVO\",\"isPartOf\":{\"@id\":\"https:\/\/novo2023.camtra.org.br\/#website\"},\"primaryImageOfPage\":{\"@id\":\"https:\/\/novo2023.camtra.org.br\/index.php\/2022\/05\/30\/crimes-do-patriarcado-feminicidios-22-a-28-de-maio-22\/#primaryimage\"},\"image\":{\"@id\":\"https:\/\/novo2023.camtra.org.br\/index.php\/2022\/05\/30\/crimes-do-patriarcado-feminicidios-22-a-28-de-maio-22\/#primaryimage\"},\"thumbnailUrl\":\"\",\"datePublished\":\"2022-05-30T20:04:27+00:00\",\"dateModified\":\"2022-05-30T20:04:27+00:00\",\"breadcrumb\":{\"@id\":\"https:\/\/novo2023.camtra.org.br\/index.php\/2022\/05\/30\/crimes-do-patriarcado-feminicidios-22-a-28-de-maio-22\/#breadcrumb\"},\"inLanguage\":\"pt-BR\",\"potentialAction\":[{\"@type\":\"ReadAction\",\"target\":[\"https:\/\/novo2023.camtra.org.br\/index.php\/2022\/05\/30\/crimes-do-patriarcado-feminicidios-22-a-28-de-maio-22\/\"]}]},{\"@type\":\"ImageObject\",\"inLanguage\":\"pt-BR\",\"@id\":\"https:\/\/novo2023.camtra.org.br\/index.php\/2022\/05\/30\/crimes-do-patriarcado-feminicidios-22-a-28-de-maio-22\/#primaryimage\",\"url\":\"\",\"contentUrl\":\"\"},{\"@type\":\"BreadcrumbList\",\"@id\":\"https:\/\/novo2023.camtra.org.br\/index.php\/2022\/05\/30\/crimes-do-patriarcado-feminicidios-22-a-28-de-maio-22\/#breadcrumb\",\"itemListElement\":[{\"@type\":\"ListItem\",\"position\":1,\"name\":\"Home\",\"item\":\"https:\/\/novo2023.camtra.org.br\/\"},{\"@type\":\"ListItem\",\"position\":2,\"name\":\"Crimes do Patriarcado &#8211; Feminic\u00eddios 22 a 28 de maio\/22\"}]},{\"@type\":\"WebSite\",\"@id\":\"https:\/\/novo2023.camtra.org.br\/#website\",\"url\":\"https:\/\/novo2023.camtra.org.br\/\",\"name\":\"CAMTRA NOVO\",\"description\":\"\",\"publisher\":{\"@id\":\"https:\/\/novo2023.camtra.org.br\/#organization\"},\"potentialAction\":[{\"@type\":\"SearchAction\",\"target\":{\"@type\":\"EntryPoint\",\"urlTemplate\":\"https:\/\/novo2023.camtra.org.br\/?s={search_term_string}\"},\"query-input\":\"required name=search_term_string\"}],\"inLanguage\":\"pt-BR\"},{\"@type\":\"Organization\",\"@id\":\"https:\/\/novo2023.camtra.org.br\/#organization\",\"name\":\"CAMTRA NOVO\",\"url\":\"https:\/\/novo2023.camtra.org.br\/\",\"logo\":{\"@type\":\"ImageObject\",\"inLanguage\":\"pt-BR\",\"@id\":\"https:\/\/novo2023.camtra.org.br\/#\/schema\/logo\/image\/\",\"url\":\"https:\/\/novo2023.camtra.org.br\/wp-content\/uploads\/2024\/01\/CAMTRA-comflor-roxa-logo_logo-camtra-principal-flor.png\",\"contentUrl\":\"https:\/\/novo2023.camtra.org.br\/wp-content\/uploads\/2024\/01\/CAMTRA-comflor-roxa-logo_logo-camtra-principal-flor.png\",\"width\":1172,\"height\":330,\"caption\":\"CAMTRA NOVO\"},\"image\":{\"@id\":\"https:\/\/novo2023.camtra.org.br\/#\/schema\/logo\/image\/\"}},{\"@type\":\"Person\",\"@id\":\"https:\/\/novo2023.camtra.org.br\/#\/schema\/person\/f163af9cb65589aab5865b0437873a74\",\"name\":\"Casa da Mulher Trabalhadora\",\"image\":{\"@type\":\"ImageObject\",\"inLanguage\":\"pt-BR\",\"@id\":\"https:\/\/novo2023.camtra.org.br\/#\/schema\/person\/image\/\",\"url\":\"https:\/\/novo2023.camtra.org.br\/wp-content\/litespeed\/avatar\/4c87233a8b80506f010db0cccf69e8b5.jpg?ver=1777270965\",\"contentUrl\":\"https:\/\/novo2023.camtra.org.br\/wp-content\/litespeed\/avatar\/4c87233a8b80506f010db0cccf69e8b5.jpg?ver=1777270965\",\"caption\":\"Casa da Mulher Trabalhadora\"},\"url\":\"https:\/\/novo2023.camtra.org.br\/index.php\/author\/camtra\/\"}]}<\/script>\n<!-- \/ Yoast SEO plugin. -->","yoast_head_json":{"title":"Crimes do Patriarcado - Feminic\u00eddios 22 a 28 de maio\/22 - CAMTRA NOVO","robots":{"index":"index","follow":"follow","max-snippet":"max-snippet:-1","max-image-preview":"max-image-preview:large","max-video-preview":"max-video-preview:-1"},"canonical":"https:\/\/novo2023.camtra.org.br\/index.php\/2022\/05\/30\/crimes-do-patriarcado-feminicidios-22-a-28-de-maio-22\/","og_locale":"pt_BR","og_type":"article","og_title":"Crimes do Patriarcado - Feminic\u00eddios 22 a 28 de maio\/22 - CAMTRA NOVO","og_description":"Crimes do Patriarcados: Mem\u00f3ria, Luta e Resist\u00eancia. Mulheres Presentes! As viol\u00eancias contra as mulheres nos matam. \u270a\ud83c\udffe A CAMTRA realizou um levantamento atrav\u00e9s da internet, jornais locais e denunciamos o [&hellip;]","og_url":"https:\/\/novo2023.camtra.org.br\/index.php\/2022\/05\/30\/crimes-do-patriarcado-feminicidios-22-a-28-de-maio-22\/","og_site_name":"CAMTRA NOVO","article_published_time":"2022-05-30T20:04:27+00:00","author":"Casa da Mulher Trabalhadora","twitter_card":"summary_large_image","twitter_misc":{"Escrito por":"Casa da Mulher Trabalhadora","Est. tempo de leitura":"1 minuto"},"schema":{"@context":"https:\/\/schema.org","@graph":[{"@type":"Article","@id":"https:\/\/novo2023.camtra.org.br\/index.php\/2022\/05\/30\/crimes-do-patriarcado-feminicidios-22-a-28-de-maio-22\/#article","isPartOf":{"@id":"https:\/\/novo2023.camtra.org.br\/index.php\/2022\/05\/30\/crimes-do-patriarcado-feminicidios-22-a-28-de-maio-22\/"},"author":{"name":"Casa da Mulher Trabalhadora","@id":"https:\/\/novo2023.camtra.org.br\/#\/schema\/person\/f163af9cb65589aab5865b0437873a74"},"headline":"Crimes do Patriarcado &#8211; Feminic\u00eddios 22 a 28 de maio\/22","datePublished":"2022-05-30T20:04:27+00:00","dateModified":"2022-05-30T20:04:27+00:00","mainEntityOfPage":{"@id":"https:\/\/novo2023.camtra.org.br\/index.php\/2022\/05\/30\/crimes-do-patriarcado-feminicidios-22-a-28-de-maio-22\/"},"wordCount":273,"commentCount":0,"publisher":{"@id":"https:\/\/novo2023.camtra.org.br\/#organization"},"image":{"@id":"https:\/\/novo2023.camtra.org.br\/index.php\/2022\/05\/30\/crimes-do-patriarcado-feminicidios-22-a-28-de-maio-22\/#primaryimage"},"thumbnailUrl":"","articleSection":["Not\u00edcias","Viol\u00eancia"],"inLanguage":"pt-BR","potentialAction":[{"@type":"CommentAction","name":"Comment","target":["https:\/\/novo2023.camtra.org.br\/index.php\/2022\/05\/30\/crimes-do-patriarcado-feminicidios-22-a-28-de-maio-22\/#respond"]}]},{"@type":"WebPage","@id":"https:\/\/novo2023.camtra.org.br\/index.php\/2022\/05\/30\/crimes-do-patriarcado-feminicidios-22-a-28-de-maio-22\/","url":"https:\/\/novo2023.camtra.org.br\/index.php\/2022\/05\/30\/crimes-do-patriarcado-feminicidios-22-a-28-de-maio-22\/","name":"Crimes do Patriarcado - Feminic\u00eddios 22 a 28 de maio\/22 - CAMTRA NOVO","isPartOf":{"@id":"https:\/\/novo2023.camtra.org.br\/#website"},"primaryImageOfPage":{"@id":"https:\/\/novo2023.camtra.org.br\/index.php\/2022\/05\/30\/crimes-do-patriarcado-feminicidios-22-a-28-de-maio-22\/#primaryimage"},"image":{"@id":"https:\/\/novo2023.camtra.org.br\/index.php\/2022\/05\/30\/crimes-do-patriarcado-feminicidios-22-a-28-de-maio-22\/#primaryimage"},"thumbnailUrl":"","datePublished":"2022-05-30T20:04:27+00:00","dateModified":"2022-05-30T20:04:27+00:00","breadcrumb":{"@id":"https:\/\/novo2023.camtra.org.br\/index.php\/2022\/05\/30\/crimes-do-patriarcado-feminicidios-22-a-28-de-maio-22\/#breadcrumb"},"inLanguage":"pt-BR","potentialAction":[{"@type":"ReadAction","target":["https:\/\/novo2023.camtra.org.br\/index.php\/2022\/05\/30\/crimes-do-patriarcado-feminicidios-22-a-28-de-maio-22\/"]}]},{"@type":"ImageObject","inLanguage":"pt-BR","@id":"https:\/\/novo2023.camtra.org.br\/index.php\/2022\/05\/30\/crimes-do-patriarcado-feminicidios-22-a-28-de-maio-22\/#primaryimage","url":"","contentUrl":""},{"@type":"BreadcrumbList","@id":"https:\/\/novo2023.camtra.org.br\/index.php\/2022\/05\/30\/crimes-do-patriarcado-feminicidios-22-a-28-de-maio-22\/#breadcrumb","itemListElement":[{"@type":"ListItem","position":1,"name":"Home","item":"https:\/\/novo2023.camtra.org.br\/"},{"@type":"ListItem","position":2,"name":"Crimes do Patriarcado &#8211; Feminic\u00eddios 22 a 28 de maio\/22"}]},{"@type":"WebSite","@id":"https:\/\/novo2023.camtra.org.br\/#website","url":"https:\/\/novo2023.camtra.org.br\/","name":"CAMTRA NOVO","description":"","publisher":{"@id":"https:\/\/novo2023.camtra.org.br\/#organization"},"potentialAction":[{"@type":"SearchAction","target":{"@type":"EntryPoint","urlTemplate":"https:\/\/novo2023.camtra.org.br\/?s={search_term_string}"},"query-input":"required name=search_term_string"}],"inLanguage":"pt-BR"},{"@type":"Organization","@id":"https:\/\/novo2023.camtra.org.br\/#organization","name":"CAMTRA NOVO","url":"https:\/\/novo2023.camtra.org.br\/","logo":{"@type":"ImageObject","inLanguage":"pt-BR","@id":"https:\/\/novo2023.camtra.org.br\/#\/schema\/logo\/image\/","url":"https:\/\/novo2023.camtra.org.br\/wp-content\/uploads\/2024\/01\/CAMTRA-comflor-roxa-logo_logo-camtra-principal-flor.png","contentUrl":"https:\/\/novo2023.camtra.org.br\/wp-content\/uploads\/2024\/01\/CAMTRA-comflor-roxa-logo_logo-camtra-principal-flor.png","width":1172,"height":330,"caption":"CAMTRA NOVO"},"image":{"@id":"https:\/\/novo2023.camtra.org.br\/#\/schema\/logo\/image\/"}},{"@type":"Person","@id":"https:\/\/novo2023.camtra.org.br\/#\/schema\/person\/f163af9cb65589aab5865b0437873a74","name":"Casa da Mulher Trabalhadora","image":{"@type":"ImageObject","inLanguage":"pt-BR","@id":"https:\/\/novo2023.camtra.org.br\/#\/schema\/person\/image\/","url":"https:\/\/novo2023.camtra.org.br\/wp-content\/litespeed\/avatar\/4c87233a8b80506f010db0cccf69e8b5.jpg?ver=1777270965","contentUrl":"https:\/\/novo2023.camtra.org.br\/wp-content\/litespeed\/avatar\/4c87233a8b80506f010db0cccf69e8b5.jpg?ver=1777270965","caption":"Casa da Mulher Trabalhadora"},"url":"https:\/\/novo2023.camtra.org.br\/index.php\/author\/camtra\/"}]}},"_links":{"self":[{"href":"https:\/\/novo2023.camtra.org.br\/index.php\/wp-json\/wp\/v2\/posts\/8132"}],"collection":[{"href":"https:\/\/novo2023.camtra.org.br\/index.php\/wp-json\/wp\/v2\/posts"}],"about":[{"href":"https:\/\/novo2023.camtra.org.br\/index.php\/wp-json\/wp\/v2\/types\/post"}],"author":[{"embeddable":true,"href":"https:\/\/novo2023.camtra.org.br\/index.php\/wp-json\/wp\/v2\/users\/3"}],"replies":[{"embeddable":true,"href":"https:\/\/novo2023.camtra.org.br\/index.php\/wp-json\/wp\/v2\/comments?post=8132"}],"version-history":[{"count":0,"href":"https:\/\/novo2023.camtra.org.br\/index.php\/wp-json\/wp\/v2\/posts\/8132\/revisions"}],"wp:featuredmedia":[{"embeddable":true,"href":"https:\/\/novo2023.camtra.org.br\/index.php\/wp-json\/"}],"wp:attachment":[{"href":"https:\/\/novo2023.camtra.org.br\/index.php\/wp-json\/wp\/v2\/media?parent=8132"}],"wp:term":[{"taxonomy":"category","embeddable":true,"href":"https:\/\/novo2023.camtra.org.br\/index.php\/wp-json\/wp\/v2\/categories?post=8132"},{"taxonomy":"post_tag","embeddable":true,"href":"https:\/\/novo2023.camtra.org.br\/index.php\/wp-json\/wp\/v2\/tags?post=8132"}],"curies":[{"name":"wp","href":"https:\/\/api.w.org\/{rel}","templated":true}]}}