{"id":7796,"date":"2021-08-19T11:32:54","date_gmt":"2021-08-19T14:32:54","guid":{"rendered":"https:\/\/camtra.org.br\/?p=7796"},"modified":"2021-08-19T11:32:54","modified_gmt":"2021-08-19T14:32:54","slug":"dia-do-orgulho-lesbico","status":"publish","type":"post","link":"https:\/\/novo2023.camtra.org.br\/index.php\/2021\/08\/19\/dia-do-orgulho-lesbico\/","title":{"rendered":"19 de Agosto &#8211; Dia do Orgulho L\u00e9sbico"},"content":{"rendered":"<div id=\"fb-root\"><\/div>\n<h4><span style=\"font-weight: 400;\">Em 2021 comemora-se 25 anos do Dia da Visibilidade L\u00e9sbica (29\/08) \ud83d\udc38<\/span><\/h4>\n<h4><span style=\"font-weight: 400;\">Hoje, Dia 19 de Agosto, comemoramos tamb\u00e9m o Dia do Orgulho L\u00e9sbico \ud83d\udc69\ud83c\udffd\u200d\ud83e\udd1d\u200d\ud83d\udc69\ud83c\udffe\ud83c\udf89<\/span><\/h4>\n<p>&nbsp;<\/p>\n<p><span style=\"font-weight: 400;\">\ud83d\uddd3 Data escolhida em mem\u00f3ria \u00e0 grande manifesta\u00e7\u00e3o de mulheres l\u00e9sbicas, em 1983, em S\u00e3o Paulo. Ativistas l\u00e9sbicas ocuparam o chamado Ferro&#8217;s Bar, antigo e famoso ponto de encontro LBT+ que, no m\u00eas anterior, tinha vetado a distribui\u00e7\u00e3o do boletim ChanaComChana e expulsado do estabelecimento as autoras da publica\u00e7\u00e3o.<\/span><\/p>\n<p><!--more--><\/p>\n<p><span style=\"font-weight: 400;\">\ud83d\udcf0 O #ChanaComChana foi a primeira publica\u00e7\u00e3o l\u00e9sbica no Brasil, criada pelo #Galf: Grupo de A\u00e7\u00e3o L\u00e9sbica Feminista, em 1981. Essa manifesta\u00e7\u00e3o ficou conhecida como o &#8220;Stonewall brasileiro&#8221;, em refer\u00eancia \u00e0 manifesta\u00e7\u00e3o LGBT ocorrida em Nova Iorque, em 1969. Na mesma noite da manifesta\u00e7\u00e3o, as ativistas conseguiram que os donos do Ferro&#8217;s Bar retirassem a proibi\u00e7\u00e3o e que pudessem continuar a divulgar o boletim no local.\u00a0<\/span><\/p>\n<p>&nbsp;<\/p>\n<p><span style=\"font-weight: 400;\">\u270a\ud83c\udffe Hoje em dia, d\u00e9cadas depois, no Brasil, as mulheres l\u00e9sbicas j\u00e1 conquistaram muitas coisas, mas ainda possuem pouco espa\u00e7o na sociedade. Elas sofrem discrimina\u00e7\u00f5es por hipersexualiza\u00e7\u00e3o, fetichiza\u00e7\u00e3o, estupros corretivos, preterimento no mercado de trabalho, lesboc\u00eddios e v\u00e1rias formas de deslegitima\u00e7\u00e3o das rela\u00e7\u00f5es lesboafetivas.\u00a0<\/span><\/p>\n<p>&nbsp;<\/p>\n<p><span style=\"font-weight: 400; color: #800080;\">\ud83d\udfe3 A #Camtra luta pela autonomia das mulheres e contra a lesbobofia.\u00a0<\/span><\/p>\n<p><span style=\"font-weight: 400; color: #800080;\">Juntas somos mais fortes!<\/span><\/p>\n<p>&nbsp;<\/p>\n<p><span style=\"font-weight: 400;\">#ParaTodasVerem: Card em fundo roxo, com t\u00edtulo de &#8220;19 de agosto &#8211; Dia do Orgulho L\u00e9sbico&#8221;. Abaixo, descri\u00e7\u00e3o sobre o Ferro&#8217;s Bar e fotos de mulheres no local. No canto inferior esquerdo hashtags citadas na descri\u00e7\u00e3o do post, e na parte inferior barra de informa\u00e7\u00f5es da Camtra. #fimdadescri\u00e7ao<\/span><\/p>\n","protected":false},"excerpt":{"rendered":"<p>Em 2021 comemora-se 25 anos do Dia da Visibilidade L\u00e9sbica (29\/08) \ud83d\udc38 Hoje, Dia 19 de Agosto, comemoramos tamb\u00e9m o Dia do Orgulho L\u00e9sbico \ud83d\udc69\ud83c\udffd\u200d\ud83e\udd1d\u200d\ud83d\udc69\ud83c\udffe\ud83c\udf89 &nbsp; \ud83d\uddd3 Data escolhida em [&hellip;]<\/p>\n","protected":false},"author":3,"featured_media":7797,"comment_status":"open","ping_status":"open","sticky":false,"template":"","format":"standard","meta":{"om_disable_all_campaigns":false,"_monsterinsights_skip_tracking":false,"_monsterinsights_sitenote_active":false,"_monsterinsights_sitenote_note":"","_monsterinsights_sitenote_category":0,"_uf_show_specific_survey":0,"_uf_disable_surveys":false,"ocean_post_layout":"","ocean_both_sidebars_style":"","ocean_both_sidebars_content_width":0,"ocean_both_sidebars_sidebars_width":0,"ocean_sidebar":"","ocean_second_sidebar":"","ocean_disable_margins":"enable","ocean_add_body_class":"","ocean_shortcode_before_top_bar":"","ocean_shortcode_after_top_bar":"","ocean_shortcode_before_header":"","ocean_shortcode_after_header":"","ocean_has_shortcode":"","ocean_shortcode_after_title":"","ocean_shortcode_before_footer_widgets":"","ocean_shortcode_after_footer_widgets":"","ocean_shortcode_before_footer_bottom":"","ocean_shortcode_after_footer_bottom":"","ocean_display_top_bar":"default","ocean_display_header":"default","ocean_header_style":"","ocean_center_header_left_menu":"","ocean_custom_header_template":"","ocean_custom_logo":0,"ocean_custom_retina_logo":0,"ocean_custom_logo_max_width":0,"ocean_custom_logo_tablet_max_width":0,"ocean_custom_logo_mobile_max_width":0,"ocean_custom_logo_max_height":0,"ocean_custom_logo_tablet_max_height":0,"ocean_custom_logo_mobile_max_height":0,"ocean_header_custom_menu":"","ocean_menu_typo_font_family":"","ocean_menu_typo_font_subset":"","ocean_menu_typo_font_size":0,"ocean_menu_typo_font_size_tablet":0,"ocean_menu_typo_font_size_mobile":0,"ocean_menu_typo_font_size_unit":"px","ocean_menu_typo_font_weight":"","ocean_menu_typo_font_weight_tablet":"","ocean_menu_typo_font_weight_mobile":"","ocean_menu_typo_transform":"","ocean_menu_typo_transform_tablet":"","ocean_menu_typo_transform_mobile":"","ocean_menu_typo_line_height":0,"ocean_menu_typo_line_height_tablet":0,"ocean_menu_typo_line_height_mobile":0,"ocean_menu_typo_line_height_unit":"","ocean_menu_typo_spacing":0,"ocean_menu_typo_spacing_tablet":0,"ocean_menu_typo_spacing_mobile":0,"ocean_menu_typo_spacing_unit":"","ocean_menu_link_color":"","ocean_menu_link_color_hover":"","ocean_menu_link_color_active":"","ocean_menu_link_background":"","ocean_menu_link_hover_background":"","ocean_menu_link_active_background":"","ocean_menu_social_links_bg":"","ocean_menu_social_hover_links_bg":"","ocean_menu_social_links_color":"","ocean_menu_social_hover_links_color":"","ocean_disable_title":"default","ocean_disable_heading":"default","ocean_post_title":"","ocean_post_subheading":"","ocean_post_title_style":"","ocean_post_title_background_color":"","ocean_post_title_background":0,"ocean_post_title_bg_image_position":"","ocean_post_title_bg_image_attachment":"","ocean_post_title_bg_image_repeat":"","ocean_post_title_bg_image_size":"","ocean_post_title_height":0,"ocean_post_title_bg_overlay":0.5,"ocean_post_title_bg_overlay_color":"","ocean_disable_breadcrumbs":"default","ocean_breadcrumbs_color":"","ocean_breadcrumbs_separator_color":"","ocean_breadcrumbs_links_color":"","ocean_breadcrumbs_links_hover_color":"","ocean_display_footer_widgets":"default","ocean_display_footer_bottom":"default","ocean_custom_footer_template":"","ocean_post_oembed":"","ocean_post_self_hosted_media":"","ocean_post_video_embed":"","ocean_link_format":"","ocean_link_format_target":"self","ocean_quote_format":"","ocean_quote_format_link":"post","ocean_gallery_link_images":"on","ocean_gallery_id":[],"footnotes":""},"categories":[56,27],"tags":[583,584,585,586,587,473,588],"class_list":["post-7796","post","type-post","status-publish","format-standard","has-post-thumbnail","hentry","category-data","category-noticias","tag-19-de-agosto","tag-19deagosto","tag-dia-do-orgulho-lesbico","tag-ferros-bar","tag-orgulholesbico","tag-vacinaparatodas","tag-visibilidadelesbica","entry","has-media"],"aioseo_notices":[],"yoast_head":"<!-- This site is optimized with the Yoast SEO plugin v23.0 - https:\/\/yoast.com\/wordpress\/plugins\/seo\/ -->\n<title>19 de Agosto - Dia do Orgulho L\u00e9sbico - CAMTRA NOVO<\/title>\n<meta name=\"robots\" content=\"index, follow, max-snippet:-1, max-image-preview:large, max-video-preview:-1\" \/>\n<link rel=\"canonical\" href=\"https:\/\/novo2023.camtra.org.br\/index.php\/2021\/08\/19\/dia-do-orgulho-lesbico\/\" \/>\n<meta property=\"og:locale\" content=\"pt_BR\" \/>\n<meta property=\"og:type\" content=\"article\" \/>\n<meta property=\"og:title\" content=\"19 de Agosto - Dia do Orgulho L\u00e9sbico - CAMTRA NOVO\" \/>\n<meta property=\"og:description\" content=\"Em 2021 comemora-se 25 anos do Dia da Visibilidade L\u00e9sbica (29\/08) \ud83d\udc38 Hoje, Dia 19 de Agosto, comemoramos tamb\u00e9m o Dia do Orgulho L\u00e9sbico \ud83d\udc69\ud83c\udffd\u200d\ud83e\udd1d\u200d\ud83d\udc69\ud83c\udffe\ud83c\udf89 &nbsp; \ud83d\uddd3 Data escolhida em [&hellip;]\" \/>\n<meta property=\"og:url\" content=\"https:\/\/novo2023.camtra.org.br\/index.php\/2021\/08\/19\/dia-do-orgulho-lesbico\/\" \/>\n<meta property=\"og:site_name\" content=\"CAMTRA NOVO\" \/>\n<meta property=\"article:published_time\" content=\"2021-08-19T14:32:54+00:00\" \/>\n<meta name=\"author\" content=\"Casa da Mulher Trabalhadora\" \/>\n<meta name=\"twitter:card\" content=\"summary_large_image\" \/>\n<meta name=\"twitter:label1\" content=\"Escrito por\" \/>\n\t<meta name=\"twitter:data1\" content=\"Casa da Mulher Trabalhadora\" \/>\n\t<meta name=\"twitter:label2\" content=\"Est. tempo de leitura\" \/>\n\t<meta name=\"twitter:data2\" content=\"1 minuto\" \/>\n<script type=\"application\/ld+json\" class=\"yoast-schema-graph\">{\"@context\":\"https:\/\/schema.org\",\"@graph\":[{\"@type\":\"Article\",\"@id\":\"https:\/\/novo2023.camtra.org.br\/index.php\/2021\/08\/19\/dia-do-orgulho-lesbico\/#article\",\"isPartOf\":{\"@id\":\"https:\/\/novo2023.camtra.org.br\/index.php\/2021\/08\/19\/dia-do-orgulho-lesbico\/\"},\"author\":{\"name\":\"Casa da Mulher Trabalhadora\",\"@id\":\"https:\/\/novo2023.camtra.org.br\/#\/schema\/person\/f163af9cb65589aab5865b0437873a74\"},\"headline\":\"19 de Agosto &#8211; Dia do Orgulho L\u00e9sbico\",\"datePublished\":\"2021-08-19T14:32:54+00:00\",\"dateModified\":\"2021-08-19T14:32:54+00:00\",\"mainEntityOfPage\":{\"@id\":\"https:\/\/novo2023.camtra.org.br\/index.php\/2021\/08\/19\/dia-do-orgulho-lesbico\/\"},\"wordCount\":280,\"commentCount\":0,\"publisher\":{\"@id\":\"https:\/\/novo2023.camtra.org.br\/#organization\"},\"image\":{\"@id\":\"https:\/\/novo2023.camtra.org.br\/index.php\/2021\/08\/19\/dia-do-orgulho-lesbico\/#primaryimage\"},\"thumbnailUrl\":\"\",\"keywords\":[\"19 de agosto\",\"19deagosto\",\"Dia do Orgulho L\u00e9sbico\",\"Ferros Bar\",\"OrgulhoL\u00e9sbico\",\"VacinaParaTodas\",\"VisibilidadeL\u00e9sbica\"],\"articleSection\":[\"Data\",\"Not\u00edcias\"],\"inLanguage\":\"pt-BR\",\"potentialAction\":[{\"@type\":\"CommentAction\",\"name\":\"Comment\",\"target\":[\"https:\/\/novo2023.camtra.org.br\/index.php\/2021\/08\/19\/dia-do-orgulho-lesbico\/#respond\"]}]},{\"@type\":\"WebPage\",\"@id\":\"https:\/\/novo2023.camtra.org.br\/index.php\/2021\/08\/19\/dia-do-orgulho-lesbico\/\",\"url\":\"https:\/\/novo2023.camtra.org.br\/index.php\/2021\/08\/19\/dia-do-orgulho-lesbico\/\",\"name\":\"19 de Agosto - Dia do Orgulho L\u00e9sbico - CAMTRA NOVO\",\"isPartOf\":{\"@id\":\"https:\/\/novo2023.camtra.org.br\/#website\"},\"primaryImageOfPage\":{\"@id\":\"https:\/\/novo2023.camtra.org.br\/index.php\/2021\/08\/19\/dia-do-orgulho-lesbico\/#primaryimage\"},\"image\":{\"@id\":\"https:\/\/novo2023.camtra.org.br\/index.php\/2021\/08\/19\/dia-do-orgulho-lesbico\/#primaryimage\"},\"thumbnailUrl\":\"\",\"datePublished\":\"2021-08-19T14:32:54+00:00\",\"dateModified\":\"2021-08-19T14:32:54+00:00\",\"breadcrumb\":{\"@id\":\"https:\/\/novo2023.camtra.org.br\/index.php\/2021\/08\/19\/dia-do-orgulho-lesbico\/#breadcrumb\"},\"inLanguage\":\"pt-BR\",\"potentialAction\":[{\"@type\":\"ReadAction\",\"target\":[\"https:\/\/novo2023.camtra.org.br\/index.php\/2021\/08\/19\/dia-do-orgulho-lesbico\/\"]}]},{\"@type\":\"ImageObject\",\"inLanguage\":\"pt-BR\",\"@id\":\"https:\/\/novo2023.camtra.org.br\/index.php\/2021\/08\/19\/dia-do-orgulho-lesbico\/#primaryimage\",\"url\":\"\",\"contentUrl\":\"\"},{\"@type\":\"BreadcrumbList\",\"@id\":\"https:\/\/novo2023.camtra.org.br\/index.php\/2021\/08\/19\/dia-do-orgulho-lesbico\/#breadcrumb\",\"itemListElement\":[{\"@type\":\"ListItem\",\"position\":1,\"name\":\"Home\",\"item\":\"https:\/\/novo2023.camtra.org.br\/\"},{\"@type\":\"ListItem\",\"position\":2,\"name\":\"19 de Agosto &#8211; Dia do Orgulho L\u00e9sbico\"}]},{\"@type\":\"WebSite\",\"@id\":\"https:\/\/novo2023.camtra.org.br\/#website\",\"url\":\"https:\/\/novo2023.camtra.org.br\/\",\"name\":\"CAMTRA NOVO\",\"description\":\"\",\"publisher\":{\"@id\":\"https:\/\/novo2023.camtra.org.br\/#organization\"},\"potentialAction\":[{\"@type\":\"SearchAction\",\"target\":{\"@type\":\"EntryPoint\",\"urlTemplate\":\"https:\/\/novo2023.camtra.org.br\/?s={search_term_string}\"},\"query-input\":\"required name=search_term_string\"}],\"inLanguage\":\"pt-BR\"},{\"@type\":\"Organization\",\"@id\":\"https:\/\/novo2023.camtra.org.br\/#organization\",\"name\":\"CAMTRA NOVO\",\"url\":\"https:\/\/novo2023.camtra.org.br\/\",\"logo\":{\"@type\":\"ImageObject\",\"inLanguage\":\"pt-BR\",\"@id\":\"https:\/\/novo2023.camtra.org.br\/#\/schema\/logo\/image\/\",\"url\":\"https:\/\/novo2023.camtra.org.br\/wp-content\/uploads\/2024\/01\/CAMTRA-comflor-roxa-logo_logo-camtra-principal-flor.png\",\"contentUrl\":\"https:\/\/novo2023.camtra.org.br\/wp-content\/uploads\/2024\/01\/CAMTRA-comflor-roxa-logo_logo-camtra-principal-flor.png\",\"width\":1172,\"height\":330,\"caption\":\"CAMTRA NOVO\"},\"image\":{\"@id\":\"https:\/\/novo2023.camtra.org.br\/#\/schema\/logo\/image\/\"}},{\"@type\":\"Person\",\"@id\":\"https:\/\/novo2023.camtra.org.br\/#\/schema\/person\/f163af9cb65589aab5865b0437873a74\",\"name\":\"Casa da Mulher Trabalhadora\",\"image\":{\"@type\":\"ImageObject\",\"inLanguage\":\"pt-BR\",\"@id\":\"https:\/\/novo2023.camtra.org.br\/#\/schema\/person\/image\/\",\"url\":\"https:\/\/novo2023.camtra.org.br\/wp-content\/litespeed\/avatar\/4c87233a8b80506f010db0cccf69e8b5.jpg?ver=1777270965\",\"contentUrl\":\"https:\/\/novo2023.camtra.org.br\/wp-content\/litespeed\/avatar\/4c87233a8b80506f010db0cccf69e8b5.jpg?ver=1777270965\",\"caption\":\"Casa da Mulher Trabalhadora\"},\"url\":\"https:\/\/novo2023.camtra.org.br\/index.php\/author\/camtra\/\"}]}<\/script>\n<!-- \/ Yoast SEO plugin. -->","yoast_head_json":{"title":"19 de Agosto - Dia do Orgulho L\u00e9sbico - CAMTRA NOVO","robots":{"index":"index","follow":"follow","max-snippet":"max-snippet:-1","max-image-preview":"max-image-preview:large","max-video-preview":"max-video-preview:-1"},"canonical":"https:\/\/novo2023.camtra.org.br\/index.php\/2021\/08\/19\/dia-do-orgulho-lesbico\/","og_locale":"pt_BR","og_type":"article","og_title":"19 de Agosto - Dia do Orgulho L\u00e9sbico - CAMTRA NOVO","og_description":"Em 2021 comemora-se 25 anos do Dia da Visibilidade L\u00e9sbica (29\/08) \ud83d\udc38 Hoje, Dia 19 de Agosto, comemoramos tamb\u00e9m o Dia do Orgulho L\u00e9sbico \ud83d\udc69\ud83c\udffd\u200d\ud83e\udd1d\u200d\ud83d\udc69\ud83c\udffe\ud83c\udf89 &nbsp; \ud83d\uddd3 Data escolhida em [&hellip;]","og_url":"https:\/\/novo2023.camtra.org.br\/index.php\/2021\/08\/19\/dia-do-orgulho-lesbico\/","og_site_name":"CAMTRA NOVO","article_published_time":"2021-08-19T14:32:54+00:00","author":"Casa da Mulher Trabalhadora","twitter_card":"summary_large_image","twitter_misc":{"Escrito por":"Casa da Mulher Trabalhadora","Est. tempo de leitura":"1 minuto"},"schema":{"@context":"https:\/\/schema.org","@graph":[{"@type":"Article","@id":"https:\/\/novo2023.camtra.org.br\/index.php\/2021\/08\/19\/dia-do-orgulho-lesbico\/#article","isPartOf":{"@id":"https:\/\/novo2023.camtra.org.br\/index.php\/2021\/08\/19\/dia-do-orgulho-lesbico\/"},"author":{"name":"Casa da Mulher Trabalhadora","@id":"https:\/\/novo2023.camtra.org.br\/#\/schema\/person\/f163af9cb65589aab5865b0437873a74"},"headline":"19 de Agosto &#8211; Dia do Orgulho L\u00e9sbico","datePublished":"2021-08-19T14:32:54+00:00","dateModified":"2021-08-19T14:32:54+00:00","mainEntityOfPage":{"@id":"https:\/\/novo2023.camtra.org.br\/index.php\/2021\/08\/19\/dia-do-orgulho-lesbico\/"},"wordCount":280,"commentCount":0,"publisher":{"@id":"https:\/\/novo2023.camtra.org.br\/#organization"},"image":{"@id":"https:\/\/novo2023.camtra.org.br\/index.php\/2021\/08\/19\/dia-do-orgulho-lesbico\/#primaryimage"},"thumbnailUrl":"","keywords":["19 de agosto","19deagosto","Dia do Orgulho L\u00e9sbico","Ferros Bar","OrgulhoL\u00e9sbico","VacinaParaTodas","VisibilidadeL\u00e9sbica"],"articleSection":["Data","Not\u00edcias"],"inLanguage":"pt-BR","potentialAction":[{"@type":"CommentAction","name":"Comment","target":["https:\/\/novo2023.camtra.org.br\/index.php\/2021\/08\/19\/dia-do-orgulho-lesbico\/#respond"]}]},{"@type":"WebPage","@id":"https:\/\/novo2023.camtra.org.br\/index.php\/2021\/08\/19\/dia-do-orgulho-lesbico\/","url":"https:\/\/novo2023.camtra.org.br\/index.php\/2021\/08\/19\/dia-do-orgulho-lesbico\/","name":"19 de Agosto - Dia do Orgulho L\u00e9sbico - CAMTRA NOVO","isPartOf":{"@id":"https:\/\/novo2023.camtra.org.br\/#website"},"primaryImageOfPage":{"@id":"https:\/\/novo2023.camtra.org.br\/index.php\/2021\/08\/19\/dia-do-orgulho-lesbico\/#primaryimage"},"image":{"@id":"https:\/\/novo2023.camtra.org.br\/index.php\/2021\/08\/19\/dia-do-orgulho-lesbico\/#primaryimage"},"thumbnailUrl":"","datePublished":"2021-08-19T14:32:54+00:00","dateModified":"2021-08-19T14:32:54+00:00","breadcrumb":{"@id":"https:\/\/novo2023.camtra.org.br\/index.php\/2021\/08\/19\/dia-do-orgulho-lesbico\/#breadcrumb"},"inLanguage":"pt-BR","potentialAction":[{"@type":"ReadAction","target":["https:\/\/novo2023.camtra.org.br\/index.php\/2021\/08\/19\/dia-do-orgulho-lesbico\/"]}]},{"@type":"ImageObject","inLanguage":"pt-BR","@id":"https:\/\/novo2023.camtra.org.br\/index.php\/2021\/08\/19\/dia-do-orgulho-lesbico\/#primaryimage","url":"","contentUrl":""},{"@type":"BreadcrumbList","@id":"https:\/\/novo2023.camtra.org.br\/index.php\/2021\/08\/19\/dia-do-orgulho-lesbico\/#breadcrumb","itemListElement":[{"@type":"ListItem","position":1,"name":"Home","item":"https:\/\/novo2023.camtra.org.br\/"},{"@type":"ListItem","position":2,"name":"19 de Agosto &#8211; Dia do Orgulho L\u00e9sbico"}]},{"@type":"WebSite","@id":"https:\/\/novo2023.camtra.org.br\/#website","url":"https:\/\/novo2023.camtra.org.br\/","name":"CAMTRA NOVO","description":"","publisher":{"@id":"https:\/\/novo2023.camtra.org.br\/#organization"},"potentialAction":[{"@type":"SearchAction","target":{"@type":"EntryPoint","urlTemplate":"https:\/\/novo2023.camtra.org.br\/?s={search_term_string}"},"query-input":"required name=search_term_string"}],"inLanguage":"pt-BR"},{"@type":"Organization","@id":"https:\/\/novo2023.camtra.org.br\/#organization","name":"CAMTRA NOVO","url":"https:\/\/novo2023.camtra.org.br\/","logo":{"@type":"ImageObject","inLanguage":"pt-BR","@id":"https:\/\/novo2023.camtra.org.br\/#\/schema\/logo\/image\/","url":"https:\/\/novo2023.camtra.org.br\/wp-content\/uploads\/2024\/01\/CAMTRA-comflor-roxa-logo_logo-camtra-principal-flor.png","contentUrl":"https:\/\/novo2023.camtra.org.br\/wp-content\/uploads\/2024\/01\/CAMTRA-comflor-roxa-logo_logo-camtra-principal-flor.png","width":1172,"height":330,"caption":"CAMTRA NOVO"},"image":{"@id":"https:\/\/novo2023.camtra.org.br\/#\/schema\/logo\/image\/"}},{"@type":"Person","@id":"https:\/\/novo2023.camtra.org.br\/#\/schema\/person\/f163af9cb65589aab5865b0437873a74","name":"Casa da Mulher Trabalhadora","image":{"@type":"ImageObject","inLanguage":"pt-BR","@id":"https:\/\/novo2023.camtra.org.br\/#\/schema\/person\/image\/","url":"https:\/\/novo2023.camtra.org.br\/wp-content\/litespeed\/avatar\/4c87233a8b80506f010db0cccf69e8b5.jpg?ver=1777270965","contentUrl":"https:\/\/novo2023.camtra.org.br\/wp-content\/litespeed\/avatar\/4c87233a8b80506f010db0cccf69e8b5.jpg?ver=1777270965","caption":"Casa da Mulher Trabalhadora"},"url":"https:\/\/novo2023.camtra.org.br\/index.php\/author\/camtra\/"}]}},"_links":{"self":[{"href":"https:\/\/novo2023.camtra.org.br\/index.php\/wp-json\/wp\/v2\/posts\/7796"}],"collection":[{"href":"https:\/\/novo2023.camtra.org.br\/index.php\/wp-json\/wp\/v2\/posts"}],"about":[{"href":"https:\/\/novo2023.camtra.org.br\/index.php\/wp-json\/wp\/v2\/types\/post"}],"author":[{"embeddable":true,"href":"https:\/\/novo2023.camtra.org.br\/index.php\/wp-json\/wp\/v2\/users\/3"}],"replies":[{"embeddable":true,"href":"https:\/\/novo2023.camtra.org.br\/index.php\/wp-json\/wp\/v2\/comments?post=7796"}],"version-history":[{"count":0,"href":"https:\/\/novo2023.camtra.org.br\/index.php\/wp-json\/wp\/v2\/posts\/7796\/revisions"}],"wp:featuredmedia":[{"embeddable":true,"href":"https:\/\/novo2023.camtra.org.br\/index.php\/wp-json\/"}],"wp:attachment":[{"href":"https:\/\/novo2023.camtra.org.br\/index.php\/wp-json\/wp\/v2\/media?parent=7796"}],"wp:term":[{"taxonomy":"category","embeddable":true,"href":"https:\/\/novo2023.camtra.org.br\/index.php\/wp-json\/wp\/v2\/categories?post=7796"},{"taxonomy":"post_tag","embeddable":true,"href":"https:\/\/novo2023.camtra.org.br\/index.php\/wp-json\/wp\/v2\/tags?post=7796"}],"curies":[{"name":"wp","href":"https:\/\/api.w.org\/{rel}","templated":true}]}}