{"id":7663,"date":"2021-07-12T13:01:21","date_gmt":"2021-07-12T16:01:21","guid":{"rendered":"https:\/\/camtra.org.br\/?p=7663"},"modified":"2021-07-12T13:01:21","modified_gmt":"2021-07-12T16:01:21","slug":"julhodaspretas-carolinavive","status":"publish","type":"post","link":"https:\/\/novo2023.camtra.org.br\/index.php\/2021\/07\/12\/julhodaspretas-carolinavive\/","title":{"rendered":"#JULHODASPRETAS | Ancestralidade e Resist\u00eancia das Mulheres Negras"},"content":{"rendered":"<div id=\"fb-root\"><\/div>\n<p>Carolina vive!<\/p>\n<p>Carolina Maria de Jesus, rompendo a invisibilidade, torna-se uma das primeiras escritoras negras no Brasil.<\/p>\n<p>\ud83d\udc69\ud83c\udfff\u200d\ud83e\uddb1 Este ano, a escritora, que teve seu livro Quarto de Despejo, lan\u00e7ado em 1960, traduzido para mais de 14 idiomas, recebeu a maior honraria \u201cpost mortem\u201d da Alerj: a medalha Tiradentes, aprovada em assembleia, em 1 de julho, proposta pela deputada M\u00f4nica Francisco.<\/p>\n<p>Tendo se tornado Doutora Honoris causa pela UFRJ, em fevereiro deste ano, Carolina Maria de Jesus narrou a luta di\u00e1ria das mulheres negras, pobres, faveladas, m\u00e3es solo e chefes de fam\u00edlia.<\/p>\n<p>Nascida em 14 de mar\u00e7o de 1914, em Sacramento\/MG, Carolina cursou apenas dois anos na escola, pagos pela empregadora de sua m\u00e3e. Esse tempo foi suficiente para que se apaixonasse pela leitura e se iniciasse na escrita da \u201cLiteratura Marginal\u201d dando voz \u00e0quelas que, diante da discrimina\u00e7\u00e3o da sociedade machista, racista e capitalista n\u00e3o poderiam escrever.<\/p>\n<p>Morreu em 13 de fevereiro de 1977, lutando ainda para publicar outras obras, com a gra\u00e7a, a garra e a sabedoria de quem vive todos os dias em busca da \u00e1gua e do p\u00e3o, sendo dona de si e de sua escrita.<\/p>\n<p>\ud83c\udf3b Pela mem\u00f3ria de Carolina Maria de Jesus, por n\u00f3s e pelas outras!<\/p>\n<p>Fonte: https:\/\/amp\/s\/spcity.com.br\/uma-escritora-brasileira-que-vendeu-livros-em-mais-de-40-paises\/%3famp_markup=1<\/p>\n<p>#ParaTodasVerem Card com fundo roxo, do lado direito, foto em preto e branco de Carolina Maria de Jesus, com leve sorriso e len\u00e7o na cabe\u00e7a. Do lado esquerdo, l\u00ea-se o t\u00edtulo da s\u00e9rie &#8220;Ancestralidade e Resist\u00eancia das Mulheres Negras!&#8221;, escrito em roxo com fundo amarelo, ao lado, a ilustra\u00e7\u00e3o de um punho cerrado feminista, acima, a tag &#8220;Julho das Pretas&#8221;. No topo do card, l\u00ea-se a hashtag &#8220;Julho das Pretas&#8221; em caixa alta. A logo da Camtra aparece no topo do card em magenta e verde no fundo de juta. L\u00ea-se em destaque no centro &#8220;Carolina Maria de Jesus&#8221;, em letras menores l\u00ea-se &#8220;N\u00e3o digam que fui rebotalho, que vivi \u00e0 margem da vida. Digam que eu procurava trabalho,mas fui sempre preterida. Digam ao povo brasileiro que meu sonho era ser escritora, mas eu n\u00e3o tinha dinheiro para pagar uma editora.\u201d. #Fimdadescri\u00e7\u00e3o<\/p>\n","protected":false},"excerpt":{"rendered":"<p>Carolina vive! Carolina Maria de Jesus, rompendo a invisibilidade, torna-se uma das primeiras escritoras negras no Brasil. \ud83d\udc69\ud83c\udfff\u200d\ud83e\uddb1 Este ano, a escritora, que teve seu livro Quarto de Despejo, lan\u00e7ado [&hellip;]<\/p>\n","protected":false},"author":3,"featured_media":7665,"comment_status":"open","ping_status":"open","sticky":false,"template":"","format":"image","meta":{"om_disable_all_campaigns":false,"_monsterinsights_skip_tracking":false,"_monsterinsights_sitenote_active":false,"_monsterinsights_sitenote_note":"","_monsterinsights_sitenote_category":0,"_uf_show_specific_survey":0,"_uf_disable_surveys":false,"ocean_post_layout":"","ocean_both_sidebars_style":"","ocean_both_sidebars_content_width":0,"ocean_both_sidebars_sidebars_width":0,"ocean_sidebar":"","ocean_second_sidebar":"","ocean_disable_margins":"enable","ocean_add_body_class":"","ocean_shortcode_before_top_bar":"","ocean_shortcode_after_top_bar":"","ocean_shortcode_before_header":"","ocean_shortcode_after_header":"","ocean_has_shortcode":"","ocean_shortcode_after_title":"","ocean_shortcode_before_footer_widgets":"","ocean_shortcode_after_footer_widgets":"","ocean_shortcode_before_footer_bottom":"","ocean_shortcode_after_footer_bottom":"","ocean_display_top_bar":"default","ocean_display_header":"default","ocean_header_style":"","ocean_center_header_left_menu":"","ocean_custom_header_template":"","ocean_custom_logo":0,"ocean_custom_retina_logo":0,"ocean_custom_logo_max_width":0,"ocean_custom_logo_tablet_max_width":0,"ocean_custom_logo_mobile_max_width":0,"ocean_custom_logo_max_height":0,"ocean_custom_logo_tablet_max_height":0,"ocean_custom_logo_mobile_max_height":0,"ocean_header_custom_menu":"","ocean_menu_typo_font_family":"","ocean_menu_typo_font_subset":"","ocean_menu_typo_font_size":0,"ocean_menu_typo_font_size_tablet":0,"ocean_menu_typo_font_size_mobile":0,"ocean_menu_typo_font_size_unit":"px","ocean_menu_typo_font_weight":"","ocean_menu_typo_font_weight_tablet":"","ocean_menu_typo_font_weight_mobile":"","ocean_menu_typo_transform":"","ocean_menu_typo_transform_tablet":"","ocean_menu_typo_transform_mobile":"","ocean_menu_typo_line_height":0,"ocean_menu_typo_line_height_tablet":0,"ocean_menu_typo_line_height_mobile":0,"ocean_menu_typo_line_height_unit":"","ocean_menu_typo_spacing":0,"ocean_menu_typo_spacing_tablet":0,"ocean_menu_typo_spacing_mobile":0,"ocean_menu_typo_spacing_unit":"","ocean_menu_link_color":"","ocean_menu_link_color_hover":"","ocean_menu_link_color_active":"","ocean_menu_link_background":"","ocean_menu_link_hover_background":"","ocean_menu_link_active_background":"","ocean_menu_social_links_bg":"","ocean_menu_social_hover_links_bg":"","ocean_menu_social_links_color":"","ocean_menu_social_hover_links_color":"","ocean_disable_title":"default","ocean_disable_heading":"default","ocean_post_title":"","ocean_post_subheading":"","ocean_post_title_style":"","ocean_post_title_background_color":"","ocean_post_title_background":0,"ocean_post_title_bg_image_position":"","ocean_post_title_bg_image_attachment":"","ocean_post_title_bg_image_repeat":"","ocean_post_title_bg_image_size":"","ocean_post_title_height":0,"ocean_post_title_bg_overlay":0.5,"ocean_post_title_bg_overlay_color":"","ocean_disable_breadcrumbs":"default","ocean_breadcrumbs_color":"","ocean_breadcrumbs_separator_color":"","ocean_breadcrumbs_links_color":"","ocean_breadcrumbs_links_hover_color":"","ocean_display_footer_widgets":"default","ocean_display_footer_bottom":"default","ocean_custom_footer_template":"","ocean_post_oembed":"","ocean_post_self_hosted_media":"","ocean_post_video_embed":"","ocean_link_format":"","ocean_link_format_target":"self","ocean_quote_format":"","ocean_quote_format_link":"post","ocean_gallery_link_images":"on","ocean_gallery_id":[],"footnotes":""},"categories":[88,27,34,10],"tags":[139,141,176,177,178,179,180,149],"class_list":["post-7663","post","type-post","status-publish","format-image","has-post-thumbnail","hentry","category-educacao","category-noticias","category-politica","category-racismo","tag-julhodaspretas","tag-carolina","tag-ancestralidade","tag-carolinadejesus","tag-julho-das-pretas","tag-mulheresnegrasresistem","tag-negras","tag-resistencia","post_format-post-format-image","entry","has-media"],"aioseo_notices":[],"yoast_head":"<!-- This site is optimized with the Yoast SEO plugin v23.0 - https:\/\/yoast.com\/wordpress\/plugins\/seo\/ -->\n<title>#JULHODASPRETAS | Ancestralidade e Resist\u00eancia das Mulheres Negras - CAMTRA NOVO<\/title>\n<meta name=\"robots\" content=\"index, follow, max-snippet:-1, max-image-preview:large, max-video-preview:-1\" \/>\n<link rel=\"canonical\" href=\"https:\/\/novo2023.camtra.org.br\/index.php\/2021\/07\/12\/julhodaspretas-carolinavive\/\" \/>\n<meta property=\"og:locale\" content=\"pt_BR\" \/>\n<meta property=\"og:type\" content=\"article\" \/>\n<meta property=\"og:title\" content=\"#JULHODASPRETAS | Ancestralidade e Resist\u00eancia das Mulheres Negras - CAMTRA NOVO\" \/>\n<meta property=\"og:description\" content=\"Carolina vive! Carolina Maria de Jesus, rompendo a invisibilidade, torna-se uma das primeiras escritoras negras no Brasil. \ud83d\udc69\ud83c\udfff\u200d\ud83e\uddb1 Este ano, a escritora, que teve seu livro Quarto de Despejo, lan\u00e7ado [&hellip;]\" \/>\n<meta property=\"og:url\" content=\"https:\/\/novo2023.camtra.org.br\/index.php\/2021\/07\/12\/julhodaspretas-carolinavive\/\" \/>\n<meta property=\"og:site_name\" content=\"CAMTRA NOVO\" \/>\n<meta property=\"article:published_time\" content=\"2021-07-12T16:01:21+00:00\" \/>\n<meta name=\"author\" content=\"Casa da Mulher Trabalhadora\" \/>\n<meta name=\"twitter:card\" content=\"summary_large_image\" \/>\n<meta name=\"twitter:label1\" content=\"Escrito por\" \/>\n\t<meta name=\"twitter:data1\" content=\"Casa da Mulher Trabalhadora\" \/>\n\t<meta name=\"twitter:label2\" content=\"Est. tempo de leitura\" \/>\n\t<meta name=\"twitter:data2\" content=\"2 minutos\" \/>\n<script type=\"application\/ld+json\" class=\"yoast-schema-graph\">{\"@context\":\"https:\/\/schema.org\",\"@graph\":[{\"@type\":\"Article\",\"@id\":\"https:\/\/novo2023.camtra.org.br\/index.php\/2021\/07\/12\/julhodaspretas-carolinavive\/#article\",\"isPartOf\":{\"@id\":\"https:\/\/novo2023.camtra.org.br\/index.php\/2021\/07\/12\/julhodaspretas-carolinavive\/\"},\"author\":{\"name\":\"Casa da Mulher Trabalhadora\",\"@id\":\"https:\/\/novo2023.camtra.org.br\/#\/schema\/person\/f163af9cb65589aab5865b0437873a74\"},\"headline\":\"#JULHODASPRETAS | Ancestralidade e Resist\u00eancia das Mulheres Negras\",\"datePublished\":\"2021-07-12T16:01:21+00:00\",\"dateModified\":\"2021-07-12T16:01:21+00:00\",\"mainEntityOfPage\":{\"@id\":\"https:\/\/novo2023.camtra.org.br\/index.php\/2021\/07\/12\/julhodaspretas-carolinavive\/\"},\"wordCount\":382,\"commentCount\":0,\"publisher\":{\"@id\":\"https:\/\/novo2023.camtra.org.br\/#organization\"},\"image\":{\"@id\":\"https:\/\/novo2023.camtra.org.br\/index.php\/2021\/07\/12\/julhodaspretas-carolinavive\/#primaryimage\"},\"thumbnailUrl\":\"https:\/\/novo2023.camtra.org.br\/wp-content\/uploads\/2021\/07\/carolina-1.jpeg\",\"keywords\":[\"; #julhodaspretas\",\"#carolina\",\"ancestralidade\",\"carolinadejesus\",\"julho das pretas\",\"MulheresNegrasResistem\",\"negras\",\"resist\u00eancia\"],\"articleSection\":[\"Educa\u00e7\u00e3o\",\"Not\u00edcias\",\"Pol\u00edtica\",\"Racismo\"],\"inLanguage\":\"pt-BR\",\"potentialAction\":[{\"@type\":\"CommentAction\",\"name\":\"Comment\",\"target\":[\"https:\/\/novo2023.camtra.org.br\/index.php\/2021\/07\/12\/julhodaspretas-carolinavive\/#respond\"]}]},{\"@type\":\"WebPage\",\"@id\":\"https:\/\/novo2023.camtra.org.br\/index.php\/2021\/07\/12\/julhodaspretas-carolinavive\/\",\"url\":\"https:\/\/novo2023.camtra.org.br\/index.php\/2021\/07\/12\/julhodaspretas-carolinavive\/\",\"name\":\"#JULHODASPRETAS | Ancestralidade e Resist\u00eancia das Mulheres Negras - CAMTRA NOVO\",\"isPartOf\":{\"@id\":\"https:\/\/novo2023.camtra.org.br\/#website\"},\"primaryImageOfPage\":{\"@id\":\"https:\/\/novo2023.camtra.org.br\/index.php\/2021\/07\/12\/julhodaspretas-carolinavive\/#primaryimage\"},\"image\":{\"@id\":\"https:\/\/novo2023.camtra.org.br\/index.php\/2021\/07\/12\/julhodaspretas-carolinavive\/#primaryimage\"},\"thumbnailUrl\":\"https:\/\/novo2023.camtra.org.br\/wp-content\/uploads\/2021\/07\/carolina-1.jpeg\",\"datePublished\":\"2021-07-12T16:01:21+00:00\",\"dateModified\":\"2021-07-12T16:01:21+00:00\",\"breadcrumb\":{\"@id\":\"https:\/\/novo2023.camtra.org.br\/index.php\/2021\/07\/12\/julhodaspretas-carolinavive\/#breadcrumb\"},\"inLanguage\":\"pt-BR\",\"potentialAction\":[{\"@type\":\"ReadAction\",\"target\":[\"https:\/\/novo2023.camtra.org.br\/index.php\/2021\/07\/12\/julhodaspretas-carolinavive\/\"]}]},{\"@type\":\"ImageObject\",\"inLanguage\":\"pt-BR\",\"@id\":\"https:\/\/novo2023.camtra.org.br\/index.php\/2021\/07\/12\/julhodaspretas-carolinavive\/#primaryimage\",\"url\":\"https:\/\/novo2023.camtra.org.br\/wp-content\/uploads\/2021\/07\/carolina-1.jpeg\",\"contentUrl\":\"https:\/\/novo2023.camtra.org.br\/wp-content\/uploads\/2021\/07\/carolina-1.jpeg\",\"width\":1080,\"height\":1080},{\"@type\":\"BreadcrumbList\",\"@id\":\"https:\/\/novo2023.camtra.org.br\/index.php\/2021\/07\/12\/julhodaspretas-carolinavive\/#breadcrumb\",\"itemListElement\":[{\"@type\":\"ListItem\",\"position\":1,\"name\":\"Home\",\"item\":\"https:\/\/novo2023.camtra.org.br\/\"},{\"@type\":\"ListItem\",\"position\":2,\"name\":\"#JULHODASPRETAS | Ancestralidade e Resist\u00eancia das Mulheres Negras\"}]},{\"@type\":\"WebSite\",\"@id\":\"https:\/\/novo2023.camtra.org.br\/#website\",\"url\":\"https:\/\/novo2023.camtra.org.br\/\",\"name\":\"CAMTRA NOVO\",\"description\":\"\",\"publisher\":{\"@id\":\"https:\/\/novo2023.camtra.org.br\/#organization\"},\"potentialAction\":[{\"@type\":\"SearchAction\",\"target\":{\"@type\":\"EntryPoint\",\"urlTemplate\":\"https:\/\/novo2023.camtra.org.br\/?s={search_term_string}\"},\"query-input\":\"required name=search_term_string\"}],\"inLanguage\":\"pt-BR\"},{\"@type\":\"Organization\",\"@id\":\"https:\/\/novo2023.camtra.org.br\/#organization\",\"name\":\"CAMTRA NOVO\",\"url\":\"https:\/\/novo2023.camtra.org.br\/\",\"logo\":{\"@type\":\"ImageObject\",\"inLanguage\":\"pt-BR\",\"@id\":\"https:\/\/novo2023.camtra.org.br\/#\/schema\/logo\/image\/\",\"url\":\"https:\/\/novo2023.camtra.org.br\/wp-content\/uploads\/2024\/01\/CAMTRA-comflor-roxa-logo_logo-camtra-principal-flor.png\",\"contentUrl\":\"https:\/\/novo2023.camtra.org.br\/wp-content\/uploads\/2024\/01\/CAMTRA-comflor-roxa-logo_logo-camtra-principal-flor.png\",\"width\":1172,\"height\":330,\"caption\":\"CAMTRA NOVO\"},\"image\":{\"@id\":\"https:\/\/novo2023.camtra.org.br\/#\/schema\/logo\/image\/\"}},{\"@type\":\"Person\",\"@id\":\"https:\/\/novo2023.camtra.org.br\/#\/schema\/person\/f163af9cb65589aab5865b0437873a74\",\"name\":\"Casa da Mulher Trabalhadora\",\"image\":{\"@type\":\"ImageObject\",\"inLanguage\":\"pt-BR\",\"@id\":\"https:\/\/novo2023.camtra.org.br\/#\/schema\/person\/image\/\",\"url\":\"https:\/\/novo2023.camtra.org.br\/wp-content\/litespeed\/avatar\/4c87233a8b80506f010db0cccf69e8b5.jpg?ver=1777270965\",\"contentUrl\":\"https:\/\/novo2023.camtra.org.br\/wp-content\/litespeed\/avatar\/4c87233a8b80506f010db0cccf69e8b5.jpg?ver=1777270965\",\"caption\":\"Casa da Mulher Trabalhadora\"},\"url\":\"https:\/\/novo2023.camtra.org.br\/index.php\/author\/camtra\/\"}]}<\/script>\n<!-- \/ Yoast SEO plugin. -->","yoast_head_json":{"title":"#JULHODASPRETAS | Ancestralidade e Resist\u00eancia das Mulheres Negras - CAMTRA NOVO","robots":{"index":"index","follow":"follow","max-snippet":"max-snippet:-1","max-image-preview":"max-image-preview:large","max-video-preview":"max-video-preview:-1"},"canonical":"https:\/\/novo2023.camtra.org.br\/index.php\/2021\/07\/12\/julhodaspretas-carolinavive\/","og_locale":"pt_BR","og_type":"article","og_title":"#JULHODASPRETAS | Ancestralidade e Resist\u00eancia das Mulheres Negras - CAMTRA NOVO","og_description":"Carolina vive! Carolina Maria de Jesus, rompendo a invisibilidade, torna-se uma das primeiras escritoras negras no Brasil. \ud83d\udc69\ud83c\udfff\u200d\ud83e\uddb1 Este ano, a escritora, que teve seu livro Quarto de Despejo, lan\u00e7ado [&hellip;]","og_url":"https:\/\/novo2023.camtra.org.br\/index.php\/2021\/07\/12\/julhodaspretas-carolinavive\/","og_site_name":"CAMTRA NOVO","article_published_time":"2021-07-12T16:01:21+00:00","author":"Casa da Mulher Trabalhadora","twitter_card":"summary_large_image","twitter_misc":{"Escrito por":"Casa da Mulher Trabalhadora","Est. tempo de leitura":"2 minutos"},"schema":{"@context":"https:\/\/schema.org","@graph":[{"@type":"Article","@id":"https:\/\/novo2023.camtra.org.br\/index.php\/2021\/07\/12\/julhodaspretas-carolinavive\/#article","isPartOf":{"@id":"https:\/\/novo2023.camtra.org.br\/index.php\/2021\/07\/12\/julhodaspretas-carolinavive\/"},"author":{"name":"Casa da Mulher Trabalhadora","@id":"https:\/\/novo2023.camtra.org.br\/#\/schema\/person\/f163af9cb65589aab5865b0437873a74"},"headline":"#JULHODASPRETAS | Ancestralidade e Resist\u00eancia das Mulheres Negras","datePublished":"2021-07-12T16:01:21+00:00","dateModified":"2021-07-12T16:01:21+00:00","mainEntityOfPage":{"@id":"https:\/\/novo2023.camtra.org.br\/index.php\/2021\/07\/12\/julhodaspretas-carolinavive\/"},"wordCount":382,"commentCount":0,"publisher":{"@id":"https:\/\/novo2023.camtra.org.br\/#organization"},"image":{"@id":"https:\/\/novo2023.camtra.org.br\/index.php\/2021\/07\/12\/julhodaspretas-carolinavive\/#primaryimage"},"thumbnailUrl":"https:\/\/novo2023.camtra.org.br\/wp-content\/uploads\/2021\/07\/carolina-1.jpeg","keywords":["; #julhodaspretas","#carolina","ancestralidade","carolinadejesus","julho das pretas","MulheresNegrasResistem","negras","resist\u00eancia"],"articleSection":["Educa\u00e7\u00e3o","Not\u00edcias","Pol\u00edtica","Racismo"],"inLanguage":"pt-BR","potentialAction":[{"@type":"CommentAction","name":"Comment","target":["https:\/\/novo2023.camtra.org.br\/index.php\/2021\/07\/12\/julhodaspretas-carolinavive\/#respond"]}]},{"@type":"WebPage","@id":"https:\/\/novo2023.camtra.org.br\/index.php\/2021\/07\/12\/julhodaspretas-carolinavive\/","url":"https:\/\/novo2023.camtra.org.br\/index.php\/2021\/07\/12\/julhodaspretas-carolinavive\/","name":"#JULHODASPRETAS | Ancestralidade e Resist\u00eancia das Mulheres Negras - CAMTRA NOVO","isPartOf":{"@id":"https:\/\/novo2023.camtra.org.br\/#website"},"primaryImageOfPage":{"@id":"https:\/\/novo2023.camtra.org.br\/index.php\/2021\/07\/12\/julhodaspretas-carolinavive\/#primaryimage"},"image":{"@id":"https:\/\/novo2023.camtra.org.br\/index.php\/2021\/07\/12\/julhodaspretas-carolinavive\/#primaryimage"},"thumbnailUrl":"https:\/\/novo2023.camtra.org.br\/wp-content\/uploads\/2021\/07\/carolina-1.jpeg","datePublished":"2021-07-12T16:01:21+00:00","dateModified":"2021-07-12T16:01:21+00:00","breadcrumb":{"@id":"https:\/\/novo2023.camtra.org.br\/index.php\/2021\/07\/12\/julhodaspretas-carolinavive\/#breadcrumb"},"inLanguage":"pt-BR","potentialAction":[{"@type":"ReadAction","target":["https:\/\/novo2023.camtra.org.br\/index.php\/2021\/07\/12\/julhodaspretas-carolinavive\/"]}]},{"@type":"ImageObject","inLanguage":"pt-BR","@id":"https:\/\/novo2023.camtra.org.br\/index.php\/2021\/07\/12\/julhodaspretas-carolinavive\/#primaryimage","url":"https:\/\/novo2023.camtra.org.br\/wp-content\/uploads\/2021\/07\/carolina-1.jpeg","contentUrl":"https:\/\/novo2023.camtra.org.br\/wp-content\/uploads\/2021\/07\/carolina-1.jpeg","width":1080,"height":1080},{"@type":"BreadcrumbList","@id":"https:\/\/novo2023.camtra.org.br\/index.php\/2021\/07\/12\/julhodaspretas-carolinavive\/#breadcrumb","itemListElement":[{"@type":"ListItem","position":1,"name":"Home","item":"https:\/\/novo2023.camtra.org.br\/"},{"@type":"ListItem","position":2,"name":"#JULHODASPRETAS | Ancestralidade e Resist\u00eancia das Mulheres Negras"}]},{"@type":"WebSite","@id":"https:\/\/novo2023.camtra.org.br\/#website","url":"https:\/\/novo2023.camtra.org.br\/","name":"CAMTRA NOVO","description":"","publisher":{"@id":"https:\/\/novo2023.camtra.org.br\/#organization"},"potentialAction":[{"@type":"SearchAction","target":{"@type":"EntryPoint","urlTemplate":"https:\/\/novo2023.camtra.org.br\/?s={search_term_string}"},"query-input":"required name=search_term_string"}],"inLanguage":"pt-BR"},{"@type":"Organization","@id":"https:\/\/novo2023.camtra.org.br\/#organization","name":"CAMTRA NOVO","url":"https:\/\/novo2023.camtra.org.br\/","logo":{"@type":"ImageObject","inLanguage":"pt-BR","@id":"https:\/\/novo2023.camtra.org.br\/#\/schema\/logo\/image\/","url":"https:\/\/novo2023.camtra.org.br\/wp-content\/uploads\/2024\/01\/CAMTRA-comflor-roxa-logo_logo-camtra-principal-flor.png","contentUrl":"https:\/\/novo2023.camtra.org.br\/wp-content\/uploads\/2024\/01\/CAMTRA-comflor-roxa-logo_logo-camtra-principal-flor.png","width":1172,"height":330,"caption":"CAMTRA NOVO"},"image":{"@id":"https:\/\/novo2023.camtra.org.br\/#\/schema\/logo\/image\/"}},{"@type":"Person","@id":"https:\/\/novo2023.camtra.org.br\/#\/schema\/person\/f163af9cb65589aab5865b0437873a74","name":"Casa da Mulher Trabalhadora","image":{"@type":"ImageObject","inLanguage":"pt-BR","@id":"https:\/\/novo2023.camtra.org.br\/#\/schema\/person\/image\/","url":"https:\/\/novo2023.camtra.org.br\/wp-content\/litespeed\/avatar\/4c87233a8b80506f010db0cccf69e8b5.jpg?ver=1777270965","contentUrl":"https:\/\/novo2023.camtra.org.br\/wp-content\/litespeed\/avatar\/4c87233a8b80506f010db0cccf69e8b5.jpg?ver=1777270965","caption":"Casa da Mulher Trabalhadora"},"url":"https:\/\/novo2023.camtra.org.br\/index.php\/author\/camtra\/"}]}},"_links":{"self":[{"href":"https:\/\/novo2023.camtra.org.br\/index.php\/wp-json\/wp\/v2\/posts\/7663"}],"collection":[{"href":"https:\/\/novo2023.camtra.org.br\/index.php\/wp-json\/wp\/v2\/posts"}],"about":[{"href":"https:\/\/novo2023.camtra.org.br\/index.php\/wp-json\/wp\/v2\/types\/post"}],"author":[{"embeddable":true,"href":"https:\/\/novo2023.camtra.org.br\/index.php\/wp-json\/wp\/v2\/users\/3"}],"replies":[{"embeddable":true,"href":"https:\/\/novo2023.camtra.org.br\/index.php\/wp-json\/wp\/v2\/comments?post=7663"}],"version-history":[{"count":0,"href":"https:\/\/novo2023.camtra.org.br\/index.php\/wp-json\/wp\/v2\/posts\/7663\/revisions"}],"wp:featuredmedia":[{"embeddable":true,"href":"https:\/\/novo2023.camtra.org.br\/index.php\/wp-json\/wp\/v2\/media\/7665"}],"wp:attachment":[{"href":"https:\/\/novo2023.camtra.org.br\/index.php\/wp-json\/wp\/v2\/media?parent=7663"}],"wp:term":[{"taxonomy":"category","embeddable":true,"href":"https:\/\/novo2023.camtra.org.br\/index.php\/wp-json\/wp\/v2\/categories?post=7663"},{"taxonomy":"post_tag","embeddable":true,"href":"https:\/\/novo2023.camtra.org.br\/index.php\/wp-json\/wp\/v2\/tags?post=7663"}],"curies":[{"name":"wp","href":"https:\/\/api.w.org\/{rel}","templated":true}]}}