{"id":7524,"date":"2021-05-31T19:43:26","date_gmt":"2021-05-31T22:43:26","guid":{"rendered":"https:\/\/camtra.org.br\/?p=7524"},"modified":"2021-05-31T19:43:26","modified_gmt":"2021-05-31T22:43:26","slug":"serie-crimes-do-patriarcado-violencia-contra-criancas-e-meninas","status":"publish","type":"post","link":"https:\/\/novo2023.camtra.org.br\/index.php\/2021\/05\/31\/serie-crimes-do-patriarcado-violencia-contra-criancas-e-meninas\/","title":{"rendered":"S\u00e9rie: Crimes do Patriarcado &#8211; Viol\u00eancia contra Crian\u00e7as e Meninas"},"content":{"rendered":"<div id=\"fb-root\"><\/div>\n<p>Meninas e mulheres representam 71% das pessoas traficadas no mundo. Segundo a Unicef, 30% das v\u00edtimas s\u00e3o crian\u00e7as.<!--more--><\/p>\n<p>&#8220;A viol\u00eancia \u00e9 a arma principal do patriarcado. Nem religi\u00e3o, nem educa\u00e7\u00e3o, nem leis, nem costumes, nem qualquer outro mecanismo teriam alcan\u00e7ado a submiss\u00e3o hist\u00f3rica das mulheres se tudo isso n\u00e3o tivesse sido refor\u00e7ado com a viol\u00eancia&#8221; &#8211; Trecho do livro \u201cFeminismo para Principiantes\u201d de N\u00faria Varela.<\/p>\n<p>O patriarcado domina, porque usa sua maior arma: a viol\u00eancia. As crian\u00e7as, as meninas e as imigrantes s\u00e3o suas primeiras v\u00edtimas, acentuada pela condi\u00e7\u00e3o social. S\u00e3o enganadas nas promessas de que ter\u00e3o uma vida melhor, e, que ter\u00e3o seus direitos minimamente garantidos.<\/p>\n<p>\u27a1\ufe0f Com a pandemia, as meninas passaram a ser aliciadas pelas redes sociais. Fator que acendeu um alerta no Comit\u00ea sobre a Elimina\u00e7\u00e3o da Discrimina\u00e7\u00e3o contra as Mulheres (Cedaw), que publicou odocumento \u201cmuito al\u00e9m do mundo off-line, ressaltando tend\u00eancias recentes do tr\u00e1fico no ciberespa\u00e7o\u201d, vizando chamar a aten\u00e7\u00e3o de governos para a problem\u00e1tica.<\/p>\n<p>Que o Estado olhe para a dura realidade que atinge com mais for\u00e7a meninas e mulheres. Pela cria\u00e7\u00e3o de pol\u00edticas p\u00fablicas que garantam autonomia das mulheres e igualdade de oportunidades!<\/p>\n<p>Por Mim, Por N\u00f3s e Por Todas!<\/p>\n<p>\u00c9 Pela Vida de Todas as Meninas e Mulheres Trabalhadoras!<\/p>\n<p>Fontes: Observat\u00f3rio do Terceiro Setor| https:\/\/www.travessia.org.br\/10-022020-brasil-registra&#8230; | https:\/\/brasil.un.org\/&#8230;\/100580-redes-sociais-tem-sido&#8230; | https:\/\/news.un.org\/pt\/story\/2020\/11\/1732552 | https:\/\/news.un.org\/pt\/story\/2018\/07\/1632632<\/p>\n","protected":false},"excerpt":{"rendered":"<p>Meninas e mulheres representam 71% das pessoas traficadas no mundo. Segundo a Unicef, 30% das v\u00edtimas s\u00e3o crian\u00e7as.<\/p>\n","protected":false},"author":3,"featured_media":7525,"comment_status":"open","ping_status":"open","sticky":false,"template":"","format":"image","meta":{"om_disable_all_campaigns":false,"_monsterinsights_skip_tracking":false,"_monsterinsights_sitenote_active":false,"_monsterinsights_sitenote_note":"","_monsterinsights_sitenote_category":0,"_uf_show_specific_survey":0,"_uf_disable_surveys":false,"ocean_post_layout":"","ocean_both_sidebars_style":"","ocean_both_sidebars_content_width":0,"ocean_both_sidebars_sidebars_width":0,"ocean_sidebar":"","ocean_second_sidebar":"","ocean_disable_margins":"enable","ocean_add_body_class":"","ocean_shortcode_before_top_bar":"","ocean_shortcode_after_top_bar":"","ocean_shortcode_before_header":"","ocean_shortcode_after_header":"","ocean_has_shortcode":"","ocean_shortcode_after_title":"","ocean_shortcode_before_footer_widgets":"","ocean_shortcode_after_footer_widgets":"","ocean_shortcode_before_footer_bottom":"","ocean_shortcode_after_footer_bottom":"","ocean_display_top_bar":"default","ocean_display_header":"default","ocean_header_style":"","ocean_center_header_left_menu":"","ocean_custom_header_template":"","ocean_custom_logo":0,"ocean_custom_retina_logo":0,"ocean_custom_logo_max_width":0,"ocean_custom_logo_tablet_max_width":0,"ocean_custom_logo_mobile_max_width":0,"ocean_custom_logo_max_height":0,"ocean_custom_logo_tablet_max_height":0,"ocean_custom_logo_mobile_max_height":0,"ocean_header_custom_menu":"","ocean_menu_typo_font_family":"","ocean_menu_typo_font_subset":"","ocean_menu_typo_font_size":0,"ocean_menu_typo_font_size_tablet":0,"ocean_menu_typo_font_size_mobile":0,"ocean_menu_typo_font_size_unit":"px","ocean_menu_typo_font_weight":"","ocean_menu_typo_font_weight_tablet":"","ocean_menu_typo_font_weight_mobile":"","ocean_menu_typo_transform":"","ocean_menu_typo_transform_tablet":"","ocean_menu_typo_transform_mobile":"","ocean_menu_typo_line_height":0,"ocean_menu_typo_line_height_tablet":0,"ocean_menu_typo_line_height_mobile":0,"ocean_menu_typo_line_height_unit":"","ocean_menu_typo_spacing":0,"ocean_menu_typo_spacing_tablet":0,"ocean_menu_typo_spacing_mobile":0,"ocean_menu_typo_spacing_unit":"","ocean_menu_link_color":"","ocean_menu_link_color_hover":"","ocean_menu_link_color_active":"","ocean_menu_link_background":"","ocean_menu_link_hover_background":"","ocean_menu_link_active_background":"","ocean_menu_social_links_bg":"","ocean_menu_social_hover_links_bg":"","ocean_menu_social_links_color":"","ocean_menu_social_hover_links_color":"","ocean_disable_title":"default","ocean_disable_heading":"default","ocean_post_title":"","ocean_post_subheading":"","ocean_post_title_style":"","ocean_post_title_background_color":"","ocean_post_title_background":0,"ocean_post_title_bg_image_position":"","ocean_post_title_bg_image_attachment":"","ocean_post_title_bg_image_repeat":"","ocean_post_title_bg_image_size":"","ocean_post_title_height":0,"ocean_post_title_bg_overlay":0.5,"ocean_post_title_bg_overlay_color":"","ocean_disable_breadcrumbs":"default","ocean_breadcrumbs_color":"","ocean_breadcrumbs_separator_color":"","ocean_breadcrumbs_links_color":"","ocean_breadcrumbs_links_hover_color":"","ocean_display_footer_widgets":"default","ocean_display_footer_bottom":"default","ocean_custom_footer_template":"","ocean_post_oembed":"","ocean_post_self_hosted_media":"","ocean_post_video_embed":"","ocean_link_format":"","ocean_link_format_target":"self","ocean_quote_format":"","ocean_quote_format_link":"post","ocean_gallery_link_images":"on","ocean_gallery_id":[],"footnotes":""},"categories":[27],"tags":[],"class_list":["post-7524","post","type-post","status-publish","format-image","has-post-thumbnail","hentry","category-noticias","post_format-post-format-image","entry","has-media"],"aioseo_notices":[],"yoast_head":"<!-- This site is optimized with the Yoast SEO plugin v23.0 - https:\/\/yoast.com\/wordpress\/plugins\/seo\/ -->\n<title>S\u00e9rie: Crimes do Patriarcado - Viol\u00eancia contra Crian\u00e7as e Meninas - CAMTRA NOVO<\/title>\n<meta name=\"robots\" content=\"index, follow, max-snippet:-1, max-image-preview:large, max-video-preview:-1\" \/>\n<link rel=\"canonical\" href=\"https:\/\/novo2023.camtra.org.br\/index.php\/2021\/05\/31\/serie-crimes-do-patriarcado-violencia-contra-criancas-e-meninas\/\" \/>\n<meta property=\"og:locale\" content=\"pt_BR\" \/>\n<meta property=\"og:type\" content=\"article\" \/>\n<meta property=\"og:title\" content=\"S\u00e9rie: Crimes do Patriarcado - Viol\u00eancia contra Crian\u00e7as e Meninas - CAMTRA NOVO\" \/>\n<meta property=\"og:description\" content=\"Meninas e mulheres representam 71% das pessoas traficadas no mundo. Segundo a Unicef, 30% das v\u00edtimas s\u00e3o crian\u00e7as.\" \/>\n<meta property=\"og:url\" content=\"https:\/\/novo2023.camtra.org.br\/index.php\/2021\/05\/31\/serie-crimes-do-patriarcado-violencia-contra-criancas-e-meninas\/\" \/>\n<meta property=\"og:site_name\" content=\"CAMTRA NOVO\" \/>\n<meta property=\"article:published_time\" content=\"2021-05-31T22:43:26+00:00\" \/>\n<meta name=\"author\" content=\"Casa da Mulher Trabalhadora\" \/>\n<meta name=\"twitter:card\" content=\"summary_large_image\" \/>\n<meta name=\"twitter:label1\" content=\"Escrito por\" \/>\n\t<meta name=\"twitter:data1\" content=\"Casa da Mulher Trabalhadora\" \/>\n\t<meta name=\"twitter:label2\" content=\"Est. tempo de leitura\" \/>\n\t<meta name=\"twitter:data2\" content=\"1 minuto\" \/>\n<script type=\"application\/ld+json\" class=\"yoast-schema-graph\">{\"@context\":\"https:\/\/schema.org\",\"@graph\":[{\"@type\":\"Article\",\"@id\":\"https:\/\/novo2023.camtra.org.br\/index.php\/2021\/05\/31\/serie-crimes-do-patriarcado-violencia-contra-criancas-e-meninas\/#article\",\"isPartOf\":{\"@id\":\"https:\/\/novo2023.camtra.org.br\/index.php\/2021\/05\/31\/serie-crimes-do-patriarcado-violencia-contra-criancas-e-meninas\/\"},\"author\":{\"name\":\"Casa da Mulher Trabalhadora\",\"@id\":\"https:\/\/novo2023.camtra.org.br\/#\/schema\/person\/f163af9cb65589aab5865b0437873a74\"},\"headline\":\"S\u00e9rie: Crimes do Patriarcado &#8211; Viol\u00eancia contra Crian\u00e7as e Meninas\",\"datePublished\":\"2021-05-31T22:43:26+00:00\",\"dateModified\":\"2021-05-31T22:43:26+00:00\",\"mainEntityOfPage\":{\"@id\":\"https:\/\/novo2023.camtra.org.br\/index.php\/2021\/05\/31\/serie-crimes-do-patriarcado-violencia-contra-criancas-e-meninas\/\"},\"wordCount\":279,\"commentCount\":0,\"publisher\":{\"@id\":\"https:\/\/novo2023.camtra.org.br\/#organization\"},\"image\":{\"@id\":\"https:\/\/novo2023.camtra.org.br\/index.php\/2021\/05\/31\/serie-crimes-do-patriarcado-violencia-contra-criancas-e-meninas\/#primaryimage\"},\"thumbnailUrl\":\"\",\"articleSection\":[\"Not\u00edcias\"],\"inLanguage\":\"pt-BR\",\"potentialAction\":[{\"@type\":\"CommentAction\",\"name\":\"Comment\",\"target\":[\"https:\/\/novo2023.camtra.org.br\/index.php\/2021\/05\/31\/serie-crimes-do-patriarcado-violencia-contra-criancas-e-meninas\/#respond\"]}]},{\"@type\":\"WebPage\",\"@id\":\"https:\/\/novo2023.camtra.org.br\/index.php\/2021\/05\/31\/serie-crimes-do-patriarcado-violencia-contra-criancas-e-meninas\/\",\"url\":\"https:\/\/novo2023.camtra.org.br\/index.php\/2021\/05\/31\/serie-crimes-do-patriarcado-violencia-contra-criancas-e-meninas\/\",\"name\":\"S\u00e9rie: Crimes do Patriarcado - Viol\u00eancia contra Crian\u00e7as e Meninas - CAMTRA NOVO\",\"isPartOf\":{\"@id\":\"https:\/\/novo2023.camtra.org.br\/#website\"},\"primaryImageOfPage\":{\"@id\":\"https:\/\/novo2023.camtra.org.br\/index.php\/2021\/05\/31\/serie-crimes-do-patriarcado-violencia-contra-criancas-e-meninas\/#primaryimage\"},\"image\":{\"@id\":\"https:\/\/novo2023.camtra.org.br\/index.php\/2021\/05\/31\/serie-crimes-do-patriarcado-violencia-contra-criancas-e-meninas\/#primaryimage\"},\"thumbnailUrl\":\"\",\"datePublished\":\"2021-05-31T22:43:26+00:00\",\"dateModified\":\"2021-05-31T22:43:26+00:00\",\"breadcrumb\":{\"@id\":\"https:\/\/novo2023.camtra.org.br\/index.php\/2021\/05\/31\/serie-crimes-do-patriarcado-violencia-contra-criancas-e-meninas\/#breadcrumb\"},\"inLanguage\":\"pt-BR\",\"potentialAction\":[{\"@type\":\"ReadAction\",\"target\":[\"https:\/\/novo2023.camtra.org.br\/index.php\/2021\/05\/31\/serie-crimes-do-patriarcado-violencia-contra-criancas-e-meninas\/\"]}]},{\"@type\":\"ImageObject\",\"inLanguage\":\"pt-BR\",\"@id\":\"https:\/\/novo2023.camtra.org.br\/index.php\/2021\/05\/31\/serie-crimes-do-patriarcado-violencia-contra-criancas-e-meninas\/#primaryimage\",\"url\":\"\",\"contentUrl\":\"\"},{\"@type\":\"BreadcrumbList\",\"@id\":\"https:\/\/novo2023.camtra.org.br\/index.php\/2021\/05\/31\/serie-crimes-do-patriarcado-violencia-contra-criancas-e-meninas\/#breadcrumb\",\"itemListElement\":[{\"@type\":\"ListItem\",\"position\":1,\"name\":\"Home\",\"item\":\"https:\/\/novo2023.camtra.org.br\/\"},{\"@type\":\"ListItem\",\"position\":2,\"name\":\"S\u00e9rie: Crimes do Patriarcado &#8211; Viol\u00eancia contra Crian\u00e7as e Meninas\"}]},{\"@type\":\"WebSite\",\"@id\":\"https:\/\/novo2023.camtra.org.br\/#website\",\"url\":\"https:\/\/novo2023.camtra.org.br\/\",\"name\":\"CAMTRA NOVO\",\"description\":\"\",\"publisher\":{\"@id\":\"https:\/\/novo2023.camtra.org.br\/#organization\"},\"potentialAction\":[{\"@type\":\"SearchAction\",\"target\":{\"@type\":\"EntryPoint\",\"urlTemplate\":\"https:\/\/novo2023.camtra.org.br\/?s={search_term_string}\"},\"query-input\":\"required name=search_term_string\"}],\"inLanguage\":\"pt-BR\"},{\"@type\":\"Organization\",\"@id\":\"https:\/\/novo2023.camtra.org.br\/#organization\",\"name\":\"CAMTRA NOVO\",\"url\":\"https:\/\/novo2023.camtra.org.br\/\",\"logo\":{\"@type\":\"ImageObject\",\"inLanguage\":\"pt-BR\",\"@id\":\"https:\/\/novo2023.camtra.org.br\/#\/schema\/logo\/image\/\",\"url\":\"https:\/\/novo2023.camtra.org.br\/wp-content\/uploads\/2024\/01\/CAMTRA-comflor-roxa-logo_logo-camtra-principal-flor.png\",\"contentUrl\":\"https:\/\/novo2023.camtra.org.br\/wp-content\/uploads\/2024\/01\/CAMTRA-comflor-roxa-logo_logo-camtra-principal-flor.png\",\"width\":1172,\"height\":330,\"caption\":\"CAMTRA NOVO\"},\"image\":{\"@id\":\"https:\/\/novo2023.camtra.org.br\/#\/schema\/logo\/image\/\"}},{\"@type\":\"Person\",\"@id\":\"https:\/\/novo2023.camtra.org.br\/#\/schema\/person\/f163af9cb65589aab5865b0437873a74\",\"name\":\"Casa da Mulher Trabalhadora\",\"image\":{\"@type\":\"ImageObject\",\"inLanguage\":\"pt-BR\",\"@id\":\"https:\/\/novo2023.camtra.org.br\/#\/schema\/person\/image\/\",\"url\":\"https:\/\/novo2023.camtra.org.br\/wp-content\/litespeed\/avatar\/4c87233a8b80506f010db0cccf69e8b5.jpg?ver=1777270965\",\"contentUrl\":\"https:\/\/novo2023.camtra.org.br\/wp-content\/litespeed\/avatar\/4c87233a8b80506f010db0cccf69e8b5.jpg?ver=1777270965\",\"caption\":\"Casa da Mulher Trabalhadora\"},\"url\":\"https:\/\/novo2023.camtra.org.br\/index.php\/author\/camtra\/\"}]}<\/script>\n<!-- \/ Yoast SEO plugin. -->","yoast_head_json":{"title":"S\u00e9rie: Crimes do Patriarcado - Viol\u00eancia contra Crian\u00e7as e Meninas - CAMTRA NOVO","robots":{"index":"index","follow":"follow","max-snippet":"max-snippet:-1","max-image-preview":"max-image-preview:large","max-video-preview":"max-video-preview:-1"},"canonical":"https:\/\/novo2023.camtra.org.br\/index.php\/2021\/05\/31\/serie-crimes-do-patriarcado-violencia-contra-criancas-e-meninas\/","og_locale":"pt_BR","og_type":"article","og_title":"S\u00e9rie: Crimes do Patriarcado - Viol\u00eancia contra Crian\u00e7as e Meninas - CAMTRA NOVO","og_description":"Meninas e mulheres representam 71% das pessoas traficadas no mundo. Segundo a Unicef, 30% das v\u00edtimas s\u00e3o crian\u00e7as.","og_url":"https:\/\/novo2023.camtra.org.br\/index.php\/2021\/05\/31\/serie-crimes-do-patriarcado-violencia-contra-criancas-e-meninas\/","og_site_name":"CAMTRA NOVO","article_published_time":"2021-05-31T22:43:26+00:00","author":"Casa da Mulher Trabalhadora","twitter_card":"summary_large_image","twitter_misc":{"Escrito por":"Casa da Mulher Trabalhadora","Est. tempo de leitura":"1 minuto"},"schema":{"@context":"https:\/\/schema.org","@graph":[{"@type":"Article","@id":"https:\/\/novo2023.camtra.org.br\/index.php\/2021\/05\/31\/serie-crimes-do-patriarcado-violencia-contra-criancas-e-meninas\/#article","isPartOf":{"@id":"https:\/\/novo2023.camtra.org.br\/index.php\/2021\/05\/31\/serie-crimes-do-patriarcado-violencia-contra-criancas-e-meninas\/"},"author":{"name":"Casa da Mulher Trabalhadora","@id":"https:\/\/novo2023.camtra.org.br\/#\/schema\/person\/f163af9cb65589aab5865b0437873a74"},"headline":"S\u00e9rie: Crimes do Patriarcado &#8211; Viol\u00eancia contra Crian\u00e7as e Meninas","datePublished":"2021-05-31T22:43:26+00:00","dateModified":"2021-05-31T22:43:26+00:00","mainEntityOfPage":{"@id":"https:\/\/novo2023.camtra.org.br\/index.php\/2021\/05\/31\/serie-crimes-do-patriarcado-violencia-contra-criancas-e-meninas\/"},"wordCount":279,"commentCount":0,"publisher":{"@id":"https:\/\/novo2023.camtra.org.br\/#organization"},"image":{"@id":"https:\/\/novo2023.camtra.org.br\/index.php\/2021\/05\/31\/serie-crimes-do-patriarcado-violencia-contra-criancas-e-meninas\/#primaryimage"},"thumbnailUrl":"","articleSection":["Not\u00edcias"],"inLanguage":"pt-BR","potentialAction":[{"@type":"CommentAction","name":"Comment","target":["https:\/\/novo2023.camtra.org.br\/index.php\/2021\/05\/31\/serie-crimes-do-patriarcado-violencia-contra-criancas-e-meninas\/#respond"]}]},{"@type":"WebPage","@id":"https:\/\/novo2023.camtra.org.br\/index.php\/2021\/05\/31\/serie-crimes-do-patriarcado-violencia-contra-criancas-e-meninas\/","url":"https:\/\/novo2023.camtra.org.br\/index.php\/2021\/05\/31\/serie-crimes-do-patriarcado-violencia-contra-criancas-e-meninas\/","name":"S\u00e9rie: Crimes do Patriarcado - Viol\u00eancia contra Crian\u00e7as e Meninas - CAMTRA NOVO","isPartOf":{"@id":"https:\/\/novo2023.camtra.org.br\/#website"},"primaryImageOfPage":{"@id":"https:\/\/novo2023.camtra.org.br\/index.php\/2021\/05\/31\/serie-crimes-do-patriarcado-violencia-contra-criancas-e-meninas\/#primaryimage"},"image":{"@id":"https:\/\/novo2023.camtra.org.br\/index.php\/2021\/05\/31\/serie-crimes-do-patriarcado-violencia-contra-criancas-e-meninas\/#primaryimage"},"thumbnailUrl":"","datePublished":"2021-05-31T22:43:26+00:00","dateModified":"2021-05-31T22:43:26+00:00","breadcrumb":{"@id":"https:\/\/novo2023.camtra.org.br\/index.php\/2021\/05\/31\/serie-crimes-do-patriarcado-violencia-contra-criancas-e-meninas\/#breadcrumb"},"inLanguage":"pt-BR","potentialAction":[{"@type":"ReadAction","target":["https:\/\/novo2023.camtra.org.br\/index.php\/2021\/05\/31\/serie-crimes-do-patriarcado-violencia-contra-criancas-e-meninas\/"]}]},{"@type":"ImageObject","inLanguage":"pt-BR","@id":"https:\/\/novo2023.camtra.org.br\/index.php\/2021\/05\/31\/serie-crimes-do-patriarcado-violencia-contra-criancas-e-meninas\/#primaryimage","url":"","contentUrl":""},{"@type":"BreadcrumbList","@id":"https:\/\/novo2023.camtra.org.br\/index.php\/2021\/05\/31\/serie-crimes-do-patriarcado-violencia-contra-criancas-e-meninas\/#breadcrumb","itemListElement":[{"@type":"ListItem","position":1,"name":"Home","item":"https:\/\/novo2023.camtra.org.br\/"},{"@type":"ListItem","position":2,"name":"S\u00e9rie: Crimes do Patriarcado &#8211; Viol\u00eancia contra Crian\u00e7as e Meninas"}]},{"@type":"WebSite","@id":"https:\/\/novo2023.camtra.org.br\/#website","url":"https:\/\/novo2023.camtra.org.br\/","name":"CAMTRA NOVO","description":"","publisher":{"@id":"https:\/\/novo2023.camtra.org.br\/#organization"},"potentialAction":[{"@type":"SearchAction","target":{"@type":"EntryPoint","urlTemplate":"https:\/\/novo2023.camtra.org.br\/?s={search_term_string}"},"query-input":"required name=search_term_string"}],"inLanguage":"pt-BR"},{"@type":"Organization","@id":"https:\/\/novo2023.camtra.org.br\/#organization","name":"CAMTRA NOVO","url":"https:\/\/novo2023.camtra.org.br\/","logo":{"@type":"ImageObject","inLanguage":"pt-BR","@id":"https:\/\/novo2023.camtra.org.br\/#\/schema\/logo\/image\/","url":"https:\/\/novo2023.camtra.org.br\/wp-content\/uploads\/2024\/01\/CAMTRA-comflor-roxa-logo_logo-camtra-principal-flor.png","contentUrl":"https:\/\/novo2023.camtra.org.br\/wp-content\/uploads\/2024\/01\/CAMTRA-comflor-roxa-logo_logo-camtra-principal-flor.png","width":1172,"height":330,"caption":"CAMTRA NOVO"},"image":{"@id":"https:\/\/novo2023.camtra.org.br\/#\/schema\/logo\/image\/"}},{"@type":"Person","@id":"https:\/\/novo2023.camtra.org.br\/#\/schema\/person\/f163af9cb65589aab5865b0437873a74","name":"Casa da Mulher Trabalhadora","image":{"@type":"ImageObject","inLanguage":"pt-BR","@id":"https:\/\/novo2023.camtra.org.br\/#\/schema\/person\/image\/","url":"https:\/\/novo2023.camtra.org.br\/wp-content\/litespeed\/avatar\/4c87233a8b80506f010db0cccf69e8b5.jpg?ver=1777270965","contentUrl":"https:\/\/novo2023.camtra.org.br\/wp-content\/litespeed\/avatar\/4c87233a8b80506f010db0cccf69e8b5.jpg?ver=1777270965","caption":"Casa da Mulher Trabalhadora"},"url":"https:\/\/novo2023.camtra.org.br\/index.php\/author\/camtra\/"}]}},"_links":{"self":[{"href":"https:\/\/novo2023.camtra.org.br\/index.php\/wp-json\/wp\/v2\/posts\/7524"}],"collection":[{"href":"https:\/\/novo2023.camtra.org.br\/index.php\/wp-json\/wp\/v2\/posts"}],"about":[{"href":"https:\/\/novo2023.camtra.org.br\/index.php\/wp-json\/wp\/v2\/types\/post"}],"author":[{"embeddable":true,"href":"https:\/\/novo2023.camtra.org.br\/index.php\/wp-json\/wp\/v2\/users\/3"}],"replies":[{"embeddable":true,"href":"https:\/\/novo2023.camtra.org.br\/index.php\/wp-json\/wp\/v2\/comments?post=7524"}],"version-history":[{"count":0,"href":"https:\/\/novo2023.camtra.org.br\/index.php\/wp-json\/wp\/v2\/posts\/7524\/revisions"}],"wp:featuredmedia":[{"embeddable":true,"href":"https:\/\/novo2023.camtra.org.br\/index.php\/wp-json\/"}],"wp:attachment":[{"href":"https:\/\/novo2023.camtra.org.br\/index.php\/wp-json\/wp\/v2\/media?parent=7524"}],"wp:term":[{"taxonomy":"category","embeddable":true,"href":"https:\/\/novo2023.camtra.org.br\/index.php\/wp-json\/wp\/v2\/categories?post=7524"},{"taxonomy":"post_tag","embeddable":true,"href":"https:\/\/novo2023.camtra.org.br\/index.php\/wp-json\/wp\/v2\/tags?post=7524"}],"curies":[{"name":"wp","href":"https:\/\/api.w.org\/{rel}","templated":true}]}}