{"id":7410,"date":"2021-05-06T11:51:43","date_gmt":"2021-05-06T14:51:43","guid":{"rendered":"https:\/\/camtra.org.br\/?p=7410"},"modified":"2021-05-06T11:51:43","modified_gmt":"2021-05-06T14:51:43","slug":"mulheres-das-favelas-da-mare-e-jacarezinho-sofrem-com-acoes-do-estado-em-meio-a-pandemia","status":"publish","type":"post","link":"https:\/\/novo2023.camtra.org.br\/index.php\/2021\/05\/06\/mulheres-das-favelas-da-mare-e-jacarezinho-sofrem-com-acoes-do-estado-em-meio-a-pandemia\/","title":{"rendered":"Mulheres das favelas da Mar\u00e9 e Jacarezinho sofrem com a\u00e7\u00f5es do Estado em meio a pandemia"},"content":{"rendered":"<div id=\"fb-root\"><\/div>\n<p>Em menos de 24 horas, mulheres trabalhadoras moradoras das favelas do Jacarezinho e da Mar\u00e9, no Rio de Janeiro, ficaram expostas a mais uma demonstra\u00e7\u00e3o de descaso com suas vidas.<\/p>\n<p>\u26a0 Na Mar\u00e9, uma opera\u00e7\u00e3o da Prefeitura, no dia 5 de maio de 2021, demoliu constru\u00e7\u00f5es irregulares e desocupou outras casas, sem uma notifica\u00e7\u00e3o pr\u00e9via, deixando m\u00e3es, filhas, av\u00f3s e diversas fam\u00edlias sem saber o que fazer.<\/p>\n<p>A a\u00e7\u00e3o de desocupar casas e deixar pessoas sem um teto em meio a uma pandemia, choca n\u00e3o somente pelo momento que estamos vivendo, mas tamb\u00e9m por desrespeitar a Lei N\u00ba 9020 de 25\/09\/2020, que \u201cdetermina a suspens\u00e3o do cumprimento de mandados de reintegra\u00e7\u00e3o de posse e imiss\u00e3o na posse, despejos e remo\u00e7\u00f5es judiciais ou extra-judiciais enquanto medida tempor\u00e1ria de preven\u00e7\u00e3o ao cont\u00e1gio e de enfrentamento da propaga\u00e7\u00e3o decorrente do Novo Coronav\u00edrus\u201d.<\/p>\n<p>\u26a0 J\u00e1 na manh\u00e3 de hoje, 06 de maio de 2021, na favela do Jacarezinho, mulheres trabalhadoras tiveram suas vidas e rotinas mais uma vez ignoradas com um intenso tiroteio. Vale lembrar que o STF restringiu opera\u00e7\u00f5es em favelas durante a pandemia. S\u00f3 est\u00e3o autorizadas em &#8220;hip\u00f3teses absolutamente excepcionais&#8221;.<\/p>\n<p>Qual a excepcionalidade para o Estado ao entrar em uma favela?<\/p>\n<p>Mulheres trabalhadoras que s\u00e3o, em sua maioria, chefas de fam\u00edlia, sobrevivem dia ap\u00f3s dia na incerteza de dias melhores. Afinal, s\u00e3o desrespeitadas em sua pr\u00f3pria casa, afastadas de seus direitos b\u00e1sicos e jogadas \u00e0 pr\u00f3pria sorte.<\/p>\n<p>\u270a N\u00e3o vamos parar at\u00e9 Todas n\u00f3s sermos respeitadas!<\/p>\n<p>Pela vida de Todas, exigimos Aux\u00edlio Emergencial de R$ 600 e Vacina Para Todas J\u00e1!<\/p>\n<p>Fontes: Mar\u00e9 de Not\u00edcias | Voz das Comunidades<\/p>\n","protected":false},"excerpt":{"rendered":"<p>Qual a excepcionalidade para o Estado ao entrar em uma favela?<\/p>\n<p>Mulheres trabalhadoras que s\u00e3o, em sua maioria, chefas de fam\u00edlia, sobrevivem dia ap\u00f3s dia na incerteza de dias melhores. Afinal, s\u00e3o desrespeitadas em sua pr\u00f3pria casa, afastadas de seus direitos b\u00e1sicos e jogadas \u00e0 pr\u00f3pria sorte.<\/p>\n","protected":false},"author":3,"featured_media":7411,"comment_status":"open","ping_status":"open","sticky":false,"template":"","format":"image","meta":{"om_disable_all_campaigns":false,"_monsterinsights_skip_tracking":false,"_monsterinsights_sitenote_active":false,"_monsterinsights_sitenote_note":"","_monsterinsights_sitenote_category":0,"_uf_show_specific_survey":0,"_uf_disable_surveys":false,"ocean_post_layout":"","ocean_both_sidebars_style":"","ocean_both_sidebars_content_width":0,"ocean_both_sidebars_sidebars_width":0,"ocean_sidebar":"","ocean_second_sidebar":"","ocean_disable_margins":"enable","ocean_add_body_class":"","ocean_shortcode_before_top_bar":"","ocean_shortcode_after_top_bar":"","ocean_shortcode_before_header":"","ocean_shortcode_after_header":"","ocean_has_shortcode":"","ocean_shortcode_after_title":"","ocean_shortcode_before_footer_widgets":"","ocean_shortcode_after_footer_widgets":"","ocean_shortcode_before_footer_bottom":"","ocean_shortcode_after_footer_bottom":"","ocean_display_top_bar":"default","ocean_display_header":"default","ocean_header_style":"","ocean_center_header_left_menu":"","ocean_custom_header_template":"","ocean_custom_logo":0,"ocean_custom_retina_logo":0,"ocean_custom_logo_max_width":0,"ocean_custom_logo_tablet_max_width":0,"ocean_custom_logo_mobile_max_width":0,"ocean_custom_logo_max_height":0,"ocean_custom_logo_tablet_max_height":0,"ocean_custom_logo_mobile_max_height":0,"ocean_header_custom_menu":"","ocean_menu_typo_font_family":"","ocean_menu_typo_font_subset":"","ocean_menu_typo_font_size":0,"ocean_menu_typo_font_size_tablet":0,"ocean_menu_typo_font_size_mobile":0,"ocean_menu_typo_font_size_unit":"px","ocean_menu_typo_font_weight":"","ocean_menu_typo_font_weight_tablet":"","ocean_menu_typo_font_weight_mobile":"","ocean_menu_typo_transform":"","ocean_menu_typo_transform_tablet":"","ocean_menu_typo_transform_mobile":"","ocean_menu_typo_line_height":0,"ocean_menu_typo_line_height_tablet":0,"ocean_menu_typo_line_height_mobile":0,"ocean_menu_typo_line_height_unit":"","ocean_menu_typo_spacing":0,"ocean_menu_typo_spacing_tablet":0,"ocean_menu_typo_spacing_mobile":0,"ocean_menu_typo_spacing_unit":"","ocean_menu_link_color":"","ocean_menu_link_color_hover":"","ocean_menu_link_color_active":"","ocean_menu_link_background":"","ocean_menu_link_hover_background":"","ocean_menu_link_active_background":"","ocean_menu_social_links_bg":"","ocean_menu_social_hover_links_bg":"","ocean_menu_social_links_color":"","ocean_menu_social_hover_links_color":"","ocean_disable_title":"default","ocean_disable_heading":"default","ocean_post_title":"","ocean_post_subheading":"","ocean_post_title_style":"","ocean_post_title_background_color":"","ocean_post_title_background":0,"ocean_post_title_bg_image_position":"","ocean_post_title_bg_image_attachment":"","ocean_post_title_bg_image_repeat":"","ocean_post_title_bg_image_size":"","ocean_post_title_height":0,"ocean_post_title_bg_overlay":0.5,"ocean_post_title_bg_overlay_color":"","ocean_disable_breadcrumbs":"default","ocean_breadcrumbs_color":"","ocean_breadcrumbs_separator_color":"","ocean_breadcrumbs_links_color":"","ocean_breadcrumbs_links_hover_color":"","ocean_display_footer_widgets":"default","ocean_display_footer_bottom":"default","ocean_custom_footer_template":"","ocean_post_oembed":"","ocean_post_self_hosted_media":"","ocean_post_video_embed":"","ocean_link_format":"","ocean_link_format_target":"self","ocean_quote_format":"","ocean_quote_format_link":"post","ocean_gallery_link_images":"on","ocean_gallery_id":[],"footnotes":""},"categories":[27],"tags":[13,547,487,495],"class_list":["post-7410","post","type-post","status-publish","format-image","has-post-thumbnail","hentry","category-noticias","tag-camtra","tag-naoaviolenciacontraasmulheres","tag-pelavidadetodas","tag-todasasmulheressaotrabalhadoras","post_format-post-format-image","entry","has-media"],"aioseo_notices":[],"yoast_head":"<!-- This site is optimized with the Yoast SEO plugin v23.0 - https:\/\/yoast.com\/wordpress\/plugins\/seo\/ -->\n<title>Mulheres das favelas da Mar\u00e9 e Jacarezinho sofrem com a\u00e7\u00f5es do Estado em meio a pandemia - CAMTRA NOVO<\/title>\n<meta name=\"robots\" content=\"index, follow, max-snippet:-1, max-image-preview:large, max-video-preview:-1\" \/>\n<link rel=\"canonical\" href=\"https:\/\/novo2023.camtra.org.br\/index.php\/2021\/05\/06\/mulheres-das-favelas-da-mare-e-jacarezinho-sofrem-com-acoes-do-estado-em-meio-a-pandemia\/\" \/>\n<meta property=\"og:locale\" content=\"pt_BR\" \/>\n<meta property=\"og:type\" content=\"article\" \/>\n<meta property=\"og:title\" content=\"Mulheres das favelas da Mar\u00e9 e Jacarezinho sofrem com a\u00e7\u00f5es do Estado em meio a pandemia - CAMTRA NOVO\" \/>\n<meta property=\"og:description\" content=\"Qual a excepcionalidade para o Estado ao entrar em uma favela? Mulheres trabalhadoras que s\u00e3o, em sua maioria, chefas de fam\u00edlia, sobrevivem dia ap\u00f3s dia na incerteza de dias melhores. Afinal, s\u00e3o desrespeitadas em sua pr\u00f3pria casa, afastadas de seus direitos b\u00e1sicos e jogadas \u00e0 pr\u00f3pria sorte.\" \/>\n<meta property=\"og:url\" content=\"https:\/\/novo2023.camtra.org.br\/index.php\/2021\/05\/06\/mulheres-das-favelas-da-mare-e-jacarezinho-sofrem-com-acoes-do-estado-em-meio-a-pandemia\/\" \/>\n<meta property=\"og:site_name\" content=\"CAMTRA NOVO\" \/>\n<meta property=\"article:published_time\" content=\"2021-05-06T14:51:43+00:00\" \/>\n<meta name=\"author\" content=\"Casa da Mulher Trabalhadora\" \/>\n<meta name=\"twitter:card\" content=\"summary_large_image\" \/>\n<meta name=\"twitter:label1\" content=\"Escrito por\" \/>\n\t<meta name=\"twitter:data1\" content=\"Casa da Mulher Trabalhadora\" \/>\n\t<meta name=\"twitter:label2\" content=\"Est. tempo de leitura\" \/>\n\t<meta name=\"twitter:data2\" content=\"1 minuto\" \/>\n<script type=\"application\/ld+json\" class=\"yoast-schema-graph\">{\"@context\":\"https:\/\/schema.org\",\"@graph\":[{\"@type\":\"Article\",\"@id\":\"https:\/\/novo2023.camtra.org.br\/index.php\/2021\/05\/06\/mulheres-das-favelas-da-mare-e-jacarezinho-sofrem-com-acoes-do-estado-em-meio-a-pandemia\/#article\",\"isPartOf\":{\"@id\":\"https:\/\/novo2023.camtra.org.br\/index.php\/2021\/05\/06\/mulheres-das-favelas-da-mare-e-jacarezinho-sofrem-com-acoes-do-estado-em-meio-a-pandemia\/\"},\"author\":{\"name\":\"Casa da Mulher Trabalhadora\",\"@id\":\"https:\/\/novo2023.camtra.org.br\/#\/schema\/person\/f163af9cb65589aab5865b0437873a74\"},\"headline\":\"Mulheres das favelas da Mar\u00e9 e Jacarezinho sofrem com a\u00e7\u00f5es do Estado em meio a pandemia\",\"datePublished\":\"2021-05-06T14:51:43+00:00\",\"dateModified\":\"2021-05-06T14:51:43+00:00\",\"mainEntityOfPage\":{\"@id\":\"https:\/\/novo2023.camtra.org.br\/index.php\/2021\/05\/06\/mulheres-das-favelas-da-mare-e-jacarezinho-sofrem-com-acoes-do-estado-em-meio-a-pandemia\/\"},\"wordCount\":305,\"commentCount\":0,\"publisher\":{\"@id\":\"https:\/\/novo2023.camtra.org.br\/#organization\"},\"image\":{\"@id\":\"https:\/\/novo2023.camtra.org.br\/index.php\/2021\/05\/06\/mulheres-das-favelas-da-mare-e-jacarezinho-sofrem-com-acoes-do-estado-em-meio-a-pandemia\/#primaryimage\"},\"thumbnailUrl\":\"https:\/\/novo2023.camtra.org.br\/wp-content\/uploads\/2021\/05\/WhatsApp-Image-2021-05-06-at-16.46.16.jpeg\",\"keywords\":[\"camtra\",\"N\u00e3oaViol\u00eanciaContraAsMulheres\",\"pelavidadetodas\",\"TodasasMulheresS\u00e3oTrabalhadoras\"],\"articleSection\":[\"Not\u00edcias\"],\"inLanguage\":\"pt-BR\",\"potentialAction\":[{\"@type\":\"CommentAction\",\"name\":\"Comment\",\"target\":[\"https:\/\/novo2023.camtra.org.br\/index.php\/2021\/05\/06\/mulheres-das-favelas-da-mare-e-jacarezinho-sofrem-com-acoes-do-estado-em-meio-a-pandemia\/#respond\"]}]},{\"@type\":\"WebPage\",\"@id\":\"https:\/\/novo2023.camtra.org.br\/index.php\/2021\/05\/06\/mulheres-das-favelas-da-mare-e-jacarezinho-sofrem-com-acoes-do-estado-em-meio-a-pandemia\/\",\"url\":\"https:\/\/novo2023.camtra.org.br\/index.php\/2021\/05\/06\/mulheres-das-favelas-da-mare-e-jacarezinho-sofrem-com-acoes-do-estado-em-meio-a-pandemia\/\",\"name\":\"Mulheres das favelas da Mar\u00e9 e Jacarezinho sofrem com a\u00e7\u00f5es do Estado em meio a pandemia - CAMTRA NOVO\",\"isPartOf\":{\"@id\":\"https:\/\/novo2023.camtra.org.br\/#website\"},\"primaryImageOfPage\":{\"@id\":\"https:\/\/novo2023.camtra.org.br\/index.php\/2021\/05\/06\/mulheres-das-favelas-da-mare-e-jacarezinho-sofrem-com-acoes-do-estado-em-meio-a-pandemia\/#primaryimage\"},\"image\":{\"@id\":\"https:\/\/novo2023.camtra.org.br\/index.php\/2021\/05\/06\/mulheres-das-favelas-da-mare-e-jacarezinho-sofrem-com-acoes-do-estado-em-meio-a-pandemia\/#primaryimage\"},\"thumbnailUrl\":\"https:\/\/novo2023.camtra.org.br\/wp-content\/uploads\/2021\/05\/WhatsApp-Image-2021-05-06-at-16.46.16.jpeg\",\"datePublished\":\"2021-05-06T14:51:43+00:00\",\"dateModified\":\"2021-05-06T14:51:43+00:00\",\"breadcrumb\":{\"@id\":\"https:\/\/novo2023.camtra.org.br\/index.php\/2021\/05\/06\/mulheres-das-favelas-da-mare-e-jacarezinho-sofrem-com-acoes-do-estado-em-meio-a-pandemia\/#breadcrumb\"},\"inLanguage\":\"pt-BR\",\"potentialAction\":[{\"@type\":\"ReadAction\",\"target\":[\"https:\/\/novo2023.camtra.org.br\/index.php\/2021\/05\/06\/mulheres-das-favelas-da-mare-e-jacarezinho-sofrem-com-acoes-do-estado-em-meio-a-pandemia\/\"]}]},{\"@type\":\"ImageObject\",\"inLanguage\":\"pt-BR\",\"@id\":\"https:\/\/novo2023.camtra.org.br\/index.php\/2021\/05\/06\/mulheres-das-favelas-da-mare-e-jacarezinho-sofrem-com-acoes-do-estado-em-meio-a-pandemia\/#primaryimage\",\"url\":\"https:\/\/novo2023.camtra.org.br\/wp-content\/uploads\/2021\/05\/WhatsApp-Image-2021-05-06-at-16.46.16.jpeg\",\"contentUrl\":\"https:\/\/novo2023.camtra.org.br\/wp-content\/uploads\/2021\/05\/WhatsApp-Image-2021-05-06-at-16.46.16.jpeg\",\"width\":1080,\"height\":1080},{\"@type\":\"BreadcrumbList\",\"@id\":\"https:\/\/novo2023.camtra.org.br\/index.php\/2021\/05\/06\/mulheres-das-favelas-da-mare-e-jacarezinho-sofrem-com-acoes-do-estado-em-meio-a-pandemia\/#breadcrumb\",\"itemListElement\":[{\"@type\":\"ListItem\",\"position\":1,\"name\":\"Home\",\"item\":\"https:\/\/novo2023.camtra.org.br\/\"},{\"@type\":\"ListItem\",\"position\":2,\"name\":\"Mulheres das favelas da Mar\u00e9 e Jacarezinho sofrem com a\u00e7\u00f5es do Estado em meio a pandemia\"}]},{\"@type\":\"WebSite\",\"@id\":\"https:\/\/novo2023.camtra.org.br\/#website\",\"url\":\"https:\/\/novo2023.camtra.org.br\/\",\"name\":\"CAMTRA NOVO\",\"description\":\"\",\"publisher\":{\"@id\":\"https:\/\/novo2023.camtra.org.br\/#organization\"},\"potentialAction\":[{\"@type\":\"SearchAction\",\"target\":{\"@type\":\"EntryPoint\",\"urlTemplate\":\"https:\/\/novo2023.camtra.org.br\/?s={search_term_string}\"},\"query-input\":\"required name=search_term_string\"}],\"inLanguage\":\"pt-BR\"},{\"@type\":\"Organization\",\"@id\":\"https:\/\/novo2023.camtra.org.br\/#organization\",\"name\":\"CAMTRA NOVO\",\"url\":\"https:\/\/novo2023.camtra.org.br\/\",\"logo\":{\"@type\":\"ImageObject\",\"inLanguage\":\"pt-BR\",\"@id\":\"https:\/\/novo2023.camtra.org.br\/#\/schema\/logo\/image\/\",\"url\":\"https:\/\/novo2023.camtra.org.br\/wp-content\/uploads\/2024\/01\/CAMTRA-comflor-roxa-logo_logo-camtra-principal-flor.png\",\"contentUrl\":\"https:\/\/novo2023.camtra.org.br\/wp-content\/uploads\/2024\/01\/CAMTRA-comflor-roxa-logo_logo-camtra-principal-flor.png\",\"width\":1172,\"height\":330,\"caption\":\"CAMTRA NOVO\"},\"image\":{\"@id\":\"https:\/\/novo2023.camtra.org.br\/#\/schema\/logo\/image\/\"}},{\"@type\":\"Person\",\"@id\":\"https:\/\/novo2023.camtra.org.br\/#\/schema\/person\/f163af9cb65589aab5865b0437873a74\",\"name\":\"Casa da Mulher Trabalhadora\",\"image\":{\"@type\":\"ImageObject\",\"inLanguage\":\"pt-BR\",\"@id\":\"https:\/\/novo2023.camtra.org.br\/#\/schema\/person\/image\/\",\"url\":\"https:\/\/novo2023.camtra.org.br\/wp-content\/litespeed\/avatar\/4c87233a8b80506f010db0cccf69e8b5.jpg?ver=1777270965\",\"contentUrl\":\"https:\/\/novo2023.camtra.org.br\/wp-content\/litespeed\/avatar\/4c87233a8b80506f010db0cccf69e8b5.jpg?ver=1777270965\",\"caption\":\"Casa da Mulher Trabalhadora\"},\"url\":\"https:\/\/novo2023.camtra.org.br\/index.php\/author\/camtra\/\"}]}<\/script>\n<!-- \/ Yoast SEO plugin. -->","yoast_head_json":{"title":"Mulheres das favelas da Mar\u00e9 e Jacarezinho sofrem com a\u00e7\u00f5es do Estado em meio a pandemia - CAMTRA NOVO","robots":{"index":"index","follow":"follow","max-snippet":"max-snippet:-1","max-image-preview":"max-image-preview:large","max-video-preview":"max-video-preview:-1"},"canonical":"https:\/\/novo2023.camtra.org.br\/index.php\/2021\/05\/06\/mulheres-das-favelas-da-mare-e-jacarezinho-sofrem-com-acoes-do-estado-em-meio-a-pandemia\/","og_locale":"pt_BR","og_type":"article","og_title":"Mulheres das favelas da Mar\u00e9 e Jacarezinho sofrem com a\u00e7\u00f5es do Estado em meio a pandemia - CAMTRA NOVO","og_description":"Qual a excepcionalidade para o Estado ao entrar em uma favela? Mulheres trabalhadoras que s\u00e3o, em sua maioria, chefas de fam\u00edlia, sobrevivem dia ap\u00f3s dia na incerteza de dias melhores. Afinal, s\u00e3o desrespeitadas em sua pr\u00f3pria casa, afastadas de seus direitos b\u00e1sicos e jogadas \u00e0 pr\u00f3pria sorte.","og_url":"https:\/\/novo2023.camtra.org.br\/index.php\/2021\/05\/06\/mulheres-das-favelas-da-mare-e-jacarezinho-sofrem-com-acoes-do-estado-em-meio-a-pandemia\/","og_site_name":"CAMTRA NOVO","article_published_time":"2021-05-06T14:51:43+00:00","author":"Casa da Mulher Trabalhadora","twitter_card":"summary_large_image","twitter_misc":{"Escrito por":"Casa da Mulher Trabalhadora","Est. tempo de leitura":"1 minuto"},"schema":{"@context":"https:\/\/schema.org","@graph":[{"@type":"Article","@id":"https:\/\/novo2023.camtra.org.br\/index.php\/2021\/05\/06\/mulheres-das-favelas-da-mare-e-jacarezinho-sofrem-com-acoes-do-estado-em-meio-a-pandemia\/#article","isPartOf":{"@id":"https:\/\/novo2023.camtra.org.br\/index.php\/2021\/05\/06\/mulheres-das-favelas-da-mare-e-jacarezinho-sofrem-com-acoes-do-estado-em-meio-a-pandemia\/"},"author":{"name":"Casa da Mulher Trabalhadora","@id":"https:\/\/novo2023.camtra.org.br\/#\/schema\/person\/f163af9cb65589aab5865b0437873a74"},"headline":"Mulheres das favelas da Mar\u00e9 e Jacarezinho sofrem com a\u00e7\u00f5es do Estado em meio a pandemia","datePublished":"2021-05-06T14:51:43+00:00","dateModified":"2021-05-06T14:51:43+00:00","mainEntityOfPage":{"@id":"https:\/\/novo2023.camtra.org.br\/index.php\/2021\/05\/06\/mulheres-das-favelas-da-mare-e-jacarezinho-sofrem-com-acoes-do-estado-em-meio-a-pandemia\/"},"wordCount":305,"commentCount":0,"publisher":{"@id":"https:\/\/novo2023.camtra.org.br\/#organization"},"image":{"@id":"https:\/\/novo2023.camtra.org.br\/index.php\/2021\/05\/06\/mulheres-das-favelas-da-mare-e-jacarezinho-sofrem-com-acoes-do-estado-em-meio-a-pandemia\/#primaryimage"},"thumbnailUrl":"https:\/\/novo2023.camtra.org.br\/wp-content\/uploads\/2021\/05\/WhatsApp-Image-2021-05-06-at-16.46.16.jpeg","keywords":["camtra","N\u00e3oaViol\u00eanciaContraAsMulheres","pelavidadetodas","TodasasMulheresS\u00e3oTrabalhadoras"],"articleSection":["Not\u00edcias"],"inLanguage":"pt-BR","potentialAction":[{"@type":"CommentAction","name":"Comment","target":["https:\/\/novo2023.camtra.org.br\/index.php\/2021\/05\/06\/mulheres-das-favelas-da-mare-e-jacarezinho-sofrem-com-acoes-do-estado-em-meio-a-pandemia\/#respond"]}]},{"@type":"WebPage","@id":"https:\/\/novo2023.camtra.org.br\/index.php\/2021\/05\/06\/mulheres-das-favelas-da-mare-e-jacarezinho-sofrem-com-acoes-do-estado-em-meio-a-pandemia\/","url":"https:\/\/novo2023.camtra.org.br\/index.php\/2021\/05\/06\/mulheres-das-favelas-da-mare-e-jacarezinho-sofrem-com-acoes-do-estado-em-meio-a-pandemia\/","name":"Mulheres das favelas da Mar\u00e9 e Jacarezinho sofrem com a\u00e7\u00f5es do Estado em meio a pandemia - CAMTRA NOVO","isPartOf":{"@id":"https:\/\/novo2023.camtra.org.br\/#website"},"primaryImageOfPage":{"@id":"https:\/\/novo2023.camtra.org.br\/index.php\/2021\/05\/06\/mulheres-das-favelas-da-mare-e-jacarezinho-sofrem-com-acoes-do-estado-em-meio-a-pandemia\/#primaryimage"},"image":{"@id":"https:\/\/novo2023.camtra.org.br\/index.php\/2021\/05\/06\/mulheres-das-favelas-da-mare-e-jacarezinho-sofrem-com-acoes-do-estado-em-meio-a-pandemia\/#primaryimage"},"thumbnailUrl":"https:\/\/novo2023.camtra.org.br\/wp-content\/uploads\/2021\/05\/WhatsApp-Image-2021-05-06-at-16.46.16.jpeg","datePublished":"2021-05-06T14:51:43+00:00","dateModified":"2021-05-06T14:51:43+00:00","breadcrumb":{"@id":"https:\/\/novo2023.camtra.org.br\/index.php\/2021\/05\/06\/mulheres-das-favelas-da-mare-e-jacarezinho-sofrem-com-acoes-do-estado-em-meio-a-pandemia\/#breadcrumb"},"inLanguage":"pt-BR","potentialAction":[{"@type":"ReadAction","target":["https:\/\/novo2023.camtra.org.br\/index.php\/2021\/05\/06\/mulheres-das-favelas-da-mare-e-jacarezinho-sofrem-com-acoes-do-estado-em-meio-a-pandemia\/"]}]},{"@type":"ImageObject","inLanguage":"pt-BR","@id":"https:\/\/novo2023.camtra.org.br\/index.php\/2021\/05\/06\/mulheres-das-favelas-da-mare-e-jacarezinho-sofrem-com-acoes-do-estado-em-meio-a-pandemia\/#primaryimage","url":"https:\/\/novo2023.camtra.org.br\/wp-content\/uploads\/2021\/05\/WhatsApp-Image-2021-05-06-at-16.46.16.jpeg","contentUrl":"https:\/\/novo2023.camtra.org.br\/wp-content\/uploads\/2021\/05\/WhatsApp-Image-2021-05-06-at-16.46.16.jpeg","width":1080,"height":1080},{"@type":"BreadcrumbList","@id":"https:\/\/novo2023.camtra.org.br\/index.php\/2021\/05\/06\/mulheres-das-favelas-da-mare-e-jacarezinho-sofrem-com-acoes-do-estado-em-meio-a-pandemia\/#breadcrumb","itemListElement":[{"@type":"ListItem","position":1,"name":"Home","item":"https:\/\/novo2023.camtra.org.br\/"},{"@type":"ListItem","position":2,"name":"Mulheres das favelas da Mar\u00e9 e Jacarezinho sofrem com a\u00e7\u00f5es do Estado em meio a pandemia"}]},{"@type":"WebSite","@id":"https:\/\/novo2023.camtra.org.br\/#website","url":"https:\/\/novo2023.camtra.org.br\/","name":"CAMTRA NOVO","description":"","publisher":{"@id":"https:\/\/novo2023.camtra.org.br\/#organization"},"potentialAction":[{"@type":"SearchAction","target":{"@type":"EntryPoint","urlTemplate":"https:\/\/novo2023.camtra.org.br\/?s={search_term_string}"},"query-input":"required name=search_term_string"}],"inLanguage":"pt-BR"},{"@type":"Organization","@id":"https:\/\/novo2023.camtra.org.br\/#organization","name":"CAMTRA NOVO","url":"https:\/\/novo2023.camtra.org.br\/","logo":{"@type":"ImageObject","inLanguage":"pt-BR","@id":"https:\/\/novo2023.camtra.org.br\/#\/schema\/logo\/image\/","url":"https:\/\/novo2023.camtra.org.br\/wp-content\/uploads\/2024\/01\/CAMTRA-comflor-roxa-logo_logo-camtra-principal-flor.png","contentUrl":"https:\/\/novo2023.camtra.org.br\/wp-content\/uploads\/2024\/01\/CAMTRA-comflor-roxa-logo_logo-camtra-principal-flor.png","width":1172,"height":330,"caption":"CAMTRA NOVO"},"image":{"@id":"https:\/\/novo2023.camtra.org.br\/#\/schema\/logo\/image\/"}},{"@type":"Person","@id":"https:\/\/novo2023.camtra.org.br\/#\/schema\/person\/f163af9cb65589aab5865b0437873a74","name":"Casa da Mulher Trabalhadora","image":{"@type":"ImageObject","inLanguage":"pt-BR","@id":"https:\/\/novo2023.camtra.org.br\/#\/schema\/person\/image\/","url":"https:\/\/novo2023.camtra.org.br\/wp-content\/litespeed\/avatar\/4c87233a8b80506f010db0cccf69e8b5.jpg?ver=1777270965","contentUrl":"https:\/\/novo2023.camtra.org.br\/wp-content\/litespeed\/avatar\/4c87233a8b80506f010db0cccf69e8b5.jpg?ver=1777270965","caption":"Casa da Mulher Trabalhadora"},"url":"https:\/\/novo2023.camtra.org.br\/index.php\/author\/camtra\/"}]}},"_links":{"self":[{"href":"https:\/\/novo2023.camtra.org.br\/index.php\/wp-json\/wp\/v2\/posts\/7410"}],"collection":[{"href":"https:\/\/novo2023.camtra.org.br\/index.php\/wp-json\/wp\/v2\/posts"}],"about":[{"href":"https:\/\/novo2023.camtra.org.br\/index.php\/wp-json\/wp\/v2\/types\/post"}],"author":[{"embeddable":true,"href":"https:\/\/novo2023.camtra.org.br\/index.php\/wp-json\/wp\/v2\/users\/3"}],"replies":[{"embeddable":true,"href":"https:\/\/novo2023.camtra.org.br\/index.php\/wp-json\/wp\/v2\/comments?post=7410"}],"version-history":[{"count":0,"href":"https:\/\/novo2023.camtra.org.br\/index.php\/wp-json\/wp\/v2\/posts\/7410\/revisions"}],"wp:featuredmedia":[{"embeddable":true,"href":"https:\/\/novo2023.camtra.org.br\/index.php\/wp-json\/wp\/v2\/media\/7411"}],"wp:attachment":[{"href":"https:\/\/novo2023.camtra.org.br\/index.php\/wp-json\/wp\/v2\/media?parent=7410"}],"wp:term":[{"taxonomy":"category","embeddable":true,"href":"https:\/\/novo2023.camtra.org.br\/index.php\/wp-json\/wp\/v2\/categories?post=7410"},{"taxonomy":"post_tag","embeddable":true,"href":"https:\/\/novo2023.camtra.org.br\/index.php\/wp-json\/wp\/v2\/tags?post=7410"}],"curies":[{"name":"wp","href":"https:\/\/api.w.org\/{rel}","templated":true}]}}