{"id":7264,"date":"2021-04-15T14:53:10","date_gmt":"2021-04-15T17:53:10","guid":{"rendered":"https:\/\/camtra.org.br\/?p=7264"},"modified":"2021-04-15T14:53:10","modified_gmt":"2021-04-15T17:53:10","slug":"por-que-mais-armas-significam-mais-riscos-de-lesoes-para-as-mulheres","status":"publish","type":"post","link":"https:\/\/novo2023.camtra.org.br\/index.php\/2021\/04\/15\/por-que-mais-armas-significam-mais-riscos-de-lesoes-para-as-mulheres\/","title":{"rendered":"Por que mais armas significam mais riscos de les\u00f5es para as mulheres?"},"content":{"rendered":"<div id=\"fb-root\"><\/div>\n<p>Mais de 50% dos feminic\u00eddios s\u00e3o causados por armas de fogo, na maioria dos casos dentro da pr\u00f3pria casa da v\u00edtima.<\/p>\n<p>Um levantamento feito pela Rede SARAH de Hospitais de Reabilita\u00e7\u00e3o, aponta que 19,5% do total de interna\u00e7\u00f5es s\u00e3o realizadas devido a agress\u00f5es por arma de fogo. Nem todas as mulheres possuem acesso a tratamentos e reabilita\u00e7\u00f5es, e vivem, trazendo em seus corpos, as marcas irrevers\u00edveis dessa viol\u00eancia.<!--more--><\/p>\n<p>O livre acesso a uma arma de fogo ou ainda a flexibiliza\u00e7\u00e3o da posse e o aumento da quantidade de muni\u00e7\u00f5es, \u00e9 um risco \u00e0 vida das mulheres. De acordo com os dados do Conselho Nacional de Justi\u00e7a (CNJ) tramitam nos tribunais de todo pa\u00eds, 1.237.398 processos de viol\u00eancia contra as mulheres, fora as subnotifica\u00e7\u00f5es.<\/p>\n<p>Apesar de todos os dados apontarem para o agravamento da nossa vulnerabilidade, as pol\u00edticas p\u00fablicas seguem na contram\u00e3o do cuidado com a parcela da popula\u00e7\u00e3o mais vulner\u00e1vel.<\/p>\n<p>\u00c9 preciso que todas e todos lutemos por uma educa\u00e7\u00e3o n\u00e3o-sexista e pol\u00edticas efetivas que possibilitem outros futuros, onde mulheres n\u00e3o morrem por serem quem s\u00e3o!<\/p>\n<p>Fontes: REDE SARAH | JUS.COM.BR | Artigo: Les\u00f5es provocadas por armas de fogo atendidas em servi\u00e7os de urg\u00eancia e emerg\u00eancia brasileiros<\/p>\n<p>&nbsp;<\/p>\n<p>&nbsp;<\/p>\n","protected":false},"excerpt":{"rendered":"<p>Um levantamento feito pela Rede SARAH de Hospitais de Reabilita\u00e7\u00e3o, aponta que 19,5% do total de interna\u00e7\u00f5es s\u00e3o realizadas devido a agress\u00f5es por arma de fogo. Nem todas as mulheres possuem acesso a tratamentos e reabilita\u00e7\u00f5es, e vivem, trazendo em seus corpos, as marcas irrevers\u00edveis dessa viol\u00eancia.<\/p>\n","protected":false},"author":3,"featured_media":7265,"comment_status":"open","ping_status":"open","sticky":false,"template":"","format":"image","meta":{"om_disable_all_campaigns":false,"_monsterinsights_skip_tracking":false,"_monsterinsights_sitenote_active":false,"_monsterinsights_sitenote_note":"","_monsterinsights_sitenote_category":0,"_uf_show_specific_survey":0,"_uf_disable_surveys":false,"ocean_post_layout":"","ocean_both_sidebars_style":"","ocean_both_sidebars_content_width":0,"ocean_both_sidebars_sidebars_width":0,"ocean_sidebar":"","ocean_second_sidebar":"","ocean_disable_margins":"enable","ocean_add_body_class":"","ocean_shortcode_before_top_bar":"","ocean_shortcode_after_top_bar":"","ocean_shortcode_before_header":"","ocean_shortcode_after_header":"","ocean_has_shortcode":"","ocean_shortcode_after_title":"","ocean_shortcode_before_footer_widgets":"","ocean_shortcode_after_footer_widgets":"","ocean_shortcode_before_footer_bottom":"","ocean_shortcode_after_footer_bottom":"","ocean_display_top_bar":"default","ocean_display_header":"default","ocean_header_style":"","ocean_center_header_left_menu":"","ocean_custom_header_template":"","ocean_custom_logo":0,"ocean_custom_retina_logo":0,"ocean_custom_logo_max_width":0,"ocean_custom_logo_tablet_max_width":0,"ocean_custom_logo_mobile_max_width":0,"ocean_custom_logo_max_height":0,"ocean_custom_logo_tablet_max_height":0,"ocean_custom_logo_mobile_max_height":0,"ocean_header_custom_menu":"","ocean_menu_typo_font_family":"","ocean_menu_typo_font_subset":"","ocean_menu_typo_font_size":0,"ocean_menu_typo_font_size_tablet":0,"ocean_menu_typo_font_size_mobile":0,"ocean_menu_typo_font_size_unit":"px","ocean_menu_typo_font_weight":"","ocean_menu_typo_font_weight_tablet":"","ocean_menu_typo_font_weight_mobile":"","ocean_menu_typo_transform":"","ocean_menu_typo_transform_tablet":"","ocean_menu_typo_transform_mobile":"","ocean_menu_typo_line_height":0,"ocean_menu_typo_line_height_tablet":0,"ocean_menu_typo_line_height_mobile":0,"ocean_menu_typo_line_height_unit":"","ocean_menu_typo_spacing":0,"ocean_menu_typo_spacing_tablet":0,"ocean_menu_typo_spacing_mobile":0,"ocean_menu_typo_spacing_unit":"","ocean_menu_link_color":"","ocean_menu_link_color_hover":"","ocean_menu_link_color_active":"","ocean_menu_link_background":"","ocean_menu_link_hover_background":"","ocean_menu_link_active_background":"","ocean_menu_social_links_bg":"","ocean_menu_social_hover_links_bg":"","ocean_menu_social_links_color":"","ocean_menu_social_hover_links_color":"","ocean_disable_title":"default","ocean_disable_heading":"default","ocean_post_title":"","ocean_post_subheading":"","ocean_post_title_style":"","ocean_post_title_background_color":"","ocean_post_title_background":0,"ocean_post_title_bg_image_position":"","ocean_post_title_bg_image_attachment":"","ocean_post_title_bg_image_repeat":"","ocean_post_title_bg_image_size":"","ocean_post_title_height":0,"ocean_post_title_bg_overlay":0.5,"ocean_post_title_bg_overlay_color":"","ocean_disable_breadcrumbs":"default","ocean_breadcrumbs_color":"","ocean_breadcrumbs_separator_color":"","ocean_breadcrumbs_links_color":"","ocean_breadcrumbs_links_hover_color":"","ocean_display_footer_widgets":"default","ocean_display_footer_bottom":"default","ocean_custom_footer_template":"","ocean_post_oembed":"","ocean_post_self_hosted_media":"","ocean_post_video_embed":"","ocean_link_format":"","ocean_link_format_target":"self","ocean_quote_format":"","ocean_quote_format_link":"post","ocean_gallery_link_images":"on","ocean_gallery_id":[],"footnotes":""},"categories":[27],"tags":[13,531,28],"class_list":["post-7264","post","type-post","status-publish","format-image","has-post-thumbnail","hentry","category-noticias","tag-camtra","tag-menosarmasmaisvacinas","tag-pelavidadasmulheres","post_format-post-format-image","entry","has-media"],"aioseo_notices":[],"yoast_head":"<!-- This site is optimized with the Yoast SEO plugin v23.0 - https:\/\/yoast.com\/wordpress\/plugins\/seo\/ -->\n<title>Por que mais armas significam mais riscos de les\u00f5es para as mulheres? - CAMTRA NOVO<\/title>\n<meta name=\"robots\" content=\"index, follow, max-snippet:-1, max-image-preview:large, max-video-preview:-1\" \/>\n<link rel=\"canonical\" href=\"https:\/\/novo2023.camtra.org.br\/index.php\/2021\/04\/15\/por-que-mais-armas-significam-mais-riscos-de-lesoes-para-as-mulheres\/\" \/>\n<meta property=\"og:locale\" content=\"pt_BR\" \/>\n<meta property=\"og:type\" content=\"article\" \/>\n<meta property=\"og:title\" content=\"Por que mais armas significam mais riscos de les\u00f5es para as mulheres? - CAMTRA NOVO\" \/>\n<meta property=\"og:description\" content=\"Um levantamento feito pela Rede SARAH de Hospitais de Reabilita\u00e7\u00e3o, aponta que 19,5% do total de interna\u00e7\u00f5es s\u00e3o realizadas devido a agress\u00f5es por arma de fogo. Nem todas as mulheres possuem acesso a tratamentos e reabilita\u00e7\u00f5es, e vivem, trazendo em seus corpos, as marcas irrevers\u00edveis dessa viol\u00eancia.\" \/>\n<meta property=\"og:url\" content=\"https:\/\/novo2023.camtra.org.br\/index.php\/2021\/04\/15\/por-que-mais-armas-significam-mais-riscos-de-lesoes-para-as-mulheres\/\" \/>\n<meta property=\"og:site_name\" content=\"CAMTRA NOVO\" \/>\n<meta property=\"article:published_time\" content=\"2021-04-15T17:53:10+00:00\" \/>\n<meta name=\"author\" content=\"Casa da Mulher Trabalhadora\" \/>\n<meta name=\"twitter:card\" content=\"summary_large_image\" \/>\n<meta name=\"twitter:label1\" content=\"Escrito por\" \/>\n\t<meta name=\"twitter:data1\" content=\"Casa da Mulher Trabalhadora\" \/>\n\t<meta name=\"twitter:label2\" content=\"Est. tempo de leitura\" \/>\n\t<meta name=\"twitter:data2\" content=\"1 minuto\" \/>\n<script type=\"application\/ld+json\" class=\"yoast-schema-graph\">{\"@context\":\"https:\/\/schema.org\",\"@graph\":[{\"@type\":\"Article\",\"@id\":\"https:\/\/novo2023.camtra.org.br\/index.php\/2021\/04\/15\/por-que-mais-armas-significam-mais-riscos-de-lesoes-para-as-mulheres\/#article\",\"isPartOf\":{\"@id\":\"https:\/\/novo2023.camtra.org.br\/index.php\/2021\/04\/15\/por-que-mais-armas-significam-mais-riscos-de-lesoes-para-as-mulheres\/\"},\"author\":{\"name\":\"Casa da Mulher Trabalhadora\",\"@id\":\"https:\/\/novo2023.camtra.org.br\/#\/schema\/person\/f163af9cb65589aab5865b0437873a74\"},\"headline\":\"Por que mais armas significam mais riscos de les\u00f5es para as mulheres?\",\"datePublished\":\"2021-04-15T17:53:10+00:00\",\"dateModified\":\"2021-04-15T17:53:10+00:00\",\"mainEntityOfPage\":{\"@id\":\"https:\/\/novo2023.camtra.org.br\/index.php\/2021\/04\/15\/por-que-mais-armas-significam-mais-riscos-de-lesoes-para-as-mulheres\/\"},\"wordCount\":237,\"commentCount\":0,\"publisher\":{\"@id\":\"https:\/\/novo2023.camtra.org.br\/#organization\"},\"image\":{\"@id\":\"https:\/\/novo2023.camtra.org.br\/index.php\/2021\/04\/15\/por-que-mais-armas-significam-mais-riscos-de-lesoes-para-as-mulheres\/#primaryimage\"},\"thumbnailUrl\":\"https:\/\/novo2023.camtra.org.br\/wp-content\/uploads\/2021\/04\/171957478_2837546506485442_6148831544709049476_n.jpg\",\"keywords\":[\"camtra\",\"menosarmasmaisvacinas\",\"pelavidadasmulheres\"],\"articleSection\":[\"Not\u00edcias\"],\"inLanguage\":\"pt-BR\",\"potentialAction\":[{\"@type\":\"CommentAction\",\"name\":\"Comment\",\"target\":[\"https:\/\/novo2023.camtra.org.br\/index.php\/2021\/04\/15\/por-que-mais-armas-significam-mais-riscos-de-lesoes-para-as-mulheres\/#respond\"]}]},{\"@type\":\"WebPage\",\"@id\":\"https:\/\/novo2023.camtra.org.br\/index.php\/2021\/04\/15\/por-que-mais-armas-significam-mais-riscos-de-lesoes-para-as-mulheres\/\",\"url\":\"https:\/\/novo2023.camtra.org.br\/index.php\/2021\/04\/15\/por-que-mais-armas-significam-mais-riscos-de-lesoes-para-as-mulheres\/\",\"name\":\"Por que mais armas significam mais riscos de les\u00f5es para as mulheres? - CAMTRA NOVO\",\"isPartOf\":{\"@id\":\"https:\/\/novo2023.camtra.org.br\/#website\"},\"primaryImageOfPage\":{\"@id\":\"https:\/\/novo2023.camtra.org.br\/index.php\/2021\/04\/15\/por-que-mais-armas-significam-mais-riscos-de-lesoes-para-as-mulheres\/#primaryimage\"},\"image\":{\"@id\":\"https:\/\/novo2023.camtra.org.br\/index.php\/2021\/04\/15\/por-que-mais-armas-significam-mais-riscos-de-lesoes-para-as-mulheres\/#primaryimage\"},\"thumbnailUrl\":\"https:\/\/novo2023.camtra.org.br\/wp-content\/uploads\/2021\/04\/171957478_2837546506485442_6148831544709049476_n.jpg\",\"datePublished\":\"2021-04-15T17:53:10+00:00\",\"dateModified\":\"2021-04-15T17:53:10+00:00\",\"breadcrumb\":{\"@id\":\"https:\/\/novo2023.camtra.org.br\/index.php\/2021\/04\/15\/por-que-mais-armas-significam-mais-riscos-de-lesoes-para-as-mulheres\/#breadcrumb\"},\"inLanguage\":\"pt-BR\",\"potentialAction\":[{\"@type\":\"ReadAction\",\"target\":[\"https:\/\/novo2023.camtra.org.br\/index.php\/2021\/04\/15\/por-que-mais-armas-significam-mais-riscos-de-lesoes-para-as-mulheres\/\"]}]},{\"@type\":\"ImageObject\",\"inLanguage\":\"pt-BR\",\"@id\":\"https:\/\/novo2023.camtra.org.br\/index.php\/2021\/04\/15\/por-que-mais-armas-significam-mais-riscos-de-lesoes-para-as-mulheres\/#primaryimage\",\"url\":\"https:\/\/novo2023.camtra.org.br\/wp-content\/uploads\/2021\/04\/171957478_2837546506485442_6148831544709049476_n.jpg\",\"contentUrl\":\"https:\/\/novo2023.camtra.org.br\/wp-content\/uploads\/2021\/04\/171957478_2837546506485442_6148831544709049476_n.jpg\",\"width\":1080,\"height\":1080},{\"@type\":\"BreadcrumbList\",\"@id\":\"https:\/\/novo2023.camtra.org.br\/index.php\/2021\/04\/15\/por-que-mais-armas-significam-mais-riscos-de-lesoes-para-as-mulheres\/#breadcrumb\",\"itemListElement\":[{\"@type\":\"ListItem\",\"position\":1,\"name\":\"Home\",\"item\":\"https:\/\/novo2023.camtra.org.br\/\"},{\"@type\":\"ListItem\",\"position\":2,\"name\":\"Por que mais armas significam mais riscos de les\u00f5es para as mulheres?\"}]},{\"@type\":\"WebSite\",\"@id\":\"https:\/\/novo2023.camtra.org.br\/#website\",\"url\":\"https:\/\/novo2023.camtra.org.br\/\",\"name\":\"CAMTRA NOVO\",\"description\":\"\",\"publisher\":{\"@id\":\"https:\/\/novo2023.camtra.org.br\/#organization\"},\"potentialAction\":[{\"@type\":\"SearchAction\",\"target\":{\"@type\":\"EntryPoint\",\"urlTemplate\":\"https:\/\/novo2023.camtra.org.br\/?s={search_term_string}\"},\"query-input\":\"required name=search_term_string\"}],\"inLanguage\":\"pt-BR\"},{\"@type\":\"Organization\",\"@id\":\"https:\/\/novo2023.camtra.org.br\/#organization\",\"name\":\"CAMTRA NOVO\",\"url\":\"https:\/\/novo2023.camtra.org.br\/\",\"logo\":{\"@type\":\"ImageObject\",\"inLanguage\":\"pt-BR\",\"@id\":\"https:\/\/novo2023.camtra.org.br\/#\/schema\/logo\/image\/\",\"url\":\"https:\/\/novo2023.camtra.org.br\/wp-content\/uploads\/2024\/01\/CAMTRA-comflor-roxa-logo_logo-camtra-principal-flor.png\",\"contentUrl\":\"https:\/\/novo2023.camtra.org.br\/wp-content\/uploads\/2024\/01\/CAMTRA-comflor-roxa-logo_logo-camtra-principal-flor.png\",\"width\":1172,\"height\":330,\"caption\":\"CAMTRA NOVO\"},\"image\":{\"@id\":\"https:\/\/novo2023.camtra.org.br\/#\/schema\/logo\/image\/\"}},{\"@type\":\"Person\",\"@id\":\"https:\/\/novo2023.camtra.org.br\/#\/schema\/person\/f163af9cb65589aab5865b0437873a74\",\"name\":\"Casa da Mulher Trabalhadora\",\"image\":{\"@type\":\"ImageObject\",\"inLanguage\":\"pt-BR\",\"@id\":\"https:\/\/novo2023.camtra.org.br\/#\/schema\/person\/image\/\",\"url\":\"https:\/\/novo2023.camtra.org.br\/wp-content\/litespeed\/avatar\/4c87233a8b80506f010db0cccf69e8b5.jpg?ver=1777270965\",\"contentUrl\":\"https:\/\/novo2023.camtra.org.br\/wp-content\/litespeed\/avatar\/4c87233a8b80506f010db0cccf69e8b5.jpg?ver=1777270965\",\"caption\":\"Casa da Mulher Trabalhadora\"},\"url\":\"https:\/\/novo2023.camtra.org.br\/index.php\/author\/camtra\/\"}]}<\/script>\n<!-- \/ Yoast SEO plugin. -->","yoast_head_json":{"title":"Por que mais armas significam mais riscos de les\u00f5es para as mulheres? - CAMTRA NOVO","robots":{"index":"index","follow":"follow","max-snippet":"max-snippet:-1","max-image-preview":"max-image-preview:large","max-video-preview":"max-video-preview:-1"},"canonical":"https:\/\/novo2023.camtra.org.br\/index.php\/2021\/04\/15\/por-que-mais-armas-significam-mais-riscos-de-lesoes-para-as-mulheres\/","og_locale":"pt_BR","og_type":"article","og_title":"Por que mais armas significam mais riscos de les\u00f5es para as mulheres? - CAMTRA NOVO","og_description":"Um levantamento feito pela Rede SARAH de Hospitais de Reabilita\u00e7\u00e3o, aponta que 19,5% do total de interna\u00e7\u00f5es s\u00e3o realizadas devido a agress\u00f5es por arma de fogo. Nem todas as mulheres possuem acesso a tratamentos e reabilita\u00e7\u00f5es, e vivem, trazendo em seus corpos, as marcas irrevers\u00edveis dessa viol\u00eancia.","og_url":"https:\/\/novo2023.camtra.org.br\/index.php\/2021\/04\/15\/por-que-mais-armas-significam-mais-riscos-de-lesoes-para-as-mulheres\/","og_site_name":"CAMTRA NOVO","article_published_time":"2021-04-15T17:53:10+00:00","author":"Casa da Mulher Trabalhadora","twitter_card":"summary_large_image","twitter_misc":{"Escrito por":"Casa da Mulher Trabalhadora","Est. tempo de leitura":"1 minuto"},"schema":{"@context":"https:\/\/schema.org","@graph":[{"@type":"Article","@id":"https:\/\/novo2023.camtra.org.br\/index.php\/2021\/04\/15\/por-que-mais-armas-significam-mais-riscos-de-lesoes-para-as-mulheres\/#article","isPartOf":{"@id":"https:\/\/novo2023.camtra.org.br\/index.php\/2021\/04\/15\/por-que-mais-armas-significam-mais-riscos-de-lesoes-para-as-mulheres\/"},"author":{"name":"Casa da Mulher Trabalhadora","@id":"https:\/\/novo2023.camtra.org.br\/#\/schema\/person\/f163af9cb65589aab5865b0437873a74"},"headline":"Por que mais armas significam mais riscos de les\u00f5es para as mulheres?","datePublished":"2021-04-15T17:53:10+00:00","dateModified":"2021-04-15T17:53:10+00:00","mainEntityOfPage":{"@id":"https:\/\/novo2023.camtra.org.br\/index.php\/2021\/04\/15\/por-que-mais-armas-significam-mais-riscos-de-lesoes-para-as-mulheres\/"},"wordCount":237,"commentCount":0,"publisher":{"@id":"https:\/\/novo2023.camtra.org.br\/#organization"},"image":{"@id":"https:\/\/novo2023.camtra.org.br\/index.php\/2021\/04\/15\/por-que-mais-armas-significam-mais-riscos-de-lesoes-para-as-mulheres\/#primaryimage"},"thumbnailUrl":"https:\/\/novo2023.camtra.org.br\/wp-content\/uploads\/2021\/04\/171957478_2837546506485442_6148831544709049476_n.jpg","keywords":["camtra","menosarmasmaisvacinas","pelavidadasmulheres"],"articleSection":["Not\u00edcias"],"inLanguage":"pt-BR","potentialAction":[{"@type":"CommentAction","name":"Comment","target":["https:\/\/novo2023.camtra.org.br\/index.php\/2021\/04\/15\/por-que-mais-armas-significam-mais-riscos-de-lesoes-para-as-mulheres\/#respond"]}]},{"@type":"WebPage","@id":"https:\/\/novo2023.camtra.org.br\/index.php\/2021\/04\/15\/por-que-mais-armas-significam-mais-riscos-de-lesoes-para-as-mulheres\/","url":"https:\/\/novo2023.camtra.org.br\/index.php\/2021\/04\/15\/por-que-mais-armas-significam-mais-riscos-de-lesoes-para-as-mulheres\/","name":"Por que mais armas significam mais riscos de les\u00f5es para as mulheres? - CAMTRA NOVO","isPartOf":{"@id":"https:\/\/novo2023.camtra.org.br\/#website"},"primaryImageOfPage":{"@id":"https:\/\/novo2023.camtra.org.br\/index.php\/2021\/04\/15\/por-que-mais-armas-significam-mais-riscos-de-lesoes-para-as-mulheres\/#primaryimage"},"image":{"@id":"https:\/\/novo2023.camtra.org.br\/index.php\/2021\/04\/15\/por-que-mais-armas-significam-mais-riscos-de-lesoes-para-as-mulheres\/#primaryimage"},"thumbnailUrl":"https:\/\/novo2023.camtra.org.br\/wp-content\/uploads\/2021\/04\/171957478_2837546506485442_6148831544709049476_n.jpg","datePublished":"2021-04-15T17:53:10+00:00","dateModified":"2021-04-15T17:53:10+00:00","breadcrumb":{"@id":"https:\/\/novo2023.camtra.org.br\/index.php\/2021\/04\/15\/por-que-mais-armas-significam-mais-riscos-de-lesoes-para-as-mulheres\/#breadcrumb"},"inLanguage":"pt-BR","potentialAction":[{"@type":"ReadAction","target":["https:\/\/novo2023.camtra.org.br\/index.php\/2021\/04\/15\/por-que-mais-armas-significam-mais-riscos-de-lesoes-para-as-mulheres\/"]}]},{"@type":"ImageObject","inLanguage":"pt-BR","@id":"https:\/\/novo2023.camtra.org.br\/index.php\/2021\/04\/15\/por-que-mais-armas-significam-mais-riscos-de-lesoes-para-as-mulheres\/#primaryimage","url":"https:\/\/novo2023.camtra.org.br\/wp-content\/uploads\/2021\/04\/171957478_2837546506485442_6148831544709049476_n.jpg","contentUrl":"https:\/\/novo2023.camtra.org.br\/wp-content\/uploads\/2021\/04\/171957478_2837546506485442_6148831544709049476_n.jpg","width":1080,"height":1080},{"@type":"BreadcrumbList","@id":"https:\/\/novo2023.camtra.org.br\/index.php\/2021\/04\/15\/por-que-mais-armas-significam-mais-riscos-de-lesoes-para-as-mulheres\/#breadcrumb","itemListElement":[{"@type":"ListItem","position":1,"name":"Home","item":"https:\/\/novo2023.camtra.org.br\/"},{"@type":"ListItem","position":2,"name":"Por que mais armas significam mais riscos de les\u00f5es para as mulheres?"}]},{"@type":"WebSite","@id":"https:\/\/novo2023.camtra.org.br\/#website","url":"https:\/\/novo2023.camtra.org.br\/","name":"CAMTRA NOVO","description":"","publisher":{"@id":"https:\/\/novo2023.camtra.org.br\/#organization"},"potentialAction":[{"@type":"SearchAction","target":{"@type":"EntryPoint","urlTemplate":"https:\/\/novo2023.camtra.org.br\/?s={search_term_string}"},"query-input":"required name=search_term_string"}],"inLanguage":"pt-BR"},{"@type":"Organization","@id":"https:\/\/novo2023.camtra.org.br\/#organization","name":"CAMTRA NOVO","url":"https:\/\/novo2023.camtra.org.br\/","logo":{"@type":"ImageObject","inLanguage":"pt-BR","@id":"https:\/\/novo2023.camtra.org.br\/#\/schema\/logo\/image\/","url":"https:\/\/novo2023.camtra.org.br\/wp-content\/uploads\/2024\/01\/CAMTRA-comflor-roxa-logo_logo-camtra-principal-flor.png","contentUrl":"https:\/\/novo2023.camtra.org.br\/wp-content\/uploads\/2024\/01\/CAMTRA-comflor-roxa-logo_logo-camtra-principal-flor.png","width":1172,"height":330,"caption":"CAMTRA NOVO"},"image":{"@id":"https:\/\/novo2023.camtra.org.br\/#\/schema\/logo\/image\/"}},{"@type":"Person","@id":"https:\/\/novo2023.camtra.org.br\/#\/schema\/person\/f163af9cb65589aab5865b0437873a74","name":"Casa da Mulher Trabalhadora","image":{"@type":"ImageObject","inLanguage":"pt-BR","@id":"https:\/\/novo2023.camtra.org.br\/#\/schema\/person\/image\/","url":"https:\/\/novo2023.camtra.org.br\/wp-content\/litespeed\/avatar\/4c87233a8b80506f010db0cccf69e8b5.jpg?ver=1777270965","contentUrl":"https:\/\/novo2023.camtra.org.br\/wp-content\/litespeed\/avatar\/4c87233a8b80506f010db0cccf69e8b5.jpg?ver=1777270965","caption":"Casa da Mulher Trabalhadora"},"url":"https:\/\/novo2023.camtra.org.br\/index.php\/author\/camtra\/"}]}},"_links":{"self":[{"href":"https:\/\/novo2023.camtra.org.br\/index.php\/wp-json\/wp\/v2\/posts\/7264"}],"collection":[{"href":"https:\/\/novo2023.camtra.org.br\/index.php\/wp-json\/wp\/v2\/posts"}],"about":[{"href":"https:\/\/novo2023.camtra.org.br\/index.php\/wp-json\/wp\/v2\/types\/post"}],"author":[{"embeddable":true,"href":"https:\/\/novo2023.camtra.org.br\/index.php\/wp-json\/wp\/v2\/users\/3"}],"replies":[{"embeddable":true,"href":"https:\/\/novo2023.camtra.org.br\/index.php\/wp-json\/wp\/v2\/comments?post=7264"}],"version-history":[{"count":0,"href":"https:\/\/novo2023.camtra.org.br\/index.php\/wp-json\/wp\/v2\/posts\/7264\/revisions"}],"wp:featuredmedia":[{"embeddable":true,"href":"https:\/\/novo2023.camtra.org.br\/index.php\/wp-json\/wp\/v2\/media\/7265"}],"wp:attachment":[{"href":"https:\/\/novo2023.camtra.org.br\/index.php\/wp-json\/wp\/v2\/media?parent=7264"}],"wp:term":[{"taxonomy":"category","embeddable":true,"href":"https:\/\/novo2023.camtra.org.br\/index.php\/wp-json\/wp\/v2\/categories?post=7264"},{"taxonomy":"post_tag","embeddable":true,"href":"https:\/\/novo2023.camtra.org.br\/index.php\/wp-json\/wp\/v2\/tags?post=7264"}],"curies":[{"name":"wp","href":"https:\/\/api.w.org\/{rel}","templated":true}]}}