{"id":7262,"date":"2021-04-15T14:04:39","date_gmt":"2021-04-15T17:04:39","guid":{"rendered":"https:\/\/camtra.org.br\/?p=7262"},"modified":"2021-04-15T14:04:39","modified_gmt":"2021-04-15T17:04:39","slug":"auxilio-emergencial-nesta-quinta-feira-15-o-pagamento-e-para-as-beneficiarias-nascidas-em-maio","status":"publish","type":"post","link":"https:\/\/novo2023.camtra.org.br\/index.php\/2021\/04\/15\/auxilio-emergencial-nesta-quinta-feira-15-o-pagamento-e-para-as-beneficiarias-nascidas-em-maio\/","title":{"rendered":"Aux\u00edlio Emergencial: Nesta quinta-feira (15) o pagamento \u00e9 para as benefici\u00e1rias nascidas em MAIO"},"content":{"rendered":"<div id=\"fb-root\"><\/div>\n<p>Saiu o calend\u00e1rio do Aux\u00edlio Emergencial e o pagamento hoje (15\/04) \u00e9 PARA AS NASCIDAS EM MAIO, que realizaram o cadastro pelo site da Caixa ou que est\u00e3o no Cadastro \u00danico (Cad\u00danico), e N\u00c3O FAZEM parte do Programa Bolsa Fam\u00edlia.<!--more--><\/p>\n<p>\ud83d\udc49\ud83c\udffe O pagamento ser\u00e1 dividido em quatro parcelas, e est\u00e1 sendo feito diretamente na conta poupan\u00e7a digital da Caixa, que pode ser movimentada, por enquanto, apenas pelo aplicativo CAIXA TEM.<\/p>\n<p>\u26a0\ufe0f Mulheres, n\u00e3o \u00e9 preciso ir \u00e0s ag\u00eancias f\u00edsicas. O pagamento est\u00e1 sendo feito diretamente na conta digital.<br \/>\nVeja abaixo os valores e quem pode receber:<\/p>\n<p>\ud83d\udfe3 VALORES<br \/>\nR$ 150: para quem mora sozinha<br \/>\nR$ 250: para fam\u00edlias com mais de uma pessoa e que n\u00e3o s\u00e3o chefiadas por mulheres<br \/>\nR$ 375: para fam\u00edlias chefiadas por mulheres<\/p>\n<p>\ud83d\udfe3 QUEM PODE RECEBER?<\/p>\n<p>\u27a1\ufe0fTrabalhadoras informais ou benefici\u00e1rias do Bolsa Fam\u00edlia<br \/>\n\u27a1\ufe0fQuem tem renda familiar mensal de at\u00e9 tr\u00eas sal\u00e1rios m\u00ednimos (R$ 3.300)<br \/>\n\u27a1\ufe0fQuem tem renda familiar por pessoa de at\u00e9 meio sal\u00e1rio m\u00ednimo (R$ 550)<br \/>\n\u27a1\ufe0fQuem recebeu o aux\u00edlio emergencial em 2020<\/p>\n<p>Para saber mais clique <a href=\"https:\/\/www.caixa.gov.br\/auxilio\/auxilio2021\/Paginas\/default.aspx?fbclid=IwAR1DZYkOWzJTlKjkNio4KgR8KvQXHnnN718Qth5WlNQ1HeqSu8c6ywcH1s8\" target=\"_blank\" rel=\"noopener\"><strong>aqui.<\/strong><\/a><\/p>\n<h2>Quem ser\u00e3o as pr\u00f3ximas a receber?<\/h2>\n<p>As pr\u00f3ximas benefici\u00e1rias, que realizaram o cadastro pelo site da Caixa ou que est\u00e3o no Cadastro \u00danico (Cad\u00danico), e N\u00c3O FAZEM parte do Programa Bolsa Fam\u00edlia, receber\u00e3o a 1\u00aa parcela do Aux\u00edlio Emergencial nos seguintes dias:<\/p>\n<ul>\n<li>18 de abril: Nascidas em JUNHO<\/li>\n<li>20 de abril: Nascidas em JULHO<\/li>\n<li>22 de abril: Nascidas em AGOSTO<\/li>\n<li>25 de abril: Nascidas em SETEMBRO<\/li>\n<li>27 de abril: Nascidas em OUTUBRO<\/li>\n<li>29 de abril: Nascidas em NOVEMBRO<\/li>\n<li>30 de abril: Nascidas em DEZEMBRO<\/li>\n<\/ul>\n<h3>Aux\u00edlio Emergencial para quem faz parte do programa Bolsa Fam\u00edlia<\/h3>\n<p>O pagamento do Aux\u00edlio Emergencial para as benefici\u00e1rias que fazem parte do programa Bolsa Fam\u00edlia, segue um outro calend\u00e1rio e \u00e9 de acordo com o n\u00famero final do NIS de cada pessoa. Confira as datas do pagamento da 1\u00aa parcela:<\/p>\n<ul>\n<li>16 de abril: Final do NIS 1<\/li>\n<li>19 de abril: Final do NIS 2<\/li>\n<li>20 de abril: Final do NIS 3<\/li>\n<li>22 de abril: Final do NIS 4<\/li>\n<li>23 de abril: Final do NIS 5<\/li>\n<li>26 de abril: Final do NIS 6<\/li>\n<li>27 de abril: Final do NIS 7<\/li>\n<li>28 de abril: Final do NIS 8<\/li>\n<li>29 de abril: Final do NIS 9<\/li>\n<li>30 de abril: Final do NIS 0<\/li>\n<\/ul>\n<p data-raofz=\"18\"><strong>Leia mais:\u00a0<a role=\"link\" href=\"https:\/\/camtra.org.br\/paralizacao-nacional-pelo-auxilio-emergencial-de-r600-e-vacina-para-todas-ja\/\" rel=\"noopener\" data-raofz=\"18\">Paraliza\u00e7\u00e3o Nacional pelo Aux\u00edlio Emergencial de R$600 e Vacina Para Todas J\u00e1<\/a><\/strong><\/p>\n<p data-raofz=\"18\"><strong>Leia mais:\u00a0<a role=\"link\" href=\"https:\/\/camtra.org.br\/auxilio-emergencial-carioca-para-todas-as-trabalhadoras-ambulantes-ja\/\" rel=\"noopener\" data-raofz=\"18\">Aux\u00edlio Emergencial Carioca para todas as Trabalhadoras Ambulantes, J\u00e1!<\/a><\/strong><\/p>\n","protected":false},"excerpt":{"rendered":"<p>Saiu o calend\u00e1rio do Aux\u00edlio Emergencial e o pagamento hoje (15\/04) \u00e9 PARA AS NASCIDAS EM MAIO, que realizaram o cadastro pelo site da Caixa ou que est\u00e3o no Cadastro [&hellip;]<\/p>\n","protected":false},"author":3,"featured_media":0,"comment_status":"open","ping_status":"open","sticky":false,"template":"","format":"standard","meta":{"om_disable_all_campaigns":false,"_monsterinsights_skip_tracking":false,"_monsterinsights_sitenote_active":false,"_monsterinsights_sitenote_note":"","_monsterinsights_sitenote_category":0,"_uf_show_specific_survey":0,"_uf_disable_surveys":false,"ocean_post_layout":"","ocean_both_sidebars_style":"","ocean_both_sidebars_content_width":0,"ocean_both_sidebars_sidebars_width":0,"ocean_sidebar":"","ocean_second_sidebar":"","ocean_disable_margins":"enable","ocean_add_body_class":"","ocean_shortcode_before_top_bar":"","ocean_shortcode_after_top_bar":"","ocean_shortcode_before_header":"","ocean_shortcode_after_header":"","ocean_has_shortcode":"","ocean_shortcode_after_title":"","ocean_shortcode_before_footer_widgets":"","ocean_shortcode_after_footer_widgets":"","ocean_shortcode_before_footer_bottom":"","ocean_shortcode_after_footer_bottom":"","ocean_display_top_bar":"default","ocean_display_header":"default","ocean_header_style":"","ocean_center_header_left_menu":"","ocean_custom_header_template":"","ocean_custom_logo":0,"ocean_custom_retina_logo":0,"ocean_custom_logo_max_width":0,"ocean_custom_logo_tablet_max_width":0,"ocean_custom_logo_mobile_max_width":0,"ocean_custom_logo_max_height":0,"ocean_custom_logo_tablet_max_height":0,"ocean_custom_logo_mobile_max_height":0,"ocean_header_custom_menu":"","ocean_menu_typo_font_family":"","ocean_menu_typo_font_subset":"","ocean_menu_typo_font_size":0,"ocean_menu_typo_font_size_tablet":0,"ocean_menu_typo_font_size_mobile":0,"ocean_menu_typo_font_size_unit":"px","ocean_menu_typo_font_weight":"","ocean_menu_typo_font_weight_tablet":"","ocean_menu_typo_font_weight_mobile":"","ocean_menu_typo_transform":"","ocean_menu_typo_transform_tablet":"","ocean_menu_typo_transform_mobile":"","ocean_menu_typo_line_height":0,"ocean_menu_typo_line_height_tablet":0,"ocean_menu_typo_line_height_mobile":0,"ocean_menu_typo_line_height_unit":"","ocean_menu_typo_spacing":0,"ocean_menu_typo_spacing_tablet":0,"ocean_menu_typo_spacing_mobile":0,"ocean_menu_typo_spacing_unit":"","ocean_menu_link_color":"","ocean_menu_link_color_hover":"","ocean_menu_link_color_active":"","ocean_menu_link_background":"","ocean_menu_link_hover_background":"","ocean_menu_link_active_background":"","ocean_menu_social_links_bg":"","ocean_menu_social_hover_links_bg":"","ocean_menu_social_links_color":"","ocean_menu_social_hover_links_color":"","ocean_disable_title":"default","ocean_disable_heading":"default","ocean_post_title":"","ocean_post_subheading":"","ocean_post_title_style":"","ocean_post_title_background_color":"","ocean_post_title_background":0,"ocean_post_title_bg_image_position":"","ocean_post_title_bg_image_attachment":"","ocean_post_title_bg_image_repeat":"","ocean_post_title_bg_image_size":"","ocean_post_title_height":0,"ocean_post_title_bg_overlay":0.5,"ocean_post_title_bg_overlay_color":"","ocean_disable_breadcrumbs":"default","ocean_breadcrumbs_color":"","ocean_breadcrumbs_separator_color":"","ocean_breadcrumbs_links_color":"","ocean_breadcrumbs_links_hover_color":"","ocean_display_footer_widgets":"default","ocean_display_footer_bottom":"default","ocean_custom_footer_template":"","ocean_post_oembed":"","ocean_post_self_hosted_media":"","ocean_post_video_embed":"","ocean_link_format":"","ocean_link_format_target":"self","ocean_quote_format":"","ocean_quote_format_link":"post","ocean_gallery_link_images":"on","ocean_gallery_id":[],"footnotes":""},"categories":[89],"tags":[],"class_list":["post-7262","post","type-post","status-publish","format-standard","hentry","category-fala-trabalhadora","entry"],"aioseo_notices":[],"yoast_head":"<!-- This site is optimized with the Yoast SEO plugin v23.0 - https:\/\/yoast.com\/wordpress\/plugins\/seo\/ -->\n<title>Aux\u00edlio Emergencial: Nesta quinta-feira (15) o pagamento \u00e9 para as benefici\u00e1rias nascidas em MAIO - CAMTRA NOVO<\/title>\n<meta name=\"robots\" content=\"index, follow, max-snippet:-1, max-image-preview:large, max-video-preview:-1\" \/>\n<link rel=\"canonical\" href=\"https:\/\/novo2023.camtra.org.br\/index.php\/2021\/04\/15\/auxilio-emergencial-nesta-quinta-feira-15-o-pagamento-e-para-as-beneficiarias-nascidas-em-maio\/\" \/>\n<meta property=\"og:locale\" content=\"pt_BR\" \/>\n<meta property=\"og:type\" content=\"article\" \/>\n<meta property=\"og:title\" content=\"Aux\u00edlio Emergencial: Nesta quinta-feira (15) o pagamento \u00e9 para as benefici\u00e1rias nascidas em MAIO - CAMTRA NOVO\" \/>\n<meta property=\"og:description\" content=\"Saiu o calend\u00e1rio do Aux\u00edlio Emergencial e o pagamento hoje (15\/04) \u00e9 PARA AS NASCIDAS EM MAIO, que realizaram o cadastro pelo site da Caixa ou que est\u00e3o no Cadastro [&hellip;]\" \/>\n<meta property=\"og:url\" content=\"https:\/\/novo2023.camtra.org.br\/index.php\/2021\/04\/15\/auxilio-emergencial-nesta-quinta-feira-15-o-pagamento-e-para-as-beneficiarias-nascidas-em-maio\/\" \/>\n<meta property=\"og:site_name\" content=\"CAMTRA NOVO\" \/>\n<meta property=\"article:published_time\" content=\"2021-04-15T17:04:39+00:00\" \/>\n<meta name=\"author\" content=\"Casa da Mulher Trabalhadora\" \/>\n<meta name=\"twitter:card\" content=\"summary_large_image\" \/>\n<meta name=\"twitter:label1\" content=\"Escrito por\" \/>\n\t<meta name=\"twitter:data1\" content=\"Casa da Mulher Trabalhadora\" \/>\n\t<meta name=\"twitter:label2\" content=\"Est. tempo de leitura\" \/>\n\t<meta name=\"twitter:data2\" content=\"2 minutos\" \/>\n<script type=\"application\/ld+json\" class=\"yoast-schema-graph\">{\"@context\":\"https:\/\/schema.org\",\"@graph\":[{\"@type\":\"Article\",\"@id\":\"https:\/\/novo2023.camtra.org.br\/index.php\/2021\/04\/15\/auxilio-emergencial-nesta-quinta-feira-15-o-pagamento-e-para-as-beneficiarias-nascidas-em-maio\/#article\",\"isPartOf\":{\"@id\":\"https:\/\/novo2023.camtra.org.br\/index.php\/2021\/04\/15\/auxilio-emergencial-nesta-quinta-feira-15-o-pagamento-e-para-as-beneficiarias-nascidas-em-maio\/\"},\"author\":{\"name\":\"Casa da Mulher Trabalhadora\",\"@id\":\"https:\/\/novo2023.camtra.org.br\/#\/schema\/person\/f163af9cb65589aab5865b0437873a74\"},\"headline\":\"Aux\u00edlio Emergencial: Nesta quinta-feira (15) o pagamento \u00e9 para as benefici\u00e1rias nascidas em MAIO\",\"datePublished\":\"2021-04-15T17:04:39+00:00\",\"dateModified\":\"2021-04-15T17:04:39+00:00\",\"mainEntityOfPage\":{\"@id\":\"https:\/\/novo2023.camtra.org.br\/index.php\/2021\/04\/15\/auxilio-emergencial-nesta-quinta-feira-15-o-pagamento-e-para-as-beneficiarias-nascidas-em-maio\/\"},\"wordCount\":417,\"commentCount\":0,\"publisher\":{\"@id\":\"https:\/\/novo2023.camtra.org.br\/#organization\"},\"articleSection\":[\"Fala, Trabalhadora!\"],\"inLanguage\":\"pt-BR\",\"potentialAction\":[{\"@type\":\"CommentAction\",\"name\":\"Comment\",\"target\":[\"https:\/\/novo2023.camtra.org.br\/index.php\/2021\/04\/15\/auxilio-emergencial-nesta-quinta-feira-15-o-pagamento-e-para-as-beneficiarias-nascidas-em-maio\/#respond\"]}]},{\"@type\":\"WebPage\",\"@id\":\"https:\/\/novo2023.camtra.org.br\/index.php\/2021\/04\/15\/auxilio-emergencial-nesta-quinta-feira-15-o-pagamento-e-para-as-beneficiarias-nascidas-em-maio\/\",\"url\":\"https:\/\/novo2023.camtra.org.br\/index.php\/2021\/04\/15\/auxilio-emergencial-nesta-quinta-feira-15-o-pagamento-e-para-as-beneficiarias-nascidas-em-maio\/\",\"name\":\"Aux\u00edlio Emergencial: Nesta quinta-feira (15) o pagamento \u00e9 para as benefici\u00e1rias nascidas em MAIO - CAMTRA NOVO\",\"isPartOf\":{\"@id\":\"https:\/\/novo2023.camtra.org.br\/#website\"},\"datePublished\":\"2021-04-15T17:04:39+00:00\",\"dateModified\":\"2021-04-15T17:04:39+00:00\",\"breadcrumb\":{\"@id\":\"https:\/\/novo2023.camtra.org.br\/index.php\/2021\/04\/15\/auxilio-emergencial-nesta-quinta-feira-15-o-pagamento-e-para-as-beneficiarias-nascidas-em-maio\/#breadcrumb\"},\"inLanguage\":\"pt-BR\",\"potentialAction\":[{\"@type\":\"ReadAction\",\"target\":[\"https:\/\/novo2023.camtra.org.br\/index.php\/2021\/04\/15\/auxilio-emergencial-nesta-quinta-feira-15-o-pagamento-e-para-as-beneficiarias-nascidas-em-maio\/\"]}]},{\"@type\":\"BreadcrumbList\",\"@id\":\"https:\/\/novo2023.camtra.org.br\/index.php\/2021\/04\/15\/auxilio-emergencial-nesta-quinta-feira-15-o-pagamento-e-para-as-beneficiarias-nascidas-em-maio\/#breadcrumb\",\"itemListElement\":[{\"@type\":\"ListItem\",\"position\":1,\"name\":\"Home\",\"item\":\"https:\/\/novo2023.camtra.org.br\/\"},{\"@type\":\"ListItem\",\"position\":2,\"name\":\"Aux\u00edlio Emergencial: Nesta quinta-feira (15) o pagamento \u00e9 para as benefici\u00e1rias nascidas em MAIO\"}]},{\"@type\":\"WebSite\",\"@id\":\"https:\/\/novo2023.camtra.org.br\/#website\",\"url\":\"https:\/\/novo2023.camtra.org.br\/\",\"name\":\"CAMTRA NOVO\",\"description\":\"\",\"publisher\":{\"@id\":\"https:\/\/novo2023.camtra.org.br\/#organization\"},\"potentialAction\":[{\"@type\":\"SearchAction\",\"target\":{\"@type\":\"EntryPoint\",\"urlTemplate\":\"https:\/\/novo2023.camtra.org.br\/?s={search_term_string}\"},\"query-input\":\"required name=search_term_string\"}],\"inLanguage\":\"pt-BR\"},{\"@type\":\"Organization\",\"@id\":\"https:\/\/novo2023.camtra.org.br\/#organization\",\"name\":\"CAMTRA NOVO\",\"url\":\"https:\/\/novo2023.camtra.org.br\/\",\"logo\":{\"@type\":\"ImageObject\",\"inLanguage\":\"pt-BR\",\"@id\":\"https:\/\/novo2023.camtra.org.br\/#\/schema\/logo\/image\/\",\"url\":\"https:\/\/novo2023.camtra.org.br\/wp-content\/uploads\/2024\/01\/CAMTRA-comflor-roxa-logo_logo-camtra-principal-flor.png\",\"contentUrl\":\"https:\/\/novo2023.camtra.org.br\/wp-content\/uploads\/2024\/01\/CAMTRA-comflor-roxa-logo_logo-camtra-principal-flor.png\",\"width\":1172,\"height\":330,\"caption\":\"CAMTRA NOVO\"},\"image\":{\"@id\":\"https:\/\/novo2023.camtra.org.br\/#\/schema\/logo\/image\/\"}},{\"@type\":\"Person\",\"@id\":\"https:\/\/novo2023.camtra.org.br\/#\/schema\/person\/f163af9cb65589aab5865b0437873a74\",\"name\":\"Casa da Mulher Trabalhadora\",\"image\":{\"@type\":\"ImageObject\",\"inLanguage\":\"pt-BR\",\"@id\":\"https:\/\/novo2023.camtra.org.br\/#\/schema\/person\/image\/\",\"url\":\"https:\/\/novo2023.camtra.org.br\/wp-content\/litespeed\/avatar\/4c87233a8b80506f010db0cccf69e8b5.jpg?ver=1777270965\",\"contentUrl\":\"https:\/\/novo2023.camtra.org.br\/wp-content\/litespeed\/avatar\/4c87233a8b80506f010db0cccf69e8b5.jpg?ver=1777270965\",\"caption\":\"Casa da Mulher Trabalhadora\"},\"url\":\"https:\/\/novo2023.camtra.org.br\/index.php\/author\/camtra\/\"}]}<\/script>\n<!-- \/ Yoast SEO plugin. -->","yoast_head_json":{"title":"Aux\u00edlio Emergencial: Nesta quinta-feira (15) o pagamento \u00e9 para as benefici\u00e1rias nascidas em MAIO - CAMTRA NOVO","robots":{"index":"index","follow":"follow","max-snippet":"max-snippet:-1","max-image-preview":"max-image-preview:large","max-video-preview":"max-video-preview:-1"},"canonical":"https:\/\/novo2023.camtra.org.br\/index.php\/2021\/04\/15\/auxilio-emergencial-nesta-quinta-feira-15-o-pagamento-e-para-as-beneficiarias-nascidas-em-maio\/","og_locale":"pt_BR","og_type":"article","og_title":"Aux\u00edlio Emergencial: Nesta quinta-feira (15) o pagamento \u00e9 para as benefici\u00e1rias nascidas em MAIO - CAMTRA NOVO","og_description":"Saiu o calend\u00e1rio do Aux\u00edlio Emergencial e o pagamento hoje (15\/04) \u00e9 PARA AS NASCIDAS EM MAIO, que realizaram o cadastro pelo site da Caixa ou que est\u00e3o no Cadastro [&hellip;]","og_url":"https:\/\/novo2023.camtra.org.br\/index.php\/2021\/04\/15\/auxilio-emergencial-nesta-quinta-feira-15-o-pagamento-e-para-as-beneficiarias-nascidas-em-maio\/","og_site_name":"CAMTRA NOVO","article_published_time":"2021-04-15T17:04:39+00:00","author":"Casa da Mulher Trabalhadora","twitter_card":"summary_large_image","twitter_misc":{"Escrito por":"Casa da Mulher Trabalhadora","Est. tempo de leitura":"2 minutos"},"schema":{"@context":"https:\/\/schema.org","@graph":[{"@type":"Article","@id":"https:\/\/novo2023.camtra.org.br\/index.php\/2021\/04\/15\/auxilio-emergencial-nesta-quinta-feira-15-o-pagamento-e-para-as-beneficiarias-nascidas-em-maio\/#article","isPartOf":{"@id":"https:\/\/novo2023.camtra.org.br\/index.php\/2021\/04\/15\/auxilio-emergencial-nesta-quinta-feira-15-o-pagamento-e-para-as-beneficiarias-nascidas-em-maio\/"},"author":{"name":"Casa da Mulher Trabalhadora","@id":"https:\/\/novo2023.camtra.org.br\/#\/schema\/person\/f163af9cb65589aab5865b0437873a74"},"headline":"Aux\u00edlio Emergencial: Nesta quinta-feira (15) o pagamento \u00e9 para as benefici\u00e1rias nascidas em MAIO","datePublished":"2021-04-15T17:04:39+00:00","dateModified":"2021-04-15T17:04:39+00:00","mainEntityOfPage":{"@id":"https:\/\/novo2023.camtra.org.br\/index.php\/2021\/04\/15\/auxilio-emergencial-nesta-quinta-feira-15-o-pagamento-e-para-as-beneficiarias-nascidas-em-maio\/"},"wordCount":417,"commentCount":0,"publisher":{"@id":"https:\/\/novo2023.camtra.org.br\/#organization"},"articleSection":["Fala, Trabalhadora!"],"inLanguage":"pt-BR","potentialAction":[{"@type":"CommentAction","name":"Comment","target":["https:\/\/novo2023.camtra.org.br\/index.php\/2021\/04\/15\/auxilio-emergencial-nesta-quinta-feira-15-o-pagamento-e-para-as-beneficiarias-nascidas-em-maio\/#respond"]}]},{"@type":"WebPage","@id":"https:\/\/novo2023.camtra.org.br\/index.php\/2021\/04\/15\/auxilio-emergencial-nesta-quinta-feira-15-o-pagamento-e-para-as-beneficiarias-nascidas-em-maio\/","url":"https:\/\/novo2023.camtra.org.br\/index.php\/2021\/04\/15\/auxilio-emergencial-nesta-quinta-feira-15-o-pagamento-e-para-as-beneficiarias-nascidas-em-maio\/","name":"Aux\u00edlio Emergencial: Nesta quinta-feira (15) o pagamento \u00e9 para as benefici\u00e1rias nascidas em MAIO - CAMTRA NOVO","isPartOf":{"@id":"https:\/\/novo2023.camtra.org.br\/#website"},"datePublished":"2021-04-15T17:04:39+00:00","dateModified":"2021-04-15T17:04:39+00:00","breadcrumb":{"@id":"https:\/\/novo2023.camtra.org.br\/index.php\/2021\/04\/15\/auxilio-emergencial-nesta-quinta-feira-15-o-pagamento-e-para-as-beneficiarias-nascidas-em-maio\/#breadcrumb"},"inLanguage":"pt-BR","potentialAction":[{"@type":"ReadAction","target":["https:\/\/novo2023.camtra.org.br\/index.php\/2021\/04\/15\/auxilio-emergencial-nesta-quinta-feira-15-o-pagamento-e-para-as-beneficiarias-nascidas-em-maio\/"]}]},{"@type":"BreadcrumbList","@id":"https:\/\/novo2023.camtra.org.br\/index.php\/2021\/04\/15\/auxilio-emergencial-nesta-quinta-feira-15-o-pagamento-e-para-as-beneficiarias-nascidas-em-maio\/#breadcrumb","itemListElement":[{"@type":"ListItem","position":1,"name":"Home","item":"https:\/\/novo2023.camtra.org.br\/"},{"@type":"ListItem","position":2,"name":"Aux\u00edlio Emergencial: Nesta quinta-feira (15) o pagamento \u00e9 para as benefici\u00e1rias nascidas em MAIO"}]},{"@type":"WebSite","@id":"https:\/\/novo2023.camtra.org.br\/#website","url":"https:\/\/novo2023.camtra.org.br\/","name":"CAMTRA NOVO","description":"","publisher":{"@id":"https:\/\/novo2023.camtra.org.br\/#organization"},"potentialAction":[{"@type":"SearchAction","target":{"@type":"EntryPoint","urlTemplate":"https:\/\/novo2023.camtra.org.br\/?s={search_term_string}"},"query-input":"required name=search_term_string"}],"inLanguage":"pt-BR"},{"@type":"Organization","@id":"https:\/\/novo2023.camtra.org.br\/#organization","name":"CAMTRA NOVO","url":"https:\/\/novo2023.camtra.org.br\/","logo":{"@type":"ImageObject","inLanguage":"pt-BR","@id":"https:\/\/novo2023.camtra.org.br\/#\/schema\/logo\/image\/","url":"https:\/\/novo2023.camtra.org.br\/wp-content\/uploads\/2024\/01\/CAMTRA-comflor-roxa-logo_logo-camtra-principal-flor.png","contentUrl":"https:\/\/novo2023.camtra.org.br\/wp-content\/uploads\/2024\/01\/CAMTRA-comflor-roxa-logo_logo-camtra-principal-flor.png","width":1172,"height":330,"caption":"CAMTRA NOVO"},"image":{"@id":"https:\/\/novo2023.camtra.org.br\/#\/schema\/logo\/image\/"}},{"@type":"Person","@id":"https:\/\/novo2023.camtra.org.br\/#\/schema\/person\/f163af9cb65589aab5865b0437873a74","name":"Casa da Mulher Trabalhadora","image":{"@type":"ImageObject","inLanguage":"pt-BR","@id":"https:\/\/novo2023.camtra.org.br\/#\/schema\/person\/image\/","url":"https:\/\/novo2023.camtra.org.br\/wp-content\/litespeed\/avatar\/4c87233a8b80506f010db0cccf69e8b5.jpg?ver=1777270965","contentUrl":"https:\/\/novo2023.camtra.org.br\/wp-content\/litespeed\/avatar\/4c87233a8b80506f010db0cccf69e8b5.jpg?ver=1777270965","caption":"Casa da Mulher Trabalhadora"},"url":"https:\/\/novo2023.camtra.org.br\/index.php\/author\/camtra\/"}]}},"_links":{"self":[{"href":"https:\/\/novo2023.camtra.org.br\/index.php\/wp-json\/wp\/v2\/posts\/7262"}],"collection":[{"href":"https:\/\/novo2023.camtra.org.br\/index.php\/wp-json\/wp\/v2\/posts"}],"about":[{"href":"https:\/\/novo2023.camtra.org.br\/index.php\/wp-json\/wp\/v2\/types\/post"}],"author":[{"embeddable":true,"href":"https:\/\/novo2023.camtra.org.br\/index.php\/wp-json\/wp\/v2\/users\/3"}],"replies":[{"embeddable":true,"href":"https:\/\/novo2023.camtra.org.br\/index.php\/wp-json\/wp\/v2\/comments?post=7262"}],"version-history":[{"count":0,"href":"https:\/\/novo2023.camtra.org.br\/index.php\/wp-json\/wp\/v2\/posts\/7262\/revisions"}],"wp:attachment":[{"href":"https:\/\/novo2023.camtra.org.br\/index.php\/wp-json\/wp\/v2\/media?parent=7262"}],"wp:term":[{"taxonomy":"category","embeddable":true,"href":"https:\/\/novo2023.camtra.org.br\/index.php\/wp-json\/wp\/v2\/categories?post=7262"},{"taxonomy":"post_tag","embeddable":true,"href":"https:\/\/novo2023.camtra.org.br\/index.php\/wp-json\/wp\/v2\/tags?post=7262"}],"curies":[{"name":"wp","href":"https:\/\/api.w.org\/{rel}","templated":true}]}}