{"id":7223,"date":"2021-04-14T15:29:01","date_gmt":"2021-04-14T18:29:01","guid":{"rendered":"https:\/\/camtra.org.br\/?p=7223"},"modified":"2021-04-14T15:29:01","modified_gmt":"2021-04-14T18:29:01","slug":"3-808-mortes-por-covid-19-nas-ultimas-24-horas-no-brasil","status":"publish","type":"post","link":"https:\/\/novo2023.camtra.org.br\/index.php\/2021\/04\/14\/3-808-mortes-por-covid-19-nas-ultimas-24-horas-no-brasil\/","title":{"rendered":"3.808 mortes por Covid-19 nas \u00faltimas 24 horas no Brasil"},"content":{"rendered":"<div id=\"fb-root\"><\/div>\n<p>As mulheres negras e perif\u00e9ricas despontam nas estat\u00edsticas de vulnerabilidade e letalidade. Nas \u00faltimas 24 horas, o Brasil registrou 3.808 \u00f3bitos de COVID-19. Seguimos em ascens\u00e3o na curva de mortes e precisamos conhecer as hist\u00f3rias desses n\u00fameros.<!--more--><\/p>\n<p>De acordo com a pesquisa &#8220;Economia das Favelas &#8211; Renda e Consumo nas Favelas Brasileiras&#8221;, desenvolvida pelos institutos Data Favela e Locomotiva, 49% dos lares das favelas s\u00e3o chefiados por mulheres, ou seja, elas exercem um papel de protagonismo.<\/p>\n<p>O Rio de Janeiro \u00e9 o \u00fanico estado da Regi\u00e3o Sudeste com mais de 10% da popula\u00e7\u00e3o vivendo em favelas, e as favelas da Regi\u00e3o Metropolitana do Rio de Janeiro somam mais v\u00edtimas fatais de Covid-19 que 142 pa\u00edses.<\/p>\n<h2>Para as mulheres perif\u00e9ricas a luta n\u00e3o \u00e9 s\u00f3 contra o v\u00edrus<\/h2>\n<p>Como chefiar uma fam\u00edlia e sustentar uma casa com um aux\u00edlio emergencial de R$375 reais? Como lutar pelo seu pr\u00f3prio bem estar, de suas filhas e filhos, vivendo em condi\u00e7\u00f5es insalubres e sem saneamento b\u00e1sico?<\/p>\n<p>As mulheres trabalhadoras querem viver, mas essa conta n\u00e3o fecha!<\/p>\n<p>Dados do relat\u00f3rio &#8220;<a href=\"http:\/\/mulheresnapandemia.sof.org.br\/\" target=\"_blank\" rel=\"noopener\">Sem parar: O trabalho e a vida das mulheres na pandemia<\/a>&#8220;, mostram que 40% das mulheres abordadas na pesquisa,\u00a0afirmaram que a pandemia e a situa\u00e7\u00e3o de isolamento social colocaram a sustenta\u00e7\u00e3o da casa em risco. A maioria das mulheres que concordaram com essa posi\u00e7\u00e3o eram negras (55%).<\/p>\n<p>A pesquisa relata que as mulheres trabalhadoras negras responderam que as principais dificuldades est\u00e3o com o pagar as contas b\u00e1sica e o aluguel onde vivem.<\/p>\n<p><strong>Leia mais:\u00a0<a href=\"https:\/\/camtra.org.br\/paralizacao-nacional-pelo-auxilio-emergencial-de-r600-e-vacina-para-todas-ja\/\" target=\"_blank\" rel=\"noopener\">Paraliza\u00e7\u00e3o Nacional pelo Aux\u00edlio Emergencial de R$600 e Vacina Para Todas J\u00e1<\/a><\/strong><\/p>\n<p><strong>Leia mais:\u00a0<a href=\"https:\/\/camtra.org.br\/cada-vez-mais-elevada-faixa-etaria-de-mulheres-trabalhadoras-domesticas-representa-mudanca-na-classe\/\">Cada vez mais elevada, faixa et\u00e1ria de mulheres trabalhadoras dom\u00e9sticas representa mudan\u00e7a na classe<\/a><\/strong><\/p>\n","protected":false},"excerpt":{"rendered":"<p>As mulheres negras e perif\u00e9ricas despontam nas estat\u00edsticas de vulnerabilidade e letalidade. Nas \u00faltimas 24 horas, o Brasil registrou 3.808 \u00f3bitos de COVID-19. Seguimos em ascens\u00e3o na curva de mortes [&hellip;]<\/p>\n","protected":false},"author":3,"featured_media":7224,"comment_status":"open","ping_status":"open","sticky":false,"template":"","format":"image","meta":{"om_disable_all_campaigns":false,"_monsterinsights_skip_tracking":false,"_monsterinsights_sitenote_active":false,"_monsterinsights_sitenote_note":"","_monsterinsights_sitenote_category":0,"_uf_show_specific_survey":0,"_uf_disable_surveys":false,"ocean_post_layout":"","ocean_both_sidebars_style":"","ocean_both_sidebars_content_width":0,"ocean_both_sidebars_sidebars_width":0,"ocean_sidebar":"","ocean_second_sidebar":"","ocean_disable_margins":"enable","ocean_add_body_class":"","ocean_shortcode_before_top_bar":"","ocean_shortcode_after_top_bar":"","ocean_shortcode_before_header":"","ocean_shortcode_after_header":"","ocean_has_shortcode":"","ocean_shortcode_after_title":"","ocean_shortcode_before_footer_widgets":"","ocean_shortcode_after_footer_widgets":"","ocean_shortcode_before_footer_bottom":"","ocean_shortcode_after_footer_bottom":"","ocean_display_top_bar":"default","ocean_display_header":"default","ocean_header_style":"","ocean_center_header_left_menu":"","ocean_custom_header_template":"","ocean_custom_logo":0,"ocean_custom_retina_logo":0,"ocean_custom_logo_max_width":0,"ocean_custom_logo_tablet_max_width":0,"ocean_custom_logo_mobile_max_width":0,"ocean_custom_logo_max_height":0,"ocean_custom_logo_tablet_max_height":0,"ocean_custom_logo_mobile_max_height":0,"ocean_header_custom_menu":"","ocean_menu_typo_font_family":"","ocean_menu_typo_font_subset":"","ocean_menu_typo_font_size":0,"ocean_menu_typo_font_size_tablet":0,"ocean_menu_typo_font_size_mobile":0,"ocean_menu_typo_font_size_unit":"px","ocean_menu_typo_font_weight":"","ocean_menu_typo_font_weight_tablet":"","ocean_menu_typo_font_weight_mobile":"","ocean_menu_typo_transform":"","ocean_menu_typo_transform_tablet":"","ocean_menu_typo_transform_mobile":"","ocean_menu_typo_line_height":0,"ocean_menu_typo_line_height_tablet":0,"ocean_menu_typo_line_height_mobile":0,"ocean_menu_typo_line_height_unit":"","ocean_menu_typo_spacing":0,"ocean_menu_typo_spacing_tablet":0,"ocean_menu_typo_spacing_mobile":0,"ocean_menu_typo_spacing_unit":"","ocean_menu_link_color":"","ocean_menu_link_color_hover":"","ocean_menu_link_color_active":"","ocean_menu_link_background":"","ocean_menu_link_hover_background":"","ocean_menu_link_active_background":"","ocean_menu_social_links_bg":"","ocean_menu_social_hover_links_bg":"","ocean_menu_social_links_color":"","ocean_menu_social_hover_links_color":"","ocean_disable_title":"default","ocean_disable_heading":"default","ocean_post_title":"","ocean_post_subheading":"","ocean_post_title_style":"","ocean_post_title_background_color":"","ocean_post_title_background":0,"ocean_post_title_bg_image_position":"","ocean_post_title_bg_image_attachment":"","ocean_post_title_bg_image_repeat":"","ocean_post_title_bg_image_size":"","ocean_post_title_height":0,"ocean_post_title_bg_overlay":0.5,"ocean_post_title_bg_overlay_color":"","ocean_disable_breadcrumbs":"default","ocean_breadcrumbs_color":"","ocean_breadcrumbs_separator_color":"","ocean_breadcrumbs_links_color":"","ocean_breadcrumbs_links_hover_color":"","ocean_display_footer_widgets":"default","ocean_display_footer_bottom":"default","ocean_custom_footer_template":"","ocean_post_oembed":"","ocean_post_self_hosted_media":"","ocean_post_video_embed":"","ocean_link_format":"","ocean_link_format_target":"self","ocean_quote_format":"","ocean_quote_format_link":"post","ocean_gallery_link_images":"on","ocean_gallery_id":[],"footnotes":""},"categories":[7],"tags":[361,142,459,13,460,461,462,463,464,383],"class_list":["post-7223","post","type-post","status-publish","format-image","has-post-thumbnail","hentry","category-camtra-covid-19","tag-coronavirus","tag-covid-19","tag-auxilio-emergencial","tag-camtra","tag-data-favela","tag-favelas","tag-instituto-locomotiva","tag-mulheres-na-pandemia","tag-renda-na-pandemia","tag-rio-de-janeiro","post_format-post-format-image","entry","has-media"],"aioseo_notices":[],"yoast_head":"<!-- This site is optimized with the Yoast SEO plugin v23.0 - https:\/\/yoast.com\/wordpress\/plugins\/seo\/ -->\n<title>3.808 mortes por Covid-19 nas \u00faltimas 24 horas no Brasil - CAMTRA NOVO<\/title>\n<meta name=\"robots\" content=\"index, follow, max-snippet:-1, max-image-preview:large, max-video-preview:-1\" \/>\n<link rel=\"canonical\" href=\"https:\/\/novo2023.camtra.org.br\/index.php\/2021\/04\/14\/3-808-mortes-por-covid-19-nas-ultimas-24-horas-no-brasil\/\" \/>\n<meta property=\"og:locale\" content=\"pt_BR\" \/>\n<meta property=\"og:type\" content=\"article\" \/>\n<meta property=\"og:title\" content=\"3.808 mortes por Covid-19 nas \u00faltimas 24 horas no Brasil - CAMTRA NOVO\" \/>\n<meta property=\"og:description\" content=\"As mulheres negras e perif\u00e9ricas despontam nas estat\u00edsticas de vulnerabilidade e letalidade. Nas \u00faltimas 24 horas, o Brasil registrou 3.808 \u00f3bitos de COVID-19. Seguimos em ascens\u00e3o na curva de mortes [&hellip;]\" \/>\n<meta property=\"og:url\" content=\"https:\/\/novo2023.camtra.org.br\/index.php\/2021\/04\/14\/3-808-mortes-por-covid-19-nas-ultimas-24-horas-no-brasil\/\" \/>\n<meta property=\"og:site_name\" content=\"CAMTRA NOVO\" \/>\n<meta property=\"article:published_time\" content=\"2021-04-14T18:29:01+00:00\" \/>\n<meta name=\"author\" content=\"Casa da Mulher Trabalhadora\" \/>\n<meta name=\"twitter:card\" content=\"summary_large_image\" \/>\n<meta name=\"twitter:label1\" content=\"Escrito por\" \/>\n\t<meta name=\"twitter:data1\" content=\"Casa da Mulher Trabalhadora\" \/>\n\t<meta name=\"twitter:label2\" content=\"Est. tempo de leitura\" \/>\n\t<meta name=\"twitter:data2\" content=\"2 minutos\" \/>\n<script type=\"application\/ld+json\" class=\"yoast-schema-graph\">{\"@context\":\"https:\/\/schema.org\",\"@graph\":[{\"@type\":\"Article\",\"@id\":\"https:\/\/novo2023.camtra.org.br\/index.php\/2021\/04\/14\/3-808-mortes-por-covid-19-nas-ultimas-24-horas-no-brasil\/#article\",\"isPartOf\":{\"@id\":\"https:\/\/novo2023.camtra.org.br\/index.php\/2021\/04\/14\/3-808-mortes-por-covid-19-nas-ultimas-24-horas-no-brasil\/\"},\"author\":{\"name\":\"Casa da Mulher Trabalhadora\",\"@id\":\"https:\/\/novo2023.camtra.org.br\/#\/schema\/person\/f163af9cb65589aab5865b0437873a74\"},\"headline\":\"3.808 mortes por Covid-19 nas \u00faltimas 24 horas no Brasil\",\"datePublished\":\"2021-04-14T18:29:01+00:00\",\"dateModified\":\"2021-04-14T18:29:01+00:00\",\"mainEntityOfPage\":{\"@id\":\"https:\/\/novo2023.camtra.org.br\/index.php\/2021\/04\/14\/3-808-mortes-por-covid-19-nas-ultimas-24-horas-no-brasil\/\"},\"wordCount\":308,\"commentCount\":0,\"publisher\":{\"@id\":\"https:\/\/novo2023.camtra.org.br\/#organization\"},\"image\":{\"@id\":\"https:\/\/novo2023.camtra.org.br\/index.php\/2021\/04\/14\/3-808-mortes-por-covid-19-nas-ultimas-24-horas-no-brasil\/#primaryimage\"},\"thumbnailUrl\":\"https:\/\/novo2023.camtra.org.br\/wp-content\/uploads\/2021\/04\/171262371_2836813629892063_5280246165979296842_n.jpg\",\"keywords\":[\"#coronavirus\",\"#covid-19\",\"Aux\u00edlio Emergencial\",\"camtra\",\"Data Favela\",\"Favelas\",\"Instituto Locomotiva\",\"Mulheres na pandemia\",\"Renda na pandemia\",\"Rio de Janeiro\"],\"articleSection\":[\"CAMTRA-COVID-19\"],\"inLanguage\":\"pt-BR\",\"potentialAction\":[{\"@type\":\"CommentAction\",\"name\":\"Comment\",\"target\":[\"https:\/\/novo2023.camtra.org.br\/index.php\/2021\/04\/14\/3-808-mortes-por-covid-19-nas-ultimas-24-horas-no-brasil\/#respond\"]}]},{\"@type\":\"WebPage\",\"@id\":\"https:\/\/novo2023.camtra.org.br\/index.php\/2021\/04\/14\/3-808-mortes-por-covid-19-nas-ultimas-24-horas-no-brasil\/\",\"url\":\"https:\/\/novo2023.camtra.org.br\/index.php\/2021\/04\/14\/3-808-mortes-por-covid-19-nas-ultimas-24-horas-no-brasil\/\",\"name\":\"3.808 mortes por Covid-19 nas \u00faltimas 24 horas no Brasil - CAMTRA NOVO\",\"isPartOf\":{\"@id\":\"https:\/\/novo2023.camtra.org.br\/#website\"},\"primaryImageOfPage\":{\"@id\":\"https:\/\/novo2023.camtra.org.br\/index.php\/2021\/04\/14\/3-808-mortes-por-covid-19-nas-ultimas-24-horas-no-brasil\/#primaryimage\"},\"image\":{\"@id\":\"https:\/\/novo2023.camtra.org.br\/index.php\/2021\/04\/14\/3-808-mortes-por-covid-19-nas-ultimas-24-horas-no-brasil\/#primaryimage\"},\"thumbnailUrl\":\"https:\/\/novo2023.camtra.org.br\/wp-content\/uploads\/2021\/04\/171262371_2836813629892063_5280246165979296842_n.jpg\",\"datePublished\":\"2021-04-14T18:29:01+00:00\",\"dateModified\":\"2021-04-14T18:29:01+00:00\",\"breadcrumb\":{\"@id\":\"https:\/\/novo2023.camtra.org.br\/index.php\/2021\/04\/14\/3-808-mortes-por-covid-19-nas-ultimas-24-horas-no-brasil\/#breadcrumb\"},\"inLanguage\":\"pt-BR\",\"potentialAction\":[{\"@type\":\"ReadAction\",\"target\":[\"https:\/\/novo2023.camtra.org.br\/index.php\/2021\/04\/14\/3-808-mortes-por-covid-19-nas-ultimas-24-horas-no-brasil\/\"]}]},{\"@type\":\"ImageObject\",\"inLanguage\":\"pt-BR\",\"@id\":\"https:\/\/novo2023.camtra.org.br\/index.php\/2021\/04\/14\/3-808-mortes-por-covid-19-nas-ultimas-24-horas-no-brasil\/#primaryimage\",\"url\":\"https:\/\/novo2023.camtra.org.br\/wp-content\/uploads\/2021\/04\/171262371_2836813629892063_5280246165979296842_n.jpg\",\"contentUrl\":\"https:\/\/novo2023.camtra.org.br\/wp-content\/uploads\/2021\/04\/171262371_2836813629892063_5280246165979296842_n.jpg\",\"width\":1080,\"height\":1080},{\"@type\":\"BreadcrumbList\",\"@id\":\"https:\/\/novo2023.camtra.org.br\/index.php\/2021\/04\/14\/3-808-mortes-por-covid-19-nas-ultimas-24-horas-no-brasil\/#breadcrumb\",\"itemListElement\":[{\"@type\":\"ListItem\",\"position\":1,\"name\":\"Home\",\"item\":\"https:\/\/novo2023.camtra.org.br\/\"},{\"@type\":\"ListItem\",\"position\":2,\"name\":\"3.808 mortes por Covid-19 nas \u00faltimas 24 horas no Brasil\"}]},{\"@type\":\"WebSite\",\"@id\":\"https:\/\/novo2023.camtra.org.br\/#website\",\"url\":\"https:\/\/novo2023.camtra.org.br\/\",\"name\":\"CAMTRA NOVO\",\"description\":\"\",\"publisher\":{\"@id\":\"https:\/\/novo2023.camtra.org.br\/#organization\"},\"potentialAction\":[{\"@type\":\"SearchAction\",\"target\":{\"@type\":\"EntryPoint\",\"urlTemplate\":\"https:\/\/novo2023.camtra.org.br\/?s={search_term_string}\"},\"query-input\":\"required name=search_term_string\"}],\"inLanguage\":\"pt-BR\"},{\"@type\":\"Organization\",\"@id\":\"https:\/\/novo2023.camtra.org.br\/#organization\",\"name\":\"CAMTRA NOVO\",\"url\":\"https:\/\/novo2023.camtra.org.br\/\",\"logo\":{\"@type\":\"ImageObject\",\"inLanguage\":\"pt-BR\",\"@id\":\"https:\/\/novo2023.camtra.org.br\/#\/schema\/logo\/image\/\",\"url\":\"https:\/\/novo2023.camtra.org.br\/wp-content\/uploads\/2024\/01\/CAMTRA-comflor-roxa-logo_logo-camtra-principal-flor.png\",\"contentUrl\":\"https:\/\/novo2023.camtra.org.br\/wp-content\/uploads\/2024\/01\/CAMTRA-comflor-roxa-logo_logo-camtra-principal-flor.png\",\"width\":1172,\"height\":330,\"caption\":\"CAMTRA NOVO\"},\"image\":{\"@id\":\"https:\/\/novo2023.camtra.org.br\/#\/schema\/logo\/image\/\"}},{\"@type\":\"Person\",\"@id\":\"https:\/\/novo2023.camtra.org.br\/#\/schema\/person\/f163af9cb65589aab5865b0437873a74\",\"name\":\"Casa da Mulher Trabalhadora\",\"image\":{\"@type\":\"ImageObject\",\"inLanguage\":\"pt-BR\",\"@id\":\"https:\/\/novo2023.camtra.org.br\/#\/schema\/person\/image\/\",\"url\":\"https:\/\/novo2023.camtra.org.br\/wp-content\/litespeed\/avatar\/4c87233a8b80506f010db0cccf69e8b5.jpg?ver=1777270965\",\"contentUrl\":\"https:\/\/novo2023.camtra.org.br\/wp-content\/litespeed\/avatar\/4c87233a8b80506f010db0cccf69e8b5.jpg?ver=1777270965\",\"caption\":\"Casa da Mulher Trabalhadora\"},\"url\":\"https:\/\/novo2023.camtra.org.br\/index.php\/author\/camtra\/\"}]}<\/script>\n<!-- \/ Yoast SEO plugin. -->","yoast_head_json":{"title":"3.808 mortes por Covid-19 nas \u00faltimas 24 horas no Brasil - CAMTRA NOVO","robots":{"index":"index","follow":"follow","max-snippet":"max-snippet:-1","max-image-preview":"max-image-preview:large","max-video-preview":"max-video-preview:-1"},"canonical":"https:\/\/novo2023.camtra.org.br\/index.php\/2021\/04\/14\/3-808-mortes-por-covid-19-nas-ultimas-24-horas-no-brasil\/","og_locale":"pt_BR","og_type":"article","og_title":"3.808 mortes por Covid-19 nas \u00faltimas 24 horas no Brasil - CAMTRA NOVO","og_description":"As mulheres negras e perif\u00e9ricas despontam nas estat\u00edsticas de vulnerabilidade e letalidade. Nas \u00faltimas 24 horas, o Brasil registrou 3.808 \u00f3bitos de COVID-19. Seguimos em ascens\u00e3o na curva de mortes [&hellip;]","og_url":"https:\/\/novo2023.camtra.org.br\/index.php\/2021\/04\/14\/3-808-mortes-por-covid-19-nas-ultimas-24-horas-no-brasil\/","og_site_name":"CAMTRA NOVO","article_published_time":"2021-04-14T18:29:01+00:00","author":"Casa da Mulher Trabalhadora","twitter_card":"summary_large_image","twitter_misc":{"Escrito por":"Casa da Mulher Trabalhadora","Est. tempo de leitura":"2 minutos"},"schema":{"@context":"https:\/\/schema.org","@graph":[{"@type":"Article","@id":"https:\/\/novo2023.camtra.org.br\/index.php\/2021\/04\/14\/3-808-mortes-por-covid-19-nas-ultimas-24-horas-no-brasil\/#article","isPartOf":{"@id":"https:\/\/novo2023.camtra.org.br\/index.php\/2021\/04\/14\/3-808-mortes-por-covid-19-nas-ultimas-24-horas-no-brasil\/"},"author":{"name":"Casa da Mulher Trabalhadora","@id":"https:\/\/novo2023.camtra.org.br\/#\/schema\/person\/f163af9cb65589aab5865b0437873a74"},"headline":"3.808 mortes por Covid-19 nas \u00faltimas 24 horas no Brasil","datePublished":"2021-04-14T18:29:01+00:00","dateModified":"2021-04-14T18:29:01+00:00","mainEntityOfPage":{"@id":"https:\/\/novo2023.camtra.org.br\/index.php\/2021\/04\/14\/3-808-mortes-por-covid-19-nas-ultimas-24-horas-no-brasil\/"},"wordCount":308,"commentCount":0,"publisher":{"@id":"https:\/\/novo2023.camtra.org.br\/#organization"},"image":{"@id":"https:\/\/novo2023.camtra.org.br\/index.php\/2021\/04\/14\/3-808-mortes-por-covid-19-nas-ultimas-24-horas-no-brasil\/#primaryimage"},"thumbnailUrl":"https:\/\/novo2023.camtra.org.br\/wp-content\/uploads\/2021\/04\/171262371_2836813629892063_5280246165979296842_n.jpg","keywords":["#coronavirus","#covid-19","Aux\u00edlio Emergencial","camtra","Data Favela","Favelas","Instituto Locomotiva","Mulheres na pandemia","Renda na pandemia","Rio de Janeiro"],"articleSection":["CAMTRA-COVID-19"],"inLanguage":"pt-BR","potentialAction":[{"@type":"CommentAction","name":"Comment","target":["https:\/\/novo2023.camtra.org.br\/index.php\/2021\/04\/14\/3-808-mortes-por-covid-19-nas-ultimas-24-horas-no-brasil\/#respond"]}]},{"@type":"WebPage","@id":"https:\/\/novo2023.camtra.org.br\/index.php\/2021\/04\/14\/3-808-mortes-por-covid-19-nas-ultimas-24-horas-no-brasil\/","url":"https:\/\/novo2023.camtra.org.br\/index.php\/2021\/04\/14\/3-808-mortes-por-covid-19-nas-ultimas-24-horas-no-brasil\/","name":"3.808 mortes por Covid-19 nas \u00faltimas 24 horas no Brasil - CAMTRA NOVO","isPartOf":{"@id":"https:\/\/novo2023.camtra.org.br\/#website"},"primaryImageOfPage":{"@id":"https:\/\/novo2023.camtra.org.br\/index.php\/2021\/04\/14\/3-808-mortes-por-covid-19-nas-ultimas-24-horas-no-brasil\/#primaryimage"},"image":{"@id":"https:\/\/novo2023.camtra.org.br\/index.php\/2021\/04\/14\/3-808-mortes-por-covid-19-nas-ultimas-24-horas-no-brasil\/#primaryimage"},"thumbnailUrl":"https:\/\/novo2023.camtra.org.br\/wp-content\/uploads\/2021\/04\/171262371_2836813629892063_5280246165979296842_n.jpg","datePublished":"2021-04-14T18:29:01+00:00","dateModified":"2021-04-14T18:29:01+00:00","breadcrumb":{"@id":"https:\/\/novo2023.camtra.org.br\/index.php\/2021\/04\/14\/3-808-mortes-por-covid-19-nas-ultimas-24-horas-no-brasil\/#breadcrumb"},"inLanguage":"pt-BR","potentialAction":[{"@type":"ReadAction","target":["https:\/\/novo2023.camtra.org.br\/index.php\/2021\/04\/14\/3-808-mortes-por-covid-19-nas-ultimas-24-horas-no-brasil\/"]}]},{"@type":"ImageObject","inLanguage":"pt-BR","@id":"https:\/\/novo2023.camtra.org.br\/index.php\/2021\/04\/14\/3-808-mortes-por-covid-19-nas-ultimas-24-horas-no-brasil\/#primaryimage","url":"https:\/\/novo2023.camtra.org.br\/wp-content\/uploads\/2021\/04\/171262371_2836813629892063_5280246165979296842_n.jpg","contentUrl":"https:\/\/novo2023.camtra.org.br\/wp-content\/uploads\/2021\/04\/171262371_2836813629892063_5280246165979296842_n.jpg","width":1080,"height":1080},{"@type":"BreadcrumbList","@id":"https:\/\/novo2023.camtra.org.br\/index.php\/2021\/04\/14\/3-808-mortes-por-covid-19-nas-ultimas-24-horas-no-brasil\/#breadcrumb","itemListElement":[{"@type":"ListItem","position":1,"name":"Home","item":"https:\/\/novo2023.camtra.org.br\/"},{"@type":"ListItem","position":2,"name":"3.808 mortes por Covid-19 nas \u00faltimas 24 horas no Brasil"}]},{"@type":"WebSite","@id":"https:\/\/novo2023.camtra.org.br\/#website","url":"https:\/\/novo2023.camtra.org.br\/","name":"CAMTRA NOVO","description":"","publisher":{"@id":"https:\/\/novo2023.camtra.org.br\/#organization"},"potentialAction":[{"@type":"SearchAction","target":{"@type":"EntryPoint","urlTemplate":"https:\/\/novo2023.camtra.org.br\/?s={search_term_string}"},"query-input":"required name=search_term_string"}],"inLanguage":"pt-BR"},{"@type":"Organization","@id":"https:\/\/novo2023.camtra.org.br\/#organization","name":"CAMTRA NOVO","url":"https:\/\/novo2023.camtra.org.br\/","logo":{"@type":"ImageObject","inLanguage":"pt-BR","@id":"https:\/\/novo2023.camtra.org.br\/#\/schema\/logo\/image\/","url":"https:\/\/novo2023.camtra.org.br\/wp-content\/uploads\/2024\/01\/CAMTRA-comflor-roxa-logo_logo-camtra-principal-flor.png","contentUrl":"https:\/\/novo2023.camtra.org.br\/wp-content\/uploads\/2024\/01\/CAMTRA-comflor-roxa-logo_logo-camtra-principal-flor.png","width":1172,"height":330,"caption":"CAMTRA NOVO"},"image":{"@id":"https:\/\/novo2023.camtra.org.br\/#\/schema\/logo\/image\/"}},{"@type":"Person","@id":"https:\/\/novo2023.camtra.org.br\/#\/schema\/person\/f163af9cb65589aab5865b0437873a74","name":"Casa da Mulher Trabalhadora","image":{"@type":"ImageObject","inLanguage":"pt-BR","@id":"https:\/\/novo2023.camtra.org.br\/#\/schema\/person\/image\/","url":"https:\/\/novo2023.camtra.org.br\/wp-content\/litespeed\/avatar\/4c87233a8b80506f010db0cccf69e8b5.jpg?ver=1777270965","contentUrl":"https:\/\/novo2023.camtra.org.br\/wp-content\/litespeed\/avatar\/4c87233a8b80506f010db0cccf69e8b5.jpg?ver=1777270965","caption":"Casa da Mulher Trabalhadora"},"url":"https:\/\/novo2023.camtra.org.br\/index.php\/author\/camtra\/"}]}},"_links":{"self":[{"href":"https:\/\/novo2023.camtra.org.br\/index.php\/wp-json\/wp\/v2\/posts\/7223"}],"collection":[{"href":"https:\/\/novo2023.camtra.org.br\/index.php\/wp-json\/wp\/v2\/posts"}],"about":[{"href":"https:\/\/novo2023.camtra.org.br\/index.php\/wp-json\/wp\/v2\/types\/post"}],"author":[{"embeddable":true,"href":"https:\/\/novo2023.camtra.org.br\/index.php\/wp-json\/wp\/v2\/users\/3"}],"replies":[{"embeddable":true,"href":"https:\/\/novo2023.camtra.org.br\/index.php\/wp-json\/wp\/v2\/comments?post=7223"}],"version-history":[{"count":0,"href":"https:\/\/novo2023.camtra.org.br\/index.php\/wp-json\/wp\/v2\/posts\/7223\/revisions"}],"wp:featuredmedia":[{"embeddable":true,"href":"https:\/\/novo2023.camtra.org.br\/index.php\/wp-json\/wp\/v2\/media\/7224"}],"wp:attachment":[{"href":"https:\/\/novo2023.camtra.org.br\/index.php\/wp-json\/wp\/v2\/media?parent=7223"}],"wp:term":[{"taxonomy":"category","embeddable":true,"href":"https:\/\/novo2023.camtra.org.br\/index.php\/wp-json\/wp\/v2\/categories?post=7223"},{"taxonomy":"post_tag","embeddable":true,"href":"https:\/\/novo2023.camtra.org.br\/index.php\/wp-json\/wp\/v2\/tags?post=7223"}],"curies":[{"name":"wp","href":"https:\/\/api.w.org\/{rel}","templated":true}]}}