{"id":7048,"date":"2021-03-09T16:01:14","date_gmt":"2021-03-09T19:01:14","guid":{"rendered":"https:\/\/camtra.org.br\/?p=7048"},"modified":"2021-03-09T16:01:14","modified_gmt":"2021-03-09T19:01:14","slug":"ivone-lara-marco-de-lutas-pelas-mulheres","status":"publish","type":"post","link":"https:\/\/novo2023.camtra.org.br\/index.php\/2021\/03\/09\/ivone-lara-marco-de-lutas-pelas-mulheres\/","title":{"rendered":"Ivone Lara &#8211; Mar\u00e7o de Lutas pelas Mulheres"},"content":{"rendered":"<div id=\"fb-root\"><\/div>\n<p>\u201cDona Ivone Lara, uma joia rara\u201d. O trecho do samba \u201cNossa Escola\u201d demonstra de maneira simples e direta a pot\u00eancia que Ivone Lara foi e continua sendo para a hist\u00f3ria do samba e na sa\u00fade p\u00fablica no pa\u00eds.<\/p>\n<p>Compunha e cantava seus sambas de roda, desde menina, e foi descoberta pela professora Luc\u00edlia Villa Lobos.<!--more--><\/p>\n<p>Cria de Madureira, sua fam\u00edlia foi uma das fundadoras da escola de samba Imp\u00e9rio Serrano, foi a primeira mulher a assinar um samba-enredo e a fazer parte da ala de compositoras(es), em 1947, mesmo ano em que se formou enfermagem.<\/p>\n<p>Unindo a m\u00fasica \u00e0 sa\u00fade, teve um papel importante na reforma psiqui\u00e1trica do pa\u00eds.<\/p>\n<p>Ao lado de Nise da Silveira, trabalhava no Instituto de Psiquiatria do Engenho de Dentro, como enfermeira e assistente social. Juntas fizeram da arte uma terapia.<\/p>\n<p>Dona Ivone buscava ia em busca de familiares de pacientes antes \u201cabandonadas(os)\u201d no hospital. Com a m\u00fasica, tamb\u00e9m revolucionou a vida das(os) pacientes que ali estavam. Conseguiu patroc\u00ednio e formou oficinas de m\u00fasica para promover a socializa\u00e7\u00e3o entre familiares, pacientes e funcion\u00e1rias(os), da\u00ed nasceu o bloco \u201cLoucura Suburbana\u201d que at\u00e9 hoje desfila.<\/p>\n<p>Em 1977, passou a se dedicar integralmente \u00e0 m\u00fasica.<\/p>\n<p>Viva Ivone Lara! Mulher negra, funcion\u00e1ria da sa\u00fade p\u00fablica, inspira\u00e7\u00e3o para as mulheres trabalhadoras e sambistas da nova gera\u00e7\u00e3o.<\/p>\n<p>Fonte: http:\/\/www.afreaka.com.br\/&#8230;\/rainha-samba-dona-ivone-lara\/<br \/>\nhttp:\/\/blog.saude.mg.gov.br\/&#8230;\/vocesabia-dona-ivone&#8230;\/<\/p>\n<div class=\"oceanwp-oembed-wrap clr\">\n<blockquote class=\"wp-embedded-content\" data-secret=\"tqKrtO72xF\"><p><a href=\"https:\/\/soscorpo.org\/?p=6368\">Dona Ivone Lara &#8211; Uma j\u00f3ia rara<\/a><\/p><\/blockquote>\n<p><iframe loading=\"lazy\" class=\"wp-embedded-content\" sandbox=\"allow-scripts\" security=\"restricted\" style=\"position: absolute; visibility: hidden;\" title=\"&#8220;Dona Ivone Lara &#8211; Uma j\u00f3ia rara&#8221; &#8212; SOS Corpo\" src=\"https:\/\/soscorpo.org\/?p=6368&#038;embed=true#?secret=lm73NIjH5j#?secret=tqKrtO72xF\" data-secret=\"tqKrtO72xF\" width=\"600\" height=\"338\" frameborder=\"0\" marginwidth=\"0\" marginheight=\"0\" scrolling=\"no\"><\/iframe><\/div>\n","protected":false},"excerpt":{"rendered":"<p>\u201cDona Ivone Lara, uma joia rara\u201d. O trecho do samba \u201cNossa Escola\u201d demonstra de maneira simples e direta a pot\u00eancia que Ivone Lara foi e continua sendo para a hist\u00f3ria [&hellip;]<\/p>\n","protected":false},"author":1,"featured_media":7049,"comment_status":"open","ping_status":"open","sticky":false,"template":"","format":"image","meta":{"om_disable_all_campaigns":false,"_monsterinsights_skip_tracking":false,"_monsterinsights_sitenote_active":false,"_monsterinsights_sitenote_note":"","_monsterinsights_sitenote_category":0,"_uf_show_specific_survey":0,"_uf_disable_surveys":false,"ocean_post_layout":"","ocean_both_sidebars_style":"","ocean_both_sidebars_content_width":0,"ocean_both_sidebars_sidebars_width":0,"ocean_sidebar":"","ocean_second_sidebar":"","ocean_disable_margins":"enable","ocean_add_body_class":"","ocean_shortcode_before_top_bar":"","ocean_shortcode_after_top_bar":"","ocean_shortcode_before_header":"","ocean_shortcode_after_header":"","ocean_has_shortcode":"","ocean_shortcode_after_title":"","ocean_shortcode_before_footer_widgets":"","ocean_shortcode_after_footer_widgets":"","ocean_shortcode_before_footer_bottom":"","ocean_shortcode_after_footer_bottom":"","ocean_display_top_bar":"default","ocean_display_header":"default","ocean_header_style":"","ocean_center_header_left_menu":"","ocean_custom_header_template":"","ocean_custom_logo":0,"ocean_custom_retina_logo":0,"ocean_custom_logo_max_width":0,"ocean_custom_logo_tablet_max_width":0,"ocean_custom_logo_mobile_max_width":0,"ocean_custom_logo_max_height":0,"ocean_custom_logo_tablet_max_height":0,"ocean_custom_logo_mobile_max_height":0,"ocean_header_custom_menu":"","ocean_menu_typo_font_family":"","ocean_menu_typo_font_subset":"","ocean_menu_typo_font_size":0,"ocean_menu_typo_font_size_tablet":0,"ocean_menu_typo_font_size_mobile":0,"ocean_menu_typo_font_size_unit":"px","ocean_menu_typo_font_weight":"","ocean_menu_typo_font_weight_tablet":"","ocean_menu_typo_font_weight_mobile":"","ocean_menu_typo_transform":"","ocean_menu_typo_transform_tablet":"","ocean_menu_typo_transform_mobile":"","ocean_menu_typo_line_height":0,"ocean_menu_typo_line_height_tablet":0,"ocean_menu_typo_line_height_mobile":0,"ocean_menu_typo_line_height_unit":"","ocean_menu_typo_spacing":0,"ocean_menu_typo_spacing_tablet":0,"ocean_menu_typo_spacing_mobile":0,"ocean_menu_typo_spacing_unit":"","ocean_menu_link_color":"","ocean_menu_link_color_hover":"","ocean_menu_link_color_active":"","ocean_menu_link_background":"","ocean_menu_link_hover_background":"","ocean_menu_link_active_background":"","ocean_menu_social_links_bg":"","ocean_menu_social_hover_links_bg":"","ocean_menu_social_links_color":"","ocean_menu_social_hover_links_color":"","ocean_disable_title":"default","ocean_disable_heading":"default","ocean_post_title":"","ocean_post_subheading":"","ocean_post_title_style":"","ocean_post_title_background_color":"","ocean_post_title_background":0,"ocean_post_title_bg_image_position":"","ocean_post_title_bg_image_attachment":"","ocean_post_title_bg_image_repeat":"","ocean_post_title_bg_image_size":"","ocean_post_title_height":0,"ocean_post_title_bg_overlay":0.5,"ocean_post_title_bg_overlay_color":"","ocean_disable_breadcrumbs":"default","ocean_breadcrumbs_color":"","ocean_breadcrumbs_separator_color":"","ocean_breadcrumbs_links_color":"","ocean_breadcrumbs_links_hover_color":"","ocean_display_footer_widgets":"default","ocean_display_footer_bottom":"default","ocean_custom_footer_template":"","ocean_post_oembed":"","ocean_post_self_hosted_media":"","ocean_post_video_embed":"","ocean_link_format":"","ocean_link_format_target":"self","ocean_quote_format":"","ocean_quote_format_link":"post","ocean_gallery_link_images":"on","ocean_gallery_id":[],"footnotes":""},"categories":[6,10],"tags":[38,13,39,40,41,32,42],"class_list":["post-7048","post","type-post","status-publish","format-image","has-post-thumbnail","hentry","category-publicacoes","category-racismo","tag-21-dias-de-ativismo-contra-o-racismo","tag-camtra","tag-em-defesa-do-sus","tag-ivone-lara","tag-marco-de-luta-pelas-mulheres","tag-pela-vida-de-todas","tag-vacina-para-todas-ja","post_format-post-format-image","entry","has-media"],"aioseo_notices":[],"yoast_head":"<!-- This site is optimized with the Yoast SEO plugin v23.0 - https:\/\/yoast.com\/wordpress\/plugins\/seo\/ -->\n<title>Ivone Lara - Mar\u00e7o de Lutas pelas Mulheres - CAMTRA NOVO<\/title>\n<meta name=\"robots\" content=\"index, follow, max-snippet:-1, max-image-preview:large, max-video-preview:-1\" \/>\n<link rel=\"canonical\" href=\"https:\/\/novo2023.camtra.org.br\/index.php\/2021\/03\/09\/ivone-lara-marco-de-lutas-pelas-mulheres\/\" \/>\n<meta property=\"og:locale\" content=\"pt_BR\" \/>\n<meta property=\"og:type\" content=\"article\" \/>\n<meta property=\"og:title\" content=\"Ivone Lara - Mar\u00e7o de Lutas pelas Mulheres - CAMTRA NOVO\" \/>\n<meta property=\"og:description\" content=\"\u201cDona Ivone Lara, uma joia rara\u201d. O trecho do samba \u201cNossa Escola\u201d demonstra de maneira simples e direta a pot\u00eancia que Ivone Lara foi e continua sendo para a hist\u00f3ria [&hellip;]\" \/>\n<meta property=\"og:url\" content=\"https:\/\/novo2023.camtra.org.br\/index.php\/2021\/03\/09\/ivone-lara-marco-de-lutas-pelas-mulheres\/\" \/>\n<meta property=\"og:site_name\" content=\"CAMTRA NOVO\" \/>\n<meta property=\"article:published_time\" content=\"2021-03-09T19:01:14+00:00\" \/>\n<meta name=\"author\" content=\"alter\" \/>\n<meta name=\"twitter:card\" content=\"summary_large_image\" \/>\n<meta name=\"twitter:label1\" content=\"Escrito por\" \/>\n\t<meta name=\"twitter:data1\" content=\"alter\" \/>\n\t<meta name=\"twitter:label2\" content=\"Est. tempo de leitura\" \/>\n\t<meta name=\"twitter:data2\" content=\"1 minuto\" \/>\n<script type=\"application\/ld+json\" class=\"yoast-schema-graph\">{\"@context\":\"https:\/\/schema.org\",\"@graph\":[{\"@type\":\"Article\",\"@id\":\"https:\/\/novo2023.camtra.org.br\/index.php\/2021\/03\/09\/ivone-lara-marco-de-lutas-pelas-mulheres\/#article\",\"isPartOf\":{\"@id\":\"https:\/\/novo2023.camtra.org.br\/index.php\/2021\/03\/09\/ivone-lara-marco-de-lutas-pelas-mulheres\/\"},\"author\":{\"name\":\"alter\",\"@id\":\"https:\/\/novo2023.camtra.org.br\/#\/schema\/person\/15fb554c7c7e80758d7b3e44634f5118\"},\"headline\":\"Ivone Lara &#8211; Mar\u00e7o de Lutas pelas Mulheres\",\"datePublished\":\"2021-03-09T19:01:14+00:00\",\"dateModified\":\"2021-03-09T19:01:14+00:00\",\"mainEntityOfPage\":{\"@id\":\"https:\/\/novo2023.camtra.org.br\/index.php\/2021\/03\/09\/ivone-lara-marco-de-lutas-pelas-mulheres\/\"},\"wordCount\":266,\"commentCount\":0,\"publisher\":{\"@id\":\"https:\/\/novo2023.camtra.org.br\/#organization\"},\"image\":{\"@id\":\"https:\/\/novo2023.camtra.org.br\/index.php\/2021\/03\/09\/ivone-lara-marco-de-lutas-pelas-mulheres\/#primaryimage\"},\"thumbnailUrl\":\"https:\/\/novo2023.camtra.org.br\/wp-content\/uploads\/2021\/03\/11.jpg\",\"keywords\":[\"21 dias de Ativismo contra o Racismo\",\"camtra\",\"Em defesa do SUS\",\"Ivone Lara\",\"Mar\u00e7o de Luta pelas Mulheres\",\"Pela Vida de Todas\",\"Vacina Para Todas J\u00e1\"],\"articleSection\":[\"Publica\u00e7\u00f5es\",\"Racismo\"],\"inLanguage\":\"pt-BR\",\"potentialAction\":[{\"@type\":\"CommentAction\",\"name\":\"Comment\",\"target\":[\"https:\/\/novo2023.camtra.org.br\/index.php\/2021\/03\/09\/ivone-lara-marco-de-lutas-pelas-mulheres\/#respond\"]}]},{\"@type\":\"WebPage\",\"@id\":\"https:\/\/novo2023.camtra.org.br\/index.php\/2021\/03\/09\/ivone-lara-marco-de-lutas-pelas-mulheres\/\",\"url\":\"https:\/\/novo2023.camtra.org.br\/index.php\/2021\/03\/09\/ivone-lara-marco-de-lutas-pelas-mulheres\/\",\"name\":\"Ivone Lara - Mar\u00e7o de Lutas pelas Mulheres - CAMTRA NOVO\",\"isPartOf\":{\"@id\":\"https:\/\/novo2023.camtra.org.br\/#website\"},\"primaryImageOfPage\":{\"@id\":\"https:\/\/novo2023.camtra.org.br\/index.php\/2021\/03\/09\/ivone-lara-marco-de-lutas-pelas-mulheres\/#primaryimage\"},\"image\":{\"@id\":\"https:\/\/novo2023.camtra.org.br\/index.php\/2021\/03\/09\/ivone-lara-marco-de-lutas-pelas-mulheres\/#primaryimage\"},\"thumbnailUrl\":\"https:\/\/novo2023.camtra.org.br\/wp-content\/uploads\/2021\/03\/11.jpg\",\"datePublished\":\"2021-03-09T19:01:14+00:00\",\"dateModified\":\"2021-03-09T19:01:14+00:00\",\"breadcrumb\":{\"@id\":\"https:\/\/novo2023.camtra.org.br\/index.php\/2021\/03\/09\/ivone-lara-marco-de-lutas-pelas-mulheres\/#breadcrumb\"},\"inLanguage\":\"pt-BR\",\"potentialAction\":[{\"@type\":\"ReadAction\",\"target\":[\"https:\/\/novo2023.camtra.org.br\/index.php\/2021\/03\/09\/ivone-lara-marco-de-lutas-pelas-mulheres\/\"]}]},{\"@type\":\"ImageObject\",\"inLanguage\":\"pt-BR\",\"@id\":\"https:\/\/novo2023.camtra.org.br\/index.php\/2021\/03\/09\/ivone-lara-marco-de-lutas-pelas-mulheres\/#primaryimage\",\"url\":\"https:\/\/novo2023.camtra.org.br\/wp-content\/uploads\/2021\/03\/11.jpg\",\"contentUrl\":\"https:\/\/novo2023.camtra.org.br\/wp-content\/uploads\/2021\/03\/11.jpg\",\"width\":1080,\"height\":1080},{\"@type\":\"BreadcrumbList\",\"@id\":\"https:\/\/novo2023.camtra.org.br\/index.php\/2021\/03\/09\/ivone-lara-marco-de-lutas-pelas-mulheres\/#breadcrumb\",\"itemListElement\":[{\"@type\":\"ListItem\",\"position\":1,\"name\":\"Home\",\"item\":\"https:\/\/novo2023.camtra.org.br\/\"},{\"@type\":\"ListItem\",\"position\":2,\"name\":\"Ivone Lara &#8211; Mar\u00e7o de Lutas pelas Mulheres\"}]},{\"@type\":\"WebSite\",\"@id\":\"https:\/\/novo2023.camtra.org.br\/#website\",\"url\":\"https:\/\/novo2023.camtra.org.br\/\",\"name\":\"CAMTRA NOVO\",\"description\":\"\",\"publisher\":{\"@id\":\"https:\/\/novo2023.camtra.org.br\/#organization\"},\"potentialAction\":[{\"@type\":\"SearchAction\",\"target\":{\"@type\":\"EntryPoint\",\"urlTemplate\":\"https:\/\/novo2023.camtra.org.br\/?s={search_term_string}\"},\"query-input\":\"required name=search_term_string\"}],\"inLanguage\":\"pt-BR\"},{\"@type\":\"Organization\",\"@id\":\"https:\/\/novo2023.camtra.org.br\/#organization\",\"name\":\"CAMTRA NOVO\",\"url\":\"https:\/\/novo2023.camtra.org.br\/\",\"logo\":{\"@type\":\"ImageObject\",\"inLanguage\":\"pt-BR\",\"@id\":\"https:\/\/novo2023.camtra.org.br\/#\/schema\/logo\/image\/\",\"url\":\"https:\/\/novo2023.camtra.org.br\/wp-content\/uploads\/2024\/01\/CAMTRA-comflor-roxa-logo_logo-camtra-principal-flor.png\",\"contentUrl\":\"https:\/\/novo2023.camtra.org.br\/wp-content\/uploads\/2024\/01\/CAMTRA-comflor-roxa-logo_logo-camtra-principal-flor.png\",\"width\":1172,\"height\":330,\"caption\":\"CAMTRA NOVO\"},\"image\":{\"@id\":\"https:\/\/novo2023.camtra.org.br\/#\/schema\/logo\/image\/\"}},{\"@type\":\"Person\",\"@id\":\"https:\/\/novo2023.camtra.org.br\/#\/schema\/person\/15fb554c7c7e80758d7b3e44634f5118\",\"name\":\"alter\",\"image\":{\"@type\":\"ImageObject\",\"inLanguage\":\"pt-BR\",\"@id\":\"https:\/\/novo2023.camtra.org.br\/#\/schema\/person\/image\/\",\"url\":\"https:\/\/novo2023.camtra.org.br\/wp-content\/litespeed\/avatar\/5227e4c6fe242ae45e670da808858849.jpg?ver=1777448579\",\"contentUrl\":\"https:\/\/novo2023.camtra.org.br\/wp-content\/litespeed\/avatar\/5227e4c6fe242ae45e670da808858849.jpg?ver=1777448579\",\"caption\":\"alter\"},\"sameAs\":[\"https:\/\/novo2023.camtra.org.br\"],\"url\":\"https:\/\/novo2023.camtra.org.br\/index.php\/author\/alter\/\"}]}<\/script>\n<!-- \/ Yoast SEO plugin. -->","yoast_head_json":{"title":"Ivone Lara - Mar\u00e7o de Lutas pelas Mulheres - CAMTRA NOVO","robots":{"index":"index","follow":"follow","max-snippet":"max-snippet:-1","max-image-preview":"max-image-preview:large","max-video-preview":"max-video-preview:-1"},"canonical":"https:\/\/novo2023.camtra.org.br\/index.php\/2021\/03\/09\/ivone-lara-marco-de-lutas-pelas-mulheres\/","og_locale":"pt_BR","og_type":"article","og_title":"Ivone Lara - Mar\u00e7o de Lutas pelas Mulheres - CAMTRA NOVO","og_description":"\u201cDona Ivone Lara, uma joia rara\u201d. O trecho do samba \u201cNossa Escola\u201d demonstra de maneira simples e direta a pot\u00eancia que Ivone Lara foi e continua sendo para a hist\u00f3ria [&hellip;]","og_url":"https:\/\/novo2023.camtra.org.br\/index.php\/2021\/03\/09\/ivone-lara-marco-de-lutas-pelas-mulheres\/","og_site_name":"CAMTRA NOVO","article_published_time":"2021-03-09T19:01:14+00:00","author":"alter","twitter_card":"summary_large_image","twitter_misc":{"Escrito por":"alter","Est. tempo de leitura":"1 minuto"},"schema":{"@context":"https:\/\/schema.org","@graph":[{"@type":"Article","@id":"https:\/\/novo2023.camtra.org.br\/index.php\/2021\/03\/09\/ivone-lara-marco-de-lutas-pelas-mulheres\/#article","isPartOf":{"@id":"https:\/\/novo2023.camtra.org.br\/index.php\/2021\/03\/09\/ivone-lara-marco-de-lutas-pelas-mulheres\/"},"author":{"name":"alter","@id":"https:\/\/novo2023.camtra.org.br\/#\/schema\/person\/15fb554c7c7e80758d7b3e44634f5118"},"headline":"Ivone Lara &#8211; Mar\u00e7o de Lutas pelas Mulheres","datePublished":"2021-03-09T19:01:14+00:00","dateModified":"2021-03-09T19:01:14+00:00","mainEntityOfPage":{"@id":"https:\/\/novo2023.camtra.org.br\/index.php\/2021\/03\/09\/ivone-lara-marco-de-lutas-pelas-mulheres\/"},"wordCount":266,"commentCount":0,"publisher":{"@id":"https:\/\/novo2023.camtra.org.br\/#organization"},"image":{"@id":"https:\/\/novo2023.camtra.org.br\/index.php\/2021\/03\/09\/ivone-lara-marco-de-lutas-pelas-mulheres\/#primaryimage"},"thumbnailUrl":"https:\/\/novo2023.camtra.org.br\/wp-content\/uploads\/2021\/03\/11.jpg","keywords":["21 dias de Ativismo contra o Racismo","camtra","Em defesa do SUS","Ivone Lara","Mar\u00e7o de Luta pelas Mulheres","Pela Vida de Todas","Vacina Para Todas J\u00e1"],"articleSection":["Publica\u00e7\u00f5es","Racismo"],"inLanguage":"pt-BR","potentialAction":[{"@type":"CommentAction","name":"Comment","target":["https:\/\/novo2023.camtra.org.br\/index.php\/2021\/03\/09\/ivone-lara-marco-de-lutas-pelas-mulheres\/#respond"]}]},{"@type":"WebPage","@id":"https:\/\/novo2023.camtra.org.br\/index.php\/2021\/03\/09\/ivone-lara-marco-de-lutas-pelas-mulheres\/","url":"https:\/\/novo2023.camtra.org.br\/index.php\/2021\/03\/09\/ivone-lara-marco-de-lutas-pelas-mulheres\/","name":"Ivone Lara - Mar\u00e7o de Lutas pelas Mulheres - CAMTRA NOVO","isPartOf":{"@id":"https:\/\/novo2023.camtra.org.br\/#website"},"primaryImageOfPage":{"@id":"https:\/\/novo2023.camtra.org.br\/index.php\/2021\/03\/09\/ivone-lara-marco-de-lutas-pelas-mulheres\/#primaryimage"},"image":{"@id":"https:\/\/novo2023.camtra.org.br\/index.php\/2021\/03\/09\/ivone-lara-marco-de-lutas-pelas-mulheres\/#primaryimage"},"thumbnailUrl":"https:\/\/novo2023.camtra.org.br\/wp-content\/uploads\/2021\/03\/11.jpg","datePublished":"2021-03-09T19:01:14+00:00","dateModified":"2021-03-09T19:01:14+00:00","breadcrumb":{"@id":"https:\/\/novo2023.camtra.org.br\/index.php\/2021\/03\/09\/ivone-lara-marco-de-lutas-pelas-mulheres\/#breadcrumb"},"inLanguage":"pt-BR","potentialAction":[{"@type":"ReadAction","target":["https:\/\/novo2023.camtra.org.br\/index.php\/2021\/03\/09\/ivone-lara-marco-de-lutas-pelas-mulheres\/"]}]},{"@type":"ImageObject","inLanguage":"pt-BR","@id":"https:\/\/novo2023.camtra.org.br\/index.php\/2021\/03\/09\/ivone-lara-marco-de-lutas-pelas-mulheres\/#primaryimage","url":"https:\/\/novo2023.camtra.org.br\/wp-content\/uploads\/2021\/03\/11.jpg","contentUrl":"https:\/\/novo2023.camtra.org.br\/wp-content\/uploads\/2021\/03\/11.jpg","width":1080,"height":1080},{"@type":"BreadcrumbList","@id":"https:\/\/novo2023.camtra.org.br\/index.php\/2021\/03\/09\/ivone-lara-marco-de-lutas-pelas-mulheres\/#breadcrumb","itemListElement":[{"@type":"ListItem","position":1,"name":"Home","item":"https:\/\/novo2023.camtra.org.br\/"},{"@type":"ListItem","position":2,"name":"Ivone Lara &#8211; Mar\u00e7o de Lutas pelas Mulheres"}]},{"@type":"WebSite","@id":"https:\/\/novo2023.camtra.org.br\/#website","url":"https:\/\/novo2023.camtra.org.br\/","name":"CAMTRA NOVO","description":"","publisher":{"@id":"https:\/\/novo2023.camtra.org.br\/#organization"},"potentialAction":[{"@type":"SearchAction","target":{"@type":"EntryPoint","urlTemplate":"https:\/\/novo2023.camtra.org.br\/?s={search_term_string}"},"query-input":"required name=search_term_string"}],"inLanguage":"pt-BR"},{"@type":"Organization","@id":"https:\/\/novo2023.camtra.org.br\/#organization","name":"CAMTRA NOVO","url":"https:\/\/novo2023.camtra.org.br\/","logo":{"@type":"ImageObject","inLanguage":"pt-BR","@id":"https:\/\/novo2023.camtra.org.br\/#\/schema\/logo\/image\/","url":"https:\/\/novo2023.camtra.org.br\/wp-content\/uploads\/2024\/01\/CAMTRA-comflor-roxa-logo_logo-camtra-principal-flor.png","contentUrl":"https:\/\/novo2023.camtra.org.br\/wp-content\/uploads\/2024\/01\/CAMTRA-comflor-roxa-logo_logo-camtra-principal-flor.png","width":1172,"height":330,"caption":"CAMTRA NOVO"},"image":{"@id":"https:\/\/novo2023.camtra.org.br\/#\/schema\/logo\/image\/"}},{"@type":"Person","@id":"https:\/\/novo2023.camtra.org.br\/#\/schema\/person\/15fb554c7c7e80758d7b3e44634f5118","name":"alter","image":{"@type":"ImageObject","inLanguage":"pt-BR","@id":"https:\/\/novo2023.camtra.org.br\/#\/schema\/person\/image\/","url":"https:\/\/novo2023.camtra.org.br\/wp-content\/litespeed\/avatar\/5227e4c6fe242ae45e670da808858849.jpg?ver=1777448579","contentUrl":"https:\/\/novo2023.camtra.org.br\/wp-content\/litespeed\/avatar\/5227e4c6fe242ae45e670da808858849.jpg?ver=1777448579","caption":"alter"},"sameAs":["https:\/\/novo2023.camtra.org.br"],"url":"https:\/\/novo2023.camtra.org.br\/index.php\/author\/alter\/"}]}},"_links":{"self":[{"href":"https:\/\/novo2023.camtra.org.br\/index.php\/wp-json\/wp\/v2\/posts\/7048"}],"collection":[{"href":"https:\/\/novo2023.camtra.org.br\/index.php\/wp-json\/wp\/v2\/posts"}],"about":[{"href":"https:\/\/novo2023.camtra.org.br\/index.php\/wp-json\/wp\/v2\/types\/post"}],"author":[{"embeddable":true,"href":"https:\/\/novo2023.camtra.org.br\/index.php\/wp-json\/wp\/v2\/users\/1"}],"replies":[{"embeddable":true,"href":"https:\/\/novo2023.camtra.org.br\/index.php\/wp-json\/wp\/v2\/comments?post=7048"}],"version-history":[{"count":0,"href":"https:\/\/novo2023.camtra.org.br\/index.php\/wp-json\/wp\/v2\/posts\/7048\/revisions"}],"wp:featuredmedia":[{"embeddable":true,"href":"https:\/\/novo2023.camtra.org.br\/index.php\/wp-json\/wp\/v2\/media\/7049"}],"wp:attachment":[{"href":"https:\/\/novo2023.camtra.org.br\/index.php\/wp-json\/wp\/v2\/media?parent=7048"}],"wp:term":[{"taxonomy":"category","embeddable":true,"href":"https:\/\/novo2023.camtra.org.br\/index.php\/wp-json\/wp\/v2\/categories?post=7048"},{"taxonomy":"post_tag","embeddable":true,"href":"https:\/\/novo2023.camtra.org.br\/index.php\/wp-json\/wp\/v2\/tags?post=7048"}],"curies":[{"name":"wp","href":"https:\/\/api.w.org\/{rel}","templated":true}]}}