{"id":6975,"date":"2021-02-15T10:59:14","date_gmt":"2021-02-15T13:59:14","guid":{"rendered":"https:\/\/camtra.org.br\/?p=6975"},"modified":"2021-02-15T10:59:14","modified_gmt":"2021-02-15T13:59:14","slug":"fiqueemcasa-neste-carnaval","status":"publish","type":"post","link":"https:\/\/novo2023.camtra.org.br\/index.php\/2021\/02\/15\/fiqueemcasa-neste-carnaval\/","title":{"rendered":"#FiqueEmCasa neste Carnaval"},"content":{"rendered":"<div id=\"fb-root\"><\/div>\n<p>A Camtra refor\u00e7a o #FiqueEmCasa neste Carnaval.<\/p>\n<p>Hoje \u00e9 segunda de Carnaval, mas, em tempos de COVID-19, n\u00e3o estamos na folia das ruas, na multid\u00e3o dos blocos ou nos desfiles das escolas.<!--more--><\/p>\n<p>N\u00e3o podemos relaxar com os cuidados! Sem vacina s\u00e3o as trabalhadoras as mais prejudicadas, pois precisam enfrentar transportes lotados para trabalhar e outros problemas.<\/p>\n<p>A situa\u00e7\u00e3o fica ainda mais complicada para as trabalhadoras ambulantes, sem o aux\u00edlio emergencial, precisam estar nas ruas para garantir seu sustento e das filhas(os); aumentando o risco de se contaminarem.<\/p>\n<p>A prefeitura do Rio anunciou hoje, 15\/02, que haver\u00e1 paralisa\u00e7\u00e3o da vacina\u00e7\u00e3o, a partir de quarta-feira, o que gera atraso no calend\u00e1rio. Segundo a Prefeitura do Rio \u201co cronograma de vacina\u00e7\u00e3o ser\u00e1 retomado assim que o munic\u00edpio receber as novas doses.\u201d<\/p>\n<p>Na Bahia, estado tamb\u00e9m reconhecido pela cultura de Carnaval, o estoque de vacinas est\u00e1 muito baixo e tamb\u00e9m haver\u00e1 paralisa\u00e7\u00e3o de vacina\u00e7\u00e3o esta semana. O esgotamento ocorre por falta de imunizantes para fabrica\u00e7\u00e3o das vacinas.<\/p>\n<p>Segundo estimativas da Fiocruz, se continuarmos neste ritmo, o Brasil s\u00f3 estar\u00e1 com os 160 milh\u00f5es maiores de 18 anos vacinadas(os) em mar\u00e7o\/2024.<\/p>\n<p>Al\u00e9m disso, em diversos munic\u00edpios de Minas Gerais, Rond\u00f4nia, Roraima, Santa Catarina, S\u00e3o Paulo os hospitais est\u00e3o com as UTIs 100% lotadas e sem condi\u00e7\u00f5es de receber mais pacientes por falta de oxig\u00eanio e leitos.<\/p>\n<p>Ainda ontem, domingo, 14\/02, o Brasil registrou a maior m\u00e9dia m\u00f3vel de mortes por covid-19, desde o in\u00edcio da pandemia. At\u00e9 hoje, s\u00e3o 239.359 pessoas mortas e 9.834.513 de casos confirmados.<\/p>\n<p>Fique em casa, e j\u00e1 que \u00e9 Carnaval, se for necess\u00e1rio sair, n\u00e3o se esque\u00e7a: Use M\u00e1scara!<\/p>\n<p>#VacinaParaTodas\/os!<br \/>\n#UseM\u00e1scara!<\/p>\n<p>Fonte: Twitter<br \/>\n@Prefeitura_Rio; @Metropoles; @otempo; @MidiaNINJA; @brasil247 @Coronavirusbra1<br \/>\nhttps:\/\/covid.saude.gov.br\/<\/p>\n","protected":false},"excerpt":{"rendered":"<p>A Camtra refor\u00e7a o #FiqueEmCasa neste Carnaval. Hoje \u00e9 segunda de Carnaval, mas, em tempos de COVID-19, n\u00e3o estamos na folia das ruas, na multid\u00e3o dos blocos ou nos desfiles [&hellip;]<\/p>\n","protected":false},"author":3,"featured_media":6976,"comment_status":"open","ping_status":"open","sticky":false,"template":"","format":"image","meta":{"om_disable_all_campaigns":false,"_monsterinsights_skip_tracking":false,"_monsterinsights_sitenote_active":false,"_monsterinsights_sitenote_note":"","_monsterinsights_sitenote_category":0,"_uf_show_specific_survey":0,"_uf_disable_surveys":false,"ocean_post_layout":"","ocean_both_sidebars_style":"","ocean_both_sidebars_content_width":0,"ocean_both_sidebars_sidebars_width":0,"ocean_sidebar":"","ocean_second_sidebar":"","ocean_disable_margins":"enable","ocean_add_body_class":"","ocean_shortcode_before_top_bar":"","ocean_shortcode_after_top_bar":"","ocean_shortcode_before_header":"","ocean_shortcode_after_header":"","ocean_has_shortcode":"","ocean_shortcode_after_title":"","ocean_shortcode_before_footer_widgets":"","ocean_shortcode_after_footer_widgets":"","ocean_shortcode_before_footer_bottom":"","ocean_shortcode_after_footer_bottom":"","ocean_display_top_bar":"default","ocean_display_header":"default","ocean_header_style":"","ocean_center_header_left_menu":"","ocean_custom_header_template":"","ocean_custom_logo":0,"ocean_custom_retina_logo":0,"ocean_custom_logo_max_width":0,"ocean_custom_logo_tablet_max_width":0,"ocean_custom_logo_mobile_max_width":0,"ocean_custom_logo_max_height":0,"ocean_custom_logo_tablet_max_height":0,"ocean_custom_logo_mobile_max_height":0,"ocean_header_custom_menu":"","ocean_menu_typo_font_family":"","ocean_menu_typo_font_subset":"","ocean_menu_typo_font_size":0,"ocean_menu_typo_font_size_tablet":0,"ocean_menu_typo_font_size_mobile":0,"ocean_menu_typo_font_size_unit":"px","ocean_menu_typo_font_weight":"","ocean_menu_typo_font_weight_tablet":"","ocean_menu_typo_font_weight_mobile":"","ocean_menu_typo_transform":"","ocean_menu_typo_transform_tablet":"","ocean_menu_typo_transform_mobile":"","ocean_menu_typo_line_height":0,"ocean_menu_typo_line_height_tablet":0,"ocean_menu_typo_line_height_mobile":0,"ocean_menu_typo_line_height_unit":"","ocean_menu_typo_spacing":0,"ocean_menu_typo_spacing_tablet":0,"ocean_menu_typo_spacing_mobile":0,"ocean_menu_typo_spacing_unit":"","ocean_menu_link_color":"","ocean_menu_link_color_hover":"","ocean_menu_link_color_active":"","ocean_menu_link_background":"","ocean_menu_link_hover_background":"","ocean_menu_link_active_background":"","ocean_menu_social_links_bg":"","ocean_menu_social_hover_links_bg":"","ocean_menu_social_links_color":"","ocean_menu_social_hover_links_color":"","ocean_disable_title":"default","ocean_disable_heading":"default","ocean_post_title":"","ocean_post_subheading":"","ocean_post_title_style":"","ocean_post_title_background_color":"","ocean_post_title_background":0,"ocean_post_title_bg_image_position":"","ocean_post_title_bg_image_attachment":"","ocean_post_title_bg_image_repeat":"","ocean_post_title_bg_image_size":"","ocean_post_title_height":0,"ocean_post_title_bg_overlay":0.5,"ocean_post_title_bg_overlay_color":"","ocean_disable_breadcrumbs":"default","ocean_breadcrumbs_color":"","ocean_breadcrumbs_separator_color":"","ocean_breadcrumbs_links_color":"","ocean_breadcrumbs_links_hover_color":"","ocean_display_footer_widgets":"default","ocean_display_footer_bottom":"default","ocean_custom_footer_template":"","ocean_post_oembed":"","ocean_post_self_hosted_media":"","ocean_post_video_embed":"","ocean_link_format":"","ocean_link_format_target":"self","ocean_quote_format":"","ocean_quote_format_link":"post","ocean_gallery_link_images":"on","ocean_gallery_id":[],"footnotes":""},"categories":[7,27],"tags":[],"class_list":["post-6975","post","type-post","status-publish","format-image","has-post-thumbnail","hentry","category-camtra-covid-19","category-noticias","post_format-post-format-image","entry","has-media"],"aioseo_notices":[],"yoast_head":"<!-- This site is optimized with the Yoast SEO plugin v23.0 - https:\/\/yoast.com\/wordpress\/plugins\/seo\/ -->\n<title>#FiqueEmCasa neste Carnaval - CAMTRA NOVO<\/title>\n<meta name=\"robots\" content=\"index, follow, max-snippet:-1, max-image-preview:large, max-video-preview:-1\" \/>\n<link rel=\"canonical\" href=\"https:\/\/novo2023.camtra.org.br\/index.php\/2021\/02\/15\/fiqueemcasa-neste-carnaval\/\" \/>\n<meta property=\"og:locale\" content=\"pt_BR\" \/>\n<meta property=\"og:type\" content=\"article\" \/>\n<meta property=\"og:title\" content=\"#FiqueEmCasa neste Carnaval - CAMTRA NOVO\" \/>\n<meta property=\"og:description\" content=\"A Camtra refor\u00e7a o #FiqueEmCasa neste Carnaval. Hoje \u00e9 segunda de Carnaval, mas, em tempos de COVID-19, n\u00e3o estamos na folia das ruas, na multid\u00e3o dos blocos ou nos desfiles [&hellip;]\" \/>\n<meta property=\"og:url\" content=\"https:\/\/novo2023.camtra.org.br\/index.php\/2021\/02\/15\/fiqueemcasa-neste-carnaval\/\" \/>\n<meta property=\"og:site_name\" content=\"CAMTRA NOVO\" \/>\n<meta property=\"article:published_time\" content=\"2021-02-15T13:59:14+00:00\" \/>\n<meta name=\"author\" content=\"Casa da Mulher Trabalhadora\" \/>\n<meta name=\"twitter:card\" content=\"summary_large_image\" \/>\n<meta name=\"twitter:label1\" content=\"Escrito por\" \/>\n\t<meta name=\"twitter:data1\" content=\"Casa da Mulher Trabalhadora\" \/>\n\t<meta name=\"twitter:label2\" content=\"Est. tempo de leitura\" \/>\n\t<meta name=\"twitter:data2\" content=\"2 minutos\" \/>\n<script type=\"application\/ld+json\" class=\"yoast-schema-graph\">{\"@context\":\"https:\/\/schema.org\",\"@graph\":[{\"@type\":\"Article\",\"@id\":\"https:\/\/novo2023.camtra.org.br\/index.php\/2021\/02\/15\/fiqueemcasa-neste-carnaval\/#article\",\"isPartOf\":{\"@id\":\"https:\/\/novo2023.camtra.org.br\/index.php\/2021\/02\/15\/fiqueemcasa-neste-carnaval\/\"},\"author\":{\"name\":\"Casa da Mulher Trabalhadora\",\"@id\":\"https:\/\/novo2023.camtra.org.br\/#\/schema\/person\/f163af9cb65589aab5865b0437873a74\"},\"headline\":\"#FiqueEmCasa neste Carnaval\",\"datePublished\":\"2021-02-15T13:59:14+00:00\",\"dateModified\":\"2021-02-15T13:59:14+00:00\",\"mainEntityOfPage\":{\"@id\":\"https:\/\/novo2023.camtra.org.br\/index.php\/2021\/02\/15\/fiqueemcasa-neste-carnaval\/\"},\"wordCount\":317,\"commentCount\":0,\"publisher\":{\"@id\":\"https:\/\/novo2023.camtra.org.br\/#organization\"},\"image\":{\"@id\":\"https:\/\/novo2023.camtra.org.br\/index.php\/2021\/02\/15\/fiqueemcasa-neste-carnaval\/#primaryimage\"},\"thumbnailUrl\":\"https:\/\/novo2023.camtra.org.br\/wp-content\/uploads\/2021\/03\/148112607_2793048670935226_4820819073601951684_o-2.jpg\",\"articleSection\":[\"CAMTRA-COVID-19\",\"Not\u00edcias\"],\"inLanguage\":\"pt-BR\",\"potentialAction\":[{\"@type\":\"CommentAction\",\"name\":\"Comment\",\"target\":[\"https:\/\/novo2023.camtra.org.br\/index.php\/2021\/02\/15\/fiqueemcasa-neste-carnaval\/#respond\"]}]},{\"@type\":\"WebPage\",\"@id\":\"https:\/\/novo2023.camtra.org.br\/index.php\/2021\/02\/15\/fiqueemcasa-neste-carnaval\/\",\"url\":\"https:\/\/novo2023.camtra.org.br\/index.php\/2021\/02\/15\/fiqueemcasa-neste-carnaval\/\",\"name\":\"#FiqueEmCasa neste Carnaval - CAMTRA NOVO\",\"isPartOf\":{\"@id\":\"https:\/\/novo2023.camtra.org.br\/#website\"},\"primaryImageOfPage\":{\"@id\":\"https:\/\/novo2023.camtra.org.br\/index.php\/2021\/02\/15\/fiqueemcasa-neste-carnaval\/#primaryimage\"},\"image\":{\"@id\":\"https:\/\/novo2023.camtra.org.br\/index.php\/2021\/02\/15\/fiqueemcasa-neste-carnaval\/#primaryimage\"},\"thumbnailUrl\":\"https:\/\/novo2023.camtra.org.br\/wp-content\/uploads\/2021\/03\/148112607_2793048670935226_4820819073601951684_o-2.jpg\",\"datePublished\":\"2021-02-15T13:59:14+00:00\",\"dateModified\":\"2021-02-15T13:59:14+00:00\",\"breadcrumb\":{\"@id\":\"https:\/\/novo2023.camtra.org.br\/index.php\/2021\/02\/15\/fiqueemcasa-neste-carnaval\/#breadcrumb\"},\"inLanguage\":\"pt-BR\",\"potentialAction\":[{\"@type\":\"ReadAction\",\"target\":[\"https:\/\/novo2023.camtra.org.br\/index.php\/2021\/02\/15\/fiqueemcasa-neste-carnaval\/\"]}]},{\"@type\":\"ImageObject\",\"inLanguage\":\"pt-BR\",\"@id\":\"https:\/\/novo2023.camtra.org.br\/index.php\/2021\/02\/15\/fiqueemcasa-neste-carnaval\/#primaryimage\",\"url\":\"https:\/\/novo2023.camtra.org.br\/wp-content\/uploads\/2021\/03\/148112607_2793048670935226_4820819073601951684_o-2.jpg\",\"contentUrl\":\"https:\/\/novo2023.camtra.org.br\/wp-content\/uploads\/2021\/03\/148112607_2793048670935226_4820819073601951684_o-2.jpg\",\"width\":1080,\"height\":1080},{\"@type\":\"BreadcrumbList\",\"@id\":\"https:\/\/novo2023.camtra.org.br\/index.php\/2021\/02\/15\/fiqueemcasa-neste-carnaval\/#breadcrumb\",\"itemListElement\":[{\"@type\":\"ListItem\",\"position\":1,\"name\":\"Home\",\"item\":\"https:\/\/novo2023.camtra.org.br\/\"},{\"@type\":\"ListItem\",\"position\":2,\"name\":\"#FiqueEmCasa neste Carnaval\"}]},{\"@type\":\"WebSite\",\"@id\":\"https:\/\/novo2023.camtra.org.br\/#website\",\"url\":\"https:\/\/novo2023.camtra.org.br\/\",\"name\":\"CAMTRA NOVO\",\"description\":\"\",\"publisher\":{\"@id\":\"https:\/\/novo2023.camtra.org.br\/#organization\"},\"potentialAction\":[{\"@type\":\"SearchAction\",\"target\":{\"@type\":\"EntryPoint\",\"urlTemplate\":\"https:\/\/novo2023.camtra.org.br\/?s={search_term_string}\"},\"query-input\":\"required name=search_term_string\"}],\"inLanguage\":\"pt-BR\"},{\"@type\":\"Organization\",\"@id\":\"https:\/\/novo2023.camtra.org.br\/#organization\",\"name\":\"CAMTRA NOVO\",\"url\":\"https:\/\/novo2023.camtra.org.br\/\",\"logo\":{\"@type\":\"ImageObject\",\"inLanguage\":\"pt-BR\",\"@id\":\"https:\/\/novo2023.camtra.org.br\/#\/schema\/logo\/image\/\",\"url\":\"https:\/\/novo2023.camtra.org.br\/wp-content\/uploads\/2024\/01\/CAMTRA-comflor-roxa-logo_logo-camtra-principal-flor.png\",\"contentUrl\":\"https:\/\/novo2023.camtra.org.br\/wp-content\/uploads\/2024\/01\/CAMTRA-comflor-roxa-logo_logo-camtra-principal-flor.png\",\"width\":1172,\"height\":330,\"caption\":\"CAMTRA NOVO\"},\"image\":{\"@id\":\"https:\/\/novo2023.camtra.org.br\/#\/schema\/logo\/image\/\"}},{\"@type\":\"Person\",\"@id\":\"https:\/\/novo2023.camtra.org.br\/#\/schema\/person\/f163af9cb65589aab5865b0437873a74\",\"name\":\"Casa da Mulher Trabalhadora\",\"image\":{\"@type\":\"ImageObject\",\"inLanguage\":\"pt-BR\",\"@id\":\"https:\/\/novo2023.camtra.org.br\/#\/schema\/person\/image\/\",\"url\":\"https:\/\/novo2023.camtra.org.br\/wp-content\/litespeed\/avatar\/4c87233a8b80506f010db0cccf69e8b5.jpg?ver=1777270965\",\"contentUrl\":\"https:\/\/novo2023.camtra.org.br\/wp-content\/litespeed\/avatar\/4c87233a8b80506f010db0cccf69e8b5.jpg?ver=1777270965\",\"caption\":\"Casa da Mulher Trabalhadora\"},\"url\":\"https:\/\/novo2023.camtra.org.br\/index.php\/author\/camtra\/\"}]}<\/script>\n<!-- \/ Yoast SEO plugin. -->","yoast_head_json":{"title":"#FiqueEmCasa neste Carnaval - CAMTRA NOVO","robots":{"index":"index","follow":"follow","max-snippet":"max-snippet:-1","max-image-preview":"max-image-preview:large","max-video-preview":"max-video-preview:-1"},"canonical":"https:\/\/novo2023.camtra.org.br\/index.php\/2021\/02\/15\/fiqueemcasa-neste-carnaval\/","og_locale":"pt_BR","og_type":"article","og_title":"#FiqueEmCasa neste Carnaval - CAMTRA NOVO","og_description":"A Camtra refor\u00e7a o #FiqueEmCasa neste Carnaval. Hoje \u00e9 segunda de Carnaval, mas, em tempos de COVID-19, n\u00e3o estamos na folia das ruas, na multid\u00e3o dos blocos ou nos desfiles [&hellip;]","og_url":"https:\/\/novo2023.camtra.org.br\/index.php\/2021\/02\/15\/fiqueemcasa-neste-carnaval\/","og_site_name":"CAMTRA NOVO","article_published_time":"2021-02-15T13:59:14+00:00","author":"Casa da Mulher Trabalhadora","twitter_card":"summary_large_image","twitter_misc":{"Escrito por":"Casa da Mulher Trabalhadora","Est. tempo de leitura":"2 minutos"},"schema":{"@context":"https:\/\/schema.org","@graph":[{"@type":"Article","@id":"https:\/\/novo2023.camtra.org.br\/index.php\/2021\/02\/15\/fiqueemcasa-neste-carnaval\/#article","isPartOf":{"@id":"https:\/\/novo2023.camtra.org.br\/index.php\/2021\/02\/15\/fiqueemcasa-neste-carnaval\/"},"author":{"name":"Casa da Mulher Trabalhadora","@id":"https:\/\/novo2023.camtra.org.br\/#\/schema\/person\/f163af9cb65589aab5865b0437873a74"},"headline":"#FiqueEmCasa neste Carnaval","datePublished":"2021-02-15T13:59:14+00:00","dateModified":"2021-02-15T13:59:14+00:00","mainEntityOfPage":{"@id":"https:\/\/novo2023.camtra.org.br\/index.php\/2021\/02\/15\/fiqueemcasa-neste-carnaval\/"},"wordCount":317,"commentCount":0,"publisher":{"@id":"https:\/\/novo2023.camtra.org.br\/#organization"},"image":{"@id":"https:\/\/novo2023.camtra.org.br\/index.php\/2021\/02\/15\/fiqueemcasa-neste-carnaval\/#primaryimage"},"thumbnailUrl":"https:\/\/novo2023.camtra.org.br\/wp-content\/uploads\/2021\/03\/148112607_2793048670935226_4820819073601951684_o-2.jpg","articleSection":["CAMTRA-COVID-19","Not\u00edcias"],"inLanguage":"pt-BR","potentialAction":[{"@type":"CommentAction","name":"Comment","target":["https:\/\/novo2023.camtra.org.br\/index.php\/2021\/02\/15\/fiqueemcasa-neste-carnaval\/#respond"]}]},{"@type":"WebPage","@id":"https:\/\/novo2023.camtra.org.br\/index.php\/2021\/02\/15\/fiqueemcasa-neste-carnaval\/","url":"https:\/\/novo2023.camtra.org.br\/index.php\/2021\/02\/15\/fiqueemcasa-neste-carnaval\/","name":"#FiqueEmCasa neste Carnaval - CAMTRA NOVO","isPartOf":{"@id":"https:\/\/novo2023.camtra.org.br\/#website"},"primaryImageOfPage":{"@id":"https:\/\/novo2023.camtra.org.br\/index.php\/2021\/02\/15\/fiqueemcasa-neste-carnaval\/#primaryimage"},"image":{"@id":"https:\/\/novo2023.camtra.org.br\/index.php\/2021\/02\/15\/fiqueemcasa-neste-carnaval\/#primaryimage"},"thumbnailUrl":"https:\/\/novo2023.camtra.org.br\/wp-content\/uploads\/2021\/03\/148112607_2793048670935226_4820819073601951684_o-2.jpg","datePublished":"2021-02-15T13:59:14+00:00","dateModified":"2021-02-15T13:59:14+00:00","breadcrumb":{"@id":"https:\/\/novo2023.camtra.org.br\/index.php\/2021\/02\/15\/fiqueemcasa-neste-carnaval\/#breadcrumb"},"inLanguage":"pt-BR","potentialAction":[{"@type":"ReadAction","target":["https:\/\/novo2023.camtra.org.br\/index.php\/2021\/02\/15\/fiqueemcasa-neste-carnaval\/"]}]},{"@type":"ImageObject","inLanguage":"pt-BR","@id":"https:\/\/novo2023.camtra.org.br\/index.php\/2021\/02\/15\/fiqueemcasa-neste-carnaval\/#primaryimage","url":"https:\/\/novo2023.camtra.org.br\/wp-content\/uploads\/2021\/03\/148112607_2793048670935226_4820819073601951684_o-2.jpg","contentUrl":"https:\/\/novo2023.camtra.org.br\/wp-content\/uploads\/2021\/03\/148112607_2793048670935226_4820819073601951684_o-2.jpg","width":1080,"height":1080},{"@type":"BreadcrumbList","@id":"https:\/\/novo2023.camtra.org.br\/index.php\/2021\/02\/15\/fiqueemcasa-neste-carnaval\/#breadcrumb","itemListElement":[{"@type":"ListItem","position":1,"name":"Home","item":"https:\/\/novo2023.camtra.org.br\/"},{"@type":"ListItem","position":2,"name":"#FiqueEmCasa neste Carnaval"}]},{"@type":"WebSite","@id":"https:\/\/novo2023.camtra.org.br\/#website","url":"https:\/\/novo2023.camtra.org.br\/","name":"CAMTRA NOVO","description":"","publisher":{"@id":"https:\/\/novo2023.camtra.org.br\/#organization"},"potentialAction":[{"@type":"SearchAction","target":{"@type":"EntryPoint","urlTemplate":"https:\/\/novo2023.camtra.org.br\/?s={search_term_string}"},"query-input":"required name=search_term_string"}],"inLanguage":"pt-BR"},{"@type":"Organization","@id":"https:\/\/novo2023.camtra.org.br\/#organization","name":"CAMTRA NOVO","url":"https:\/\/novo2023.camtra.org.br\/","logo":{"@type":"ImageObject","inLanguage":"pt-BR","@id":"https:\/\/novo2023.camtra.org.br\/#\/schema\/logo\/image\/","url":"https:\/\/novo2023.camtra.org.br\/wp-content\/uploads\/2024\/01\/CAMTRA-comflor-roxa-logo_logo-camtra-principal-flor.png","contentUrl":"https:\/\/novo2023.camtra.org.br\/wp-content\/uploads\/2024\/01\/CAMTRA-comflor-roxa-logo_logo-camtra-principal-flor.png","width":1172,"height":330,"caption":"CAMTRA NOVO"},"image":{"@id":"https:\/\/novo2023.camtra.org.br\/#\/schema\/logo\/image\/"}},{"@type":"Person","@id":"https:\/\/novo2023.camtra.org.br\/#\/schema\/person\/f163af9cb65589aab5865b0437873a74","name":"Casa da Mulher Trabalhadora","image":{"@type":"ImageObject","inLanguage":"pt-BR","@id":"https:\/\/novo2023.camtra.org.br\/#\/schema\/person\/image\/","url":"https:\/\/novo2023.camtra.org.br\/wp-content\/litespeed\/avatar\/4c87233a8b80506f010db0cccf69e8b5.jpg?ver=1777270965","contentUrl":"https:\/\/novo2023.camtra.org.br\/wp-content\/litespeed\/avatar\/4c87233a8b80506f010db0cccf69e8b5.jpg?ver=1777270965","caption":"Casa da Mulher Trabalhadora"},"url":"https:\/\/novo2023.camtra.org.br\/index.php\/author\/camtra\/"}]}},"_links":{"self":[{"href":"https:\/\/novo2023.camtra.org.br\/index.php\/wp-json\/wp\/v2\/posts\/6975"}],"collection":[{"href":"https:\/\/novo2023.camtra.org.br\/index.php\/wp-json\/wp\/v2\/posts"}],"about":[{"href":"https:\/\/novo2023.camtra.org.br\/index.php\/wp-json\/wp\/v2\/types\/post"}],"author":[{"embeddable":true,"href":"https:\/\/novo2023.camtra.org.br\/index.php\/wp-json\/wp\/v2\/users\/3"}],"replies":[{"embeddable":true,"href":"https:\/\/novo2023.camtra.org.br\/index.php\/wp-json\/wp\/v2\/comments?post=6975"}],"version-history":[{"count":0,"href":"https:\/\/novo2023.camtra.org.br\/index.php\/wp-json\/wp\/v2\/posts\/6975\/revisions"}],"wp:featuredmedia":[{"embeddable":true,"href":"https:\/\/novo2023.camtra.org.br\/index.php\/wp-json\/wp\/v2\/media\/6976"}],"wp:attachment":[{"href":"https:\/\/novo2023.camtra.org.br\/index.php\/wp-json\/wp\/v2\/media?parent=6975"}],"wp:term":[{"taxonomy":"category","embeddable":true,"href":"https:\/\/novo2023.camtra.org.br\/index.php\/wp-json\/wp\/v2\/categories?post=6975"},{"taxonomy":"post_tag","embeddable":true,"href":"https:\/\/novo2023.camtra.org.br\/index.php\/wp-json\/wp\/v2\/tags?post=6975"}],"curies":[{"name":"wp","href":"https:\/\/api.w.org\/{rel}","templated":true}]}}