{"id":6961,"date":"2021-02-10T11:37:58","date_gmt":"2021-02-10T14:37:58","guid":{"rendered":"https:\/\/camtra.org.br\/?p=6961"},"modified":"2021-02-10T11:37:58","modified_gmt":"2021-02-10T14:37:58","slug":"fala-trabalhadora-dia-estadual-de-mobilizacao-para-enfrentamento-da-covid-19-nas-favelas-do-rio-de-janeiro","status":"publish","type":"post","link":"https:\/\/novo2023.camtra.org.br\/index.php\/2021\/02\/10\/fala-trabalhadora-dia-estadual-de-mobilizacao-para-enfrentamento-da-covid-19-nas-favelas-do-rio-de-janeiro\/","title":{"rendered":"Fala, trabalhadora! &#8211; Dia Estadual de Mobiliza\u00e7\u00e3o para Enfrentamento da COVID-19 nas Favelas do Rio de Janeiro"},"content":{"rendered":"<div id=\"fb-root\"><\/div>\n<p>Fala, trabalhadora!<\/p>\n<p>Voc\u00ea sabia que HOJE \u00e9 o Dia Estadual de Mobiliza\u00e7\u00e3o para Enfrentamento da COVID-19 nas Favelas do Rio de Janeiro?<!--more--><\/p>\n<p>In\u00fameras organiza\u00e7\u00f5es e coletivos nas favelas da cidade est\u00e3o realizando a\u00e7\u00f5es culturais, de conscientiza\u00e7\u00e3o e incid\u00eancia pol\u00edtica para enfrentar a Covid-19 nos seus territ\u00f3rios. \ud83e\udd1d<\/p>\n<p>Para este dia, o Painel Unificador Covid-19 nas Favelas est\u00e1 LAN\u00c7ANDO a campanha &#8220;Vacina na Favela, J\u00e1!&#8221; para conclamar as autoridades a realizarem de imediato a\u00e7\u00f5es que garantam acesso \u00e0s vacinas prioritariamente nas favelas.<\/p>\n<p>Acesse <a href=\"https:\/\/spark.adobe.com\/page\/hXDCZAxn941Na\/\" target=\"_blank\" rel=\"noopener\">vacinaja.favela.info<\/a> para conhecer a campanha e apoie compartilhando a hashtag #VacinaPraFavelaJa<\/p>\n","protected":false},"excerpt":{"rendered":"<p>Fala, trabalhadora! Voc\u00ea sabia que HOJE \u00e9 o Dia Estadual de Mobiliza\u00e7\u00e3o para Enfrentamento da COVID-19 nas Favelas do Rio de Janeiro?<\/p>\n","protected":false},"author":3,"featured_media":6962,"comment_status":"open","ping_status":"open","sticky":false,"template":"","format":"standard","meta":{"om_disable_all_campaigns":false,"_monsterinsights_skip_tracking":false,"_monsterinsights_sitenote_active":false,"_monsterinsights_sitenote_note":"","_monsterinsights_sitenote_category":0,"_uf_show_specific_survey":0,"_uf_disable_surveys":false,"ocean_post_layout":"","ocean_both_sidebars_style":"","ocean_both_sidebars_content_width":0,"ocean_both_sidebars_sidebars_width":0,"ocean_sidebar":"","ocean_second_sidebar":"","ocean_disable_margins":"enable","ocean_add_body_class":"","ocean_shortcode_before_top_bar":"","ocean_shortcode_after_top_bar":"","ocean_shortcode_before_header":"","ocean_shortcode_after_header":"","ocean_has_shortcode":"","ocean_shortcode_after_title":"","ocean_shortcode_before_footer_widgets":"","ocean_shortcode_after_footer_widgets":"","ocean_shortcode_before_footer_bottom":"","ocean_shortcode_after_footer_bottom":"","ocean_display_top_bar":"default","ocean_display_header":"default","ocean_header_style":"","ocean_center_header_left_menu":"","ocean_custom_header_template":"","ocean_custom_logo":0,"ocean_custom_retina_logo":0,"ocean_custom_logo_max_width":0,"ocean_custom_logo_tablet_max_width":0,"ocean_custom_logo_mobile_max_width":0,"ocean_custom_logo_max_height":0,"ocean_custom_logo_tablet_max_height":0,"ocean_custom_logo_mobile_max_height":0,"ocean_header_custom_menu":"","ocean_menu_typo_font_family":"","ocean_menu_typo_font_subset":"","ocean_menu_typo_font_size":0,"ocean_menu_typo_font_size_tablet":0,"ocean_menu_typo_font_size_mobile":0,"ocean_menu_typo_font_size_unit":"px","ocean_menu_typo_font_weight":"","ocean_menu_typo_font_weight_tablet":"","ocean_menu_typo_font_weight_mobile":"","ocean_menu_typo_transform":"","ocean_menu_typo_transform_tablet":"","ocean_menu_typo_transform_mobile":"","ocean_menu_typo_line_height":0,"ocean_menu_typo_line_height_tablet":0,"ocean_menu_typo_line_height_mobile":0,"ocean_menu_typo_line_height_unit":"","ocean_menu_typo_spacing":0,"ocean_menu_typo_spacing_tablet":0,"ocean_menu_typo_spacing_mobile":0,"ocean_menu_typo_spacing_unit":"","ocean_menu_link_color":"","ocean_menu_link_color_hover":"","ocean_menu_link_color_active":"","ocean_menu_link_background":"","ocean_menu_link_hover_background":"","ocean_menu_link_active_background":"","ocean_menu_social_links_bg":"","ocean_menu_social_hover_links_bg":"","ocean_menu_social_links_color":"","ocean_menu_social_hover_links_color":"","ocean_disable_title":"default","ocean_disable_heading":"default","ocean_post_title":"","ocean_post_subheading":"","ocean_post_title_style":"","ocean_post_title_background_color":"","ocean_post_title_background":0,"ocean_post_title_bg_image_position":"","ocean_post_title_bg_image_attachment":"","ocean_post_title_bg_image_repeat":"","ocean_post_title_bg_image_size":"","ocean_post_title_height":0,"ocean_post_title_bg_overlay":0.5,"ocean_post_title_bg_overlay_color":"","ocean_disable_breadcrumbs":"default","ocean_breadcrumbs_color":"","ocean_breadcrumbs_separator_color":"","ocean_breadcrumbs_links_color":"","ocean_breadcrumbs_links_hover_color":"","ocean_display_footer_widgets":"default","ocean_display_footer_bottom":"default","ocean_custom_footer_template":"","ocean_post_oembed":"","ocean_post_self_hosted_media":"","ocean_post_video_embed":"","ocean_link_format":"","ocean_link_format_target":"self","ocean_quote_format":"","ocean_quote_format_link":"post","ocean_gallery_link_images":"on","ocean_gallery_id":[],"footnotes":""},"categories":[89],"tags":[474,475,476,477],"class_list":["post-6961","post","type-post","status-publish","format-standard","has-post-thumbnail","hentry","category-fala-trabalhadora","tag-favela-contra-a-pandemia","tag-favela-resiste","tag-mobilizar-favela","tag-vacina-pra-favela-ja","entry","has-media"],"aioseo_notices":[],"yoast_head":"<!-- This site is optimized with the Yoast SEO plugin v23.0 - https:\/\/yoast.com\/wordpress\/plugins\/seo\/ -->\n<title>Fala, trabalhadora! - Dia Estadual de Mobiliza\u00e7\u00e3o para Enfrentamento da COVID-19 nas Favelas do Rio de Janeiro - CAMTRA NOVO<\/title>\n<meta name=\"robots\" content=\"index, follow, max-snippet:-1, max-image-preview:large, max-video-preview:-1\" \/>\n<link rel=\"canonical\" href=\"https:\/\/novo2023.camtra.org.br\/index.php\/2021\/02\/10\/fala-trabalhadora-dia-estadual-de-mobilizacao-para-enfrentamento-da-covid-19-nas-favelas-do-rio-de-janeiro\/\" \/>\n<meta property=\"og:locale\" content=\"pt_BR\" \/>\n<meta property=\"og:type\" content=\"article\" \/>\n<meta property=\"og:title\" content=\"Fala, trabalhadora! - Dia Estadual de Mobiliza\u00e7\u00e3o para Enfrentamento da COVID-19 nas Favelas do Rio de Janeiro - CAMTRA NOVO\" \/>\n<meta property=\"og:description\" content=\"Fala, trabalhadora! Voc\u00ea sabia que HOJE \u00e9 o Dia Estadual de Mobiliza\u00e7\u00e3o para Enfrentamento da COVID-19 nas Favelas do Rio de Janeiro?\" \/>\n<meta property=\"og:url\" content=\"https:\/\/novo2023.camtra.org.br\/index.php\/2021\/02\/10\/fala-trabalhadora-dia-estadual-de-mobilizacao-para-enfrentamento-da-covid-19-nas-favelas-do-rio-de-janeiro\/\" \/>\n<meta property=\"og:site_name\" content=\"CAMTRA NOVO\" \/>\n<meta property=\"article:published_time\" content=\"2021-02-10T14:37:58+00:00\" \/>\n<meta name=\"author\" content=\"Casa da Mulher Trabalhadora\" \/>\n<meta name=\"twitter:card\" content=\"summary_large_image\" \/>\n<meta name=\"twitter:label1\" content=\"Escrito por\" \/>\n\t<meta name=\"twitter:data1\" content=\"Casa da Mulher Trabalhadora\" \/>\n\t<meta name=\"twitter:label2\" content=\"Est. tempo de leitura\" \/>\n\t<meta name=\"twitter:data2\" content=\"1 minuto\" \/>\n<script type=\"application\/ld+json\" class=\"yoast-schema-graph\">{\"@context\":\"https:\/\/schema.org\",\"@graph\":[{\"@type\":\"Article\",\"@id\":\"https:\/\/novo2023.camtra.org.br\/index.php\/2021\/02\/10\/fala-trabalhadora-dia-estadual-de-mobilizacao-para-enfrentamento-da-covid-19-nas-favelas-do-rio-de-janeiro\/#article\",\"isPartOf\":{\"@id\":\"https:\/\/novo2023.camtra.org.br\/index.php\/2021\/02\/10\/fala-trabalhadora-dia-estadual-de-mobilizacao-para-enfrentamento-da-covid-19-nas-favelas-do-rio-de-janeiro\/\"},\"author\":{\"name\":\"Casa da Mulher Trabalhadora\",\"@id\":\"https:\/\/novo2023.camtra.org.br\/#\/schema\/person\/f163af9cb65589aab5865b0437873a74\"},\"headline\":\"Fala, trabalhadora! &#8211; Dia Estadual de Mobiliza\u00e7\u00e3o para Enfrentamento da COVID-19 nas Favelas do Rio de Janeiro\",\"datePublished\":\"2021-02-10T14:37:58+00:00\",\"dateModified\":\"2021-02-10T14:37:58+00:00\",\"mainEntityOfPage\":{\"@id\":\"https:\/\/novo2023.camtra.org.br\/index.php\/2021\/02\/10\/fala-trabalhadora-dia-estadual-de-mobilizacao-para-enfrentamento-da-covid-19-nas-favelas-do-rio-de-janeiro\/\"},\"wordCount\":122,\"commentCount\":0,\"publisher\":{\"@id\":\"https:\/\/novo2023.camtra.org.br\/#organization\"},\"image\":{\"@id\":\"https:\/\/novo2023.camtra.org.br\/index.php\/2021\/02\/10\/fala-trabalhadora-dia-estadual-de-mobilizacao-para-enfrentamento-da-covid-19-nas-favelas-do-rio-de-janeiro\/#primaryimage\"},\"thumbnailUrl\":\"https:\/\/novo2023.camtra.org.br\/wp-content\/uploads\/2021\/03\/146124941_2791012217805538_7663123685890462726_o-3.jpg\",\"keywords\":[\"Favela Contra a Pandemia\",\"Favela Resiste\",\"Mobilizar Favela\",\"Vacina Pra Favela J\u00e1\"],\"articleSection\":[\"Fala, Trabalhadora!\"],\"inLanguage\":\"pt-BR\",\"potentialAction\":[{\"@type\":\"CommentAction\",\"name\":\"Comment\",\"target\":[\"https:\/\/novo2023.camtra.org.br\/index.php\/2021\/02\/10\/fala-trabalhadora-dia-estadual-de-mobilizacao-para-enfrentamento-da-covid-19-nas-favelas-do-rio-de-janeiro\/#respond\"]}]},{\"@type\":\"WebPage\",\"@id\":\"https:\/\/novo2023.camtra.org.br\/index.php\/2021\/02\/10\/fala-trabalhadora-dia-estadual-de-mobilizacao-para-enfrentamento-da-covid-19-nas-favelas-do-rio-de-janeiro\/\",\"url\":\"https:\/\/novo2023.camtra.org.br\/index.php\/2021\/02\/10\/fala-trabalhadora-dia-estadual-de-mobilizacao-para-enfrentamento-da-covid-19-nas-favelas-do-rio-de-janeiro\/\",\"name\":\"Fala, trabalhadora! - Dia Estadual de Mobiliza\u00e7\u00e3o para Enfrentamento da COVID-19 nas Favelas do Rio de Janeiro - CAMTRA NOVO\",\"isPartOf\":{\"@id\":\"https:\/\/novo2023.camtra.org.br\/#website\"},\"primaryImageOfPage\":{\"@id\":\"https:\/\/novo2023.camtra.org.br\/index.php\/2021\/02\/10\/fala-trabalhadora-dia-estadual-de-mobilizacao-para-enfrentamento-da-covid-19-nas-favelas-do-rio-de-janeiro\/#primaryimage\"},\"image\":{\"@id\":\"https:\/\/novo2023.camtra.org.br\/index.php\/2021\/02\/10\/fala-trabalhadora-dia-estadual-de-mobilizacao-para-enfrentamento-da-covid-19-nas-favelas-do-rio-de-janeiro\/#primaryimage\"},\"thumbnailUrl\":\"https:\/\/novo2023.camtra.org.br\/wp-content\/uploads\/2021\/03\/146124941_2791012217805538_7663123685890462726_o-3.jpg\",\"datePublished\":\"2021-02-10T14:37:58+00:00\",\"dateModified\":\"2021-02-10T14:37:58+00:00\",\"breadcrumb\":{\"@id\":\"https:\/\/novo2023.camtra.org.br\/index.php\/2021\/02\/10\/fala-trabalhadora-dia-estadual-de-mobilizacao-para-enfrentamento-da-covid-19-nas-favelas-do-rio-de-janeiro\/#breadcrumb\"},\"inLanguage\":\"pt-BR\",\"potentialAction\":[{\"@type\":\"ReadAction\",\"target\":[\"https:\/\/novo2023.camtra.org.br\/index.php\/2021\/02\/10\/fala-trabalhadora-dia-estadual-de-mobilizacao-para-enfrentamento-da-covid-19-nas-favelas-do-rio-de-janeiro\/\"]}]},{\"@type\":\"ImageObject\",\"inLanguage\":\"pt-BR\",\"@id\":\"https:\/\/novo2023.camtra.org.br\/index.php\/2021\/02\/10\/fala-trabalhadora-dia-estadual-de-mobilizacao-para-enfrentamento-da-covid-19-nas-favelas-do-rio-de-janeiro\/#primaryimage\",\"url\":\"https:\/\/novo2023.camtra.org.br\/wp-content\/uploads\/2021\/03\/146124941_2791012217805538_7663123685890462726_o-3.jpg\",\"contentUrl\":\"https:\/\/novo2023.camtra.org.br\/wp-content\/uploads\/2021\/03\/146124941_2791012217805538_7663123685890462726_o-3.jpg\",\"width\":1080,\"height\":1080},{\"@type\":\"BreadcrumbList\",\"@id\":\"https:\/\/novo2023.camtra.org.br\/index.php\/2021\/02\/10\/fala-trabalhadora-dia-estadual-de-mobilizacao-para-enfrentamento-da-covid-19-nas-favelas-do-rio-de-janeiro\/#breadcrumb\",\"itemListElement\":[{\"@type\":\"ListItem\",\"position\":1,\"name\":\"Home\",\"item\":\"https:\/\/novo2023.camtra.org.br\/\"},{\"@type\":\"ListItem\",\"position\":2,\"name\":\"Fala, trabalhadora! &#8211; Dia Estadual de Mobiliza\u00e7\u00e3o para Enfrentamento da COVID-19 nas Favelas do Rio de Janeiro\"}]},{\"@type\":\"WebSite\",\"@id\":\"https:\/\/novo2023.camtra.org.br\/#website\",\"url\":\"https:\/\/novo2023.camtra.org.br\/\",\"name\":\"CAMTRA NOVO\",\"description\":\"\",\"publisher\":{\"@id\":\"https:\/\/novo2023.camtra.org.br\/#organization\"},\"potentialAction\":[{\"@type\":\"SearchAction\",\"target\":{\"@type\":\"EntryPoint\",\"urlTemplate\":\"https:\/\/novo2023.camtra.org.br\/?s={search_term_string}\"},\"query-input\":\"required name=search_term_string\"}],\"inLanguage\":\"pt-BR\"},{\"@type\":\"Organization\",\"@id\":\"https:\/\/novo2023.camtra.org.br\/#organization\",\"name\":\"CAMTRA NOVO\",\"url\":\"https:\/\/novo2023.camtra.org.br\/\",\"logo\":{\"@type\":\"ImageObject\",\"inLanguage\":\"pt-BR\",\"@id\":\"https:\/\/novo2023.camtra.org.br\/#\/schema\/logo\/image\/\",\"url\":\"https:\/\/novo2023.camtra.org.br\/wp-content\/uploads\/2024\/01\/CAMTRA-comflor-roxa-logo_logo-camtra-principal-flor.png\",\"contentUrl\":\"https:\/\/novo2023.camtra.org.br\/wp-content\/uploads\/2024\/01\/CAMTRA-comflor-roxa-logo_logo-camtra-principal-flor.png\",\"width\":1172,\"height\":330,\"caption\":\"CAMTRA NOVO\"},\"image\":{\"@id\":\"https:\/\/novo2023.camtra.org.br\/#\/schema\/logo\/image\/\"}},{\"@type\":\"Person\",\"@id\":\"https:\/\/novo2023.camtra.org.br\/#\/schema\/person\/f163af9cb65589aab5865b0437873a74\",\"name\":\"Casa da Mulher Trabalhadora\",\"image\":{\"@type\":\"ImageObject\",\"inLanguage\":\"pt-BR\",\"@id\":\"https:\/\/novo2023.camtra.org.br\/#\/schema\/person\/image\/\",\"url\":\"https:\/\/novo2023.camtra.org.br\/wp-content\/litespeed\/avatar\/4c87233a8b80506f010db0cccf69e8b5.jpg?ver=1777270965\",\"contentUrl\":\"https:\/\/novo2023.camtra.org.br\/wp-content\/litespeed\/avatar\/4c87233a8b80506f010db0cccf69e8b5.jpg?ver=1777270965\",\"caption\":\"Casa da Mulher Trabalhadora\"},\"url\":\"https:\/\/novo2023.camtra.org.br\/index.php\/author\/camtra\/\"}]}<\/script>\n<!-- \/ Yoast SEO plugin. -->","yoast_head_json":{"title":"Fala, trabalhadora! - Dia Estadual de Mobiliza\u00e7\u00e3o para Enfrentamento da COVID-19 nas Favelas do Rio de Janeiro - CAMTRA NOVO","robots":{"index":"index","follow":"follow","max-snippet":"max-snippet:-1","max-image-preview":"max-image-preview:large","max-video-preview":"max-video-preview:-1"},"canonical":"https:\/\/novo2023.camtra.org.br\/index.php\/2021\/02\/10\/fala-trabalhadora-dia-estadual-de-mobilizacao-para-enfrentamento-da-covid-19-nas-favelas-do-rio-de-janeiro\/","og_locale":"pt_BR","og_type":"article","og_title":"Fala, trabalhadora! - Dia Estadual de Mobiliza\u00e7\u00e3o para Enfrentamento da COVID-19 nas Favelas do Rio de Janeiro - CAMTRA NOVO","og_description":"Fala, trabalhadora! Voc\u00ea sabia que HOJE \u00e9 o Dia Estadual de Mobiliza\u00e7\u00e3o para Enfrentamento da COVID-19 nas Favelas do Rio de Janeiro?","og_url":"https:\/\/novo2023.camtra.org.br\/index.php\/2021\/02\/10\/fala-trabalhadora-dia-estadual-de-mobilizacao-para-enfrentamento-da-covid-19-nas-favelas-do-rio-de-janeiro\/","og_site_name":"CAMTRA NOVO","article_published_time":"2021-02-10T14:37:58+00:00","author":"Casa da Mulher Trabalhadora","twitter_card":"summary_large_image","twitter_misc":{"Escrito por":"Casa da Mulher Trabalhadora","Est. tempo de leitura":"1 minuto"},"schema":{"@context":"https:\/\/schema.org","@graph":[{"@type":"Article","@id":"https:\/\/novo2023.camtra.org.br\/index.php\/2021\/02\/10\/fala-trabalhadora-dia-estadual-de-mobilizacao-para-enfrentamento-da-covid-19-nas-favelas-do-rio-de-janeiro\/#article","isPartOf":{"@id":"https:\/\/novo2023.camtra.org.br\/index.php\/2021\/02\/10\/fala-trabalhadora-dia-estadual-de-mobilizacao-para-enfrentamento-da-covid-19-nas-favelas-do-rio-de-janeiro\/"},"author":{"name":"Casa da Mulher Trabalhadora","@id":"https:\/\/novo2023.camtra.org.br\/#\/schema\/person\/f163af9cb65589aab5865b0437873a74"},"headline":"Fala, trabalhadora! &#8211; Dia Estadual de Mobiliza\u00e7\u00e3o para Enfrentamento da COVID-19 nas Favelas do Rio de Janeiro","datePublished":"2021-02-10T14:37:58+00:00","dateModified":"2021-02-10T14:37:58+00:00","mainEntityOfPage":{"@id":"https:\/\/novo2023.camtra.org.br\/index.php\/2021\/02\/10\/fala-trabalhadora-dia-estadual-de-mobilizacao-para-enfrentamento-da-covid-19-nas-favelas-do-rio-de-janeiro\/"},"wordCount":122,"commentCount":0,"publisher":{"@id":"https:\/\/novo2023.camtra.org.br\/#organization"},"image":{"@id":"https:\/\/novo2023.camtra.org.br\/index.php\/2021\/02\/10\/fala-trabalhadora-dia-estadual-de-mobilizacao-para-enfrentamento-da-covid-19-nas-favelas-do-rio-de-janeiro\/#primaryimage"},"thumbnailUrl":"https:\/\/novo2023.camtra.org.br\/wp-content\/uploads\/2021\/03\/146124941_2791012217805538_7663123685890462726_o-3.jpg","keywords":["Favela Contra a Pandemia","Favela Resiste","Mobilizar Favela","Vacina Pra Favela J\u00e1"],"articleSection":["Fala, Trabalhadora!"],"inLanguage":"pt-BR","potentialAction":[{"@type":"CommentAction","name":"Comment","target":["https:\/\/novo2023.camtra.org.br\/index.php\/2021\/02\/10\/fala-trabalhadora-dia-estadual-de-mobilizacao-para-enfrentamento-da-covid-19-nas-favelas-do-rio-de-janeiro\/#respond"]}]},{"@type":"WebPage","@id":"https:\/\/novo2023.camtra.org.br\/index.php\/2021\/02\/10\/fala-trabalhadora-dia-estadual-de-mobilizacao-para-enfrentamento-da-covid-19-nas-favelas-do-rio-de-janeiro\/","url":"https:\/\/novo2023.camtra.org.br\/index.php\/2021\/02\/10\/fala-trabalhadora-dia-estadual-de-mobilizacao-para-enfrentamento-da-covid-19-nas-favelas-do-rio-de-janeiro\/","name":"Fala, trabalhadora! - Dia Estadual de Mobiliza\u00e7\u00e3o para Enfrentamento da COVID-19 nas Favelas do Rio de Janeiro - CAMTRA NOVO","isPartOf":{"@id":"https:\/\/novo2023.camtra.org.br\/#website"},"primaryImageOfPage":{"@id":"https:\/\/novo2023.camtra.org.br\/index.php\/2021\/02\/10\/fala-trabalhadora-dia-estadual-de-mobilizacao-para-enfrentamento-da-covid-19-nas-favelas-do-rio-de-janeiro\/#primaryimage"},"image":{"@id":"https:\/\/novo2023.camtra.org.br\/index.php\/2021\/02\/10\/fala-trabalhadora-dia-estadual-de-mobilizacao-para-enfrentamento-da-covid-19-nas-favelas-do-rio-de-janeiro\/#primaryimage"},"thumbnailUrl":"https:\/\/novo2023.camtra.org.br\/wp-content\/uploads\/2021\/03\/146124941_2791012217805538_7663123685890462726_o-3.jpg","datePublished":"2021-02-10T14:37:58+00:00","dateModified":"2021-02-10T14:37:58+00:00","breadcrumb":{"@id":"https:\/\/novo2023.camtra.org.br\/index.php\/2021\/02\/10\/fala-trabalhadora-dia-estadual-de-mobilizacao-para-enfrentamento-da-covid-19-nas-favelas-do-rio-de-janeiro\/#breadcrumb"},"inLanguage":"pt-BR","potentialAction":[{"@type":"ReadAction","target":["https:\/\/novo2023.camtra.org.br\/index.php\/2021\/02\/10\/fala-trabalhadora-dia-estadual-de-mobilizacao-para-enfrentamento-da-covid-19-nas-favelas-do-rio-de-janeiro\/"]}]},{"@type":"ImageObject","inLanguage":"pt-BR","@id":"https:\/\/novo2023.camtra.org.br\/index.php\/2021\/02\/10\/fala-trabalhadora-dia-estadual-de-mobilizacao-para-enfrentamento-da-covid-19-nas-favelas-do-rio-de-janeiro\/#primaryimage","url":"https:\/\/novo2023.camtra.org.br\/wp-content\/uploads\/2021\/03\/146124941_2791012217805538_7663123685890462726_o-3.jpg","contentUrl":"https:\/\/novo2023.camtra.org.br\/wp-content\/uploads\/2021\/03\/146124941_2791012217805538_7663123685890462726_o-3.jpg","width":1080,"height":1080},{"@type":"BreadcrumbList","@id":"https:\/\/novo2023.camtra.org.br\/index.php\/2021\/02\/10\/fala-trabalhadora-dia-estadual-de-mobilizacao-para-enfrentamento-da-covid-19-nas-favelas-do-rio-de-janeiro\/#breadcrumb","itemListElement":[{"@type":"ListItem","position":1,"name":"Home","item":"https:\/\/novo2023.camtra.org.br\/"},{"@type":"ListItem","position":2,"name":"Fala, trabalhadora! &#8211; Dia Estadual de Mobiliza\u00e7\u00e3o para Enfrentamento da COVID-19 nas Favelas do Rio de Janeiro"}]},{"@type":"WebSite","@id":"https:\/\/novo2023.camtra.org.br\/#website","url":"https:\/\/novo2023.camtra.org.br\/","name":"CAMTRA NOVO","description":"","publisher":{"@id":"https:\/\/novo2023.camtra.org.br\/#organization"},"potentialAction":[{"@type":"SearchAction","target":{"@type":"EntryPoint","urlTemplate":"https:\/\/novo2023.camtra.org.br\/?s={search_term_string}"},"query-input":"required name=search_term_string"}],"inLanguage":"pt-BR"},{"@type":"Organization","@id":"https:\/\/novo2023.camtra.org.br\/#organization","name":"CAMTRA NOVO","url":"https:\/\/novo2023.camtra.org.br\/","logo":{"@type":"ImageObject","inLanguage":"pt-BR","@id":"https:\/\/novo2023.camtra.org.br\/#\/schema\/logo\/image\/","url":"https:\/\/novo2023.camtra.org.br\/wp-content\/uploads\/2024\/01\/CAMTRA-comflor-roxa-logo_logo-camtra-principal-flor.png","contentUrl":"https:\/\/novo2023.camtra.org.br\/wp-content\/uploads\/2024\/01\/CAMTRA-comflor-roxa-logo_logo-camtra-principal-flor.png","width":1172,"height":330,"caption":"CAMTRA NOVO"},"image":{"@id":"https:\/\/novo2023.camtra.org.br\/#\/schema\/logo\/image\/"}},{"@type":"Person","@id":"https:\/\/novo2023.camtra.org.br\/#\/schema\/person\/f163af9cb65589aab5865b0437873a74","name":"Casa da Mulher Trabalhadora","image":{"@type":"ImageObject","inLanguage":"pt-BR","@id":"https:\/\/novo2023.camtra.org.br\/#\/schema\/person\/image\/","url":"https:\/\/novo2023.camtra.org.br\/wp-content\/litespeed\/avatar\/4c87233a8b80506f010db0cccf69e8b5.jpg?ver=1777270965","contentUrl":"https:\/\/novo2023.camtra.org.br\/wp-content\/litespeed\/avatar\/4c87233a8b80506f010db0cccf69e8b5.jpg?ver=1777270965","caption":"Casa da Mulher Trabalhadora"},"url":"https:\/\/novo2023.camtra.org.br\/index.php\/author\/camtra\/"}]}},"_links":{"self":[{"href":"https:\/\/novo2023.camtra.org.br\/index.php\/wp-json\/wp\/v2\/posts\/6961"}],"collection":[{"href":"https:\/\/novo2023.camtra.org.br\/index.php\/wp-json\/wp\/v2\/posts"}],"about":[{"href":"https:\/\/novo2023.camtra.org.br\/index.php\/wp-json\/wp\/v2\/types\/post"}],"author":[{"embeddable":true,"href":"https:\/\/novo2023.camtra.org.br\/index.php\/wp-json\/wp\/v2\/users\/3"}],"replies":[{"embeddable":true,"href":"https:\/\/novo2023.camtra.org.br\/index.php\/wp-json\/wp\/v2\/comments?post=6961"}],"version-history":[{"count":0,"href":"https:\/\/novo2023.camtra.org.br\/index.php\/wp-json\/wp\/v2\/posts\/6961\/revisions"}],"wp:featuredmedia":[{"embeddable":true,"href":"https:\/\/novo2023.camtra.org.br\/index.php\/wp-json\/wp\/v2\/media\/6962"}],"wp:attachment":[{"href":"https:\/\/novo2023.camtra.org.br\/index.php\/wp-json\/wp\/v2\/media?parent=6961"}],"wp:term":[{"taxonomy":"category","embeddable":true,"href":"https:\/\/novo2023.camtra.org.br\/index.php\/wp-json\/wp\/v2\/categories?post=6961"},{"taxonomy":"post_tag","embeddable":true,"href":"https:\/\/novo2023.camtra.org.br\/index.php\/wp-json\/wp\/v2\/tags?post=6961"}],"curies":[{"name":"wp","href":"https:\/\/api.w.org\/{rel}","templated":true}]}}