{"id":6086,"date":"2020-11-11T14:36:13","date_gmt":"2020-11-11T17:36:13","guid":{"rendered":"https:\/\/camtra.org.br\/?p=6086"},"modified":"2020-11-11T14:36:13","modified_gmt":"2020-11-11T17:36:13","slug":"vacina-para-todas-e-todos","status":"publish","type":"post","link":"https:\/\/novo2023.camtra.org.br\/index.php\/2020\/11\/11\/vacina-para-todas-e-todos\/","title":{"rendered":"Vacina Para Todas e Todos"},"content":{"rendered":"<div id=\"fb-root\"><\/div>\n<div dir=\"auto\">A pandemia da Covid-19 ressaltou as desigualdades sociais presentes na nossa sociedade. Toda a popula\u00e7\u00e3o foi afetada pelo novo v\u00edrus por\u00e9m, assim como em outros \u00e2mbitos, a situa\u00e7\u00e3o tamb\u00e9m teve recortes de ra\u00e7a, g\u00eanero e classe. Isso ficou claro quando a primeira morte pela doen\u00e7a no pa\u00eds foi de uma mulher negra empregada dom\u00e9stica que pegou a doen\u00e7a de sua patroa branca que acabava de retornar da Europa. A patroa sobreviveu. Em maio os dados mostravam que as pretas tinham 62% mais chances de morrer de COVI-19.<\/div>\n<div dir=\"auto\"><\/div>\n<div dir=\"auto\">Al\u00e9m da quest\u00e3o da sa\u00fade a pandemia trouxe a dificuldade econ\u00f4mica pela falta de trabalho e a inseguran\u00e7a para as que n\u00e3o tiveram o privil\u00e9gio da quarentena.<\/div>\n<div dir=\"auto\">Depois de 8 meses de instabilidade a proposta da vacina alcan\u00e7ou o debate p\u00fablico e com ela seu acesso. Como em todas as crises as empresas tentam lucrar em cima do sofrimento do povo e dessa vez n\u00e3o seria diferente.<\/div>\n<div dir=\"auto\">A vacina contra a COVID-19 deve ser um bem comum, p\u00fablico distribu\u00eddo para todas no pa\u00eds pelo nosso Sistema \u00danico de Sa\u00fade (SUS ) que foi essencial para o controle da pandemia e ser\u00e1 essencial para a imuniza\u00e7\u00e3o da popula\u00e7\u00e3o.<\/div>\n<div dir=\"auto\">Este debate ocorre ao mesmo tempo em que se ataca o SUS com tentativas de privatiza\u00e7\u00e3o e sucateamento. No pa\u00eds o SUS \u00e9 essencial para a popula\u00e7\u00e3o, especialmente para as mulheres negras que representam 70% das suas usu\u00e1rias. Al\u00e9m disso apenas 12,2 % das negras t\u00eam acesso a planos privados de sa\u00fade.<\/div>\n<div dir=\"auto\">Destaca-se tamb\u00e9m que foi gra\u00e7as ao SUS e as sua profissionais que a pandemia n\u00e3o chegou a n\u00fameros mais alarmantes e que hoje os leitos est\u00e3o desocupados devido ao trabalho destas, em sua maiorias mulheres negras.<\/div>\n<div dir=\"auto\">A CAMTRA se une a ABONG e a outras OSCs na campanha #vacinaparatodasetodos para aprova\u00e7\u00e3o da PL1462\/2020 que \u201cmelhora e simplifica o dispositivo legal da Licen\u00e7a Compuls\u00f3ria, a exemplo de outros pa\u00edses, permitindo que o Brasil tenha acesso r\u00e1pido \u00e0s respostas mais efetivas contra a pandemia, protegido de pre\u00e7os exorbitantes e descabidos das grandes corpora\u00e7\u00f5es, em especial da ind\u00fastria farmac\u00eautica\u201d.<\/div>\n<div dir=\"auto\"><\/div>\n<div dir=\"auto\"><a class=\"oajrlxb2 g5ia77u1 qu0x051f esr5mh6w e9989ue4 r7d6kgcz rq0escxv nhd2j8a9 nc684nl6 p7hjln8o kvgmc6g5 cxmmr5t8 oygrvhab hcukyx3x jb3vyjys rz4wbd8a qt6c0cv9 a8nywdso i1ao9s8h esuyzwwr f1sip0of lzcic4wl q66pz984 gpro0wi8 b1v8xokw\" tabindex=\"0\" role=\"link\" href=\"https:\/\/www.facebook.com\/hashtag\/vacinaparatodasetodos?__eep__=6&amp;__cft__[0]=AZV6Ak434EEXsmUYvOSGr0lKhd_QGLdG_UmHeFXXND7fkegYL51uPVaR2rXHf4G3_ewsdLsb5fft9u6im1AzFKo6hPtRpshZuOyZREPM__YZ9ZmQsrJRkhWVB_cLYfid4l6eE-kRMzrr4WeBZ__tbA2ZQ_50agMNW4C3i8Ex1b6ekvuyyoXU-7HcmvN0olRFt28&amp;__tn__=*NK-R\">#vacinaparatodasetodos<\/a> <a class=\"oajrlxb2 g5ia77u1 qu0x051f esr5mh6w e9989ue4 r7d6kgcz rq0escxv nhd2j8a9 nc684nl6 p7hjln8o kvgmc6g5 cxmmr5t8 oygrvhab hcukyx3x jb3vyjys rz4wbd8a qt6c0cv9 a8nywdso i1ao9s8h esuyzwwr f1sip0of lzcic4wl q66pz984 gpro0wi8 b1v8xokw\" tabindex=\"0\" role=\"link\" href=\"https:\/\/www.facebook.com\/hashtag\/avacina%C3%A9umdireito?__eep__=6&amp;__cft__[0]=AZV6Ak434EEXsmUYvOSGr0lKhd_QGLdG_UmHeFXXND7fkegYL51uPVaR2rXHf4G3_ewsdLsb5fft9u6im1AzFKo6hPtRpshZuOyZREPM__YZ9ZmQsrJRkhWVB_cLYfid4l6eE-kRMzrr4WeBZ__tbA2ZQ_50agMNW4C3i8Ex1b6ekvuyyoXU-7HcmvN0olRFt28&amp;__tn__=*NK-R\">#avacina\u00e9umdireito<\/a> <a class=\"oajrlxb2 g5ia77u1 qu0x051f esr5mh6w e9989ue4 r7d6kgcz rq0escxv nhd2j8a9 nc684nl6 p7hjln8o kvgmc6g5 cxmmr5t8 oygrvhab hcukyx3x jb3vyjys rz4wbd8a qt6c0cv9 a8nywdso i1ao9s8h esuyzwwr f1sip0of lzcic4wl q66pz984 gpro0wi8 b1v8xokw\" tabindex=\"0\" role=\"link\" href=\"https:\/\/www.facebook.com\/hashtag\/semvacinasemabertura?__eep__=6&amp;__cft__[0]=AZV6Ak434EEXsmUYvOSGr0lKhd_QGLdG_UmHeFXXND7fkegYL51uPVaR2rXHf4G3_ewsdLsb5fft9u6im1AzFKo6hPtRpshZuOyZREPM__YZ9ZmQsrJRkhWVB_cLYfid4l6eE-kRMzrr4WeBZ__tbA2ZQ_50agMNW4C3i8Ex1b6ekvuyyoXU-7HcmvN0olRFt28&amp;__tn__=*NK-R\">#semvacinasemabertura<\/a> <a class=\"oajrlxb2 g5ia77u1 qu0x051f esr5mh6w e9989ue4 r7d6kgcz rq0escxv nhd2j8a9 nc684nl6 p7hjln8o kvgmc6g5 cxmmr5t8 oygrvhab hcukyx3x jb3vyjys rz4wbd8a qt6c0cv9 a8nywdso i1ao9s8h esuyzwwr f1sip0of lzcic4wl q66pz984 gpro0wi8 b1v8xokw\" tabindex=\"0\" role=\"link\" href=\"https:\/\/www.facebook.com\/hashtag\/vacinan%C3%A3otemideologia?__eep__=6&amp;__cft__[0]=AZV6Ak434EEXsmUYvOSGr0lKhd_QGLdG_UmHeFXXND7fkegYL51uPVaR2rXHf4G3_ewsdLsb5fft9u6im1AzFKo6hPtRpshZuOyZREPM__YZ9ZmQsrJRkhWVB_cLYfid4l6eE-kRMzrr4WeBZ__tbA2ZQ_50agMNW4C3i8Ex1b6ekvuyyoXU-7HcmvN0olRFt28&amp;__tn__=*NK-R\">#vacinan\u00e3otemideologia<\/a><\/div>\n<p>&nbsp;<\/p>\n<div dir=\"auto\"><\/div>\n","protected":false},"excerpt":{"rendered":"<p>A pandemia da Covid-19 ressaltou as desigualdades sociais presentes na nossa sociedade. Toda a popula\u00e7\u00e3o foi afetada pelo novo v\u00edrus por\u00e9m, assim como em outros \u00e2mbitos, a situa\u00e7\u00e3o tamb\u00e9m teve recortes de ra\u00e7a, g\u00eanero e classe. Isso ficou claro quando a primeira morte pela doen\u00e7a no pa\u00eds foi de uma mulher negra empregada dom\u00e9stica que pegou a doen\u00e7a de sua patroa branca que acabava de retornar da Europa. A patroa sobreviveu. Em maio os dados mostravam que as pretas tinham 62% mais chances de morrer de COVI-19.<\/p>\n","protected":false},"author":3,"featured_media":6087,"comment_status":"open","ping_status":"open","sticky":false,"template":"","format":"standard","meta":{"om_disable_all_campaigns":false,"_monsterinsights_skip_tracking":false,"_monsterinsights_sitenote_active":false,"_monsterinsights_sitenote_note":"","_monsterinsights_sitenote_category":0,"_uf_show_specific_survey":0,"_uf_disable_surveys":false,"ocean_post_layout":"","ocean_both_sidebars_style":"","ocean_both_sidebars_content_width":0,"ocean_both_sidebars_sidebars_width":0,"ocean_sidebar":"","ocean_second_sidebar":"","ocean_disable_margins":"enable","ocean_add_body_class":"","ocean_shortcode_before_top_bar":"","ocean_shortcode_after_top_bar":"","ocean_shortcode_before_header":"","ocean_shortcode_after_header":"","ocean_has_shortcode":"","ocean_shortcode_after_title":"","ocean_shortcode_before_footer_widgets":"","ocean_shortcode_after_footer_widgets":"","ocean_shortcode_before_footer_bottom":"","ocean_shortcode_after_footer_bottom":"","ocean_display_top_bar":"default","ocean_display_header":"default","ocean_header_style":"","ocean_center_header_left_menu":"","ocean_custom_header_template":"","ocean_custom_logo":0,"ocean_custom_retina_logo":0,"ocean_custom_logo_max_width":0,"ocean_custom_logo_tablet_max_width":0,"ocean_custom_logo_mobile_max_width":0,"ocean_custom_logo_max_height":0,"ocean_custom_logo_tablet_max_height":0,"ocean_custom_logo_mobile_max_height":0,"ocean_header_custom_menu":"","ocean_menu_typo_font_family":"","ocean_menu_typo_font_subset":"","ocean_menu_typo_font_size":0,"ocean_menu_typo_font_size_tablet":0,"ocean_menu_typo_font_size_mobile":0,"ocean_menu_typo_font_size_unit":"px","ocean_menu_typo_font_weight":"","ocean_menu_typo_font_weight_tablet":"","ocean_menu_typo_font_weight_mobile":"","ocean_menu_typo_transform":"","ocean_menu_typo_transform_tablet":"","ocean_menu_typo_transform_mobile":"","ocean_menu_typo_line_height":0,"ocean_menu_typo_line_height_tablet":0,"ocean_menu_typo_line_height_mobile":0,"ocean_menu_typo_line_height_unit":"","ocean_menu_typo_spacing":0,"ocean_menu_typo_spacing_tablet":0,"ocean_menu_typo_spacing_mobile":0,"ocean_menu_typo_spacing_unit":"","ocean_menu_link_color":"","ocean_menu_link_color_hover":"","ocean_menu_link_color_active":"","ocean_menu_link_background":"","ocean_menu_link_hover_background":"","ocean_menu_link_active_background":"","ocean_menu_social_links_bg":"","ocean_menu_social_hover_links_bg":"","ocean_menu_social_links_color":"","ocean_menu_social_hover_links_color":"","ocean_disable_title":"default","ocean_disable_heading":"default","ocean_post_title":"","ocean_post_subheading":"","ocean_post_title_style":"","ocean_post_title_background_color":"","ocean_post_title_background":0,"ocean_post_title_bg_image_position":"","ocean_post_title_bg_image_attachment":"","ocean_post_title_bg_image_repeat":"","ocean_post_title_bg_image_size":"","ocean_post_title_height":0,"ocean_post_title_bg_overlay":0.5,"ocean_post_title_bg_overlay_color":"","ocean_disable_breadcrumbs":"default","ocean_breadcrumbs_color":"","ocean_breadcrumbs_separator_color":"","ocean_breadcrumbs_links_color":"","ocean_breadcrumbs_links_hover_color":"","ocean_display_footer_widgets":"default","ocean_display_footer_bottom":"default","ocean_custom_footer_template":"","ocean_post_oembed":"","ocean_post_self_hosted_media":"","ocean_post_video_embed":"","ocean_link_format":"","ocean_link_format_target":"self","ocean_quote_format":"","ocean_quote_format_link":"post","ocean_gallery_link_images":"on","ocean_gallery_id":[],"footnotes":""},"categories":[7],"tags":[451,452],"class_list":["post-6086","post","type-post","status-publish","format-standard","has-post-thumbnail","hentry","category-camtra-covid-19","tag-vacina","tag-vacinaparatodasetodos","entry","has-media"],"aioseo_notices":[],"yoast_head":"<!-- This site is optimized with the Yoast SEO plugin v23.0 - https:\/\/yoast.com\/wordpress\/plugins\/seo\/ -->\n<title>Vacina Para Todas e Todos - CAMTRA NOVO<\/title>\n<meta name=\"robots\" content=\"index, follow, max-snippet:-1, max-image-preview:large, max-video-preview:-1\" \/>\n<link rel=\"canonical\" href=\"https:\/\/novo2023.camtra.org.br\/index.php\/2020\/11\/11\/vacina-para-todas-e-todos\/\" \/>\n<meta property=\"og:locale\" content=\"pt_BR\" \/>\n<meta property=\"og:type\" content=\"article\" \/>\n<meta property=\"og:title\" content=\"Vacina Para Todas e Todos - CAMTRA NOVO\" \/>\n<meta property=\"og:description\" content=\"A pandemia da Covid-19 ressaltou as desigualdades sociais presentes na nossa sociedade. Toda a popula\u00e7\u00e3o foi afetada pelo novo v\u00edrus por\u00e9m, assim como em outros \u00e2mbitos, a situa\u00e7\u00e3o tamb\u00e9m teve recortes de ra\u00e7a, g\u00eanero e classe. Isso ficou claro quando a primeira morte pela doen\u00e7a no pa\u00eds foi de uma mulher negra empregada dom\u00e9stica que pegou a doen\u00e7a de sua patroa branca que acabava de retornar da Europa. A patroa sobreviveu. Em maio os dados mostravam que as pretas tinham 62% mais chances de morrer de COVI-19.\" \/>\n<meta property=\"og:url\" content=\"https:\/\/novo2023.camtra.org.br\/index.php\/2020\/11\/11\/vacina-para-todas-e-todos\/\" \/>\n<meta property=\"og:site_name\" content=\"CAMTRA NOVO\" \/>\n<meta property=\"article:published_time\" content=\"2020-11-11T17:36:13+00:00\" \/>\n<meta name=\"author\" content=\"Casa da Mulher Trabalhadora\" \/>\n<meta name=\"twitter:card\" content=\"summary_large_image\" \/>\n<meta name=\"twitter:label1\" content=\"Escrito por\" \/>\n\t<meta name=\"twitter:data1\" content=\"Casa da Mulher Trabalhadora\" \/>\n\t<meta name=\"twitter:label2\" content=\"Est. tempo de leitura\" \/>\n\t<meta name=\"twitter:data2\" content=\"2 minutos\" \/>\n<script type=\"application\/ld+json\" class=\"yoast-schema-graph\">{\"@context\":\"https:\/\/schema.org\",\"@graph\":[{\"@type\":\"Article\",\"@id\":\"https:\/\/novo2023.camtra.org.br\/index.php\/2020\/11\/11\/vacina-para-todas-e-todos\/#article\",\"isPartOf\":{\"@id\":\"https:\/\/novo2023.camtra.org.br\/index.php\/2020\/11\/11\/vacina-para-todas-e-todos\/\"},\"author\":{\"name\":\"Casa da Mulher Trabalhadora\",\"@id\":\"https:\/\/novo2023.camtra.org.br\/#\/schema\/person\/f163af9cb65589aab5865b0437873a74\"},\"headline\":\"Vacina Para Todas e Todos\",\"datePublished\":\"2020-11-11T17:36:13+00:00\",\"dateModified\":\"2020-11-11T17:36:13+00:00\",\"mainEntityOfPage\":{\"@id\":\"https:\/\/novo2023.camtra.org.br\/index.php\/2020\/11\/11\/vacina-para-todas-e-todos\/\"},\"wordCount\":395,\"commentCount\":0,\"publisher\":{\"@id\":\"https:\/\/novo2023.camtra.org.br\/#organization\"},\"image\":{\"@id\":\"https:\/\/novo2023.camtra.org.br\/index.php\/2020\/11\/11\/vacina-para-todas-e-todos\/#primaryimage\"},\"thumbnailUrl\":\"https:\/\/novo2023.camtra.org.br\/wp-content\/uploads\/2020\/11\/vacina.jpeg\",\"keywords\":[\"vacina\",\"vacinaparatodasetodos\"],\"articleSection\":[\"CAMTRA-COVID-19\"],\"inLanguage\":\"pt-BR\",\"potentialAction\":[{\"@type\":\"CommentAction\",\"name\":\"Comment\",\"target\":[\"https:\/\/novo2023.camtra.org.br\/index.php\/2020\/11\/11\/vacina-para-todas-e-todos\/#respond\"]}]},{\"@type\":\"WebPage\",\"@id\":\"https:\/\/novo2023.camtra.org.br\/index.php\/2020\/11\/11\/vacina-para-todas-e-todos\/\",\"url\":\"https:\/\/novo2023.camtra.org.br\/index.php\/2020\/11\/11\/vacina-para-todas-e-todos\/\",\"name\":\"Vacina Para Todas e Todos - CAMTRA NOVO\",\"isPartOf\":{\"@id\":\"https:\/\/novo2023.camtra.org.br\/#website\"},\"primaryImageOfPage\":{\"@id\":\"https:\/\/novo2023.camtra.org.br\/index.php\/2020\/11\/11\/vacina-para-todas-e-todos\/#primaryimage\"},\"image\":{\"@id\":\"https:\/\/novo2023.camtra.org.br\/index.php\/2020\/11\/11\/vacina-para-todas-e-todos\/#primaryimage\"},\"thumbnailUrl\":\"https:\/\/novo2023.camtra.org.br\/wp-content\/uploads\/2020\/11\/vacina.jpeg\",\"datePublished\":\"2020-11-11T17:36:13+00:00\",\"dateModified\":\"2020-11-11T17:36:13+00:00\",\"breadcrumb\":{\"@id\":\"https:\/\/novo2023.camtra.org.br\/index.php\/2020\/11\/11\/vacina-para-todas-e-todos\/#breadcrumb\"},\"inLanguage\":\"pt-BR\",\"potentialAction\":[{\"@type\":\"ReadAction\",\"target\":[\"https:\/\/novo2023.camtra.org.br\/index.php\/2020\/11\/11\/vacina-para-todas-e-todos\/\"]}]},{\"@type\":\"ImageObject\",\"inLanguage\":\"pt-BR\",\"@id\":\"https:\/\/novo2023.camtra.org.br\/index.php\/2020\/11\/11\/vacina-para-todas-e-todos\/#primaryimage\",\"url\":\"https:\/\/novo2023.camtra.org.br\/wp-content\/uploads\/2020\/11\/vacina.jpeg\",\"contentUrl\":\"https:\/\/novo2023.camtra.org.br\/wp-content\/uploads\/2020\/11\/vacina.jpeg\",\"width\":1080,\"height\":1080},{\"@type\":\"BreadcrumbList\",\"@id\":\"https:\/\/novo2023.camtra.org.br\/index.php\/2020\/11\/11\/vacina-para-todas-e-todos\/#breadcrumb\",\"itemListElement\":[{\"@type\":\"ListItem\",\"position\":1,\"name\":\"Home\",\"item\":\"https:\/\/novo2023.camtra.org.br\/\"},{\"@type\":\"ListItem\",\"position\":2,\"name\":\"Vacina Para Todas e Todos\"}]},{\"@type\":\"WebSite\",\"@id\":\"https:\/\/novo2023.camtra.org.br\/#website\",\"url\":\"https:\/\/novo2023.camtra.org.br\/\",\"name\":\"CAMTRA NOVO\",\"description\":\"\",\"publisher\":{\"@id\":\"https:\/\/novo2023.camtra.org.br\/#organization\"},\"potentialAction\":[{\"@type\":\"SearchAction\",\"target\":{\"@type\":\"EntryPoint\",\"urlTemplate\":\"https:\/\/novo2023.camtra.org.br\/?s={search_term_string}\"},\"query-input\":\"required name=search_term_string\"}],\"inLanguage\":\"pt-BR\"},{\"@type\":\"Organization\",\"@id\":\"https:\/\/novo2023.camtra.org.br\/#organization\",\"name\":\"CAMTRA NOVO\",\"url\":\"https:\/\/novo2023.camtra.org.br\/\",\"logo\":{\"@type\":\"ImageObject\",\"inLanguage\":\"pt-BR\",\"@id\":\"https:\/\/novo2023.camtra.org.br\/#\/schema\/logo\/image\/\",\"url\":\"https:\/\/novo2023.camtra.org.br\/wp-content\/uploads\/2024\/01\/CAMTRA-comflor-roxa-logo_logo-camtra-principal-flor.png\",\"contentUrl\":\"https:\/\/novo2023.camtra.org.br\/wp-content\/uploads\/2024\/01\/CAMTRA-comflor-roxa-logo_logo-camtra-principal-flor.png\",\"width\":1172,\"height\":330,\"caption\":\"CAMTRA NOVO\"},\"image\":{\"@id\":\"https:\/\/novo2023.camtra.org.br\/#\/schema\/logo\/image\/\"}},{\"@type\":\"Person\",\"@id\":\"https:\/\/novo2023.camtra.org.br\/#\/schema\/person\/f163af9cb65589aab5865b0437873a74\",\"name\":\"Casa da Mulher Trabalhadora\",\"image\":{\"@type\":\"ImageObject\",\"inLanguage\":\"pt-BR\",\"@id\":\"https:\/\/novo2023.camtra.org.br\/#\/schema\/person\/image\/\",\"url\":\"https:\/\/novo2023.camtra.org.br\/wp-content\/litespeed\/avatar\/4c87233a8b80506f010db0cccf69e8b5.jpg?ver=1777270965\",\"contentUrl\":\"https:\/\/novo2023.camtra.org.br\/wp-content\/litespeed\/avatar\/4c87233a8b80506f010db0cccf69e8b5.jpg?ver=1777270965\",\"caption\":\"Casa da Mulher Trabalhadora\"},\"url\":\"https:\/\/novo2023.camtra.org.br\/index.php\/author\/camtra\/\"}]}<\/script>\n<!-- \/ Yoast SEO plugin. -->","yoast_head_json":{"title":"Vacina Para Todas e Todos - CAMTRA NOVO","robots":{"index":"index","follow":"follow","max-snippet":"max-snippet:-1","max-image-preview":"max-image-preview:large","max-video-preview":"max-video-preview:-1"},"canonical":"https:\/\/novo2023.camtra.org.br\/index.php\/2020\/11\/11\/vacina-para-todas-e-todos\/","og_locale":"pt_BR","og_type":"article","og_title":"Vacina Para Todas e Todos - CAMTRA NOVO","og_description":"A pandemia da Covid-19 ressaltou as desigualdades sociais presentes na nossa sociedade. Toda a popula\u00e7\u00e3o foi afetada pelo novo v\u00edrus por\u00e9m, assim como em outros \u00e2mbitos, a situa\u00e7\u00e3o tamb\u00e9m teve recortes de ra\u00e7a, g\u00eanero e classe. Isso ficou claro quando a primeira morte pela doen\u00e7a no pa\u00eds foi de uma mulher negra empregada dom\u00e9stica que pegou a doen\u00e7a de sua patroa branca que acabava de retornar da Europa. A patroa sobreviveu. Em maio os dados mostravam que as pretas tinham 62% mais chances de morrer de COVI-19.","og_url":"https:\/\/novo2023.camtra.org.br\/index.php\/2020\/11\/11\/vacina-para-todas-e-todos\/","og_site_name":"CAMTRA NOVO","article_published_time":"2020-11-11T17:36:13+00:00","author":"Casa da Mulher Trabalhadora","twitter_card":"summary_large_image","twitter_misc":{"Escrito por":"Casa da Mulher Trabalhadora","Est. tempo de leitura":"2 minutos"},"schema":{"@context":"https:\/\/schema.org","@graph":[{"@type":"Article","@id":"https:\/\/novo2023.camtra.org.br\/index.php\/2020\/11\/11\/vacina-para-todas-e-todos\/#article","isPartOf":{"@id":"https:\/\/novo2023.camtra.org.br\/index.php\/2020\/11\/11\/vacina-para-todas-e-todos\/"},"author":{"name":"Casa da Mulher Trabalhadora","@id":"https:\/\/novo2023.camtra.org.br\/#\/schema\/person\/f163af9cb65589aab5865b0437873a74"},"headline":"Vacina Para Todas e Todos","datePublished":"2020-11-11T17:36:13+00:00","dateModified":"2020-11-11T17:36:13+00:00","mainEntityOfPage":{"@id":"https:\/\/novo2023.camtra.org.br\/index.php\/2020\/11\/11\/vacina-para-todas-e-todos\/"},"wordCount":395,"commentCount":0,"publisher":{"@id":"https:\/\/novo2023.camtra.org.br\/#organization"},"image":{"@id":"https:\/\/novo2023.camtra.org.br\/index.php\/2020\/11\/11\/vacina-para-todas-e-todos\/#primaryimage"},"thumbnailUrl":"https:\/\/novo2023.camtra.org.br\/wp-content\/uploads\/2020\/11\/vacina.jpeg","keywords":["vacina","vacinaparatodasetodos"],"articleSection":["CAMTRA-COVID-19"],"inLanguage":"pt-BR","potentialAction":[{"@type":"CommentAction","name":"Comment","target":["https:\/\/novo2023.camtra.org.br\/index.php\/2020\/11\/11\/vacina-para-todas-e-todos\/#respond"]}]},{"@type":"WebPage","@id":"https:\/\/novo2023.camtra.org.br\/index.php\/2020\/11\/11\/vacina-para-todas-e-todos\/","url":"https:\/\/novo2023.camtra.org.br\/index.php\/2020\/11\/11\/vacina-para-todas-e-todos\/","name":"Vacina Para Todas e Todos - CAMTRA NOVO","isPartOf":{"@id":"https:\/\/novo2023.camtra.org.br\/#website"},"primaryImageOfPage":{"@id":"https:\/\/novo2023.camtra.org.br\/index.php\/2020\/11\/11\/vacina-para-todas-e-todos\/#primaryimage"},"image":{"@id":"https:\/\/novo2023.camtra.org.br\/index.php\/2020\/11\/11\/vacina-para-todas-e-todos\/#primaryimage"},"thumbnailUrl":"https:\/\/novo2023.camtra.org.br\/wp-content\/uploads\/2020\/11\/vacina.jpeg","datePublished":"2020-11-11T17:36:13+00:00","dateModified":"2020-11-11T17:36:13+00:00","breadcrumb":{"@id":"https:\/\/novo2023.camtra.org.br\/index.php\/2020\/11\/11\/vacina-para-todas-e-todos\/#breadcrumb"},"inLanguage":"pt-BR","potentialAction":[{"@type":"ReadAction","target":["https:\/\/novo2023.camtra.org.br\/index.php\/2020\/11\/11\/vacina-para-todas-e-todos\/"]}]},{"@type":"ImageObject","inLanguage":"pt-BR","@id":"https:\/\/novo2023.camtra.org.br\/index.php\/2020\/11\/11\/vacina-para-todas-e-todos\/#primaryimage","url":"https:\/\/novo2023.camtra.org.br\/wp-content\/uploads\/2020\/11\/vacina.jpeg","contentUrl":"https:\/\/novo2023.camtra.org.br\/wp-content\/uploads\/2020\/11\/vacina.jpeg","width":1080,"height":1080},{"@type":"BreadcrumbList","@id":"https:\/\/novo2023.camtra.org.br\/index.php\/2020\/11\/11\/vacina-para-todas-e-todos\/#breadcrumb","itemListElement":[{"@type":"ListItem","position":1,"name":"Home","item":"https:\/\/novo2023.camtra.org.br\/"},{"@type":"ListItem","position":2,"name":"Vacina Para Todas e Todos"}]},{"@type":"WebSite","@id":"https:\/\/novo2023.camtra.org.br\/#website","url":"https:\/\/novo2023.camtra.org.br\/","name":"CAMTRA NOVO","description":"","publisher":{"@id":"https:\/\/novo2023.camtra.org.br\/#organization"},"potentialAction":[{"@type":"SearchAction","target":{"@type":"EntryPoint","urlTemplate":"https:\/\/novo2023.camtra.org.br\/?s={search_term_string}"},"query-input":"required name=search_term_string"}],"inLanguage":"pt-BR"},{"@type":"Organization","@id":"https:\/\/novo2023.camtra.org.br\/#organization","name":"CAMTRA NOVO","url":"https:\/\/novo2023.camtra.org.br\/","logo":{"@type":"ImageObject","inLanguage":"pt-BR","@id":"https:\/\/novo2023.camtra.org.br\/#\/schema\/logo\/image\/","url":"https:\/\/novo2023.camtra.org.br\/wp-content\/uploads\/2024\/01\/CAMTRA-comflor-roxa-logo_logo-camtra-principal-flor.png","contentUrl":"https:\/\/novo2023.camtra.org.br\/wp-content\/uploads\/2024\/01\/CAMTRA-comflor-roxa-logo_logo-camtra-principal-flor.png","width":1172,"height":330,"caption":"CAMTRA NOVO"},"image":{"@id":"https:\/\/novo2023.camtra.org.br\/#\/schema\/logo\/image\/"}},{"@type":"Person","@id":"https:\/\/novo2023.camtra.org.br\/#\/schema\/person\/f163af9cb65589aab5865b0437873a74","name":"Casa da Mulher Trabalhadora","image":{"@type":"ImageObject","inLanguage":"pt-BR","@id":"https:\/\/novo2023.camtra.org.br\/#\/schema\/person\/image\/","url":"https:\/\/novo2023.camtra.org.br\/wp-content\/litespeed\/avatar\/4c87233a8b80506f010db0cccf69e8b5.jpg?ver=1777270965","contentUrl":"https:\/\/novo2023.camtra.org.br\/wp-content\/litespeed\/avatar\/4c87233a8b80506f010db0cccf69e8b5.jpg?ver=1777270965","caption":"Casa da Mulher Trabalhadora"},"url":"https:\/\/novo2023.camtra.org.br\/index.php\/author\/camtra\/"}]}},"_links":{"self":[{"href":"https:\/\/novo2023.camtra.org.br\/index.php\/wp-json\/wp\/v2\/posts\/6086"}],"collection":[{"href":"https:\/\/novo2023.camtra.org.br\/index.php\/wp-json\/wp\/v2\/posts"}],"about":[{"href":"https:\/\/novo2023.camtra.org.br\/index.php\/wp-json\/wp\/v2\/types\/post"}],"author":[{"embeddable":true,"href":"https:\/\/novo2023.camtra.org.br\/index.php\/wp-json\/wp\/v2\/users\/3"}],"replies":[{"embeddable":true,"href":"https:\/\/novo2023.camtra.org.br\/index.php\/wp-json\/wp\/v2\/comments?post=6086"}],"version-history":[{"count":0,"href":"https:\/\/novo2023.camtra.org.br\/index.php\/wp-json\/wp\/v2\/posts\/6086\/revisions"}],"wp:featuredmedia":[{"embeddable":true,"href":"https:\/\/novo2023.camtra.org.br\/index.php\/wp-json\/wp\/v2\/media\/6087"}],"wp:attachment":[{"href":"https:\/\/novo2023.camtra.org.br\/index.php\/wp-json\/wp\/v2\/media?parent=6086"}],"wp:term":[{"taxonomy":"category","embeddable":true,"href":"https:\/\/novo2023.camtra.org.br\/index.php\/wp-json\/wp\/v2\/categories?post=6086"},{"taxonomy":"post_tag","embeddable":true,"href":"https:\/\/novo2023.camtra.org.br\/index.php\/wp-json\/wp\/v2\/tags?post=6086"}],"curies":[{"name":"wp","href":"https:\/\/api.w.org\/{rel}","templated":true}]}}