{"id":6064,"date":"2020-11-09T16:33:11","date_gmt":"2020-11-09T19:33:11","guid":{"rendered":"https:\/\/camtra.org.br\/?p=6064"},"modified":"2020-11-09T16:33:11","modified_gmt":"2020-11-09T19:33:11","slug":"escolha-do-calendario-da-camtra-2021-votacao-aberta","status":"publish","type":"post","link":"https:\/\/novo2023.camtra.org.br\/index.php\/2020\/11\/09\/escolha-do-calendario-da-camtra-2021-votacao-aberta\/","title":{"rendered":"Escolha do Calend\u00e1rio da CAMTRA 2021 &#8211; Vota\u00e7\u00e3o Aberta"},"content":{"rendered":"<div id=\"fb-root\"><\/div>\n<div class=\"kvgmc6g5 cxmmr5t8 oygrvhab hcukyx3x c1et5uql ii04i59q\">\n<div dir=\"auto\">O ano de 2020 est\u00e1 chegando ao fim e, mais uma vez, come\u00e7amos as prepara\u00e7\u00f5es para a produ\u00e7\u00e3o do nosso j\u00e1 tradicional Calend\u00e1rio da CAMTRA. Para o ano de 2021 foram selecionadas 6 mulheres que impactaram e ainda impactam o brasil e o mundo e as mais diversas realidade femininas.<\/div>\n<\/div>\n<div class=\"o9v6fnle cxmmr5t8 oygrvhab hcukyx3x c1et5uql ii04i59q\">\n<div dir=\"auto\">Esse ano a vota\u00e7\u00e3o ser\u00e1 aberta a TODAS!<\/div>\n<div dir=\"auto\"><\/div>\n<\/div>\n<div class=\"o9v6fnle cxmmr5t8 oygrvhab hcukyx3x c1et5uql ii04i59q\">\n<div dir=\"auto\">Acompanhe um pouco mais sobre as hist\u00f3rias de cada uma dessas mulheres incr\u00edveis e vote na sua preferida para estampar os nossos calend\u00e1rios de luta do pr\u00f3ximo ano atrav\u00e9s do link:<\/div>\n<div dir=\"auto\"><\/div>\n<\/div>\n<div class=\"o9v6fnle cxmmr5t8 oygrvhab hcukyx3x c1et5uql ii04i59q\">\n<div dir=\"auto\"><a class=\"oajrlxb2 g5ia77u1 qu0x051f esr5mh6w e9989ue4 r7d6kgcz rq0escxv nhd2j8a9 nc684nl6 p7hjln8o kvgmc6g5 cxmmr5t8 oygrvhab hcukyx3x jb3vyjys rz4wbd8a qt6c0cv9 a8nywdso i1ao9s8h esuyzwwr f1sip0of lzcic4wl py34i1dx gpro0wi8\" tabindex=\"0\" role=\"link\" href=\"https:\/\/l.facebook.com\/l.php?u=https%3A%2F%2Fforms.gle%2FVFHLLA7RkFnRnxYr9%3Ffbclid%3DIwAR3RBy-8O7JVGTDY3Kc4U4_5c6ArJ-pz-WiNAsNhdos78E_AMZUjVsR5CO0&amp;h=AT3Y2RnakIlCJvxjeEIhl4bah6SBjTM2V53OppHboNj8CkfP9_LW-cuSZ4vVkCNn_80Xh58gH1bEGGMMEFSyKegtWvei7zTUTUPmjnt3bSVcxWeRf_xtfhplO5QIRGq285yiQYWJQTaFSdPHARXG&amp;__tn__=-UK-R&amp;c[0]=AT0bELxHAs3hseSkaWUY-DHZV8AogciCZ_rLOnJKerzR9knt5-jfrQCMEbejibJXExVJIKa6toKpNOduwQuMtx68znX9K5K1oaxoxLxRPIoNWUidJ3rRPZE2BI4KDR5oq3BPPH-RucupplL-oshhJkx2u2SRDWFUeLLabLAxb9FGmpIvu99iVGcgjU8\" target=\"_blank\" rel=\"nofollow noopener\">https:\/\/forms.gle\/VFHLLA7RkFnRnxYr9<\/a><\/div>\n<\/div>\n<div class=\"o9v6fnle cxmmr5t8 oygrvhab hcukyx3x c1et5uql ii04i59q\">\n<div dir=\"auto\"><\/div>\n<div dir=\"auto\"><\/div>\n<\/div>\n<div class=\"o9v6fnle cxmmr5t8 oygrvhab hcukyx3x c1et5uql ii04i59q\">\n<div dir=\"auto\">Caso queira dar uma olhada nos nossos calend\u00e1rios dos anos anteriores e ver quais foram as homenageadas do nosso Calend\u00e1rio, basta clicar no link abaixo e selecionar &#8220;Calend\u00e1rios&#8221;:<\/div>\n<div dir=\"auto\"><a class=\"oajrlxb2 g5ia77u1 qu0x051f esr5mh6w e9989ue4 r7d6kgcz rq0escxv nhd2j8a9 nc684nl6 p7hjln8o kvgmc6g5 cxmmr5t8 oygrvhab hcukyx3x jb3vyjys rz4wbd8a qt6c0cv9 a8nywdso i1ao9s8h esuyzwwr f1sip0of lzcic4wl py34i1dx gpro0wi8\" tabindex=\"0\" role=\"link\" href=\"https:\/\/camtra.org.br\/nosso-trabalho\/publicacoes\/?fbclid=IwAR1DcSNLEwVGyNRQn17olZDicIqScLZKlWl2P_qgbGAlPZhNIcTtz1N0Xxg\" target=\"_blank\" rel=\"nofollow noopener\">https:\/\/camtra.org.br\/nosso-trabalho\/publicacoes\/<\/a><\/div>\n<\/div>\n<div class=\"o9v6fnle cxmmr5t8 oygrvhab hcukyx3x c1et5uql ii04i59q\">\n<div dir=\"auto\"><a class=\"oajrlxb2 g5ia77u1 qu0x051f esr5mh6w e9989ue4 r7d6kgcz rq0escxv nhd2j8a9 nc684nl6 p7hjln8o kvgmc6g5 cxmmr5t8 oygrvhab hcukyx3x jb3vyjys rz4wbd8a qt6c0cv9 a8nywdso i1ao9s8h esuyzwwr f1sip0of lzcic4wl q66pz984 gpro0wi8 b1v8xokw\" tabindex=\"0\" role=\"link\" href=\"https:\/\/www.facebook.com\/hashtag\/calendariocamtra?__eep__=6&amp;__cft__[0]=AZWLJ_MSqwl_AdtDWeCoI-AhBenIVuILXo-S9DRRLueES__lVii8bATIGlQdgbgu7_KqRW1f204LlW7cSnRs-iSjOpcq9bEkqiczDQqOR4aUWlrVAwomHq4aTGEFyrMlm3SPdMQwQRC8ezb4xztju5HbeenuFiwVB9R7gb29giHxDw&amp;__tn__=*NK-R\">#CalendarioCamtra<\/a> <a class=\"oajrlxb2 g5ia77u1 qu0x051f esr5mh6w e9989ue4 r7d6kgcz rq0escxv nhd2j8a9 nc684nl6 p7hjln8o kvgmc6g5 cxmmr5t8 oygrvhab hcukyx3x jb3vyjys rz4wbd8a qt6c0cv9 a8nywdso i1ao9s8h esuyzwwr f1sip0of lzcic4wl q66pz984 gpro0wi8 b1v8xokw\" tabindex=\"0\" role=\"link\" href=\"https:\/\/www.facebook.com\/hashtag\/feminista?__eep__=6&amp;__cft__[0]=AZWLJ_MSqwl_AdtDWeCoI-AhBenIVuILXo-S9DRRLueES__lVii8bATIGlQdgbgu7_KqRW1f204LlW7cSnRs-iSjOpcq9bEkqiczDQqOR4aUWlrVAwomHq4aTGEFyrMlm3SPdMQwQRC8ezb4xztju5HbeenuFiwVB9R7gb29giHxDw&amp;__tn__=*NK-R\">#Feminista<\/a> <a class=\"oajrlxb2 g5ia77u1 qu0x051f esr5mh6w e9989ue4 r7d6kgcz rq0escxv nhd2j8a9 nc684nl6 p7hjln8o kvgmc6g5 cxmmr5t8 oygrvhab hcukyx3x jb3vyjys rz4wbd8a qt6c0cv9 a8nywdso i1ao9s8h esuyzwwr f1sip0of lzcic4wl q66pz984 gpro0wi8 b1v8xokw\" tabindex=\"0\" role=\"link\" href=\"https:\/\/www.facebook.com\/hashtag\/ananeri?__eep__=6&amp;__cft__[0]=AZWLJ_MSqwl_AdtDWeCoI-AhBenIVuILXo-S9DRRLueES__lVii8bATIGlQdgbgu7_KqRW1f204LlW7cSnRs-iSjOpcq9bEkqiczDQqOR4aUWlrVAwomHq4aTGEFyrMlm3SPdMQwQRC8ezb4xztju5HbeenuFiwVB9R7gb29giHxDw&amp;__tn__=*NK-R\">#AnaNeri<\/a> <a class=\"oajrlxb2 g5ia77u1 qu0x051f esr5mh6w e9989ue4 r7d6kgcz rq0escxv nhd2j8a9 nc684nl6 p7hjln8o kvgmc6g5 cxmmr5t8 oygrvhab hcukyx3x jb3vyjys rz4wbd8a qt6c0cv9 a8nywdso i1ao9s8h esuyzwwr f1sip0of lzcic4wl q66pz984 gpro0wi8 b1v8xokw\" tabindex=\"0\" role=\"link\" href=\"https:\/\/www.facebook.com\/hashtag\/coracoralina?__eep__=6&amp;__cft__[0]=AZWLJ_MSqwl_AdtDWeCoI-AhBenIVuILXo-S9DRRLueES__lVii8bATIGlQdgbgu7_KqRW1f204LlW7cSnRs-iSjOpcq9bEkqiczDQqOR4aUWlrVAwomHq4aTGEFyrMlm3SPdMQwQRC8ezb4xztju5HbeenuFiwVB9R7gb29giHxDw&amp;__tn__=*NK-R\">#CoraCoralina<\/a> <a class=\"oajrlxb2 g5ia77u1 qu0x051f esr5mh6w e9989ue4 r7d6kgcz rq0escxv nhd2j8a9 nc684nl6 p7hjln8o kvgmc6g5 cxmmr5t8 oygrvhab hcukyx3x jb3vyjys rz4wbd8a qt6c0cv9 a8nywdso i1ao9s8h esuyzwwr f1sip0of lzcic4wl q66pz984 gpro0wi8 b1v8xokw\" tabindex=\"0\" role=\"link\" href=\"https:\/\/www.facebook.com\/hashtag\/donaivonelara?__eep__=6&amp;__cft__[0]=AZWLJ_MSqwl_AdtDWeCoI-AhBenIVuILXo-S9DRRLueES__lVii8bATIGlQdgbgu7_KqRW1f204LlW7cSnRs-iSjOpcq9bEkqiczDQqOR4aUWlrVAwomHq4aTGEFyrMlm3SPdMQwQRC8ezb4xztju5HbeenuFiwVB9R7gb29giHxDw&amp;__tn__=*NK-R\">#DonaIvoneLara<\/a> <a class=\"oajrlxb2 g5ia77u1 qu0x051f esr5mh6w e9989ue4 r7d6kgcz rq0escxv nhd2j8a9 nc684nl6 p7hjln8o kvgmc6g5 cxmmr5t8 oygrvhab hcukyx3x jb3vyjys rz4wbd8a qt6c0cv9 a8nywdso i1ao9s8h esuyzwwr f1sip0of lzcic4wl q66pz984 gpro0wi8 b1v8xokw\" tabindex=\"0\" role=\"link\" href=\"https:\/\/www.facebook.com\/hashtag\/henriettalacks?__eep__=6&amp;__cft__[0]=AZWLJ_MSqwl_AdtDWeCoI-AhBenIVuILXo-S9DRRLueES__lVii8bATIGlQdgbgu7_KqRW1f204LlW7cSnRs-iSjOpcq9bEkqiczDQqOR4aUWlrVAwomHq4aTGEFyrMlm3SPdMQwQRC8ezb4xztju5HbeenuFiwVB9R7gb29giHxDw&amp;__tn__=*NK-R\">#HenriettaLacks<\/a> <a class=\"oajrlxb2 g5ia77u1 qu0x051f esr5mh6w e9989ue4 r7d6kgcz rq0escxv nhd2j8a9 nc684nl6 p7hjln8o kvgmc6g5 cxmmr5t8 oygrvhab hcukyx3x jb3vyjys rz4wbd8a qt6c0cv9 a8nywdso i1ao9s8h esuyzwwr f1sip0of lzcic4wl q66pz984 gpro0wi8 b1v8xokw\" tabindex=\"0\" role=\"link\" href=\"https:\/\/www.facebook.com\/hashtag\/nisedasilveira?__eep__=6&amp;__cft__[0]=AZWLJ_MSqwl_AdtDWeCoI-AhBenIVuILXo-S9DRRLueES__lVii8bATIGlQdgbgu7_KqRW1f204LlW7cSnRs-iSjOpcq9bEkqiczDQqOR4aUWlrVAwomHq4aTGEFyrMlm3SPdMQwQRC8ezb4xztju5HbeenuFiwVB9R7gb29giHxDw&amp;__tn__=*NK-R\">#NisedaSilveira<\/a> <a class=\"oajrlxb2 g5ia77u1 qu0x051f esr5mh6w e9989ue4 r7d6kgcz rq0escxv nhd2j8a9 nc684nl6 p7hjln8o kvgmc6g5 cxmmr5t8 oygrvhab hcukyx3x jb3vyjys rz4wbd8a qt6c0cv9 a8nywdso i1ao9s8h esuyzwwr f1sip0of lzcic4wl q66pz984 gpro0wi8 b1v8xokw\" tabindex=\"0\" role=\"link\" href=\"https:\/\/www.facebook.com\/hashtag\/pagu?__eep__=6&amp;__cft__[0]=AZWLJ_MSqwl_AdtDWeCoI-AhBenIVuILXo-S9DRRLueES__lVii8bATIGlQdgbgu7_KqRW1f204LlW7cSnRs-iSjOpcq9bEkqiczDQqOR4aUWlrVAwomHq4aTGEFyrMlm3SPdMQwQRC8ezb4xztju5HbeenuFiwVB9R7gb29giHxDw&amp;__tn__=*NK-R\">#Pagu<\/a> #2021<\/div>\n<div dir=\"auto\">\n<div style=\"width: 1080px;\" class=\"wp-video\"><!--[if lt IE 9]><script>document.createElement('video');<\/script><![endif]-->\n<video class=\"wp-video-shortcode\" id=\"video-6064-1\" width=\"1080\" height=\"1080\" preload=\"metadata\" controls=\"controls\"><source type=\"video\/mp4\" src=\"https:\/\/novo2023.camtra.org.br\/wp-content\/uploads\/2020\/11\/video-calendario.mp4?_=1\" \/><a href=\"https:\/\/novo2023.camtra.org.br\/wp-content\/uploads\/2020\/11\/video-calendario.mp4\">https:\/\/novo2023.camtra.org.br\/wp-content\/uploads\/2020\/11\/video-calendario.mp4<\/a><\/video><\/div>\n<\/div>\n<\/div>\n","protected":false},"excerpt":{"rendered":"<p>O ano de 2020 est\u00e1 chegando ao fim e, mais uma vez, come\u00e7amos as prepara\u00e7\u00f5es para a produ\u00e7\u00e3o do nosso j\u00e1 tradicional Calend\u00e1rio da CAMTRA. Para o ano de 2021 foram selecionadas 6 mulheres que impactaram e ainda impactam o brasil e o mundo e as mais diversas realidade femininas.<br \/>\nEsse ano a vota\u00e7\u00e3o ser\u00e1 aberta a TODAS!<\/p>\n","protected":false},"author":1,"featured_media":6068,"comment_status":"open","ping_status":"open","sticky":false,"template":"","format":"standard","meta":{"om_disable_all_campaigns":false,"_monsterinsights_skip_tracking":false,"_monsterinsights_sitenote_active":false,"_monsterinsights_sitenote_note":"","_monsterinsights_sitenote_category":0,"_uf_show_specific_survey":0,"_uf_disable_surveys":false,"ocean_post_layout":"","ocean_both_sidebars_style":"","ocean_both_sidebars_content_width":0,"ocean_both_sidebars_sidebars_width":0,"ocean_sidebar":"","ocean_second_sidebar":"","ocean_disable_margins":"enable","ocean_add_body_class":"","ocean_shortcode_before_top_bar":"","ocean_shortcode_after_top_bar":"","ocean_shortcode_before_header":"","ocean_shortcode_after_header":"","ocean_has_shortcode":"","ocean_shortcode_after_title":"","ocean_shortcode_before_footer_widgets":"","ocean_shortcode_after_footer_widgets":"","ocean_shortcode_before_footer_bottom":"","ocean_shortcode_after_footer_bottom":"","ocean_display_top_bar":"default","ocean_display_header":"default","ocean_header_style":"","ocean_center_header_left_menu":"","ocean_custom_header_template":"","ocean_custom_logo":0,"ocean_custom_retina_logo":0,"ocean_custom_logo_max_width":0,"ocean_custom_logo_tablet_max_width":0,"ocean_custom_logo_mobile_max_width":0,"ocean_custom_logo_max_height":0,"ocean_custom_logo_tablet_max_height":0,"ocean_custom_logo_mobile_max_height":0,"ocean_header_custom_menu":"","ocean_menu_typo_font_family":"","ocean_menu_typo_font_subset":"","ocean_menu_typo_font_size":0,"ocean_menu_typo_font_size_tablet":0,"ocean_menu_typo_font_size_mobile":0,"ocean_menu_typo_font_size_unit":"px","ocean_menu_typo_font_weight":"","ocean_menu_typo_font_weight_tablet":"","ocean_menu_typo_font_weight_mobile":"","ocean_menu_typo_transform":"","ocean_menu_typo_transform_tablet":"","ocean_menu_typo_transform_mobile":"","ocean_menu_typo_line_height":0,"ocean_menu_typo_line_height_tablet":0,"ocean_menu_typo_line_height_mobile":0,"ocean_menu_typo_line_height_unit":"","ocean_menu_typo_spacing":0,"ocean_menu_typo_spacing_tablet":0,"ocean_menu_typo_spacing_mobile":0,"ocean_menu_typo_spacing_unit":"","ocean_menu_link_color":"","ocean_menu_link_color_hover":"","ocean_menu_link_color_active":"","ocean_menu_link_background":"","ocean_menu_link_hover_background":"","ocean_menu_link_active_background":"","ocean_menu_social_links_bg":"","ocean_menu_social_hover_links_bg":"","ocean_menu_social_links_color":"","ocean_menu_social_hover_links_color":"","ocean_disable_title":"default","ocean_disable_heading":"default","ocean_post_title":"","ocean_post_subheading":"","ocean_post_title_style":"","ocean_post_title_background_color":"","ocean_post_title_background":0,"ocean_post_title_bg_image_position":"","ocean_post_title_bg_image_attachment":"","ocean_post_title_bg_image_repeat":"","ocean_post_title_bg_image_size":"","ocean_post_title_height":0,"ocean_post_title_bg_overlay":0.5,"ocean_post_title_bg_overlay_color":"","ocean_disable_breadcrumbs":"default","ocean_breadcrumbs_color":"","ocean_breadcrumbs_separator_color":"","ocean_breadcrumbs_links_color":"","ocean_breadcrumbs_links_hover_color":"","ocean_display_footer_widgets":"default","ocean_display_footer_bottom":"default","ocean_custom_footer_template":"","ocean_post_oembed":"","ocean_post_self_hosted_media":"","ocean_post_video_embed":"","ocean_link_format":"","ocean_link_format_target":"self","ocean_quote_format":"","ocean_quote_format_link":"post","ocean_gallery_link_images":"on","ocean_gallery_id":[],"footnotes":""},"categories":[6],"tags":[],"class_list":["post-6064","post","type-post","status-publish","format-standard","has-post-thumbnail","hentry","category-publicacoes","entry","has-media"],"aioseo_notices":[],"yoast_head":"<!-- This site is optimized with the Yoast SEO plugin v23.0 - https:\/\/yoast.com\/wordpress\/plugins\/seo\/ -->\n<title>Escolha do Calend\u00e1rio da CAMTRA 2021 - Vota\u00e7\u00e3o Aberta - CAMTRA NOVO<\/title>\n<meta name=\"robots\" content=\"index, follow, max-snippet:-1, max-image-preview:large, max-video-preview:-1\" \/>\n<link rel=\"canonical\" href=\"https:\/\/novo2023.camtra.org.br\/index.php\/2020\/11\/09\/escolha-do-calendario-da-camtra-2021-votacao-aberta\/\" \/>\n<meta property=\"og:locale\" content=\"pt_BR\" \/>\n<meta property=\"og:type\" content=\"article\" \/>\n<meta property=\"og:title\" content=\"Escolha do Calend\u00e1rio da CAMTRA 2021 - Vota\u00e7\u00e3o Aberta - CAMTRA NOVO\" \/>\n<meta property=\"og:description\" content=\"O ano de 2020 est\u00e1 chegando ao fim e, mais uma vez, come\u00e7amos as prepara\u00e7\u00f5es para a produ\u00e7\u00e3o do nosso j\u00e1 tradicional Calend\u00e1rio da CAMTRA. Para o ano de 2021 foram selecionadas 6 mulheres que impactaram e ainda impactam o brasil e o mundo e as mais diversas realidade femininas. Esse ano a vota\u00e7\u00e3o ser\u00e1 aberta a TODAS!\" \/>\n<meta property=\"og:url\" content=\"https:\/\/novo2023.camtra.org.br\/index.php\/2020\/11\/09\/escolha-do-calendario-da-camtra-2021-votacao-aberta\/\" \/>\n<meta property=\"og:site_name\" content=\"CAMTRA NOVO\" \/>\n<meta property=\"article:published_time\" content=\"2020-11-09T19:33:11+00:00\" \/>\n<meta name=\"author\" content=\"alter\" \/>\n<meta name=\"twitter:card\" content=\"summary_large_image\" \/>\n<meta name=\"twitter:label1\" content=\"Escrito por\" \/>\n\t<meta name=\"twitter:data1\" content=\"alter\" \/>\n\t<meta name=\"twitter:label2\" content=\"Est. tempo de leitura\" \/>\n\t<meta name=\"twitter:data2\" content=\"1 minuto\" \/>\n<script type=\"application\/ld+json\" class=\"yoast-schema-graph\">{\"@context\":\"https:\/\/schema.org\",\"@graph\":[{\"@type\":\"Article\",\"@id\":\"https:\/\/novo2023.camtra.org.br\/index.php\/2020\/11\/09\/escolha-do-calendario-da-camtra-2021-votacao-aberta\/#article\",\"isPartOf\":{\"@id\":\"https:\/\/novo2023.camtra.org.br\/index.php\/2020\/11\/09\/escolha-do-calendario-da-camtra-2021-votacao-aberta\/\"},\"author\":{\"name\":\"alter\",\"@id\":\"https:\/\/novo2023.camtra.org.br\/#\/schema\/person\/15fb554c7c7e80758d7b3e44634f5118\"},\"headline\":\"Escolha do Calend\u00e1rio da CAMTRA 2021 &#8211; Vota\u00e7\u00e3o Aberta\",\"datePublished\":\"2020-11-09T19:33:11+00:00\",\"dateModified\":\"2020-11-09T19:33:11+00:00\",\"mainEntityOfPage\":{\"@id\":\"https:\/\/novo2023.camtra.org.br\/index.php\/2020\/11\/09\/escolha-do-calendario-da-camtra-2021-votacao-aberta\/\"},\"wordCount\":170,\"commentCount\":0,\"publisher\":{\"@id\":\"https:\/\/novo2023.camtra.org.br\/#organization\"},\"image\":{\"@id\":\"https:\/\/novo2023.camtra.org.br\/index.php\/2020\/11\/09\/escolha-do-calendario-da-camtra-2021-votacao-aberta\/#primaryimage\"},\"thumbnailUrl\":\"https:\/\/novo2023.camtra.org.br\/wp-content\/uploads\/2020\/11\/Imagem-site.png\",\"articleSection\":[\"Publica\u00e7\u00f5es\"],\"inLanguage\":\"pt-BR\",\"potentialAction\":[{\"@type\":\"CommentAction\",\"name\":\"Comment\",\"target\":[\"https:\/\/novo2023.camtra.org.br\/index.php\/2020\/11\/09\/escolha-do-calendario-da-camtra-2021-votacao-aberta\/#respond\"]}]},{\"@type\":\"WebPage\",\"@id\":\"https:\/\/novo2023.camtra.org.br\/index.php\/2020\/11\/09\/escolha-do-calendario-da-camtra-2021-votacao-aberta\/\",\"url\":\"https:\/\/novo2023.camtra.org.br\/index.php\/2020\/11\/09\/escolha-do-calendario-da-camtra-2021-votacao-aberta\/\",\"name\":\"Escolha do Calend\u00e1rio da CAMTRA 2021 - Vota\u00e7\u00e3o Aberta - CAMTRA NOVO\",\"isPartOf\":{\"@id\":\"https:\/\/novo2023.camtra.org.br\/#website\"},\"primaryImageOfPage\":{\"@id\":\"https:\/\/novo2023.camtra.org.br\/index.php\/2020\/11\/09\/escolha-do-calendario-da-camtra-2021-votacao-aberta\/#primaryimage\"},\"image\":{\"@id\":\"https:\/\/novo2023.camtra.org.br\/index.php\/2020\/11\/09\/escolha-do-calendario-da-camtra-2021-votacao-aberta\/#primaryimage\"},\"thumbnailUrl\":\"https:\/\/novo2023.camtra.org.br\/wp-content\/uploads\/2020\/11\/Imagem-site.png\",\"datePublished\":\"2020-11-09T19:33:11+00:00\",\"dateModified\":\"2020-11-09T19:33:11+00:00\",\"breadcrumb\":{\"@id\":\"https:\/\/novo2023.camtra.org.br\/index.php\/2020\/11\/09\/escolha-do-calendario-da-camtra-2021-votacao-aberta\/#breadcrumb\"},\"inLanguage\":\"pt-BR\",\"potentialAction\":[{\"@type\":\"ReadAction\",\"target\":[\"https:\/\/novo2023.camtra.org.br\/index.php\/2020\/11\/09\/escolha-do-calendario-da-camtra-2021-votacao-aberta\/\"]}]},{\"@type\":\"ImageObject\",\"inLanguage\":\"pt-BR\",\"@id\":\"https:\/\/novo2023.camtra.org.br\/index.php\/2020\/11\/09\/escolha-do-calendario-da-camtra-2021-votacao-aberta\/#primaryimage\",\"url\":\"https:\/\/novo2023.camtra.org.br\/wp-content\/uploads\/2020\/11\/Imagem-site.png\",\"contentUrl\":\"https:\/\/novo2023.camtra.org.br\/wp-content\/uploads\/2020\/11\/Imagem-site.png\",\"width\":1080,\"height\":1080},{\"@type\":\"BreadcrumbList\",\"@id\":\"https:\/\/novo2023.camtra.org.br\/index.php\/2020\/11\/09\/escolha-do-calendario-da-camtra-2021-votacao-aberta\/#breadcrumb\",\"itemListElement\":[{\"@type\":\"ListItem\",\"position\":1,\"name\":\"Home\",\"item\":\"https:\/\/novo2023.camtra.org.br\/\"},{\"@type\":\"ListItem\",\"position\":2,\"name\":\"Escolha do Calend\u00e1rio da CAMTRA 2021 &#8211; Vota\u00e7\u00e3o Aberta\"}]},{\"@type\":\"WebSite\",\"@id\":\"https:\/\/novo2023.camtra.org.br\/#website\",\"url\":\"https:\/\/novo2023.camtra.org.br\/\",\"name\":\"CAMTRA NOVO\",\"description\":\"\",\"publisher\":{\"@id\":\"https:\/\/novo2023.camtra.org.br\/#organization\"},\"potentialAction\":[{\"@type\":\"SearchAction\",\"target\":{\"@type\":\"EntryPoint\",\"urlTemplate\":\"https:\/\/novo2023.camtra.org.br\/?s={search_term_string}\"},\"query-input\":\"required name=search_term_string\"}],\"inLanguage\":\"pt-BR\"},{\"@type\":\"Organization\",\"@id\":\"https:\/\/novo2023.camtra.org.br\/#organization\",\"name\":\"CAMTRA NOVO\",\"url\":\"https:\/\/novo2023.camtra.org.br\/\",\"logo\":{\"@type\":\"ImageObject\",\"inLanguage\":\"pt-BR\",\"@id\":\"https:\/\/novo2023.camtra.org.br\/#\/schema\/logo\/image\/\",\"url\":\"https:\/\/novo2023.camtra.org.br\/wp-content\/uploads\/2024\/01\/CAMTRA-comflor-roxa-logo_logo-camtra-principal-flor.png\",\"contentUrl\":\"https:\/\/novo2023.camtra.org.br\/wp-content\/uploads\/2024\/01\/CAMTRA-comflor-roxa-logo_logo-camtra-principal-flor.png\",\"width\":1172,\"height\":330,\"caption\":\"CAMTRA NOVO\"},\"image\":{\"@id\":\"https:\/\/novo2023.camtra.org.br\/#\/schema\/logo\/image\/\"}},{\"@type\":\"Person\",\"@id\":\"https:\/\/novo2023.camtra.org.br\/#\/schema\/person\/15fb554c7c7e80758d7b3e44634f5118\",\"name\":\"alter\",\"image\":{\"@type\":\"ImageObject\",\"inLanguage\":\"pt-BR\",\"@id\":\"https:\/\/novo2023.camtra.org.br\/#\/schema\/person\/image\/\",\"url\":\"https:\/\/novo2023.camtra.org.br\/wp-content\/litespeed\/avatar\/5227e4c6fe242ae45e670da808858849.jpg?ver=1777448579\",\"contentUrl\":\"https:\/\/novo2023.camtra.org.br\/wp-content\/litespeed\/avatar\/5227e4c6fe242ae45e670da808858849.jpg?ver=1777448579\",\"caption\":\"alter\"},\"sameAs\":[\"https:\/\/novo2023.camtra.org.br\"],\"url\":\"https:\/\/novo2023.camtra.org.br\/index.php\/author\/alter\/\"}]}<\/script>\n<!-- \/ Yoast SEO plugin. -->","yoast_head_json":{"title":"Escolha do Calend\u00e1rio da CAMTRA 2021 - Vota\u00e7\u00e3o Aberta - CAMTRA NOVO","robots":{"index":"index","follow":"follow","max-snippet":"max-snippet:-1","max-image-preview":"max-image-preview:large","max-video-preview":"max-video-preview:-1"},"canonical":"https:\/\/novo2023.camtra.org.br\/index.php\/2020\/11\/09\/escolha-do-calendario-da-camtra-2021-votacao-aberta\/","og_locale":"pt_BR","og_type":"article","og_title":"Escolha do Calend\u00e1rio da CAMTRA 2021 - Vota\u00e7\u00e3o Aberta - CAMTRA NOVO","og_description":"O ano de 2020 est\u00e1 chegando ao fim e, mais uma vez, come\u00e7amos as prepara\u00e7\u00f5es para a produ\u00e7\u00e3o do nosso j\u00e1 tradicional Calend\u00e1rio da CAMTRA. Para o ano de 2021 foram selecionadas 6 mulheres que impactaram e ainda impactam o brasil e o mundo e as mais diversas realidade femininas. Esse ano a vota\u00e7\u00e3o ser\u00e1 aberta a TODAS!","og_url":"https:\/\/novo2023.camtra.org.br\/index.php\/2020\/11\/09\/escolha-do-calendario-da-camtra-2021-votacao-aberta\/","og_site_name":"CAMTRA NOVO","article_published_time":"2020-11-09T19:33:11+00:00","author":"alter","twitter_card":"summary_large_image","twitter_misc":{"Escrito por":"alter","Est. tempo de leitura":"1 minuto"},"schema":{"@context":"https:\/\/schema.org","@graph":[{"@type":"Article","@id":"https:\/\/novo2023.camtra.org.br\/index.php\/2020\/11\/09\/escolha-do-calendario-da-camtra-2021-votacao-aberta\/#article","isPartOf":{"@id":"https:\/\/novo2023.camtra.org.br\/index.php\/2020\/11\/09\/escolha-do-calendario-da-camtra-2021-votacao-aberta\/"},"author":{"name":"alter","@id":"https:\/\/novo2023.camtra.org.br\/#\/schema\/person\/15fb554c7c7e80758d7b3e44634f5118"},"headline":"Escolha do Calend\u00e1rio da CAMTRA 2021 &#8211; Vota\u00e7\u00e3o Aberta","datePublished":"2020-11-09T19:33:11+00:00","dateModified":"2020-11-09T19:33:11+00:00","mainEntityOfPage":{"@id":"https:\/\/novo2023.camtra.org.br\/index.php\/2020\/11\/09\/escolha-do-calendario-da-camtra-2021-votacao-aberta\/"},"wordCount":170,"commentCount":0,"publisher":{"@id":"https:\/\/novo2023.camtra.org.br\/#organization"},"image":{"@id":"https:\/\/novo2023.camtra.org.br\/index.php\/2020\/11\/09\/escolha-do-calendario-da-camtra-2021-votacao-aberta\/#primaryimage"},"thumbnailUrl":"https:\/\/novo2023.camtra.org.br\/wp-content\/uploads\/2020\/11\/Imagem-site.png","articleSection":["Publica\u00e7\u00f5es"],"inLanguage":"pt-BR","potentialAction":[{"@type":"CommentAction","name":"Comment","target":["https:\/\/novo2023.camtra.org.br\/index.php\/2020\/11\/09\/escolha-do-calendario-da-camtra-2021-votacao-aberta\/#respond"]}]},{"@type":"WebPage","@id":"https:\/\/novo2023.camtra.org.br\/index.php\/2020\/11\/09\/escolha-do-calendario-da-camtra-2021-votacao-aberta\/","url":"https:\/\/novo2023.camtra.org.br\/index.php\/2020\/11\/09\/escolha-do-calendario-da-camtra-2021-votacao-aberta\/","name":"Escolha do Calend\u00e1rio da CAMTRA 2021 - Vota\u00e7\u00e3o Aberta - CAMTRA NOVO","isPartOf":{"@id":"https:\/\/novo2023.camtra.org.br\/#website"},"primaryImageOfPage":{"@id":"https:\/\/novo2023.camtra.org.br\/index.php\/2020\/11\/09\/escolha-do-calendario-da-camtra-2021-votacao-aberta\/#primaryimage"},"image":{"@id":"https:\/\/novo2023.camtra.org.br\/index.php\/2020\/11\/09\/escolha-do-calendario-da-camtra-2021-votacao-aberta\/#primaryimage"},"thumbnailUrl":"https:\/\/novo2023.camtra.org.br\/wp-content\/uploads\/2020\/11\/Imagem-site.png","datePublished":"2020-11-09T19:33:11+00:00","dateModified":"2020-11-09T19:33:11+00:00","breadcrumb":{"@id":"https:\/\/novo2023.camtra.org.br\/index.php\/2020\/11\/09\/escolha-do-calendario-da-camtra-2021-votacao-aberta\/#breadcrumb"},"inLanguage":"pt-BR","potentialAction":[{"@type":"ReadAction","target":["https:\/\/novo2023.camtra.org.br\/index.php\/2020\/11\/09\/escolha-do-calendario-da-camtra-2021-votacao-aberta\/"]}]},{"@type":"ImageObject","inLanguage":"pt-BR","@id":"https:\/\/novo2023.camtra.org.br\/index.php\/2020\/11\/09\/escolha-do-calendario-da-camtra-2021-votacao-aberta\/#primaryimage","url":"https:\/\/novo2023.camtra.org.br\/wp-content\/uploads\/2020\/11\/Imagem-site.png","contentUrl":"https:\/\/novo2023.camtra.org.br\/wp-content\/uploads\/2020\/11\/Imagem-site.png","width":1080,"height":1080},{"@type":"BreadcrumbList","@id":"https:\/\/novo2023.camtra.org.br\/index.php\/2020\/11\/09\/escolha-do-calendario-da-camtra-2021-votacao-aberta\/#breadcrumb","itemListElement":[{"@type":"ListItem","position":1,"name":"Home","item":"https:\/\/novo2023.camtra.org.br\/"},{"@type":"ListItem","position":2,"name":"Escolha do Calend\u00e1rio da CAMTRA 2021 &#8211; Vota\u00e7\u00e3o Aberta"}]},{"@type":"WebSite","@id":"https:\/\/novo2023.camtra.org.br\/#website","url":"https:\/\/novo2023.camtra.org.br\/","name":"CAMTRA NOVO","description":"","publisher":{"@id":"https:\/\/novo2023.camtra.org.br\/#organization"},"potentialAction":[{"@type":"SearchAction","target":{"@type":"EntryPoint","urlTemplate":"https:\/\/novo2023.camtra.org.br\/?s={search_term_string}"},"query-input":"required name=search_term_string"}],"inLanguage":"pt-BR"},{"@type":"Organization","@id":"https:\/\/novo2023.camtra.org.br\/#organization","name":"CAMTRA NOVO","url":"https:\/\/novo2023.camtra.org.br\/","logo":{"@type":"ImageObject","inLanguage":"pt-BR","@id":"https:\/\/novo2023.camtra.org.br\/#\/schema\/logo\/image\/","url":"https:\/\/novo2023.camtra.org.br\/wp-content\/uploads\/2024\/01\/CAMTRA-comflor-roxa-logo_logo-camtra-principal-flor.png","contentUrl":"https:\/\/novo2023.camtra.org.br\/wp-content\/uploads\/2024\/01\/CAMTRA-comflor-roxa-logo_logo-camtra-principal-flor.png","width":1172,"height":330,"caption":"CAMTRA NOVO"},"image":{"@id":"https:\/\/novo2023.camtra.org.br\/#\/schema\/logo\/image\/"}},{"@type":"Person","@id":"https:\/\/novo2023.camtra.org.br\/#\/schema\/person\/15fb554c7c7e80758d7b3e44634f5118","name":"alter","image":{"@type":"ImageObject","inLanguage":"pt-BR","@id":"https:\/\/novo2023.camtra.org.br\/#\/schema\/person\/image\/","url":"https:\/\/novo2023.camtra.org.br\/wp-content\/litespeed\/avatar\/5227e4c6fe242ae45e670da808858849.jpg?ver=1777448579","contentUrl":"https:\/\/novo2023.camtra.org.br\/wp-content\/litespeed\/avatar\/5227e4c6fe242ae45e670da808858849.jpg?ver=1777448579","caption":"alter"},"sameAs":["https:\/\/novo2023.camtra.org.br"],"url":"https:\/\/novo2023.camtra.org.br\/index.php\/author\/alter\/"}]}},"_links":{"self":[{"href":"https:\/\/novo2023.camtra.org.br\/index.php\/wp-json\/wp\/v2\/posts\/6064"}],"collection":[{"href":"https:\/\/novo2023.camtra.org.br\/index.php\/wp-json\/wp\/v2\/posts"}],"about":[{"href":"https:\/\/novo2023.camtra.org.br\/index.php\/wp-json\/wp\/v2\/types\/post"}],"author":[{"embeddable":true,"href":"https:\/\/novo2023.camtra.org.br\/index.php\/wp-json\/wp\/v2\/users\/1"}],"replies":[{"embeddable":true,"href":"https:\/\/novo2023.camtra.org.br\/index.php\/wp-json\/wp\/v2\/comments?post=6064"}],"version-history":[{"count":0,"href":"https:\/\/novo2023.camtra.org.br\/index.php\/wp-json\/wp\/v2\/posts\/6064\/revisions"}],"wp:featuredmedia":[{"embeddable":true,"href":"https:\/\/novo2023.camtra.org.br\/index.php\/wp-json\/wp\/v2\/media\/6068"}],"wp:attachment":[{"href":"https:\/\/novo2023.camtra.org.br\/index.php\/wp-json\/wp\/v2\/media?parent=6064"}],"wp:term":[{"taxonomy":"category","embeddable":true,"href":"https:\/\/novo2023.camtra.org.br\/index.php\/wp-json\/wp\/v2\/categories?post=6064"},{"taxonomy":"post_tag","embeddable":true,"href":"https:\/\/novo2023.camtra.org.br\/index.php\/wp-json\/wp\/v2\/tags?post=6064"}],"curies":[{"name":"wp","href":"https:\/\/api.w.org\/{rel}","templated":true}]}}