{"id":5999,"date":"2020-10-28T15:19:21","date_gmt":"2020-10-28T18:19:21","guid":{"rendered":"https:\/\/camtra.org.br\/?p=5999"},"modified":"2020-10-28T15:19:21","modified_gmt":"2020-10-28T18:19:21","slug":"serie-legislacao-do-aborto-na-america-latina-republica-dominicana","status":"publish","type":"post","link":"https:\/\/novo2023.camtra.org.br\/index.php\/2020\/10\/28\/serie-legislacao-do-aborto-na-america-latina-republica-dominicana\/","title":{"rendered":"S\u00e9rie Legisla\u00e7\u00e3o do Aborto na Am\u00e9rica Latina &#8211; Rep\u00fablica Dominicana"},"content":{"rendered":"<div id=\"fb-root\"><\/div>\n<p>Estamos na reta final da nossa s\u00e9rie de posts sobre a legisla\u00e7\u00e3o do aborto na Am\u00e9rica Latina e hoje iremos falar sobre a Rep\u00fablica Dominicana.<br \/>\n<strong>A Rep\u00fablica Dominicana \u00e9 um dos poucos pa\u00edses no mundo que possue a proibi\u00e7\u00e3o total do aborto. A<\/strong> lei \u00e9 oriunda do c\u00f3digo penal de 1884 e atualmente o movimento feminista e a sociedade lutam para que esta seja mudada j\u00e1 que mais da metade da popula\u00e7\u00e3o \u00e9 a favor da despenaliza\u00e7\u00e3o nos 3 casos: estupro, risco de vida para a mulher e m\u00e1 forma\u00e7\u00e3o do feto.<br \/>\nUma das conquistas do movimento foi o C\u00f3digo Penal de 2014 que permitia o aborto em caso de risco para a m\u00e3e por\u00e9m este foi considerado inconstitucional.<br \/>\nO novo C\u00f3digo Penal ainda est\u00e1 em discuss\u00e3o no pa\u00eds e o movimento feminista ocupa as ruas pedindo seus direitos.<br \/>\nA proibi\u00e7\u00e3o do aborto no pa\u00eds ressalta problemas sociais e culturais. A gravidez n\u00e3o planejada \u00e9 comum representando 47,7% dos casos. Como em outros pa\u00edses al\u00e9m do tabu do aborto tamb\u00e9m h\u00e1 o tabu da educa\u00e7\u00e3o sexual e muitas jovens n\u00e3o recebem informa\u00e7\u00f5es sobre sexo e ISTs. Por conta disso o pa\u00eds sofre com um grande n\u00famero de infectados com HIV sendo que 1400 tem menos de 14 anos.<br \/>\nA legaliza\u00e7\u00e3o e despenaliza\u00e7\u00e3o do aborto sofre com a press\u00e3o de movimentos religiosos que lutam para que os direitos das mulheres n\u00e3o sejam alcan\u00e7ados.<\/p>\n<p>Fontes:<\/p>\n<p>https:\/\/brasil.elpais.com\/brasil\/2019\/11\/18\/internacional\/1574095912_885187.html;<br \/>\nhttps:\/\/informateydecide.org\/aborto-en-republica-dominicana\/;<br \/>\nhttps:\/\/adeilsonfilosofo.jusbrasil.com.br\/noticias\/412242398\/republica-dominicana-torna-aborto-crime-em-qualquer-caso-sem-excecoes;<br \/>\nhttps:\/\/forbescentroamerica.com\/2020\/08\/25\/proyecto-sobre-despenalizacion-del-aborto-inicia-tramite-en-republica-dominicana\/<br \/>\nhttps:\/\/www.dw.com\/es\/dominicanas-exigen-se-despenalice-el-aborto\/a-55181956;<br \/>\nhttps:\/\/www.prensalatina.com.br\/index.php?o=rn&#038;id=35011&#038;SEO=o-debate-sobre-o-aborto-retorna-a-republica-dominicana;<\/p>\n<p><img fetchpriority=\"high\" decoding=\"async\" class=\"alignnone size-large wp-image-6000\" src=\"https:\/\/novo2023.camtra.org.br\/wp-content\/uploads\/2020\/10\/descriminalizacao-do-aborto-republica-dominicana-2-1024x1024.png\" alt=\"\" width=\"888\" height=\"888\" srcset=\"https:\/\/novo2023.camtra.org.br\/wp-content\/uploads\/2020\/10\/descriminalizacao-do-aborto-republica-dominicana-2-1024x1024.png 1024w, https:\/\/novo2023.camtra.org.br\/wp-content\/uploads\/2020\/10\/descriminalizacao-do-aborto-republica-dominicana-2-300x300.png 300w, https:\/\/novo2023.camtra.org.br\/wp-content\/uploads\/2020\/10\/descriminalizacao-do-aborto-republica-dominicana-2-150x150.png 150w, https:\/\/novo2023.camtra.org.br\/wp-content\/uploads\/2020\/10\/descriminalizacao-do-aborto-republica-dominicana-2-768x768.png 768w, https:\/\/novo2023.camtra.org.br\/wp-content\/uploads\/2020\/10\/descriminalizacao-do-aborto-republica-dominicana-2-600x600.png 600w, https:\/\/novo2023.camtra.org.br\/wp-content\/uploads\/2020\/10\/descriminalizacao-do-aborto-republica-dominicana-2.png 1080w\" sizes=\"(max-width: 888px) 100vw, 888px\" \/><\/p>\n","protected":false},"excerpt":{"rendered":"<p>Estamos na reta final da nossa s\u00e9rie de posts sobre a legisla\u00e7\u00e3o do aborto na Am\u00e9rica Latina e hoje iremos falar sobre a Rep\u00fablica Dominicana.<br \/>\nA Rep\u00fablica Dominicana \u00e9 um dos poucos pa\u00edses no mundo que possue a proibi\u00e7\u00e3o total do aborto. A lei \u00e9 oriunda do c\u00f3digo penal de 1884 e atualmente o movimento feminista e a sociedade lutam para que esta seja mudada j\u00e1 que mais da metade da popula\u00e7\u00e3o \u00e9 a favor da despenaliza\u00e7\u00e3o nos 3 casos: estupro, risco de vida para a mulher e m\u00e1 forma\u00e7\u00e3o do feto.<\/p>\n","protected":false},"author":3,"featured_media":6001,"comment_status":"open","ping_status":"open","sticky":false,"template":"","format":"standard","meta":{"om_disable_all_campaigns":false,"_monsterinsights_skip_tracking":false,"_monsterinsights_sitenote_active":false,"_monsterinsights_sitenote_note":"","_monsterinsights_sitenote_category":0,"_uf_show_specific_survey":0,"_uf_disable_surveys":false,"ocean_post_layout":"","ocean_both_sidebars_style":"","ocean_both_sidebars_content_width":0,"ocean_both_sidebars_sidebars_width":0,"ocean_sidebar":"","ocean_second_sidebar":"","ocean_disable_margins":"enable","ocean_add_body_class":"","ocean_shortcode_before_top_bar":"","ocean_shortcode_after_top_bar":"","ocean_shortcode_before_header":"","ocean_shortcode_after_header":"","ocean_has_shortcode":"","ocean_shortcode_after_title":"","ocean_shortcode_before_footer_widgets":"","ocean_shortcode_after_footer_widgets":"","ocean_shortcode_before_footer_bottom":"","ocean_shortcode_after_footer_bottom":"","ocean_display_top_bar":"default","ocean_display_header":"default","ocean_header_style":"","ocean_center_header_left_menu":"","ocean_custom_header_template":"","ocean_custom_logo":0,"ocean_custom_retina_logo":0,"ocean_custom_logo_max_width":0,"ocean_custom_logo_tablet_max_width":0,"ocean_custom_logo_mobile_max_width":0,"ocean_custom_logo_max_height":0,"ocean_custom_logo_tablet_max_height":0,"ocean_custom_logo_mobile_max_height":0,"ocean_header_custom_menu":"","ocean_menu_typo_font_family":"","ocean_menu_typo_font_subset":"","ocean_menu_typo_font_size":0,"ocean_menu_typo_font_size_tablet":0,"ocean_menu_typo_font_size_mobile":0,"ocean_menu_typo_font_size_unit":"px","ocean_menu_typo_font_weight":"","ocean_menu_typo_font_weight_tablet":"","ocean_menu_typo_font_weight_mobile":"","ocean_menu_typo_transform":"","ocean_menu_typo_transform_tablet":"","ocean_menu_typo_transform_mobile":"","ocean_menu_typo_line_height":0,"ocean_menu_typo_line_height_tablet":0,"ocean_menu_typo_line_height_mobile":0,"ocean_menu_typo_line_height_unit":"","ocean_menu_typo_spacing":0,"ocean_menu_typo_spacing_tablet":0,"ocean_menu_typo_spacing_mobile":0,"ocean_menu_typo_spacing_unit":"","ocean_menu_link_color":"","ocean_menu_link_color_hover":"","ocean_menu_link_color_active":"","ocean_menu_link_background":"","ocean_menu_link_hover_background":"","ocean_menu_link_active_background":"","ocean_menu_social_links_bg":"","ocean_menu_social_hover_links_bg":"","ocean_menu_social_links_color":"","ocean_menu_social_hover_links_color":"","ocean_disable_title":"default","ocean_disable_heading":"default","ocean_post_title":"","ocean_post_subheading":"","ocean_post_title_style":"","ocean_post_title_background_color":"","ocean_post_title_background":0,"ocean_post_title_bg_image_position":"","ocean_post_title_bg_image_attachment":"","ocean_post_title_bg_image_repeat":"","ocean_post_title_bg_image_size":"","ocean_post_title_height":0,"ocean_post_title_bg_overlay":0.5,"ocean_post_title_bg_overlay_color":"","ocean_disable_breadcrumbs":"default","ocean_breadcrumbs_color":"","ocean_breadcrumbs_separator_color":"","ocean_breadcrumbs_links_color":"","ocean_breadcrumbs_links_hover_color":"","ocean_display_footer_widgets":"default","ocean_display_footer_bottom":"default","ocean_custom_footer_template":"","ocean_post_oembed":"","ocean_post_self_hosted_media":"","ocean_post_video_embed":"","ocean_link_format":"","ocean_link_format_target":"self","ocean_quote_format":"","ocean_quote_format_link":"post","ocean_gallery_link_images":"on","ocean_gallery_id":[],"footnotes":""},"categories":[75,394],"tags":[392,393,44,299],"class_list":["post-5999","post","type-post","status-publish","format-standard","has-post-thumbnail","hentry","category-direitos-sexuais-e-reprodutivos","category-serie-legislacao-do-aborto-na-america-latina","tag-abortolegalseguroegratuito","tag-diadelutapeladescrimininalizacaodoabortonaamericalatinaecaribe","tag-epelavidadasmulheres","tag-l-abortolegaleseguro","entry","has-media"],"aioseo_notices":[],"yoast_head":"<!-- This site is optimized with the Yoast SEO plugin v23.0 - https:\/\/yoast.com\/wordpress\/plugins\/seo\/ -->\n<title>S\u00e9rie Legisla\u00e7\u00e3o do Aborto na Am\u00e9rica Latina - Rep\u00fablica Dominicana - CAMTRA NOVO<\/title>\n<meta name=\"robots\" content=\"index, follow, max-snippet:-1, max-image-preview:large, max-video-preview:-1\" \/>\n<link rel=\"canonical\" href=\"https:\/\/novo2023.camtra.org.br\/index.php\/2020\/10\/28\/serie-legislacao-do-aborto-na-america-latina-republica-dominicana\/\" \/>\n<meta property=\"og:locale\" content=\"pt_BR\" \/>\n<meta property=\"og:type\" content=\"article\" \/>\n<meta property=\"og:title\" content=\"S\u00e9rie Legisla\u00e7\u00e3o do Aborto na Am\u00e9rica Latina - Rep\u00fablica Dominicana - CAMTRA NOVO\" \/>\n<meta property=\"og:description\" content=\"Estamos na reta final da nossa s\u00e9rie de posts sobre a legisla\u00e7\u00e3o do aborto na Am\u00e9rica Latina e hoje iremos falar sobre a Rep\u00fablica Dominicana. A Rep\u00fablica Dominicana \u00e9 um dos poucos pa\u00edses no mundo que possue a proibi\u00e7\u00e3o total do aborto. A lei \u00e9 oriunda do c\u00f3digo penal de 1884 e atualmente o movimento feminista e a sociedade lutam para que esta seja mudada j\u00e1 que mais da metade da popula\u00e7\u00e3o \u00e9 a favor da despenaliza\u00e7\u00e3o nos 3 casos: estupro, risco de vida para a mulher e m\u00e1 forma\u00e7\u00e3o do feto.\" \/>\n<meta property=\"og:url\" content=\"https:\/\/novo2023.camtra.org.br\/index.php\/2020\/10\/28\/serie-legislacao-do-aborto-na-america-latina-republica-dominicana\/\" \/>\n<meta property=\"og:site_name\" content=\"CAMTRA NOVO\" \/>\n<meta property=\"article:published_time\" content=\"2020-10-28T18:19:21+00:00\" \/>\n<meta name=\"author\" content=\"Casa da Mulher Trabalhadora\" \/>\n<meta name=\"twitter:card\" content=\"summary_large_image\" \/>\n<meta name=\"twitter:label1\" content=\"Escrito por\" \/>\n\t<meta name=\"twitter:data1\" content=\"Casa da Mulher Trabalhadora\" \/>\n\t<meta name=\"twitter:label2\" content=\"Est. tempo de leitura\" \/>\n\t<meta name=\"twitter:data2\" content=\"1 minuto\" \/>\n<script type=\"application\/ld+json\" class=\"yoast-schema-graph\">{\"@context\":\"https:\/\/schema.org\",\"@graph\":[{\"@type\":\"Article\",\"@id\":\"https:\/\/novo2023.camtra.org.br\/index.php\/2020\/10\/28\/serie-legislacao-do-aborto-na-america-latina-republica-dominicana\/#article\",\"isPartOf\":{\"@id\":\"https:\/\/novo2023.camtra.org.br\/index.php\/2020\/10\/28\/serie-legislacao-do-aborto-na-america-latina-republica-dominicana\/\"},\"author\":{\"name\":\"Casa da Mulher Trabalhadora\",\"@id\":\"https:\/\/novo2023.camtra.org.br\/#\/schema\/person\/f163af9cb65589aab5865b0437873a74\"},\"headline\":\"S\u00e9rie Legisla\u00e7\u00e3o do Aborto na Am\u00e9rica Latina &#8211; Rep\u00fablica Dominicana\",\"datePublished\":\"2020-10-28T18:19:21+00:00\",\"dateModified\":\"2020-10-28T18:19:21+00:00\",\"mainEntityOfPage\":{\"@id\":\"https:\/\/novo2023.camtra.org.br\/index.php\/2020\/10\/28\/serie-legislacao-do-aborto-na-america-latina-republica-dominicana\/\"},\"wordCount\":313,\"commentCount\":0,\"publisher\":{\"@id\":\"https:\/\/novo2023.camtra.org.br\/#organization\"},\"image\":{\"@id\":\"https:\/\/novo2023.camtra.org.br\/index.php\/2020\/10\/28\/serie-legislacao-do-aborto-na-america-latina-republica-dominicana\/#primaryimage\"},\"thumbnailUrl\":\"https:\/\/novo2023.camtra.org.br\/wp-content\/uploads\/2020\/10\/descriminalizacao-do-aborto-republica-dominicana-11.png\",\"keywords\":[\"AbortoLegalSeguroEGratuito\",\"diadelutapeladescrimininaliza\u00e7\u00e3odoabortonaamericalatinaecaribe\",\"\u00c9PelaVidaDasMulheres\",\"l #AbortoLegaleSeguro\"],\"articleSection\":[\"Direitos sexuais e reprodutivos\",\"S\u00e9rie: Legisla\u00e7\u00e3o do Aborto na Am\u00e9rica Latina\"],\"inLanguage\":\"pt-BR\",\"potentialAction\":[{\"@type\":\"CommentAction\",\"name\":\"Comment\",\"target\":[\"https:\/\/novo2023.camtra.org.br\/index.php\/2020\/10\/28\/serie-legislacao-do-aborto-na-america-latina-republica-dominicana\/#respond\"]}]},{\"@type\":\"WebPage\",\"@id\":\"https:\/\/novo2023.camtra.org.br\/index.php\/2020\/10\/28\/serie-legislacao-do-aborto-na-america-latina-republica-dominicana\/\",\"url\":\"https:\/\/novo2023.camtra.org.br\/index.php\/2020\/10\/28\/serie-legislacao-do-aborto-na-america-latina-republica-dominicana\/\",\"name\":\"S\u00e9rie Legisla\u00e7\u00e3o do Aborto na Am\u00e9rica Latina - Rep\u00fablica Dominicana - CAMTRA NOVO\",\"isPartOf\":{\"@id\":\"https:\/\/novo2023.camtra.org.br\/#website\"},\"primaryImageOfPage\":{\"@id\":\"https:\/\/novo2023.camtra.org.br\/index.php\/2020\/10\/28\/serie-legislacao-do-aborto-na-america-latina-republica-dominicana\/#primaryimage\"},\"image\":{\"@id\":\"https:\/\/novo2023.camtra.org.br\/index.php\/2020\/10\/28\/serie-legislacao-do-aborto-na-america-latina-republica-dominicana\/#primaryimage\"},\"thumbnailUrl\":\"https:\/\/novo2023.camtra.org.br\/wp-content\/uploads\/2020\/10\/descriminalizacao-do-aborto-republica-dominicana-11.png\",\"datePublished\":\"2020-10-28T18:19:21+00:00\",\"dateModified\":\"2020-10-28T18:19:21+00:00\",\"breadcrumb\":{\"@id\":\"https:\/\/novo2023.camtra.org.br\/index.php\/2020\/10\/28\/serie-legislacao-do-aborto-na-america-latina-republica-dominicana\/#breadcrumb\"},\"inLanguage\":\"pt-BR\",\"potentialAction\":[{\"@type\":\"ReadAction\",\"target\":[\"https:\/\/novo2023.camtra.org.br\/index.php\/2020\/10\/28\/serie-legislacao-do-aborto-na-america-latina-republica-dominicana\/\"]}]},{\"@type\":\"ImageObject\",\"inLanguage\":\"pt-BR\",\"@id\":\"https:\/\/novo2023.camtra.org.br\/index.php\/2020\/10\/28\/serie-legislacao-do-aborto-na-america-latina-republica-dominicana\/#primaryimage\",\"url\":\"https:\/\/novo2023.camtra.org.br\/wp-content\/uploads\/2020\/10\/descriminalizacao-do-aborto-republica-dominicana-11.png\",\"contentUrl\":\"https:\/\/novo2023.camtra.org.br\/wp-content\/uploads\/2020\/10\/descriminalizacao-do-aborto-republica-dominicana-11.png\",\"width\":1080,\"height\":1080},{\"@type\":\"BreadcrumbList\",\"@id\":\"https:\/\/novo2023.camtra.org.br\/index.php\/2020\/10\/28\/serie-legislacao-do-aborto-na-america-latina-republica-dominicana\/#breadcrumb\",\"itemListElement\":[{\"@type\":\"ListItem\",\"position\":1,\"name\":\"Home\",\"item\":\"https:\/\/novo2023.camtra.org.br\/\"},{\"@type\":\"ListItem\",\"position\":2,\"name\":\"S\u00e9rie Legisla\u00e7\u00e3o do Aborto na Am\u00e9rica Latina &#8211; Rep\u00fablica Dominicana\"}]},{\"@type\":\"WebSite\",\"@id\":\"https:\/\/novo2023.camtra.org.br\/#website\",\"url\":\"https:\/\/novo2023.camtra.org.br\/\",\"name\":\"CAMTRA NOVO\",\"description\":\"\",\"publisher\":{\"@id\":\"https:\/\/novo2023.camtra.org.br\/#organization\"},\"potentialAction\":[{\"@type\":\"SearchAction\",\"target\":{\"@type\":\"EntryPoint\",\"urlTemplate\":\"https:\/\/novo2023.camtra.org.br\/?s={search_term_string}\"},\"query-input\":\"required name=search_term_string\"}],\"inLanguage\":\"pt-BR\"},{\"@type\":\"Organization\",\"@id\":\"https:\/\/novo2023.camtra.org.br\/#organization\",\"name\":\"CAMTRA NOVO\",\"url\":\"https:\/\/novo2023.camtra.org.br\/\",\"logo\":{\"@type\":\"ImageObject\",\"inLanguage\":\"pt-BR\",\"@id\":\"https:\/\/novo2023.camtra.org.br\/#\/schema\/logo\/image\/\",\"url\":\"https:\/\/novo2023.camtra.org.br\/wp-content\/uploads\/2024\/01\/CAMTRA-comflor-roxa-logo_logo-camtra-principal-flor.png\",\"contentUrl\":\"https:\/\/novo2023.camtra.org.br\/wp-content\/uploads\/2024\/01\/CAMTRA-comflor-roxa-logo_logo-camtra-principal-flor.png\",\"width\":1172,\"height\":330,\"caption\":\"CAMTRA NOVO\"},\"image\":{\"@id\":\"https:\/\/novo2023.camtra.org.br\/#\/schema\/logo\/image\/\"}},{\"@type\":\"Person\",\"@id\":\"https:\/\/novo2023.camtra.org.br\/#\/schema\/person\/f163af9cb65589aab5865b0437873a74\",\"name\":\"Casa da Mulher Trabalhadora\",\"image\":{\"@type\":\"ImageObject\",\"inLanguage\":\"pt-BR\",\"@id\":\"https:\/\/novo2023.camtra.org.br\/#\/schema\/person\/image\/\",\"url\":\"https:\/\/novo2023.camtra.org.br\/wp-content\/litespeed\/avatar\/4c87233a8b80506f010db0cccf69e8b5.jpg?ver=1777270965\",\"contentUrl\":\"https:\/\/novo2023.camtra.org.br\/wp-content\/litespeed\/avatar\/4c87233a8b80506f010db0cccf69e8b5.jpg?ver=1777270965\",\"caption\":\"Casa da Mulher Trabalhadora\"},\"url\":\"https:\/\/novo2023.camtra.org.br\/index.php\/author\/camtra\/\"}]}<\/script>\n<!-- \/ Yoast SEO plugin. -->","yoast_head_json":{"title":"S\u00e9rie Legisla\u00e7\u00e3o do Aborto na Am\u00e9rica Latina - Rep\u00fablica Dominicana - CAMTRA NOVO","robots":{"index":"index","follow":"follow","max-snippet":"max-snippet:-1","max-image-preview":"max-image-preview:large","max-video-preview":"max-video-preview:-1"},"canonical":"https:\/\/novo2023.camtra.org.br\/index.php\/2020\/10\/28\/serie-legislacao-do-aborto-na-america-latina-republica-dominicana\/","og_locale":"pt_BR","og_type":"article","og_title":"S\u00e9rie Legisla\u00e7\u00e3o do Aborto na Am\u00e9rica Latina - Rep\u00fablica Dominicana - CAMTRA NOVO","og_description":"Estamos na reta final da nossa s\u00e9rie de posts sobre a legisla\u00e7\u00e3o do aborto na Am\u00e9rica Latina e hoje iremos falar sobre a Rep\u00fablica Dominicana. A Rep\u00fablica Dominicana \u00e9 um dos poucos pa\u00edses no mundo que possue a proibi\u00e7\u00e3o total do aborto. A lei \u00e9 oriunda do c\u00f3digo penal de 1884 e atualmente o movimento feminista e a sociedade lutam para que esta seja mudada j\u00e1 que mais da metade da popula\u00e7\u00e3o \u00e9 a favor da despenaliza\u00e7\u00e3o nos 3 casos: estupro, risco de vida para a mulher e m\u00e1 forma\u00e7\u00e3o do feto.","og_url":"https:\/\/novo2023.camtra.org.br\/index.php\/2020\/10\/28\/serie-legislacao-do-aborto-na-america-latina-republica-dominicana\/","og_site_name":"CAMTRA NOVO","article_published_time":"2020-10-28T18:19:21+00:00","author":"Casa da Mulher Trabalhadora","twitter_card":"summary_large_image","twitter_misc":{"Escrito por":"Casa da Mulher Trabalhadora","Est. tempo de leitura":"1 minuto"},"schema":{"@context":"https:\/\/schema.org","@graph":[{"@type":"Article","@id":"https:\/\/novo2023.camtra.org.br\/index.php\/2020\/10\/28\/serie-legislacao-do-aborto-na-america-latina-republica-dominicana\/#article","isPartOf":{"@id":"https:\/\/novo2023.camtra.org.br\/index.php\/2020\/10\/28\/serie-legislacao-do-aborto-na-america-latina-republica-dominicana\/"},"author":{"name":"Casa da Mulher Trabalhadora","@id":"https:\/\/novo2023.camtra.org.br\/#\/schema\/person\/f163af9cb65589aab5865b0437873a74"},"headline":"S\u00e9rie Legisla\u00e7\u00e3o do Aborto na Am\u00e9rica Latina &#8211; Rep\u00fablica Dominicana","datePublished":"2020-10-28T18:19:21+00:00","dateModified":"2020-10-28T18:19:21+00:00","mainEntityOfPage":{"@id":"https:\/\/novo2023.camtra.org.br\/index.php\/2020\/10\/28\/serie-legislacao-do-aborto-na-america-latina-republica-dominicana\/"},"wordCount":313,"commentCount":0,"publisher":{"@id":"https:\/\/novo2023.camtra.org.br\/#organization"},"image":{"@id":"https:\/\/novo2023.camtra.org.br\/index.php\/2020\/10\/28\/serie-legislacao-do-aborto-na-america-latina-republica-dominicana\/#primaryimage"},"thumbnailUrl":"https:\/\/novo2023.camtra.org.br\/wp-content\/uploads\/2020\/10\/descriminalizacao-do-aborto-republica-dominicana-11.png","keywords":["AbortoLegalSeguroEGratuito","diadelutapeladescrimininaliza\u00e7\u00e3odoabortonaamericalatinaecaribe","\u00c9PelaVidaDasMulheres","l #AbortoLegaleSeguro"],"articleSection":["Direitos sexuais e reprodutivos","S\u00e9rie: Legisla\u00e7\u00e3o do Aborto na Am\u00e9rica Latina"],"inLanguage":"pt-BR","potentialAction":[{"@type":"CommentAction","name":"Comment","target":["https:\/\/novo2023.camtra.org.br\/index.php\/2020\/10\/28\/serie-legislacao-do-aborto-na-america-latina-republica-dominicana\/#respond"]}]},{"@type":"WebPage","@id":"https:\/\/novo2023.camtra.org.br\/index.php\/2020\/10\/28\/serie-legislacao-do-aborto-na-america-latina-republica-dominicana\/","url":"https:\/\/novo2023.camtra.org.br\/index.php\/2020\/10\/28\/serie-legislacao-do-aborto-na-america-latina-republica-dominicana\/","name":"S\u00e9rie Legisla\u00e7\u00e3o do Aborto na Am\u00e9rica Latina - Rep\u00fablica Dominicana - CAMTRA NOVO","isPartOf":{"@id":"https:\/\/novo2023.camtra.org.br\/#website"},"primaryImageOfPage":{"@id":"https:\/\/novo2023.camtra.org.br\/index.php\/2020\/10\/28\/serie-legislacao-do-aborto-na-america-latina-republica-dominicana\/#primaryimage"},"image":{"@id":"https:\/\/novo2023.camtra.org.br\/index.php\/2020\/10\/28\/serie-legislacao-do-aborto-na-america-latina-republica-dominicana\/#primaryimage"},"thumbnailUrl":"https:\/\/novo2023.camtra.org.br\/wp-content\/uploads\/2020\/10\/descriminalizacao-do-aborto-republica-dominicana-11.png","datePublished":"2020-10-28T18:19:21+00:00","dateModified":"2020-10-28T18:19:21+00:00","breadcrumb":{"@id":"https:\/\/novo2023.camtra.org.br\/index.php\/2020\/10\/28\/serie-legislacao-do-aborto-na-america-latina-republica-dominicana\/#breadcrumb"},"inLanguage":"pt-BR","potentialAction":[{"@type":"ReadAction","target":["https:\/\/novo2023.camtra.org.br\/index.php\/2020\/10\/28\/serie-legislacao-do-aborto-na-america-latina-republica-dominicana\/"]}]},{"@type":"ImageObject","inLanguage":"pt-BR","@id":"https:\/\/novo2023.camtra.org.br\/index.php\/2020\/10\/28\/serie-legislacao-do-aborto-na-america-latina-republica-dominicana\/#primaryimage","url":"https:\/\/novo2023.camtra.org.br\/wp-content\/uploads\/2020\/10\/descriminalizacao-do-aborto-republica-dominicana-11.png","contentUrl":"https:\/\/novo2023.camtra.org.br\/wp-content\/uploads\/2020\/10\/descriminalizacao-do-aborto-republica-dominicana-11.png","width":1080,"height":1080},{"@type":"BreadcrumbList","@id":"https:\/\/novo2023.camtra.org.br\/index.php\/2020\/10\/28\/serie-legislacao-do-aborto-na-america-latina-republica-dominicana\/#breadcrumb","itemListElement":[{"@type":"ListItem","position":1,"name":"Home","item":"https:\/\/novo2023.camtra.org.br\/"},{"@type":"ListItem","position":2,"name":"S\u00e9rie Legisla\u00e7\u00e3o do Aborto na Am\u00e9rica Latina &#8211; Rep\u00fablica Dominicana"}]},{"@type":"WebSite","@id":"https:\/\/novo2023.camtra.org.br\/#website","url":"https:\/\/novo2023.camtra.org.br\/","name":"CAMTRA NOVO","description":"","publisher":{"@id":"https:\/\/novo2023.camtra.org.br\/#organization"},"potentialAction":[{"@type":"SearchAction","target":{"@type":"EntryPoint","urlTemplate":"https:\/\/novo2023.camtra.org.br\/?s={search_term_string}"},"query-input":"required name=search_term_string"}],"inLanguage":"pt-BR"},{"@type":"Organization","@id":"https:\/\/novo2023.camtra.org.br\/#organization","name":"CAMTRA NOVO","url":"https:\/\/novo2023.camtra.org.br\/","logo":{"@type":"ImageObject","inLanguage":"pt-BR","@id":"https:\/\/novo2023.camtra.org.br\/#\/schema\/logo\/image\/","url":"https:\/\/novo2023.camtra.org.br\/wp-content\/uploads\/2024\/01\/CAMTRA-comflor-roxa-logo_logo-camtra-principal-flor.png","contentUrl":"https:\/\/novo2023.camtra.org.br\/wp-content\/uploads\/2024\/01\/CAMTRA-comflor-roxa-logo_logo-camtra-principal-flor.png","width":1172,"height":330,"caption":"CAMTRA NOVO"},"image":{"@id":"https:\/\/novo2023.camtra.org.br\/#\/schema\/logo\/image\/"}},{"@type":"Person","@id":"https:\/\/novo2023.camtra.org.br\/#\/schema\/person\/f163af9cb65589aab5865b0437873a74","name":"Casa da Mulher Trabalhadora","image":{"@type":"ImageObject","inLanguage":"pt-BR","@id":"https:\/\/novo2023.camtra.org.br\/#\/schema\/person\/image\/","url":"https:\/\/novo2023.camtra.org.br\/wp-content\/litespeed\/avatar\/4c87233a8b80506f010db0cccf69e8b5.jpg?ver=1777270965","contentUrl":"https:\/\/novo2023.camtra.org.br\/wp-content\/litespeed\/avatar\/4c87233a8b80506f010db0cccf69e8b5.jpg?ver=1777270965","caption":"Casa da Mulher Trabalhadora"},"url":"https:\/\/novo2023.camtra.org.br\/index.php\/author\/camtra\/"}]}},"_links":{"self":[{"href":"https:\/\/novo2023.camtra.org.br\/index.php\/wp-json\/wp\/v2\/posts\/5999"}],"collection":[{"href":"https:\/\/novo2023.camtra.org.br\/index.php\/wp-json\/wp\/v2\/posts"}],"about":[{"href":"https:\/\/novo2023.camtra.org.br\/index.php\/wp-json\/wp\/v2\/types\/post"}],"author":[{"embeddable":true,"href":"https:\/\/novo2023.camtra.org.br\/index.php\/wp-json\/wp\/v2\/users\/3"}],"replies":[{"embeddable":true,"href":"https:\/\/novo2023.camtra.org.br\/index.php\/wp-json\/wp\/v2\/comments?post=5999"}],"version-history":[{"count":0,"href":"https:\/\/novo2023.camtra.org.br\/index.php\/wp-json\/wp\/v2\/posts\/5999\/revisions"}],"wp:featuredmedia":[{"embeddable":true,"href":"https:\/\/novo2023.camtra.org.br\/index.php\/wp-json\/wp\/v2\/media\/6001"}],"wp:attachment":[{"href":"https:\/\/novo2023.camtra.org.br\/index.php\/wp-json\/wp\/v2\/media?parent=5999"}],"wp:term":[{"taxonomy":"category","embeddable":true,"href":"https:\/\/novo2023.camtra.org.br\/index.php\/wp-json\/wp\/v2\/categories?post=5999"},{"taxonomy":"post_tag","embeddable":true,"href":"https:\/\/novo2023.camtra.org.br\/index.php\/wp-json\/wp\/v2\/tags?post=5999"}],"curies":[{"name":"wp","href":"https:\/\/api.w.org\/{rel}","templated":true}]}}