{"id":5971,"date":"2020-10-24T16:00:38","date_gmt":"2020-10-24T19:00:38","guid":{"rendered":"https:\/\/camtra.org.br\/?p=5971"},"modified":"2020-10-24T16:00:38","modified_gmt":"2020-10-24T19:00:38","slug":"live-da-camtra-trabalho-domestico-racismo-e-desemprego-em-tempos-de-covid-19","status":"publish","type":"post","link":"https:\/\/novo2023.camtra.org.br\/index.php\/2020\/10\/24\/live-da-camtra-trabalho-domestico-racismo-e-desemprego-em-tempos-de-covid-19\/","title":{"rendered":"Live da CAMTRA: Trabalho Dom\u00e9stico, Racismo e Desemprego em Tempos de Covid-19"},"content":{"rendered":"<div id=\"fb-root\"><\/div>\n<div class=\"kvgmc6g5 cxmmr5t8 oygrvhab hcukyx3x c1et5uql ii04i59q\">\n<div dir=\"auto\">Neste <a class=\"oajrlxb2 g5ia77u1 qu0x051f esr5mh6w e9989ue4 r7d6kgcz rq0escxv nhd2j8a9 nc684nl6 p7hjln8o kvgmc6g5 cxmmr5t8 oygrvhab hcukyx3x jb3vyjys rz4wbd8a qt6c0cv9 a8nywdso i1ao9s8h esuyzwwr f1sip0of lzcic4wl q66pz984 gpro0wi8 b1v8xokw\" tabindex=\"0\" role=\"link\" href=\"https:\/\/www.facebook.com\/hashtag\/sa%CC%81badofeminista?__eep__=6&amp;__cft__[0]=AZVKhx7rdrG0eTkbvZY4TLLGjgGWAmKdKvw0Jx_3KCK9NJVZdrvxMyfREUwG4XD9LDogxAnKAxZ-AK7Fix07nd3DCvX9xDH-7d5zv7qCGSk54VUDPeamx5q3TIICBjWioi7Y04x77xTo5eqovsRwu70fsgPgHcgxEvHe1LwpTiaf4CxmICjPQHazqB8MZ2nOtcbGvykRTEcGPSainbh4C9_drlq1znrf1b_97-o3AWqz5A&amp;__tn__=*NK-R\">#Sa\u0301badoFeminista<\/a> (24\/10) teremos mais uma LIVE DA CAMTRA!<\/div>\n<div dir=\"auto\"><\/div>\n<\/div>\n<div class=\"o9v6fnle cxmmr5t8 oygrvhab hcukyx3x c1et5uql ii04i59q\">\n<div dir=\"auto\">Esta semana o tema sera\u0301 &#8220;<strong>Trabalho Dom\u00e9stico, Racismo e Desemprego em Tempos de Covid-19<\/strong>.\u201d<\/div>\n<\/div>\n<div class=\"o9v6fnle cxmmr5t8 oygrvhab hcukyx3x c1et5uql ii04i59q\">\n<div dir=\"auto\"><\/div>\n<div dir=\"auto\"><strong>As convidadas da semana sa\u0303o:<\/strong><\/div>\n<div dir=\"auto\"><\/div>\n<\/div>\n<div class=\"o9v6fnle cxmmr5t8 oygrvhab hcukyx3x c1et5uql ii04i59q\">\n<div dir=\"auto\"><strong>Ana Maria Nascimento da Silva-\u00a0<\/strong>Presidenta do Sindicato de Trabalhadoras Dom\u00e9sticas do Estado do Acre (Trabalhadora Dom\u00e9stica Atuante);<\/div>\n<\/div>\n<div class=\"o9v6fnle cxmmr5t8 oygrvhab hcukyx3x c1et5uql ii04i59q\">\n<div dir=\"auto\"><strong>Jessica Miranda Pinheiro &#8211;\u00a0<\/strong>Advogada, feminista e Coordenadora de Projetos da THEMIS;<\/div>\n<\/div>\n<div class=\"o9v6fnle cxmmr5t8 oygrvhab hcukyx3x c1et5uql ii04i59q\">\n<div dir=\"auto\"><strong>Erle Martins de Assis (Ekedji Yafunj\u00e1)-\u00a0<\/strong>Secret\u00e1ria geral do Sindicato de Trabalhadoras Dom\u00e9sticas do Acre ,Diretora de Religiosidade da Associa\u00e7\u00e3o de Mulheres Negras do Acre;<\/div>\n<div dir=\"auto\"><\/div>\n<\/div>\n<div class=\"o9v6fnle cxmmr5t8 oygrvhab hcukyx3x c1et5uql ii04i59q\">\n<div dir=\"auto\">E com a mediac\u0327a\u0303o de <strong>Eleute\u0301ria Amora<\/strong> : Historiadora e Especialista em Poli\u0301ticas Pu\u0301blicas, Coordenadora- Geral da CAMTRA\/ Diretora Executiva da ABONG.<\/div>\n<div dir=\"auto\"><\/div>\n<\/div>\n<div class=\"o9v6fnle cxmmr5t8 oygrvhab hcukyx3x c1et5uql ii04i59q\">\n<div dir=\"auto\">A live sera\u0301 transmitida pela nossa pa\u0301gina do Facebook e pelo nosso canal no Youtube.<\/div>\n<\/div>\n<div class=\"o9v6fnle cxmmr5t8 oygrvhab hcukyx3x c1et5uql ii04i59q\">\n<div dir=\"auto\">Na\u0303o perca!<span class=\"pq6dq46d tbxw36s4 knj5qynh kvgmc6g5 ditlmg2l oygrvhab nvdbi5me sf5mxxl7 gl3lb2sf hhz5lgdu\"><img decoding=\"async\" src=\"https:\/\/static.xx.fbcdn.net\/images\/emoji.php\/v9\/t96\/1\/16\/1f49c.png\" alt=\"\ud83d\udc9c\" width=\"16\" height=\"16\" \/><\/span><\/div>\n<\/div>\n<div class=\"o9v6fnle cxmmr5t8 oygrvhab hcukyx3x c1et5uql ii04i59q\"><\/div>\n<div class=\"o9v6fnle cxmmr5t8 oygrvhab hcukyx3x c1et5uql ii04i59q\">\n<div dir=\"auto\"><\/div>\n<div dir=\"auto\">Veja a Live no Canal do Youtube:\u00a0Youtube.com\/CAMTRA<\/div>\n<\/div>\n","protected":false},"excerpt":{"rendered":"<p>Neste #Sa\u0301badoFeminista (24\/10) teremos mais uma LIVE DA CAMTRA!<br \/>\nEsta semana o tema sera\u0301 &#8220;Trabalho Dom\u00e9stico, Racismo e Desemprego em Tempos de Covid-19.\u201d<\/p>\n","protected":false},"author":3,"featured_media":5972,"comment_status":"open","ping_status":"open","sticky":false,"template":"","format":"standard","meta":{"om_disable_all_campaigns":false,"_monsterinsights_skip_tracking":false,"_monsterinsights_sitenote_active":false,"_monsterinsights_sitenote_note":"","_monsterinsights_sitenote_category":0,"_uf_show_specific_survey":0,"_uf_disable_surveys":false,"ocean_post_layout":"","ocean_both_sidebars_style":"","ocean_both_sidebars_content_width":0,"ocean_both_sidebars_sidebars_width":0,"ocean_sidebar":"","ocean_second_sidebar":"","ocean_disable_margins":"enable","ocean_add_body_class":"","ocean_shortcode_before_top_bar":"","ocean_shortcode_after_top_bar":"","ocean_shortcode_before_header":"","ocean_shortcode_after_header":"","ocean_has_shortcode":"","ocean_shortcode_after_title":"","ocean_shortcode_before_footer_widgets":"","ocean_shortcode_after_footer_widgets":"","ocean_shortcode_before_footer_bottom":"","ocean_shortcode_after_footer_bottom":"","ocean_display_top_bar":"default","ocean_display_header":"default","ocean_header_style":"","ocean_center_header_left_menu":"","ocean_custom_header_template":"","ocean_custom_logo":0,"ocean_custom_retina_logo":0,"ocean_custom_logo_max_width":0,"ocean_custom_logo_tablet_max_width":0,"ocean_custom_logo_mobile_max_width":0,"ocean_custom_logo_max_height":0,"ocean_custom_logo_tablet_max_height":0,"ocean_custom_logo_mobile_max_height":0,"ocean_header_custom_menu":"","ocean_menu_typo_font_family":"","ocean_menu_typo_font_subset":"","ocean_menu_typo_font_size":0,"ocean_menu_typo_font_size_tablet":0,"ocean_menu_typo_font_size_mobile":0,"ocean_menu_typo_font_size_unit":"px","ocean_menu_typo_font_weight":"","ocean_menu_typo_font_weight_tablet":"","ocean_menu_typo_font_weight_mobile":"","ocean_menu_typo_transform":"","ocean_menu_typo_transform_tablet":"","ocean_menu_typo_transform_mobile":"","ocean_menu_typo_line_height":0,"ocean_menu_typo_line_height_tablet":0,"ocean_menu_typo_line_height_mobile":0,"ocean_menu_typo_line_height_unit":"","ocean_menu_typo_spacing":0,"ocean_menu_typo_spacing_tablet":0,"ocean_menu_typo_spacing_mobile":0,"ocean_menu_typo_spacing_unit":"","ocean_menu_link_color":"","ocean_menu_link_color_hover":"","ocean_menu_link_color_active":"","ocean_menu_link_background":"","ocean_menu_link_hover_background":"","ocean_menu_link_active_background":"","ocean_menu_social_links_bg":"","ocean_menu_social_hover_links_bg":"","ocean_menu_social_links_color":"","ocean_menu_social_hover_links_color":"","ocean_disable_title":"default","ocean_disable_heading":"default","ocean_post_title":"","ocean_post_subheading":"","ocean_post_title_style":"","ocean_post_title_background_color":"","ocean_post_title_background":0,"ocean_post_title_bg_image_position":"","ocean_post_title_bg_image_attachment":"","ocean_post_title_bg_image_repeat":"","ocean_post_title_bg_image_size":"","ocean_post_title_height":0,"ocean_post_title_bg_overlay":0.5,"ocean_post_title_bg_overlay_color":"","ocean_disable_breadcrumbs":"default","ocean_breadcrumbs_color":"","ocean_breadcrumbs_separator_color":"","ocean_breadcrumbs_links_color":"","ocean_breadcrumbs_links_hover_color":"","ocean_display_footer_widgets":"default","ocean_display_footer_bottom":"default","ocean_custom_footer_template":"","ocean_post_oembed":"","ocean_post_self_hosted_media":"","ocean_post_video_embed":"","ocean_link_format":"","ocean_link_format_target":"self","ocean_quote_format":"","ocean_quote_format_link":"post","ocean_gallery_link_images":"on","ocean_gallery_id":[],"footnotes":""},"categories":[76,10,93],"tags":[336,359,172,290,360],"class_list":["post-5971","post","type-post","status-publish","format-standard","has-post-thumbnail","hentry","category-live-do-camtra","category-racismo","category-trabalho","tag-domesticas","tag-live","tag-livedacamtra","tag-racismo","tag-trabalhodomestico","entry","has-media"],"aioseo_notices":[],"yoast_head":"<!-- This site is optimized with the Yoast SEO plugin v23.0 - https:\/\/yoast.com\/wordpress\/plugins\/seo\/ -->\n<title>Live da CAMTRA: Trabalho Dom\u00e9stico, Racismo e Desemprego em Tempos de Covid-19 - CAMTRA NOVO<\/title>\n<meta name=\"robots\" content=\"index, follow, max-snippet:-1, max-image-preview:large, max-video-preview:-1\" \/>\n<link rel=\"canonical\" href=\"https:\/\/novo2023.camtra.org.br\/index.php\/2020\/10\/24\/live-da-camtra-trabalho-domestico-racismo-e-desemprego-em-tempos-de-covid-19\/\" \/>\n<meta property=\"og:locale\" content=\"pt_BR\" \/>\n<meta property=\"og:type\" content=\"article\" \/>\n<meta property=\"og:title\" content=\"Live da CAMTRA: Trabalho Dom\u00e9stico, Racismo e Desemprego em Tempos de Covid-19 - CAMTRA NOVO\" \/>\n<meta property=\"og:description\" content=\"Neste #Sa\u0301badoFeminista (24\/10) teremos mais uma LIVE DA CAMTRA! Esta semana o tema sera\u0301 &quot;Trabalho Dom\u00e9stico, Racismo e Desemprego em Tempos de Covid-19.\u201d\" \/>\n<meta property=\"og:url\" content=\"https:\/\/novo2023.camtra.org.br\/index.php\/2020\/10\/24\/live-da-camtra-trabalho-domestico-racismo-e-desemprego-em-tempos-de-covid-19\/\" \/>\n<meta property=\"og:site_name\" content=\"CAMTRA NOVO\" \/>\n<meta property=\"article:published_time\" content=\"2020-10-24T19:00:38+00:00\" \/>\n<meta property=\"og:image\" content=\"https:\/\/static.xx.fbcdn.net\/images\/emoji.php\/v9\/t96\/1\/16\/1f49c.png\" \/>\n<meta name=\"author\" content=\"Casa da Mulher Trabalhadora\" \/>\n<meta name=\"twitter:card\" content=\"summary_large_image\" \/>\n<meta name=\"twitter:label1\" content=\"Escrito por\" \/>\n\t<meta name=\"twitter:data1\" content=\"Casa da Mulher Trabalhadora\" \/>\n\t<meta name=\"twitter:label2\" content=\"Est. tempo de leitura\" \/>\n\t<meta name=\"twitter:data2\" content=\"1 minuto\" \/>\n<script type=\"application\/ld+json\" class=\"yoast-schema-graph\">{\"@context\":\"https:\/\/schema.org\",\"@graph\":[{\"@type\":\"Article\",\"@id\":\"https:\/\/novo2023.camtra.org.br\/index.php\/2020\/10\/24\/live-da-camtra-trabalho-domestico-racismo-e-desemprego-em-tempos-de-covid-19\/#article\",\"isPartOf\":{\"@id\":\"https:\/\/novo2023.camtra.org.br\/index.php\/2020\/10\/24\/live-da-camtra-trabalho-domestico-racismo-e-desemprego-em-tempos-de-covid-19\/\"},\"author\":{\"name\":\"Casa da Mulher Trabalhadora\",\"@id\":\"https:\/\/novo2023.camtra.org.br\/#\/schema\/person\/f163af9cb65589aab5865b0437873a74\"},\"headline\":\"Live da CAMTRA: Trabalho Dom\u00e9stico, Racismo e Desemprego em Tempos de Covid-19\",\"datePublished\":\"2020-10-24T19:00:38+00:00\",\"dateModified\":\"2020-10-24T19:00:38+00:00\",\"mainEntityOfPage\":{\"@id\":\"https:\/\/novo2023.camtra.org.br\/index.php\/2020\/10\/24\/live-da-camtra-trabalho-domestico-racismo-e-desemprego-em-tempos-de-covid-19\/\"},\"wordCount\":159,\"commentCount\":0,\"publisher\":{\"@id\":\"https:\/\/novo2023.camtra.org.br\/#organization\"},\"image\":{\"@id\":\"https:\/\/novo2023.camtra.org.br\/index.php\/2020\/10\/24\/live-da-camtra-trabalho-domestico-racismo-e-desemprego-em-tempos-de-covid-19\/#primaryimage\"},\"thumbnailUrl\":\"https:\/\/novo2023.camtra.org.br\/wp-content\/uploads\/2020\/10\/Live-Trabalho-domestico.jpg\",\"keywords\":[\"dom\u00e9sticas\",\"live\",\"livedacamtra\",\"racismo\",\"trabalhodomestico\"],\"articleSection\":[\"Live do CAMTRA\",\"Racismo\",\"Trabalho\"],\"inLanguage\":\"pt-BR\",\"potentialAction\":[{\"@type\":\"CommentAction\",\"name\":\"Comment\",\"target\":[\"https:\/\/novo2023.camtra.org.br\/index.php\/2020\/10\/24\/live-da-camtra-trabalho-domestico-racismo-e-desemprego-em-tempos-de-covid-19\/#respond\"]}]},{\"@type\":\"WebPage\",\"@id\":\"https:\/\/novo2023.camtra.org.br\/index.php\/2020\/10\/24\/live-da-camtra-trabalho-domestico-racismo-e-desemprego-em-tempos-de-covid-19\/\",\"url\":\"https:\/\/novo2023.camtra.org.br\/index.php\/2020\/10\/24\/live-da-camtra-trabalho-domestico-racismo-e-desemprego-em-tempos-de-covid-19\/\",\"name\":\"Live da CAMTRA: Trabalho Dom\u00e9stico, Racismo e Desemprego em Tempos de Covid-19 - CAMTRA NOVO\",\"isPartOf\":{\"@id\":\"https:\/\/novo2023.camtra.org.br\/#website\"},\"primaryImageOfPage\":{\"@id\":\"https:\/\/novo2023.camtra.org.br\/index.php\/2020\/10\/24\/live-da-camtra-trabalho-domestico-racismo-e-desemprego-em-tempos-de-covid-19\/#primaryimage\"},\"image\":{\"@id\":\"https:\/\/novo2023.camtra.org.br\/index.php\/2020\/10\/24\/live-da-camtra-trabalho-domestico-racismo-e-desemprego-em-tempos-de-covid-19\/#primaryimage\"},\"thumbnailUrl\":\"https:\/\/novo2023.camtra.org.br\/wp-content\/uploads\/2020\/10\/Live-Trabalho-domestico.jpg\",\"datePublished\":\"2020-10-24T19:00:38+00:00\",\"dateModified\":\"2020-10-24T19:00:38+00:00\",\"breadcrumb\":{\"@id\":\"https:\/\/novo2023.camtra.org.br\/index.php\/2020\/10\/24\/live-da-camtra-trabalho-domestico-racismo-e-desemprego-em-tempos-de-covid-19\/#breadcrumb\"},\"inLanguage\":\"pt-BR\",\"potentialAction\":[{\"@type\":\"ReadAction\",\"target\":[\"https:\/\/novo2023.camtra.org.br\/index.php\/2020\/10\/24\/live-da-camtra-trabalho-domestico-racismo-e-desemprego-em-tempos-de-covid-19\/\"]}]},{\"@type\":\"ImageObject\",\"inLanguage\":\"pt-BR\",\"@id\":\"https:\/\/novo2023.camtra.org.br\/index.php\/2020\/10\/24\/live-da-camtra-trabalho-domestico-racismo-e-desemprego-em-tempos-de-covid-19\/#primaryimage\",\"url\":\"https:\/\/novo2023.camtra.org.br\/wp-content\/uploads\/2020\/10\/Live-Trabalho-domestico.jpg\",\"contentUrl\":\"https:\/\/novo2023.camtra.org.br\/wp-content\/uploads\/2020\/10\/Live-Trabalho-domestico.jpg\",\"width\":1080,\"height\":1080},{\"@type\":\"BreadcrumbList\",\"@id\":\"https:\/\/novo2023.camtra.org.br\/index.php\/2020\/10\/24\/live-da-camtra-trabalho-domestico-racismo-e-desemprego-em-tempos-de-covid-19\/#breadcrumb\",\"itemListElement\":[{\"@type\":\"ListItem\",\"position\":1,\"name\":\"Home\",\"item\":\"https:\/\/novo2023.camtra.org.br\/\"},{\"@type\":\"ListItem\",\"position\":2,\"name\":\"Live da CAMTRA: Trabalho Dom\u00e9stico, Racismo e Desemprego em Tempos de Covid-19\"}]},{\"@type\":\"WebSite\",\"@id\":\"https:\/\/novo2023.camtra.org.br\/#website\",\"url\":\"https:\/\/novo2023.camtra.org.br\/\",\"name\":\"CAMTRA NOVO\",\"description\":\"\",\"publisher\":{\"@id\":\"https:\/\/novo2023.camtra.org.br\/#organization\"},\"potentialAction\":[{\"@type\":\"SearchAction\",\"target\":{\"@type\":\"EntryPoint\",\"urlTemplate\":\"https:\/\/novo2023.camtra.org.br\/?s={search_term_string}\"},\"query-input\":\"required name=search_term_string\"}],\"inLanguage\":\"pt-BR\"},{\"@type\":\"Organization\",\"@id\":\"https:\/\/novo2023.camtra.org.br\/#organization\",\"name\":\"CAMTRA NOVO\",\"url\":\"https:\/\/novo2023.camtra.org.br\/\",\"logo\":{\"@type\":\"ImageObject\",\"inLanguage\":\"pt-BR\",\"@id\":\"https:\/\/novo2023.camtra.org.br\/#\/schema\/logo\/image\/\",\"url\":\"https:\/\/novo2023.camtra.org.br\/wp-content\/uploads\/2024\/01\/CAMTRA-comflor-roxa-logo_logo-camtra-principal-flor.png\",\"contentUrl\":\"https:\/\/novo2023.camtra.org.br\/wp-content\/uploads\/2024\/01\/CAMTRA-comflor-roxa-logo_logo-camtra-principal-flor.png\",\"width\":1172,\"height\":330,\"caption\":\"CAMTRA NOVO\"},\"image\":{\"@id\":\"https:\/\/novo2023.camtra.org.br\/#\/schema\/logo\/image\/\"}},{\"@type\":\"Person\",\"@id\":\"https:\/\/novo2023.camtra.org.br\/#\/schema\/person\/f163af9cb65589aab5865b0437873a74\",\"name\":\"Casa da Mulher Trabalhadora\",\"image\":{\"@type\":\"ImageObject\",\"inLanguage\":\"pt-BR\",\"@id\":\"https:\/\/novo2023.camtra.org.br\/#\/schema\/person\/image\/\",\"url\":\"https:\/\/novo2023.camtra.org.br\/wp-content\/litespeed\/avatar\/4c87233a8b80506f010db0cccf69e8b5.jpg?ver=1777270965\",\"contentUrl\":\"https:\/\/novo2023.camtra.org.br\/wp-content\/litespeed\/avatar\/4c87233a8b80506f010db0cccf69e8b5.jpg?ver=1777270965\",\"caption\":\"Casa da Mulher Trabalhadora\"},\"url\":\"https:\/\/novo2023.camtra.org.br\/index.php\/author\/camtra\/\"}]}<\/script>\n<!-- \/ Yoast SEO plugin. -->","yoast_head_json":{"title":"Live da CAMTRA: Trabalho Dom\u00e9stico, Racismo e Desemprego em Tempos de Covid-19 - CAMTRA NOVO","robots":{"index":"index","follow":"follow","max-snippet":"max-snippet:-1","max-image-preview":"max-image-preview:large","max-video-preview":"max-video-preview:-1"},"canonical":"https:\/\/novo2023.camtra.org.br\/index.php\/2020\/10\/24\/live-da-camtra-trabalho-domestico-racismo-e-desemprego-em-tempos-de-covid-19\/","og_locale":"pt_BR","og_type":"article","og_title":"Live da CAMTRA: Trabalho Dom\u00e9stico, Racismo e Desemprego em Tempos de Covid-19 - CAMTRA NOVO","og_description":"Neste #Sa\u0301badoFeminista (24\/10) teremos mais uma LIVE DA CAMTRA! Esta semana o tema sera\u0301 \"Trabalho Dom\u00e9stico, Racismo e Desemprego em Tempos de Covid-19.\u201d","og_url":"https:\/\/novo2023.camtra.org.br\/index.php\/2020\/10\/24\/live-da-camtra-trabalho-domestico-racismo-e-desemprego-em-tempos-de-covid-19\/","og_site_name":"CAMTRA NOVO","article_published_time":"2020-10-24T19:00:38+00:00","og_image":[{"url":"https:\/\/static.xx.fbcdn.net\/images\/emoji.php\/v9\/t96\/1\/16\/1f49c.png"}],"author":"Casa da Mulher Trabalhadora","twitter_card":"summary_large_image","twitter_misc":{"Escrito por":"Casa da Mulher Trabalhadora","Est. tempo de leitura":"1 minuto"},"schema":{"@context":"https:\/\/schema.org","@graph":[{"@type":"Article","@id":"https:\/\/novo2023.camtra.org.br\/index.php\/2020\/10\/24\/live-da-camtra-trabalho-domestico-racismo-e-desemprego-em-tempos-de-covid-19\/#article","isPartOf":{"@id":"https:\/\/novo2023.camtra.org.br\/index.php\/2020\/10\/24\/live-da-camtra-trabalho-domestico-racismo-e-desemprego-em-tempos-de-covid-19\/"},"author":{"name":"Casa da Mulher Trabalhadora","@id":"https:\/\/novo2023.camtra.org.br\/#\/schema\/person\/f163af9cb65589aab5865b0437873a74"},"headline":"Live da CAMTRA: Trabalho Dom\u00e9stico, Racismo e Desemprego em Tempos de Covid-19","datePublished":"2020-10-24T19:00:38+00:00","dateModified":"2020-10-24T19:00:38+00:00","mainEntityOfPage":{"@id":"https:\/\/novo2023.camtra.org.br\/index.php\/2020\/10\/24\/live-da-camtra-trabalho-domestico-racismo-e-desemprego-em-tempos-de-covid-19\/"},"wordCount":159,"commentCount":0,"publisher":{"@id":"https:\/\/novo2023.camtra.org.br\/#organization"},"image":{"@id":"https:\/\/novo2023.camtra.org.br\/index.php\/2020\/10\/24\/live-da-camtra-trabalho-domestico-racismo-e-desemprego-em-tempos-de-covid-19\/#primaryimage"},"thumbnailUrl":"https:\/\/novo2023.camtra.org.br\/wp-content\/uploads\/2020\/10\/Live-Trabalho-domestico.jpg","keywords":["dom\u00e9sticas","live","livedacamtra","racismo","trabalhodomestico"],"articleSection":["Live do CAMTRA","Racismo","Trabalho"],"inLanguage":"pt-BR","potentialAction":[{"@type":"CommentAction","name":"Comment","target":["https:\/\/novo2023.camtra.org.br\/index.php\/2020\/10\/24\/live-da-camtra-trabalho-domestico-racismo-e-desemprego-em-tempos-de-covid-19\/#respond"]}]},{"@type":"WebPage","@id":"https:\/\/novo2023.camtra.org.br\/index.php\/2020\/10\/24\/live-da-camtra-trabalho-domestico-racismo-e-desemprego-em-tempos-de-covid-19\/","url":"https:\/\/novo2023.camtra.org.br\/index.php\/2020\/10\/24\/live-da-camtra-trabalho-domestico-racismo-e-desemprego-em-tempos-de-covid-19\/","name":"Live da CAMTRA: Trabalho Dom\u00e9stico, Racismo e Desemprego em Tempos de Covid-19 - CAMTRA NOVO","isPartOf":{"@id":"https:\/\/novo2023.camtra.org.br\/#website"},"primaryImageOfPage":{"@id":"https:\/\/novo2023.camtra.org.br\/index.php\/2020\/10\/24\/live-da-camtra-trabalho-domestico-racismo-e-desemprego-em-tempos-de-covid-19\/#primaryimage"},"image":{"@id":"https:\/\/novo2023.camtra.org.br\/index.php\/2020\/10\/24\/live-da-camtra-trabalho-domestico-racismo-e-desemprego-em-tempos-de-covid-19\/#primaryimage"},"thumbnailUrl":"https:\/\/novo2023.camtra.org.br\/wp-content\/uploads\/2020\/10\/Live-Trabalho-domestico.jpg","datePublished":"2020-10-24T19:00:38+00:00","dateModified":"2020-10-24T19:00:38+00:00","breadcrumb":{"@id":"https:\/\/novo2023.camtra.org.br\/index.php\/2020\/10\/24\/live-da-camtra-trabalho-domestico-racismo-e-desemprego-em-tempos-de-covid-19\/#breadcrumb"},"inLanguage":"pt-BR","potentialAction":[{"@type":"ReadAction","target":["https:\/\/novo2023.camtra.org.br\/index.php\/2020\/10\/24\/live-da-camtra-trabalho-domestico-racismo-e-desemprego-em-tempos-de-covid-19\/"]}]},{"@type":"ImageObject","inLanguage":"pt-BR","@id":"https:\/\/novo2023.camtra.org.br\/index.php\/2020\/10\/24\/live-da-camtra-trabalho-domestico-racismo-e-desemprego-em-tempos-de-covid-19\/#primaryimage","url":"https:\/\/novo2023.camtra.org.br\/wp-content\/uploads\/2020\/10\/Live-Trabalho-domestico.jpg","contentUrl":"https:\/\/novo2023.camtra.org.br\/wp-content\/uploads\/2020\/10\/Live-Trabalho-domestico.jpg","width":1080,"height":1080},{"@type":"BreadcrumbList","@id":"https:\/\/novo2023.camtra.org.br\/index.php\/2020\/10\/24\/live-da-camtra-trabalho-domestico-racismo-e-desemprego-em-tempos-de-covid-19\/#breadcrumb","itemListElement":[{"@type":"ListItem","position":1,"name":"Home","item":"https:\/\/novo2023.camtra.org.br\/"},{"@type":"ListItem","position":2,"name":"Live da CAMTRA: Trabalho Dom\u00e9stico, Racismo e Desemprego em Tempos de Covid-19"}]},{"@type":"WebSite","@id":"https:\/\/novo2023.camtra.org.br\/#website","url":"https:\/\/novo2023.camtra.org.br\/","name":"CAMTRA NOVO","description":"","publisher":{"@id":"https:\/\/novo2023.camtra.org.br\/#organization"},"potentialAction":[{"@type":"SearchAction","target":{"@type":"EntryPoint","urlTemplate":"https:\/\/novo2023.camtra.org.br\/?s={search_term_string}"},"query-input":"required name=search_term_string"}],"inLanguage":"pt-BR"},{"@type":"Organization","@id":"https:\/\/novo2023.camtra.org.br\/#organization","name":"CAMTRA NOVO","url":"https:\/\/novo2023.camtra.org.br\/","logo":{"@type":"ImageObject","inLanguage":"pt-BR","@id":"https:\/\/novo2023.camtra.org.br\/#\/schema\/logo\/image\/","url":"https:\/\/novo2023.camtra.org.br\/wp-content\/uploads\/2024\/01\/CAMTRA-comflor-roxa-logo_logo-camtra-principal-flor.png","contentUrl":"https:\/\/novo2023.camtra.org.br\/wp-content\/uploads\/2024\/01\/CAMTRA-comflor-roxa-logo_logo-camtra-principal-flor.png","width":1172,"height":330,"caption":"CAMTRA NOVO"},"image":{"@id":"https:\/\/novo2023.camtra.org.br\/#\/schema\/logo\/image\/"}},{"@type":"Person","@id":"https:\/\/novo2023.camtra.org.br\/#\/schema\/person\/f163af9cb65589aab5865b0437873a74","name":"Casa da Mulher Trabalhadora","image":{"@type":"ImageObject","inLanguage":"pt-BR","@id":"https:\/\/novo2023.camtra.org.br\/#\/schema\/person\/image\/","url":"https:\/\/novo2023.camtra.org.br\/wp-content\/litespeed\/avatar\/4c87233a8b80506f010db0cccf69e8b5.jpg?ver=1777270965","contentUrl":"https:\/\/novo2023.camtra.org.br\/wp-content\/litespeed\/avatar\/4c87233a8b80506f010db0cccf69e8b5.jpg?ver=1777270965","caption":"Casa da Mulher Trabalhadora"},"url":"https:\/\/novo2023.camtra.org.br\/index.php\/author\/camtra\/"}]}},"_links":{"self":[{"href":"https:\/\/novo2023.camtra.org.br\/index.php\/wp-json\/wp\/v2\/posts\/5971"}],"collection":[{"href":"https:\/\/novo2023.camtra.org.br\/index.php\/wp-json\/wp\/v2\/posts"}],"about":[{"href":"https:\/\/novo2023.camtra.org.br\/index.php\/wp-json\/wp\/v2\/types\/post"}],"author":[{"embeddable":true,"href":"https:\/\/novo2023.camtra.org.br\/index.php\/wp-json\/wp\/v2\/users\/3"}],"replies":[{"embeddable":true,"href":"https:\/\/novo2023.camtra.org.br\/index.php\/wp-json\/wp\/v2\/comments?post=5971"}],"version-history":[{"count":0,"href":"https:\/\/novo2023.camtra.org.br\/index.php\/wp-json\/wp\/v2\/posts\/5971\/revisions"}],"wp:featuredmedia":[{"embeddable":true,"href":"https:\/\/novo2023.camtra.org.br\/index.php\/wp-json\/wp\/v2\/media\/5972"}],"wp:attachment":[{"href":"https:\/\/novo2023.camtra.org.br\/index.php\/wp-json\/wp\/v2\/media?parent=5971"}],"wp:term":[{"taxonomy":"category","embeddable":true,"href":"https:\/\/novo2023.camtra.org.br\/index.php\/wp-json\/wp\/v2\/categories?post=5971"},{"taxonomy":"post_tag","embeddable":true,"href":"https:\/\/novo2023.camtra.org.br\/index.php\/wp-json\/wp\/v2\/tags?post=5971"}],"curies":[{"name":"wp","href":"https:\/\/api.w.org\/{rel}","templated":true}]}}