{"id":5869,"date":"2020-10-13T18:22:12","date_gmt":"2020-10-13T21:22:12","guid":{"rendered":"https:\/\/camtra.org.br\/?p=5869"},"modified":"2020-10-13T18:22:12","modified_gmt":"2020-10-13T21:22:12","slug":"lei-espaco-coruja","status":"publish","type":"post","link":"https:\/\/novo2023.camtra.org.br\/index.php\/2020\/10\/13\/lei-espaco-coruja\/","title":{"rendered":"Lei Espa\u00e7o Coruja"},"content":{"rendered":"<div id=\"fb-root\"><\/div>\n<div class=\"kvgmc6g5 cxmmr5t8 oygrvhab hcukyx3x c1et5uql ii04i59q\">\n<div dir=\"auto\">Nessa semana do Dia Nacional de Luta por Creches relembramos a Lei Espa\u00e7o Coruja N\u00ba 6419\/2018, proposta por Marielle Franco e Tarc\u00edsio Mota, e aprovada em mar\u00e7o de 2018. O projeto foi um dos primeiros apresentados na mandata de Marielle Franco que a partir do uso de uma pol\u00edtica de escuta e de conversa construiu uma proposta de lei para a cria\u00e7\u00e3o de espa\u00e7o de acolhimento para crian\u00e7as que os respons\u00e1veis exer\u00e7am fun\u00e7\u00e3o profissional ou de estudos no per\u00edodo noturno.<\/div>\n<div dir=\"auto\"><\/div>\n<div dir=\"auto\">A constru\u00e7\u00e3o da proposta voltada para os direitos das crian\u00e7as \u00e9 essencial para a constru\u00e7\u00e3o de uma pol\u00edtica de g\u00eanero j\u00e1 que:<\/div>\n<div dir=\"auto\"><\/div>\n<blockquote>\n<div dir=\"auto\">\u201cFazer pol\u00edtica para as mulheres e as fam\u00edlias \u00e9 tamb\u00e9m fazer pol\u00edtica para a inf\u00e2ncia. Esse tipo de proposta \u00e9 essencial para que as m\u00e3es e pais trabalhadores possam exercer suas fun\u00e7\u00f5es, garantir sua autonomia financeira, sobreviver tendo com quem deixar as crian\u00e7as. Sabendo que este local \u00e9 seguro e possui atividades pedag\u00f3gicas adequadas para o desenvolvimento da crian\u00e7a.&#8221;<\/div>\n<\/blockquote>\n<div dir=\"auto\">O espa\u00e7o coruja j\u00e1 foi aprovado desde 2018, por\u00e9m ainda n\u00e3o foi regulamentado, nem efetivado pela prefeitura do Rio de Janeiro. Perpetuar a luta das mulheres e o legado de Marielle Franco \u00e9 tamb\u00e9m lutar pela efetiva\u00e7\u00e3o do espa\u00e7o coruja!<\/div>\n<\/div>\n<div class=\"o9v6fnle cxmmr5t8 oygrvhab hcukyx3x c1et5uql ii04i59q\">\n<div dir=\"auto\"><a class=\"oajrlxb2 g5ia77u1 qu0x051f esr5mh6w e9989ue4 r7d6kgcz rq0escxv nhd2j8a9 nc684nl6 p7hjln8o kvgmc6g5 cxmmr5t8 oygrvhab hcukyx3x jb3vyjys rz4wbd8a qt6c0cv9 a8nywdso i1ao9s8h esuyzwwr f1sip0of lzcic4wl q66pz984 gpro0wi8 b1v8xokw\" tabindex=\"0\" role=\"link\" href=\"https:\/\/www.facebook.com\/hashtag\/resistenciaelutaporcrechespublicaegratuita?__eep__=6&amp;__cft__[0]=AZXfXLBdSc-dISqODsORbsbbKdRnR5dhfyiTytbccx5rsbm5DNYNKhXe7N44F53XH8GGKbuEVNvfBdygJ9WWrq3L4zzcVNaINIln67ta_GnuAyQ3JY0rtwXaKEdHacWtrAp01PndJ5h7IriK0PyY4j_U47lXfTXLOiUo6fv3K9PIdmOwSuLXEraSTakL3SXcTPJ-EzjIGYDvAhCrrS34s_56hoEbFzHJKUJJYfrUDZCr-g&amp;__tn__=*NK-R\">#resistenciaelutaporcrechespublicaegratuita<\/a> <a class=\"oajrlxb2 g5ia77u1 qu0x051f esr5mh6w e9989ue4 r7d6kgcz rq0escxv nhd2j8a9 nc684nl6 p7hjln8o kvgmc6g5 cxmmr5t8 oygrvhab hcukyx3x jb3vyjys rz4wbd8a qt6c0cv9 a8nywdso i1ao9s8h esuyzwwr f1sip0of lzcic4wl q66pz984 gpro0wi8 b1v8xokw\" tabindex=\"0\" role=\"link\" href=\"https:\/\/www.facebook.com\/hashtag\/todamulher%C3%A9trabalhadora?__eep__=6&amp;__cft__[0]=AZXfXLBdSc-dISqODsORbsbbKdRnR5dhfyiTytbccx5rsbm5DNYNKhXe7N44F53XH8GGKbuEVNvfBdygJ9WWrq3L4zzcVNaINIln67ta_GnuAyQ3JY0rtwXaKEdHacWtrAp01PndJ5h7IriK0PyY4j_U47lXfTXLOiUo6fv3K9PIdmOwSuLXEraSTakL3SXcTPJ-EzjIGYDvAhCrrS34s_56hoEbFzHJKUJJYfrUDZCr-g&amp;__tn__=*NK-R\">#todamulher\u00e9trabalhadora<\/a><\/div>\n<div dir=\"auto\"><\/div>\n<\/div>\n<div class=\"o9v6fnle cxmmr5t8 oygrvhab hcukyx3x c1et5uql ii04i59q\">\n<div dir=\"auto\"><a class=\"oajrlxb2 g5ia77u1 qu0x051f esr5mh6w e9989ue4 r7d6kgcz rq0escxv nhd2j8a9 nc684nl6 p7hjln8o kvgmc6g5 cxmmr5t8 oygrvhab hcukyx3x jb3vyjys rz4wbd8a qt6c0cv9 a8nywdso i1ao9s8h esuyzwwr f1sip0of lzcic4wl q66pz984 gpro0wi8 b1v8xokw\" tabindex=\"0\" role=\"link\" href=\"https:\/\/www.facebook.com\/hashtag\/paratodasverem?__eep__=6&amp;__cft__[0]=AZXfXLBdSc-dISqODsORbsbbKdRnR5dhfyiTytbccx5rsbm5DNYNKhXe7N44F53XH8GGKbuEVNvfBdygJ9WWrq3L4zzcVNaINIln67ta_GnuAyQ3JY0rtwXaKEdHacWtrAp01PndJ5h7IriK0PyY4j_U47lXfTXLOiUo6fv3K9PIdmOwSuLXEraSTakL3SXcTPJ-EzjIGYDvAhCrrS34s_56hoEbFzHJKUJJYfrUDZCr-g&amp;__tn__=*NK-R\">#ParaTodasVerem<\/a> No canto esquerdo o texto \u201cD\u00eda de luta por creche. Espa\u00e7o Coruja\u201d escrito em letras brancas em um fundo roxo florido. No canto superior direito a foto em preto e branco de Marielle Franco com duas crian\u00e7as e o logo do espa\u00e7o coruja formado por tr\u00eas corujas laranjas e verdes em frente a uma casa com uma lua.<a class=\"oajrlxb2 g5ia77u1 qu0x051f esr5mh6w e9989ue4 r7d6kgcz rq0escxv nhd2j8a9 nc684nl6 p7hjln8o kvgmc6g5 cxmmr5t8 oygrvhab hcukyx3x jb3vyjys rz4wbd8a qt6c0cv9 a8nywdso i1ao9s8h esuyzwwr f1sip0of lzcic4wl q66pz984 gpro0wi8 b1v8xokw\" tabindex=\"0\" role=\"link\" href=\"https:\/\/www.facebook.com\/hashtag\/fimdadescri%C3%A7%C3%A3o?__eep__=6&amp;__cft__[0]=AZXfXLBdSc-dISqODsORbsbbKdRnR5dhfyiTytbccx5rsbm5DNYNKhXe7N44F53XH8GGKbuEVNvfBdygJ9WWrq3L4zzcVNaINIln67ta_GnuAyQ3JY0rtwXaKEdHacWtrAp01PndJ5h7IriK0PyY4j_U47lXfTXLOiUo6fv3K9PIdmOwSuLXEraSTakL3SXcTPJ-EzjIGYDvAhCrrS34s_56hoEbFzHJKUJJYfrUDZCr-g&amp;__tn__=*NK-R\">#Fimdadescri\u00e7\u00e3o<\/a><\/div>\n<div dir=\"auto\"><\/div>\n<\/div>\n","protected":false},"excerpt":{"rendered":"<p>Nessa semana do Dia Nacional de Luta por Creches relembramos a Lei Espa\u00e7o Coruja N\u00ba 6419\/2018, proposta por Marielle Franco e Tarc\u00edsio Mota, e aprovada em mar\u00e7o de 2018. O projeto foi um dos primeiros apresentados na mandata de Marielle Franco que a partir do uso de uma pol\u00edtica de escuta e de conversa construiu uma proposta de lei para a cria\u00e7\u00e3o de espa\u00e7o de acolhimento para crian\u00e7as que os respons\u00e1veis exer\u00e7am fun\u00e7\u00e3o profissional ou de estudos no per\u00edodo noturno.<\/p>\n","protected":false},"author":3,"featured_media":5870,"comment_status":"open","ping_status":"open","sticky":false,"template":"","format":"standard","meta":{"om_disable_all_campaigns":false,"_monsterinsights_skip_tracking":false,"_monsterinsights_sitenote_active":false,"_monsterinsights_sitenote_note":"","_monsterinsights_sitenote_category":0,"_uf_show_specific_survey":0,"_uf_disable_surveys":false,"ocean_post_layout":"","ocean_both_sidebars_style":"","ocean_both_sidebars_content_width":0,"ocean_both_sidebars_sidebars_width":0,"ocean_sidebar":"","ocean_second_sidebar":"","ocean_disable_margins":"enable","ocean_add_body_class":"","ocean_shortcode_before_top_bar":"","ocean_shortcode_after_top_bar":"","ocean_shortcode_before_header":"","ocean_shortcode_after_header":"","ocean_has_shortcode":"","ocean_shortcode_after_title":"","ocean_shortcode_before_footer_widgets":"","ocean_shortcode_after_footer_widgets":"","ocean_shortcode_before_footer_bottom":"","ocean_shortcode_after_footer_bottom":"","ocean_display_top_bar":"default","ocean_display_header":"default","ocean_header_style":"","ocean_center_header_left_menu":"","ocean_custom_header_template":"","ocean_custom_logo":0,"ocean_custom_retina_logo":0,"ocean_custom_logo_max_width":0,"ocean_custom_logo_tablet_max_width":0,"ocean_custom_logo_mobile_max_width":0,"ocean_custom_logo_max_height":0,"ocean_custom_logo_tablet_max_height":0,"ocean_custom_logo_mobile_max_height":0,"ocean_header_custom_menu":"","ocean_menu_typo_font_family":"","ocean_menu_typo_font_subset":"","ocean_menu_typo_font_size":0,"ocean_menu_typo_font_size_tablet":0,"ocean_menu_typo_font_size_mobile":0,"ocean_menu_typo_font_size_unit":"px","ocean_menu_typo_font_weight":"","ocean_menu_typo_font_weight_tablet":"","ocean_menu_typo_font_weight_mobile":"","ocean_menu_typo_transform":"","ocean_menu_typo_transform_tablet":"","ocean_menu_typo_transform_mobile":"","ocean_menu_typo_line_height":0,"ocean_menu_typo_line_height_tablet":0,"ocean_menu_typo_line_height_mobile":0,"ocean_menu_typo_line_height_unit":"","ocean_menu_typo_spacing":0,"ocean_menu_typo_spacing_tablet":0,"ocean_menu_typo_spacing_mobile":0,"ocean_menu_typo_spacing_unit":"","ocean_menu_link_color":"","ocean_menu_link_color_hover":"","ocean_menu_link_color_active":"","ocean_menu_link_background":"","ocean_menu_link_hover_background":"","ocean_menu_link_active_background":"","ocean_menu_social_links_bg":"","ocean_menu_social_hover_links_bg":"","ocean_menu_social_links_color":"","ocean_menu_social_hover_links_color":"","ocean_disable_title":"default","ocean_disable_heading":"default","ocean_post_title":"","ocean_post_subheading":"","ocean_post_title_style":"","ocean_post_title_background_color":"","ocean_post_title_background":0,"ocean_post_title_bg_image_position":"","ocean_post_title_bg_image_attachment":"","ocean_post_title_bg_image_repeat":"","ocean_post_title_bg_image_size":"","ocean_post_title_height":0,"ocean_post_title_bg_overlay":0.5,"ocean_post_title_bg_overlay_color":"","ocean_disable_breadcrumbs":"default","ocean_breadcrumbs_color":"","ocean_breadcrumbs_separator_color":"","ocean_breadcrumbs_links_color":"","ocean_breadcrumbs_links_hover_color":"","ocean_display_footer_widgets":"default","ocean_display_footer_bottom":"default","ocean_custom_footer_template":"","ocean_post_oembed":"","ocean_post_self_hosted_media":"","ocean_post_video_embed":"","ocean_link_format":"","ocean_link_format_target":"self","ocean_quote_format":"","ocean_quote_format_link":"post","ocean_gallery_link_images":"on","ocean_gallery_id":[],"footnotes":""},"categories":[75,88],"tags":[85,86,395,249,87],"class_list":["post-5869","post","type-post","status-publish","format-standard","has-post-thumbnail","hentry","category-direitos-sexuais-e-reprodutivos","category-educacao","tag-direitoacreche","tag-espacocoruja","tag-resistenciaelutaporcrechespublicaegratuita","tag-todamulheretrabalhadora","tag-creche","entry","has-media"],"aioseo_notices":[],"yoast_head":"<!-- This site is optimized with the Yoast SEO plugin v23.0 - https:\/\/yoast.com\/wordpress\/plugins\/seo\/ -->\n<title>Lei Espa\u00e7o Coruja - CAMTRA NOVO<\/title>\n<meta name=\"robots\" content=\"index, follow, max-snippet:-1, max-image-preview:large, max-video-preview:-1\" \/>\n<link rel=\"canonical\" href=\"https:\/\/novo2023.camtra.org.br\/index.php\/2020\/10\/13\/lei-espaco-coruja\/\" \/>\n<meta property=\"og:locale\" content=\"pt_BR\" \/>\n<meta property=\"og:type\" content=\"article\" \/>\n<meta property=\"og:title\" content=\"Lei Espa\u00e7o Coruja - CAMTRA NOVO\" \/>\n<meta property=\"og:description\" content=\"Nessa semana do Dia Nacional de Luta por Creches relembramos a Lei Espa\u00e7o Coruja N\u00ba 6419\/2018, proposta por Marielle Franco e Tarc\u00edsio Mota, e aprovada em mar\u00e7o de 2018. O projeto foi um dos primeiros apresentados na mandata de Marielle Franco que a partir do uso de uma pol\u00edtica de escuta e de conversa construiu uma proposta de lei para a cria\u00e7\u00e3o de espa\u00e7o de acolhimento para crian\u00e7as que os respons\u00e1veis exer\u00e7am fun\u00e7\u00e3o profissional ou de estudos no per\u00edodo noturno.\" \/>\n<meta property=\"og:url\" content=\"https:\/\/novo2023.camtra.org.br\/index.php\/2020\/10\/13\/lei-espaco-coruja\/\" \/>\n<meta property=\"og:site_name\" content=\"CAMTRA NOVO\" \/>\n<meta property=\"article:published_time\" content=\"2020-10-13T21:22:12+00:00\" \/>\n<meta name=\"author\" content=\"Casa da Mulher Trabalhadora\" \/>\n<meta name=\"twitter:card\" content=\"summary_large_image\" \/>\n<meta name=\"twitter:label1\" content=\"Escrito por\" \/>\n\t<meta name=\"twitter:data1\" content=\"Casa da Mulher Trabalhadora\" \/>\n\t<meta name=\"twitter:label2\" content=\"Est. tempo de leitura\" \/>\n\t<meta name=\"twitter:data2\" content=\"1 minuto\" \/>\n<script type=\"application\/ld+json\" class=\"yoast-schema-graph\">{\"@context\":\"https:\/\/schema.org\",\"@graph\":[{\"@type\":\"Article\",\"@id\":\"https:\/\/novo2023.camtra.org.br\/index.php\/2020\/10\/13\/lei-espaco-coruja\/#article\",\"isPartOf\":{\"@id\":\"https:\/\/novo2023.camtra.org.br\/index.php\/2020\/10\/13\/lei-espaco-coruja\/\"},\"author\":{\"name\":\"Casa da Mulher Trabalhadora\",\"@id\":\"https:\/\/novo2023.camtra.org.br\/#\/schema\/person\/f163af9cb65589aab5865b0437873a74\"},\"headline\":\"Lei Espa\u00e7o Coruja\",\"datePublished\":\"2020-10-13T21:22:12+00:00\",\"dateModified\":\"2020-10-13T21:22:12+00:00\",\"mainEntityOfPage\":{\"@id\":\"https:\/\/novo2023.camtra.org.br\/index.php\/2020\/10\/13\/lei-espaco-coruja\/\"},\"wordCount\":298,\"commentCount\":0,\"publisher\":{\"@id\":\"https:\/\/novo2023.camtra.org.br\/#organization\"},\"image\":{\"@id\":\"https:\/\/novo2023.camtra.org.br\/index.php\/2020\/10\/13\/lei-espaco-coruja\/#primaryimage\"},\"thumbnailUrl\":\"https:\/\/novo2023.camtra.org.br\/wp-content\/uploads\/2020\/10\/espaco-coruja-1.png\",\"keywords\":[\"#direitoacreche\",\"#espa\u00e7ocoruja\",\"#resistenciaelutaporcrechespublicaegratuita\",\"#todamulher\u00e9trabalhadora\",\"creche\"],\"articleSection\":[\"Direitos sexuais e reprodutivos\",\"Educa\u00e7\u00e3o\"],\"inLanguage\":\"pt-BR\",\"potentialAction\":[{\"@type\":\"CommentAction\",\"name\":\"Comment\",\"target\":[\"https:\/\/novo2023.camtra.org.br\/index.php\/2020\/10\/13\/lei-espaco-coruja\/#respond\"]}]},{\"@type\":\"WebPage\",\"@id\":\"https:\/\/novo2023.camtra.org.br\/index.php\/2020\/10\/13\/lei-espaco-coruja\/\",\"url\":\"https:\/\/novo2023.camtra.org.br\/index.php\/2020\/10\/13\/lei-espaco-coruja\/\",\"name\":\"Lei Espa\u00e7o Coruja - CAMTRA NOVO\",\"isPartOf\":{\"@id\":\"https:\/\/novo2023.camtra.org.br\/#website\"},\"primaryImageOfPage\":{\"@id\":\"https:\/\/novo2023.camtra.org.br\/index.php\/2020\/10\/13\/lei-espaco-coruja\/#primaryimage\"},\"image\":{\"@id\":\"https:\/\/novo2023.camtra.org.br\/index.php\/2020\/10\/13\/lei-espaco-coruja\/#primaryimage\"},\"thumbnailUrl\":\"https:\/\/novo2023.camtra.org.br\/wp-content\/uploads\/2020\/10\/espaco-coruja-1.png\",\"datePublished\":\"2020-10-13T21:22:12+00:00\",\"dateModified\":\"2020-10-13T21:22:12+00:00\",\"breadcrumb\":{\"@id\":\"https:\/\/novo2023.camtra.org.br\/index.php\/2020\/10\/13\/lei-espaco-coruja\/#breadcrumb\"},\"inLanguage\":\"pt-BR\",\"potentialAction\":[{\"@type\":\"ReadAction\",\"target\":[\"https:\/\/novo2023.camtra.org.br\/index.php\/2020\/10\/13\/lei-espaco-coruja\/\"]}]},{\"@type\":\"ImageObject\",\"inLanguage\":\"pt-BR\",\"@id\":\"https:\/\/novo2023.camtra.org.br\/index.php\/2020\/10\/13\/lei-espaco-coruja\/#primaryimage\",\"url\":\"https:\/\/novo2023.camtra.org.br\/wp-content\/uploads\/2020\/10\/espaco-coruja-1.png\",\"contentUrl\":\"https:\/\/novo2023.camtra.org.br\/wp-content\/uploads\/2020\/10\/espaco-coruja-1.png\",\"width\":1080,\"height\":1080},{\"@type\":\"BreadcrumbList\",\"@id\":\"https:\/\/novo2023.camtra.org.br\/index.php\/2020\/10\/13\/lei-espaco-coruja\/#breadcrumb\",\"itemListElement\":[{\"@type\":\"ListItem\",\"position\":1,\"name\":\"Home\",\"item\":\"https:\/\/novo2023.camtra.org.br\/\"},{\"@type\":\"ListItem\",\"position\":2,\"name\":\"Lei Espa\u00e7o Coruja\"}]},{\"@type\":\"WebSite\",\"@id\":\"https:\/\/novo2023.camtra.org.br\/#website\",\"url\":\"https:\/\/novo2023.camtra.org.br\/\",\"name\":\"CAMTRA NOVO\",\"description\":\"\",\"publisher\":{\"@id\":\"https:\/\/novo2023.camtra.org.br\/#organization\"},\"potentialAction\":[{\"@type\":\"SearchAction\",\"target\":{\"@type\":\"EntryPoint\",\"urlTemplate\":\"https:\/\/novo2023.camtra.org.br\/?s={search_term_string}\"},\"query-input\":\"required name=search_term_string\"}],\"inLanguage\":\"pt-BR\"},{\"@type\":\"Organization\",\"@id\":\"https:\/\/novo2023.camtra.org.br\/#organization\",\"name\":\"CAMTRA NOVO\",\"url\":\"https:\/\/novo2023.camtra.org.br\/\",\"logo\":{\"@type\":\"ImageObject\",\"inLanguage\":\"pt-BR\",\"@id\":\"https:\/\/novo2023.camtra.org.br\/#\/schema\/logo\/image\/\",\"url\":\"https:\/\/novo2023.camtra.org.br\/wp-content\/uploads\/2024\/01\/CAMTRA-comflor-roxa-logo_logo-camtra-principal-flor.png\",\"contentUrl\":\"https:\/\/novo2023.camtra.org.br\/wp-content\/uploads\/2024\/01\/CAMTRA-comflor-roxa-logo_logo-camtra-principal-flor.png\",\"width\":1172,\"height\":330,\"caption\":\"CAMTRA NOVO\"},\"image\":{\"@id\":\"https:\/\/novo2023.camtra.org.br\/#\/schema\/logo\/image\/\"}},{\"@type\":\"Person\",\"@id\":\"https:\/\/novo2023.camtra.org.br\/#\/schema\/person\/f163af9cb65589aab5865b0437873a74\",\"name\":\"Casa da Mulher Trabalhadora\",\"image\":{\"@type\":\"ImageObject\",\"inLanguage\":\"pt-BR\",\"@id\":\"https:\/\/novo2023.camtra.org.br\/#\/schema\/person\/image\/\",\"url\":\"https:\/\/novo2023.camtra.org.br\/wp-content\/litespeed\/avatar\/4c87233a8b80506f010db0cccf69e8b5.jpg?ver=1777270965\",\"contentUrl\":\"https:\/\/novo2023.camtra.org.br\/wp-content\/litespeed\/avatar\/4c87233a8b80506f010db0cccf69e8b5.jpg?ver=1777270965\",\"caption\":\"Casa da Mulher Trabalhadora\"},\"url\":\"https:\/\/novo2023.camtra.org.br\/index.php\/author\/camtra\/\"}]}<\/script>\n<!-- \/ Yoast SEO plugin. -->","yoast_head_json":{"title":"Lei Espa\u00e7o Coruja - CAMTRA NOVO","robots":{"index":"index","follow":"follow","max-snippet":"max-snippet:-1","max-image-preview":"max-image-preview:large","max-video-preview":"max-video-preview:-1"},"canonical":"https:\/\/novo2023.camtra.org.br\/index.php\/2020\/10\/13\/lei-espaco-coruja\/","og_locale":"pt_BR","og_type":"article","og_title":"Lei Espa\u00e7o Coruja - CAMTRA NOVO","og_description":"Nessa semana do Dia Nacional de Luta por Creches relembramos a Lei Espa\u00e7o Coruja N\u00ba 6419\/2018, proposta por Marielle Franco e Tarc\u00edsio Mota, e aprovada em mar\u00e7o de 2018. O projeto foi um dos primeiros apresentados na mandata de Marielle Franco que a partir do uso de uma pol\u00edtica de escuta e de conversa construiu uma proposta de lei para a cria\u00e7\u00e3o de espa\u00e7o de acolhimento para crian\u00e7as que os respons\u00e1veis exer\u00e7am fun\u00e7\u00e3o profissional ou de estudos no per\u00edodo noturno.","og_url":"https:\/\/novo2023.camtra.org.br\/index.php\/2020\/10\/13\/lei-espaco-coruja\/","og_site_name":"CAMTRA NOVO","article_published_time":"2020-10-13T21:22:12+00:00","author":"Casa da Mulher Trabalhadora","twitter_card":"summary_large_image","twitter_misc":{"Escrito por":"Casa da Mulher Trabalhadora","Est. tempo de leitura":"1 minuto"},"schema":{"@context":"https:\/\/schema.org","@graph":[{"@type":"Article","@id":"https:\/\/novo2023.camtra.org.br\/index.php\/2020\/10\/13\/lei-espaco-coruja\/#article","isPartOf":{"@id":"https:\/\/novo2023.camtra.org.br\/index.php\/2020\/10\/13\/lei-espaco-coruja\/"},"author":{"name":"Casa da Mulher Trabalhadora","@id":"https:\/\/novo2023.camtra.org.br\/#\/schema\/person\/f163af9cb65589aab5865b0437873a74"},"headline":"Lei Espa\u00e7o Coruja","datePublished":"2020-10-13T21:22:12+00:00","dateModified":"2020-10-13T21:22:12+00:00","mainEntityOfPage":{"@id":"https:\/\/novo2023.camtra.org.br\/index.php\/2020\/10\/13\/lei-espaco-coruja\/"},"wordCount":298,"commentCount":0,"publisher":{"@id":"https:\/\/novo2023.camtra.org.br\/#organization"},"image":{"@id":"https:\/\/novo2023.camtra.org.br\/index.php\/2020\/10\/13\/lei-espaco-coruja\/#primaryimage"},"thumbnailUrl":"https:\/\/novo2023.camtra.org.br\/wp-content\/uploads\/2020\/10\/espaco-coruja-1.png","keywords":["#direitoacreche","#espa\u00e7ocoruja","#resistenciaelutaporcrechespublicaegratuita","#todamulher\u00e9trabalhadora","creche"],"articleSection":["Direitos sexuais e reprodutivos","Educa\u00e7\u00e3o"],"inLanguage":"pt-BR","potentialAction":[{"@type":"CommentAction","name":"Comment","target":["https:\/\/novo2023.camtra.org.br\/index.php\/2020\/10\/13\/lei-espaco-coruja\/#respond"]}]},{"@type":"WebPage","@id":"https:\/\/novo2023.camtra.org.br\/index.php\/2020\/10\/13\/lei-espaco-coruja\/","url":"https:\/\/novo2023.camtra.org.br\/index.php\/2020\/10\/13\/lei-espaco-coruja\/","name":"Lei Espa\u00e7o Coruja - CAMTRA NOVO","isPartOf":{"@id":"https:\/\/novo2023.camtra.org.br\/#website"},"primaryImageOfPage":{"@id":"https:\/\/novo2023.camtra.org.br\/index.php\/2020\/10\/13\/lei-espaco-coruja\/#primaryimage"},"image":{"@id":"https:\/\/novo2023.camtra.org.br\/index.php\/2020\/10\/13\/lei-espaco-coruja\/#primaryimage"},"thumbnailUrl":"https:\/\/novo2023.camtra.org.br\/wp-content\/uploads\/2020\/10\/espaco-coruja-1.png","datePublished":"2020-10-13T21:22:12+00:00","dateModified":"2020-10-13T21:22:12+00:00","breadcrumb":{"@id":"https:\/\/novo2023.camtra.org.br\/index.php\/2020\/10\/13\/lei-espaco-coruja\/#breadcrumb"},"inLanguage":"pt-BR","potentialAction":[{"@type":"ReadAction","target":["https:\/\/novo2023.camtra.org.br\/index.php\/2020\/10\/13\/lei-espaco-coruja\/"]}]},{"@type":"ImageObject","inLanguage":"pt-BR","@id":"https:\/\/novo2023.camtra.org.br\/index.php\/2020\/10\/13\/lei-espaco-coruja\/#primaryimage","url":"https:\/\/novo2023.camtra.org.br\/wp-content\/uploads\/2020\/10\/espaco-coruja-1.png","contentUrl":"https:\/\/novo2023.camtra.org.br\/wp-content\/uploads\/2020\/10\/espaco-coruja-1.png","width":1080,"height":1080},{"@type":"BreadcrumbList","@id":"https:\/\/novo2023.camtra.org.br\/index.php\/2020\/10\/13\/lei-espaco-coruja\/#breadcrumb","itemListElement":[{"@type":"ListItem","position":1,"name":"Home","item":"https:\/\/novo2023.camtra.org.br\/"},{"@type":"ListItem","position":2,"name":"Lei Espa\u00e7o Coruja"}]},{"@type":"WebSite","@id":"https:\/\/novo2023.camtra.org.br\/#website","url":"https:\/\/novo2023.camtra.org.br\/","name":"CAMTRA NOVO","description":"","publisher":{"@id":"https:\/\/novo2023.camtra.org.br\/#organization"},"potentialAction":[{"@type":"SearchAction","target":{"@type":"EntryPoint","urlTemplate":"https:\/\/novo2023.camtra.org.br\/?s={search_term_string}"},"query-input":"required name=search_term_string"}],"inLanguage":"pt-BR"},{"@type":"Organization","@id":"https:\/\/novo2023.camtra.org.br\/#organization","name":"CAMTRA NOVO","url":"https:\/\/novo2023.camtra.org.br\/","logo":{"@type":"ImageObject","inLanguage":"pt-BR","@id":"https:\/\/novo2023.camtra.org.br\/#\/schema\/logo\/image\/","url":"https:\/\/novo2023.camtra.org.br\/wp-content\/uploads\/2024\/01\/CAMTRA-comflor-roxa-logo_logo-camtra-principal-flor.png","contentUrl":"https:\/\/novo2023.camtra.org.br\/wp-content\/uploads\/2024\/01\/CAMTRA-comflor-roxa-logo_logo-camtra-principal-flor.png","width":1172,"height":330,"caption":"CAMTRA NOVO"},"image":{"@id":"https:\/\/novo2023.camtra.org.br\/#\/schema\/logo\/image\/"}},{"@type":"Person","@id":"https:\/\/novo2023.camtra.org.br\/#\/schema\/person\/f163af9cb65589aab5865b0437873a74","name":"Casa da Mulher Trabalhadora","image":{"@type":"ImageObject","inLanguage":"pt-BR","@id":"https:\/\/novo2023.camtra.org.br\/#\/schema\/person\/image\/","url":"https:\/\/novo2023.camtra.org.br\/wp-content\/litespeed\/avatar\/4c87233a8b80506f010db0cccf69e8b5.jpg?ver=1777270965","contentUrl":"https:\/\/novo2023.camtra.org.br\/wp-content\/litespeed\/avatar\/4c87233a8b80506f010db0cccf69e8b5.jpg?ver=1777270965","caption":"Casa da Mulher Trabalhadora"},"url":"https:\/\/novo2023.camtra.org.br\/index.php\/author\/camtra\/"}]}},"_links":{"self":[{"href":"https:\/\/novo2023.camtra.org.br\/index.php\/wp-json\/wp\/v2\/posts\/5869"}],"collection":[{"href":"https:\/\/novo2023.camtra.org.br\/index.php\/wp-json\/wp\/v2\/posts"}],"about":[{"href":"https:\/\/novo2023.camtra.org.br\/index.php\/wp-json\/wp\/v2\/types\/post"}],"author":[{"embeddable":true,"href":"https:\/\/novo2023.camtra.org.br\/index.php\/wp-json\/wp\/v2\/users\/3"}],"replies":[{"embeddable":true,"href":"https:\/\/novo2023.camtra.org.br\/index.php\/wp-json\/wp\/v2\/comments?post=5869"}],"version-history":[{"count":0,"href":"https:\/\/novo2023.camtra.org.br\/index.php\/wp-json\/wp\/v2\/posts\/5869\/revisions"}],"wp:featuredmedia":[{"embeddable":true,"href":"https:\/\/novo2023.camtra.org.br\/index.php\/wp-json\/wp\/v2\/media\/5870"}],"wp:attachment":[{"href":"https:\/\/novo2023.camtra.org.br\/index.php\/wp-json\/wp\/v2\/media?parent=5869"}],"wp:term":[{"taxonomy":"category","embeddable":true,"href":"https:\/\/novo2023.camtra.org.br\/index.php\/wp-json\/wp\/v2\/categories?post=5869"},{"taxonomy":"post_tag","embeddable":true,"href":"https:\/\/novo2023.camtra.org.br\/index.php\/wp-json\/wp\/v2\/tags?post=5869"}],"curies":[{"name":"wp","href":"https:\/\/api.w.org\/{rel}","templated":true}]}}