{"id":5854,"date":"2020-10-10T10:46:51","date_gmt":"2020-10-10T13:46:51","guid":{"rendered":"https:\/\/camtra.org.br\/?p=5854"},"modified":"2020-10-10T10:46:51","modified_gmt":"2020-10-10T13:46:51","slug":"dia-nacional-de-luta-contra-a-violencia-a-mulher","status":"publish","type":"post","link":"https:\/\/novo2023.camtra.org.br\/index.php\/2020\/10\/10\/dia-nacional-de-luta-contra-a-violencia-a-mulher\/","title":{"rendered":"Dia Nacional de Luta Contra a Viol\u00eancia \u00e0 Mulher"},"content":{"rendered":"<div id=\"fb-root\"><\/div>\n<div class=\"kvgmc6g5 cxmmr5t8 oygrvhab hcukyx3x c1et5uql ii04i59q\">\n<div dir=\"auto\">Hoje, dia 10 de outubro \u00e9 o Dia Nacional de Luta Contra a Viol\u00eancia \u00e0 Mulher. A data foi criada em 1980, por conta de um Movimento Nacional realizado na cidade de S\u00e3o Paulo em protesto aos alt\u00edssimos \u00edndices de crimes de viol\u00eancia contra mulheres em todo o territ\u00f3rio nacional.<\/div>\n<div dir=\"auto\">Atualmente, os \u00edndices de viol\u00eancia contra mulher continuam alarmantes e cresceram ainda mais durante a pandemia.<\/div>\n<\/div>\n<div class=\"o9v6fnle cxmmr5t8 oygrvhab hcukyx3x c1et5uql ii04i59q\">\n<div dir=\"auto\">A Lei Maria da Penha foi uma das maiores conquistas das mulheres desde o movimento na d\u00e9cada de 80. Desde 2006 a lei 11.340 criminaliza a viol\u00eancia contra a mulher, prevendo mecanismos para prevenir e coibir a viol\u00eancia dom\u00e9stica e familiar contra a mulher.<\/div>\n<\/div>\n<div class=\"o9v6fnle cxmmr5t8 oygrvhab hcukyx3x c1et5uql ii04i59q\">\n<div dir=\"auto\">O Dossi\u00ea Mulher 2020 elaborado pelo Instituto de Seguran\u00e7a P\u00fablica\/RJ mostrou que no geral de todas as mulheres v\u00edtimas de viol\u00eancia em 2019 a maioria eram mulheres negras e grande parte conhecia o agressor ou foi agredida dentro da pr\u00f3pria casa. Foram 308 v\u00edtimas de homic\u00eddio (quase 1 v\u00edtima por dia), 41.366 v\u00edtimas de les\u00e3o corporal dolosa (quase 113 vitimas por dia), 1.598 v\u00edtimas de estupro (quase 4 vitimas por dia) , 41.492 vitimas de viol\u00eancia psicol\u00f3gica e mais de 30 mil mulheres vitimas de viol\u00eancia moral, esses n\u00fameros refletem apenas os casos que foram notificados\/ registrados no Rio de Janeiro, mas sabemos que na realidade muitos casos n\u00e3o chegam as autoridades e que os n\u00fameros s\u00e3o bem maiores que os apresentados.<\/div>\n<\/div>\n<div class=\"o9v6fnle cxmmr5t8 oygrvhab hcukyx3x c1et5uql ii04i59q\">\n<div dir=\"auto\">Se voc\u00ea precisa de mais informa\u00e7\u00f5es sobre como e onde denunciar casos de viol\u00eancia contra a mulher, acesse o nosso defenda-se:<\/div>\n<\/div>\n<div class=\"o9v6fnle cxmmr5t8 oygrvhab hcukyx3x c1et5uql ii04i59q\">\n<div dir=\"auto\"><a class=\"oajrlxb2 g5ia77u1 qu0x051f esr5mh6w e9989ue4 r7d6kgcz rq0escxv nhd2j8a9 nc684nl6 p7hjln8o kvgmc6g5 cxmmr5t8 oygrvhab hcukyx3x jb3vyjys rz4wbd8a qt6c0cv9 a8nywdso i1ao9s8h esuyzwwr f1sip0of lzcic4wl py34i1dx gpro0wi8\" tabindex=\"0\" role=\"link\" href=\"https:\/\/l.facebook.com\/l.php?u=https%3A%2F%2Fcamtra.org.br%2Fdefenda-se%2F%3Ffbclid%3DIwAR1WKZ4LY0RWPdY2Nlni-uHbLMlCReFsqTrb0R7BaOjq7tNzPjx29uKAXDQ&amp;h=AT17nQG0wUV08loNc2QbjKk4oGQbMsgz5OY7b7-fILH3JeJRhyHtYqFyUcyIsybrFIqaqzYi5oP0jsO3PlenxgEcAzUfdlFYJXvzPcT4ErS1l1EYzV3QSmt_D9dQ4XmdsI11UT2Vfrn1nTrpPLQG&amp;__tn__=-UK-R&amp;c[0]=AT3cxN6DhEz1ZOqZQsqRSmLC8hQ4h07nblYf1nEA0_CEWowYKBxK8fzx57-PeesWoJmTcu-7NcvISNkwqm8xN-g949nWRG3k1cXAnE1Egkw2QqSyUhuEzWEcMr-DOAe2tW-vCzR921kv565MY-9kG4ovf7_Fq8FjPdxhzeoDiwtWGSZR3UoLQ3a3sSW9a5VZFjxKjwAcZJ1jqqvlL-hpM08\" target=\"_blank\" rel=\"nofollow noopener\">https:\/\/camtra.org.br\/defenda-se\/<\/a><\/div>\n<\/div>\n<div class=\"o9v6fnle cxmmr5t8 oygrvhab hcukyx3x c1et5uql ii04i59q\">\n<div dir=\"auto\">Para ler mais sobre a Lei Maria da Penha, leia a nossa cartilha \u201cA viol\u00eancia contra a mulher n\u00e3o \u00e9 o mundo que a gente quer\u201d:<\/div>\n<\/div>\n<div class=\"o9v6fnle cxmmr5t8 oygrvhab hcukyx3x c1et5uql ii04i59q\">\n<div dir=\"auto\"><a class=\"oajrlxb2 g5ia77u1 qu0x051f esr5mh6w e9989ue4 r7d6kgcz rq0escxv nhd2j8a9 nc684nl6 p7hjln8o kvgmc6g5 cxmmr5t8 oygrvhab hcukyx3x jb3vyjys rz4wbd8a qt6c0cv9 a8nywdso i1ao9s8h esuyzwwr f1sip0of lzcic4wl py34i1dx gpro0wi8\" tabindex=\"0\" role=\"link\" href=\"https:\/\/camtra.org.br\/wp-content\/uploads\/2019\/08\/FREE0012_Cartilha_COMPLETA_ONLINE_01-1.pdf?fbclid=IwAR1QJlgTum06imWsP4kJOYkYlhEyJN4koMedHrbmHlhUzVPFtBiY8nef45Y\" target=\"_blank\" rel=\"nofollow noopener\">https:\/\/camtra.org.br\/&#8230;\/FREE0012_Cartilha_COMPLETA&#8230;<\/a><\/div>\n<div dir=\"auto\">Para ter acesso ao Dossi\u00ea Mulher elaborado pelo ISP\/RJ, acesse:<\/div>\n<\/div>\n<div class=\"o9v6fnle cxmmr5t8 oygrvhab hcukyx3x c1et5uql ii04i59q\">\n<div dir=\"auto\"><a class=\"oajrlxb2 g5ia77u1 qu0x051f esr5mh6w e9989ue4 r7d6kgcz rq0escxv nhd2j8a9 nc684nl6 p7hjln8o kvgmc6g5 cxmmr5t8 oygrvhab hcukyx3x jb3vyjys rz4wbd8a qt6c0cv9 a8nywdso i1ao9s8h esuyzwwr f1sip0of lzcic4wl py34i1dx gpro0wi8\" tabindex=\"0\" role=\"link\" href=\"https:\/\/l.facebook.com\/l.php?u=http%3A%2F%2Farquivos.proderj.rj.gov.br%2Fisp_imagens%2Fuploads%2FDossieMulher2020.pdf%3Ffbclid%3DIwAR0xTnXCzANQvIpgnkWaVNPBmFnx_zGO7EkI37qG2GxsiPH-4O47GZYLD7E&amp;h=AT2UoSRR7Kj8w-3_c8-GhWiLtYruqjQ9g7q1JP3QnGmDoyV8THssT0tzX1xtU5uheHZpFezGfBtFMVCIW8aJH1B4eKsE7LhwRbk4pFu8xTAXjWb7QXdkL9aCQQIdKAzZ2TIPr_aIx4IPQxtIxhDH&amp;__tn__=-UK-R&amp;c[0]=AT3cxN6DhEz1ZOqZQsqRSmLC8hQ4h07nblYf1nEA0_CEWowYKBxK8fzx57-PeesWoJmTcu-7NcvISNkwqm8xN-g949nWRG3k1cXAnE1Egkw2QqSyUhuEzWEcMr-DOAe2tW-vCzR921kv565MY-9kG4ovf7_Fq8FjPdxhzeoDiwtWGSZR3UoLQ3a3sSW9a5VZFjxKjwAcZJ1jqqvlL-hpM08\" target=\"_blank\" rel=\"nofollow noopener\">http:\/\/arquivos.proderj.rj.gov.br\/&#8230;\/DossieMulher2020.pdf<\/a><\/div>\n<\/div>\n<div class=\"o9v6fnle cxmmr5t8 oygrvhab hcukyx3x c1et5uql ii04i59q\">\n<div dir=\"auto\">Por mim, por n\u00f3s e pelas outras. Juntas somos mais fortes! A viol\u00eancia contra as mulheres n\u00e3o \u00e9 o mundo que a gente quer.<\/div>\n<\/div>\n<p>&nbsp;<\/p>\n","protected":false},"excerpt":{"rendered":"<p>Hoje, dia 10 de outubro \u00e9 o Dia Nacional de Luta Contra a Viol\u00eancia \u00e0 Mulher. A data foi criada em 1980, por conta de um Movimento Nacional realizado na cidade de S\u00e3o Paulo em protesto aos alt\u00edssimos \u00edndices de crimes de viol\u00eancia contra mulheres em todo o territ\u00f3rio nacional.<\/p>\n","protected":false},"author":3,"featured_media":5855,"comment_status":"open","ping_status":"open","sticky":false,"template":"","format":"standard","meta":{"om_disable_all_campaigns":false,"_monsterinsights_skip_tracking":false,"_monsterinsights_sitenote_active":false,"_monsterinsights_sitenote_note":"","_monsterinsights_sitenote_category":0,"_uf_show_specific_survey":0,"_uf_disable_surveys":false,"ocean_post_layout":"","ocean_both_sidebars_style":"","ocean_both_sidebars_content_width":0,"ocean_both_sidebars_sidebars_width":0,"ocean_sidebar":"","ocean_second_sidebar":"","ocean_disable_margins":"enable","ocean_add_body_class":"","ocean_shortcode_before_top_bar":"","ocean_shortcode_after_top_bar":"","ocean_shortcode_before_header":"","ocean_shortcode_after_header":"","ocean_has_shortcode":"","ocean_shortcode_after_title":"","ocean_shortcode_before_footer_widgets":"","ocean_shortcode_after_footer_widgets":"","ocean_shortcode_before_footer_bottom":"","ocean_shortcode_after_footer_bottom":"","ocean_display_top_bar":"default","ocean_display_header":"default","ocean_header_style":"","ocean_center_header_left_menu":"","ocean_custom_header_template":"","ocean_custom_logo":0,"ocean_custom_retina_logo":0,"ocean_custom_logo_max_width":0,"ocean_custom_logo_tablet_max_width":0,"ocean_custom_logo_mobile_max_width":0,"ocean_custom_logo_max_height":0,"ocean_custom_logo_tablet_max_height":0,"ocean_custom_logo_mobile_max_height":0,"ocean_header_custom_menu":"","ocean_menu_typo_font_family":"","ocean_menu_typo_font_subset":"","ocean_menu_typo_font_size":0,"ocean_menu_typo_font_size_tablet":0,"ocean_menu_typo_font_size_mobile":0,"ocean_menu_typo_font_size_unit":"px","ocean_menu_typo_font_weight":"","ocean_menu_typo_font_weight_tablet":"","ocean_menu_typo_font_weight_mobile":"","ocean_menu_typo_transform":"","ocean_menu_typo_transform_tablet":"","ocean_menu_typo_transform_mobile":"","ocean_menu_typo_line_height":0,"ocean_menu_typo_line_height_tablet":0,"ocean_menu_typo_line_height_mobile":0,"ocean_menu_typo_line_height_unit":"","ocean_menu_typo_spacing":0,"ocean_menu_typo_spacing_tablet":0,"ocean_menu_typo_spacing_mobile":0,"ocean_menu_typo_spacing_unit":"","ocean_menu_link_color":"","ocean_menu_link_color_hover":"","ocean_menu_link_color_active":"","ocean_menu_link_background":"","ocean_menu_link_hover_background":"","ocean_menu_link_active_background":"","ocean_menu_social_links_bg":"","ocean_menu_social_hover_links_bg":"","ocean_menu_social_links_color":"","ocean_menu_social_hover_links_color":"","ocean_disable_title":"default","ocean_disable_heading":"default","ocean_post_title":"","ocean_post_subheading":"","ocean_post_title_style":"","ocean_post_title_background_color":"","ocean_post_title_background":0,"ocean_post_title_bg_image_position":"","ocean_post_title_bg_image_attachment":"","ocean_post_title_bg_image_repeat":"","ocean_post_title_bg_image_size":"","ocean_post_title_height":0,"ocean_post_title_bg_overlay":0.5,"ocean_post_title_bg_overlay_color":"","ocean_disable_breadcrumbs":"default","ocean_breadcrumbs_color":"","ocean_breadcrumbs_separator_color":"","ocean_breadcrumbs_links_color":"","ocean_breadcrumbs_links_hover_color":"","ocean_display_footer_widgets":"default","ocean_display_footer_bottom":"default","ocean_custom_footer_template":"","ocean_post_oembed":"","ocean_post_self_hosted_media":"","ocean_post_video_embed":"","ocean_link_format":"","ocean_link_format_target":"self","ocean_quote_format":"","ocean_quote_format_link":"post","ocean_gallery_link_images":"on","ocean_gallery_id":[],"footnotes":""},"categories":[56,30],"tags":[107,158,115,117,124,307,306],"class_list":["post-5854","post","type-post","status-publish","format-standard","has-post-thumbnail","hentry","category-data","category-violencia","tag-violenciadomestica","tag-direitosdasmulheres","tag-feminismo","tag-feminista","tag-mulheresunidas","tag-violenciacontraamulher","tag-violenciasexual","entry","has-media"],"aioseo_notices":[],"yoast_head":"<!-- This site is optimized with the Yoast SEO plugin v23.0 - https:\/\/yoast.com\/wordpress\/plugins\/seo\/ -->\n<title>Dia Nacional de Luta Contra a Viol\u00eancia \u00e0 Mulher - CAMTRA NOVO<\/title>\n<meta name=\"robots\" content=\"index, follow, max-snippet:-1, max-image-preview:large, max-video-preview:-1\" \/>\n<link rel=\"canonical\" href=\"https:\/\/novo2023.camtra.org.br\/index.php\/2020\/10\/10\/dia-nacional-de-luta-contra-a-violencia-a-mulher\/\" \/>\n<meta property=\"og:locale\" content=\"pt_BR\" \/>\n<meta property=\"og:type\" content=\"article\" \/>\n<meta property=\"og:title\" content=\"Dia Nacional de Luta Contra a Viol\u00eancia \u00e0 Mulher - CAMTRA NOVO\" \/>\n<meta property=\"og:description\" content=\"Hoje, dia 10 de outubro \u00e9 o Dia Nacional de Luta Contra a Viol\u00eancia \u00e0 Mulher. A data foi criada em 1980, por conta de um Movimento Nacional realizado na cidade de S\u00e3o Paulo em protesto aos alt\u00edssimos \u00edndices de crimes de viol\u00eancia contra mulheres em todo o territ\u00f3rio nacional.\" \/>\n<meta property=\"og:url\" content=\"https:\/\/novo2023.camtra.org.br\/index.php\/2020\/10\/10\/dia-nacional-de-luta-contra-a-violencia-a-mulher\/\" \/>\n<meta property=\"og:site_name\" content=\"CAMTRA NOVO\" \/>\n<meta property=\"article:published_time\" content=\"2020-10-10T13:46:51+00:00\" \/>\n<meta name=\"author\" content=\"Casa da Mulher Trabalhadora\" \/>\n<meta name=\"twitter:card\" content=\"summary_large_image\" \/>\n<meta name=\"twitter:label1\" content=\"Escrito por\" \/>\n\t<meta name=\"twitter:data1\" content=\"Casa da Mulher Trabalhadora\" \/>\n\t<meta name=\"twitter:label2\" content=\"Est. tempo de leitura\" \/>\n\t<meta name=\"twitter:data2\" content=\"2 minutos\" \/>\n<script type=\"application\/ld+json\" class=\"yoast-schema-graph\">{\"@context\":\"https:\/\/schema.org\",\"@graph\":[{\"@type\":\"Article\",\"@id\":\"https:\/\/novo2023.camtra.org.br\/index.php\/2020\/10\/10\/dia-nacional-de-luta-contra-a-violencia-a-mulher\/#article\",\"isPartOf\":{\"@id\":\"https:\/\/novo2023.camtra.org.br\/index.php\/2020\/10\/10\/dia-nacional-de-luta-contra-a-violencia-a-mulher\/\"},\"author\":{\"name\":\"Casa da Mulher Trabalhadora\",\"@id\":\"https:\/\/novo2023.camtra.org.br\/#\/schema\/person\/f163af9cb65589aab5865b0437873a74\"},\"headline\":\"Dia Nacional de Luta Contra a Viol\u00eancia \u00e0 Mulher\",\"datePublished\":\"2020-10-10T13:46:51+00:00\",\"dateModified\":\"2020-10-10T13:46:51+00:00\",\"mainEntityOfPage\":{\"@id\":\"https:\/\/novo2023.camtra.org.br\/index.php\/2020\/10\/10\/dia-nacional-de-luta-contra-a-violencia-a-mulher\/\"},\"wordCount\":360,\"commentCount\":0,\"publisher\":{\"@id\":\"https:\/\/novo2023.camtra.org.br\/#organization\"},\"image\":{\"@id\":\"https:\/\/novo2023.camtra.org.br\/index.php\/2020\/10\/10\/dia-nacional-de-luta-contra-a-violencia-a-mulher\/#primaryimage\"},\"thumbnailUrl\":\"https:\/\/novo2023.camtra.org.br\/wp-content\/uploads\/2020\/10\/dia-nacional-de-luta-contra-a-violencia-contra-a-mulher.jpeg\",\"keywords\":[\"#viol\u00eanciadom\u00e9stica\",\"direitosdasmulheres\",\"feminismo\",\"feminista\",\"mulheresunidas\",\"viol\u00eanciacontraamulher\",\"viol\u00eanciasexual\"],\"articleSection\":[\"Data\",\"Viol\u00eancia\"],\"inLanguage\":\"pt-BR\",\"potentialAction\":[{\"@type\":\"CommentAction\",\"name\":\"Comment\",\"target\":[\"https:\/\/novo2023.camtra.org.br\/index.php\/2020\/10\/10\/dia-nacional-de-luta-contra-a-violencia-a-mulher\/#respond\"]}]},{\"@type\":\"WebPage\",\"@id\":\"https:\/\/novo2023.camtra.org.br\/index.php\/2020\/10\/10\/dia-nacional-de-luta-contra-a-violencia-a-mulher\/\",\"url\":\"https:\/\/novo2023.camtra.org.br\/index.php\/2020\/10\/10\/dia-nacional-de-luta-contra-a-violencia-a-mulher\/\",\"name\":\"Dia Nacional de Luta Contra a Viol\u00eancia \u00e0 Mulher - CAMTRA NOVO\",\"isPartOf\":{\"@id\":\"https:\/\/novo2023.camtra.org.br\/#website\"},\"primaryImageOfPage\":{\"@id\":\"https:\/\/novo2023.camtra.org.br\/index.php\/2020\/10\/10\/dia-nacional-de-luta-contra-a-violencia-a-mulher\/#primaryimage\"},\"image\":{\"@id\":\"https:\/\/novo2023.camtra.org.br\/index.php\/2020\/10\/10\/dia-nacional-de-luta-contra-a-violencia-a-mulher\/#primaryimage\"},\"thumbnailUrl\":\"https:\/\/novo2023.camtra.org.br\/wp-content\/uploads\/2020\/10\/dia-nacional-de-luta-contra-a-violencia-contra-a-mulher.jpeg\",\"datePublished\":\"2020-10-10T13:46:51+00:00\",\"dateModified\":\"2020-10-10T13:46:51+00:00\",\"breadcrumb\":{\"@id\":\"https:\/\/novo2023.camtra.org.br\/index.php\/2020\/10\/10\/dia-nacional-de-luta-contra-a-violencia-a-mulher\/#breadcrumb\"},\"inLanguage\":\"pt-BR\",\"potentialAction\":[{\"@type\":\"ReadAction\",\"target\":[\"https:\/\/novo2023.camtra.org.br\/index.php\/2020\/10\/10\/dia-nacional-de-luta-contra-a-violencia-a-mulher\/\"]}]},{\"@type\":\"ImageObject\",\"inLanguage\":\"pt-BR\",\"@id\":\"https:\/\/novo2023.camtra.org.br\/index.php\/2020\/10\/10\/dia-nacional-de-luta-contra-a-violencia-a-mulher\/#primaryimage\",\"url\":\"https:\/\/novo2023.camtra.org.br\/wp-content\/uploads\/2020\/10\/dia-nacional-de-luta-contra-a-violencia-contra-a-mulher.jpeg\",\"contentUrl\":\"https:\/\/novo2023.camtra.org.br\/wp-content\/uploads\/2020\/10\/dia-nacional-de-luta-contra-a-violencia-contra-a-mulher.jpeg\",\"width\":1024,\"height\":1024},{\"@type\":\"BreadcrumbList\",\"@id\":\"https:\/\/novo2023.camtra.org.br\/index.php\/2020\/10\/10\/dia-nacional-de-luta-contra-a-violencia-a-mulher\/#breadcrumb\",\"itemListElement\":[{\"@type\":\"ListItem\",\"position\":1,\"name\":\"Home\",\"item\":\"https:\/\/novo2023.camtra.org.br\/\"},{\"@type\":\"ListItem\",\"position\":2,\"name\":\"Dia Nacional de Luta Contra a Viol\u00eancia \u00e0 Mulher\"}]},{\"@type\":\"WebSite\",\"@id\":\"https:\/\/novo2023.camtra.org.br\/#website\",\"url\":\"https:\/\/novo2023.camtra.org.br\/\",\"name\":\"CAMTRA NOVO\",\"description\":\"\",\"publisher\":{\"@id\":\"https:\/\/novo2023.camtra.org.br\/#organization\"},\"potentialAction\":[{\"@type\":\"SearchAction\",\"target\":{\"@type\":\"EntryPoint\",\"urlTemplate\":\"https:\/\/novo2023.camtra.org.br\/?s={search_term_string}\"},\"query-input\":\"required name=search_term_string\"}],\"inLanguage\":\"pt-BR\"},{\"@type\":\"Organization\",\"@id\":\"https:\/\/novo2023.camtra.org.br\/#organization\",\"name\":\"CAMTRA NOVO\",\"url\":\"https:\/\/novo2023.camtra.org.br\/\",\"logo\":{\"@type\":\"ImageObject\",\"inLanguage\":\"pt-BR\",\"@id\":\"https:\/\/novo2023.camtra.org.br\/#\/schema\/logo\/image\/\",\"url\":\"https:\/\/novo2023.camtra.org.br\/wp-content\/uploads\/2024\/01\/CAMTRA-comflor-roxa-logo_logo-camtra-principal-flor.png\",\"contentUrl\":\"https:\/\/novo2023.camtra.org.br\/wp-content\/uploads\/2024\/01\/CAMTRA-comflor-roxa-logo_logo-camtra-principal-flor.png\",\"width\":1172,\"height\":330,\"caption\":\"CAMTRA NOVO\"},\"image\":{\"@id\":\"https:\/\/novo2023.camtra.org.br\/#\/schema\/logo\/image\/\"}},{\"@type\":\"Person\",\"@id\":\"https:\/\/novo2023.camtra.org.br\/#\/schema\/person\/f163af9cb65589aab5865b0437873a74\",\"name\":\"Casa da Mulher Trabalhadora\",\"image\":{\"@type\":\"ImageObject\",\"inLanguage\":\"pt-BR\",\"@id\":\"https:\/\/novo2023.camtra.org.br\/#\/schema\/person\/image\/\",\"url\":\"https:\/\/novo2023.camtra.org.br\/wp-content\/litespeed\/avatar\/4c87233a8b80506f010db0cccf69e8b5.jpg?ver=1777270965\",\"contentUrl\":\"https:\/\/novo2023.camtra.org.br\/wp-content\/litespeed\/avatar\/4c87233a8b80506f010db0cccf69e8b5.jpg?ver=1777270965\",\"caption\":\"Casa da Mulher Trabalhadora\"},\"url\":\"https:\/\/novo2023.camtra.org.br\/index.php\/author\/camtra\/\"}]}<\/script>\n<!-- \/ Yoast SEO plugin. -->","yoast_head_json":{"title":"Dia Nacional de Luta Contra a Viol\u00eancia \u00e0 Mulher - CAMTRA NOVO","robots":{"index":"index","follow":"follow","max-snippet":"max-snippet:-1","max-image-preview":"max-image-preview:large","max-video-preview":"max-video-preview:-1"},"canonical":"https:\/\/novo2023.camtra.org.br\/index.php\/2020\/10\/10\/dia-nacional-de-luta-contra-a-violencia-a-mulher\/","og_locale":"pt_BR","og_type":"article","og_title":"Dia Nacional de Luta Contra a Viol\u00eancia \u00e0 Mulher - CAMTRA NOVO","og_description":"Hoje, dia 10 de outubro \u00e9 o Dia Nacional de Luta Contra a Viol\u00eancia \u00e0 Mulher. A data foi criada em 1980, por conta de um Movimento Nacional realizado na cidade de S\u00e3o Paulo em protesto aos alt\u00edssimos \u00edndices de crimes de viol\u00eancia contra mulheres em todo o territ\u00f3rio nacional.","og_url":"https:\/\/novo2023.camtra.org.br\/index.php\/2020\/10\/10\/dia-nacional-de-luta-contra-a-violencia-a-mulher\/","og_site_name":"CAMTRA NOVO","article_published_time":"2020-10-10T13:46:51+00:00","author":"Casa da Mulher Trabalhadora","twitter_card":"summary_large_image","twitter_misc":{"Escrito por":"Casa da Mulher Trabalhadora","Est. tempo de leitura":"2 minutos"},"schema":{"@context":"https:\/\/schema.org","@graph":[{"@type":"Article","@id":"https:\/\/novo2023.camtra.org.br\/index.php\/2020\/10\/10\/dia-nacional-de-luta-contra-a-violencia-a-mulher\/#article","isPartOf":{"@id":"https:\/\/novo2023.camtra.org.br\/index.php\/2020\/10\/10\/dia-nacional-de-luta-contra-a-violencia-a-mulher\/"},"author":{"name":"Casa da Mulher Trabalhadora","@id":"https:\/\/novo2023.camtra.org.br\/#\/schema\/person\/f163af9cb65589aab5865b0437873a74"},"headline":"Dia Nacional de Luta Contra a Viol\u00eancia \u00e0 Mulher","datePublished":"2020-10-10T13:46:51+00:00","dateModified":"2020-10-10T13:46:51+00:00","mainEntityOfPage":{"@id":"https:\/\/novo2023.camtra.org.br\/index.php\/2020\/10\/10\/dia-nacional-de-luta-contra-a-violencia-a-mulher\/"},"wordCount":360,"commentCount":0,"publisher":{"@id":"https:\/\/novo2023.camtra.org.br\/#organization"},"image":{"@id":"https:\/\/novo2023.camtra.org.br\/index.php\/2020\/10\/10\/dia-nacional-de-luta-contra-a-violencia-a-mulher\/#primaryimage"},"thumbnailUrl":"https:\/\/novo2023.camtra.org.br\/wp-content\/uploads\/2020\/10\/dia-nacional-de-luta-contra-a-violencia-contra-a-mulher.jpeg","keywords":["#viol\u00eanciadom\u00e9stica","direitosdasmulheres","feminismo","feminista","mulheresunidas","viol\u00eanciacontraamulher","viol\u00eanciasexual"],"articleSection":["Data","Viol\u00eancia"],"inLanguage":"pt-BR","potentialAction":[{"@type":"CommentAction","name":"Comment","target":["https:\/\/novo2023.camtra.org.br\/index.php\/2020\/10\/10\/dia-nacional-de-luta-contra-a-violencia-a-mulher\/#respond"]}]},{"@type":"WebPage","@id":"https:\/\/novo2023.camtra.org.br\/index.php\/2020\/10\/10\/dia-nacional-de-luta-contra-a-violencia-a-mulher\/","url":"https:\/\/novo2023.camtra.org.br\/index.php\/2020\/10\/10\/dia-nacional-de-luta-contra-a-violencia-a-mulher\/","name":"Dia Nacional de Luta Contra a Viol\u00eancia \u00e0 Mulher - CAMTRA NOVO","isPartOf":{"@id":"https:\/\/novo2023.camtra.org.br\/#website"},"primaryImageOfPage":{"@id":"https:\/\/novo2023.camtra.org.br\/index.php\/2020\/10\/10\/dia-nacional-de-luta-contra-a-violencia-a-mulher\/#primaryimage"},"image":{"@id":"https:\/\/novo2023.camtra.org.br\/index.php\/2020\/10\/10\/dia-nacional-de-luta-contra-a-violencia-a-mulher\/#primaryimage"},"thumbnailUrl":"https:\/\/novo2023.camtra.org.br\/wp-content\/uploads\/2020\/10\/dia-nacional-de-luta-contra-a-violencia-contra-a-mulher.jpeg","datePublished":"2020-10-10T13:46:51+00:00","dateModified":"2020-10-10T13:46:51+00:00","breadcrumb":{"@id":"https:\/\/novo2023.camtra.org.br\/index.php\/2020\/10\/10\/dia-nacional-de-luta-contra-a-violencia-a-mulher\/#breadcrumb"},"inLanguage":"pt-BR","potentialAction":[{"@type":"ReadAction","target":["https:\/\/novo2023.camtra.org.br\/index.php\/2020\/10\/10\/dia-nacional-de-luta-contra-a-violencia-a-mulher\/"]}]},{"@type":"ImageObject","inLanguage":"pt-BR","@id":"https:\/\/novo2023.camtra.org.br\/index.php\/2020\/10\/10\/dia-nacional-de-luta-contra-a-violencia-a-mulher\/#primaryimage","url":"https:\/\/novo2023.camtra.org.br\/wp-content\/uploads\/2020\/10\/dia-nacional-de-luta-contra-a-violencia-contra-a-mulher.jpeg","contentUrl":"https:\/\/novo2023.camtra.org.br\/wp-content\/uploads\/2020\/10\/dia-nacional-de-luta-contra-a-violencia-contra-a-mulher.jpeg","width":1024,"height":1024},{"@type":"BreadcrumbList","@id":"https:\/\/novo2023.camtra.org.br\/index.php\/2020\/10\/10\/dia-nacional-de-luta-contra-a-violencia-a-mulher\/#breadcrumb","itemListElement":[{"@type":"ListItem","position":1,"name":"Home","item":"https:\/\/novo2023.camtra.org.br\/"},{"@type":"ListItem","position":2,"name":"Dia Nacional de Luta Contra a Viol\u00eancia \u00e0 Mulher"}]},{"@type":"WebSite","@id":"https:\/\/novo2023.camtra.org.br\/#website","url":"https:\/\/novo2023.camtra.org.br\/","name":"CAMTRA NOVO","description":"","publisher":{"@id":"https:\/\/novo2023.camtra.org.br\/#organization"},"potentialAction":[{"@type":"SearchAction","target":{"@type":"EntryPoint","urlTemplate":"https:\/\/novo2023.camtra.org.br\/?s={search_term_string}"},"query-input":"required name=search_term_string"}],"inLanguage":"pt-BR"},{"@type":"Organization","@id":"https:\/\/novo2023.camtra.org.br\/#organization","name":"CAMTRA NOVO","url":"https:\/\/novo2023.camtra.org.br\/","logo":{"@type":"ImageObject","inLanguage":"pt-BR","@id":"https:\/\/novo2023.camtra.org.br\/#\/schema\/logo\/image\/","url":"https:\/\/novo2023.camtra.org.br\/wp-content\/uploads\/2024\/01\/CAMTRA-comflor-roxa-logo_logo-camtra-principal-flor.png","contentUrl":"https:\/\/novo2023.camtra.org.br\/wp-content\/uploads\/2024\/01\/CAMTRA-comflor-roxa-logo_logo-camtra-principal-flor.png","width":1172,"height":330,"caption":"CAMTRA NOVO"},"image":{"@id":"https:\/\/novo2023.camtra.org.br\/#\/schema\/logo\/image\/"}},{"@type":"Person","@id":"https:\/\/novo2023.camtra.org.br\/#\/schema\/person\/f163af9cb65589aab5865b0437873a74","name":"Casa da Mulher Trabalhadora","image":{"@type":"ImageObject","inLanguage":"pt-BR","@id":"https:\/\/novo2023.camtra.org.br\/#\/schema\/person\/image\/","url":"https:\/\/novo2023.camtra.org.br\/wp-content\/litespeed\/avatar\/4c87233a8b80506f010db0cccf69e8b5.jpg?ver=1777270965","contentUrl":"https:\/\/novo2023.camtra.org.br\/wp-content\/litespeed\/avatar\/4c87233a8b80506f010db0cccf69e8b5.jpg?ver=1777270965","caption":"Casa da Mulher Trabalhadora"},"url":"https:\/\/novo2023.camtra.org.br\/index.php\/author\/camtra\/"}]}},"_links":{"self":[{"href":"https:\/\/novo2023.camtra.org.br\/index.php\/wp-json\/wp\/v2\/posts\/5854"}],"collection":[{"href":"https:\/\/novo2023.camtra.org.br\/index.php\/wp-json\/wp\/v2\/posts"}],"about":[{"href":"https:\/\/novo2023.camtra.org.br\/index.php\/wp-json\/wp\/v2\/types\/post"}],"author":[{"embeddable":true,"href":"https:\/\/novo2023.camtra.org.br\/index.php\/wp-json\/wp\/v2\/users\/3"}],"replies":[{"embeddable":true,"href":"https:\/\/novo2023.camtra.org.br\/index.php\/wp-json\/wp\/v2\/comments?post=5854"}],"version-history":[{"count":0,"href":"https:\/\/novo2023.camtra.org.br\/index.php\/wp-json\/wp\/v2\/posts\/5854\/revisions"}],"wp:featuredmedia":[{"embeddable":true,"href":"https:\/\/novo2023.camtra.org.br\/index.php\/wp-json\/wp\/v2\/media\/5855"}],"wp:attachment":[{"href":"https:\/\/novo2023.camtra.org.br\/index.php\/wp-json\/wp\/v2\/media?parent=5854"}],"wp:term":[{"taxonomy":"category","embeddable":true,"href":"https:\/\/novo2023.camtra.org.br\/index.php\/wp-json\/wp\/v2\/categories?post=5854"},{"taxonomy":"post_tag","embeddable":true,"href":"https:\/\/novo2023.camtra.org.br\/index.php\/wp-json\/wp\/v2\/tags?post=5854"}],"curies":[{"name":"wp","href":"https:\/\/api.w.org\/{rel}","templated":true}]}}