{"id":5458,"date":"2020-07-13T16:51:43","date_gmt":"2020-07-13T19:51:43","guid":{"rendered":"https:\/\/camtra.org.br\/?p=5458"},"modified":"2020-07-13T16:51:43","modified_gmt":"2020-07-13T19:51:43","slug":"especial-auxilio-emergencial-21-milhoes-ainda-aguardam-para-receber","status":"publish","type":"post","link":"https:\/\/novo2023.camtra.org.br\/index.php\/2020\/07\/13\/especial-auxilio-emergencial-21-milhoes-ainda-aguardam-para-receber\/","title":{"rendered":"Especial Aux\u00edlio Emergencial: 2,1 milh\u00f5es ainda aguardam para receber"},"content":{"rendered":"<div id=\"fb-root\"><\/div>\n<p>Para atenuar o impacto do isolamento social na vida das trabalhadoras foi aprovado em abril o #Aux\u00edlioEmergencial desde abril. As inscri\u00e7\u00f5es encerraram no dia 02 de julho. N\u00f3s, da Camtra, produzimos durante este per\u00edodo de Covid-19 uma s\u00e9rie de cards informativos para divulgar como acessar este e outros direitos https:\/\/camtra.org.br\/camtra-covid-19\/<\/p>\n<p>Tamb\u00e9m organizamos uma rede de a\u00e7\u00e3o e solidariedade para distribuir cestas b\u00e1sicas, junto \u00e0s lideran\u00e7as comunit\u00e1rias de diversas localidades do RJ, afim de sanar a urg\u00eancia da fome. Para doar acesse www.camtra.or.br<\/p>\n<p>J\u00e1 que mesmo tendo direito ao aux\u00edlio, muitas n\u00e3o conseguiram receber, por dificuldades tecnol\u00f3gicas ou outras a no\u00e7\u00e3o de emerg\u00eancia entre aquelas que est\u00e3o com os arm\u00e1rios vazios e fam\u00edlia para alimentar \u00e9 bem diferente daqueles que determinam o calend\u00e1rio do aux\u00edlio, que est\u00e1 cada dia menos emergencial.<br \/>\nO que nos choca:<br \/>\n\u2714\ufe0f As medidas restritivas iniciaram em mar\u00e7o;<br \/>\n\u2714\ufe0f o in\u00edcio das inscri\u00e7\u00f5es do aux\u00edlio em abril.<br \/>\n\u2714\ufe0f400 mil brasileiras\/os s\u00f3 conseguiram sacar o aux\u00edlio hoje 13\/07, quase quatro meses ap\u00f3s o in\u00edcio da pandemia, muitas\/os sem nenhuma fonte de renda e sem poder trabalhar.<\/p>\n<p>Reabertura Gradual e os Riscos \u00e0s Mulheres<br \/>\nNo \u00faltimo s\u00e1bado, 11\/07, fizemos uma live e ainda recebemos coment\u00e1rios de mulheres como o da revendedora de cosm\u00e9ticos Josele O. Lima \u201cEu vendo Mary Kay, Jequiti Avon e oi fibra!!!!! Sou aut\u00f4noma e n\u00e3o recebi o aux\u00edlio emerg\u00eancial!!! Estou na lista constante e sou afro latina\u201d.<\/p>\n<p>Assim como a Josele, 1,6 milh\u00f5es de trabalhadoras\/es, camel\u00f4s, diaristas, por exemplo, est\u00e3o voltando a trabalhar e n\u00e3o conseguiram o aux\u00edlio. Se isso ocorreu com voc\u00ea pode recorrer a Defensoria P\u00fablica https:\/\/camtra.org.br\/tem-direito-mas-teve-o-auxilio-emergencial-negado-saiba-como-recorrer-da-decisao\/.<br \/>\n\ud83d\udd34 42,5 milh\u00f5es de brasileiras\/os tiveram sua solicita\u00e7\u00e3o de benef\u00edcio negada;<br \/>\n\ud83d\udfe1 2,1 an\u00e1lise: 1,3 milh\u00f5es est\u00e3o em primeira an\u00e1lise e 0,8 em rean\u00e1lise;<br \/>\n\ud83d\udfe2 65,2 milh\u00f5es de trabalhadoras\/es est\u00e3o recebendo o aux\u00edlio emergencial.<\/p>\n<p>Lembramos que mesmo com a reabertura gradual \u00e9 necess\u00e1rio a utiliza\u00e7\u00e3o de m\u00e1scaras e do \u00e1lcool em gel, j\u00e1 que hoje passamos de 72.000 mortas\/os por Covid-19. Cuide-se, para n\u00e3o expor a sua fam\u00edlia ao risco de contamina\u00e7\u00e3o. Por voc\u00ea, por n\u00f3s e pelas Outras! E se puder, fique em casa.<\/p>\n","protected":false},"excerpt":{"rendered":"<p>Mesmo tendo direito ao aux\u00edlio, muitas n\u00e3o conseguiram receber, por dificuldades tecnol\u00f3gicas, cadastrais  ou outras.<\/p>\n","protected":false},"author":3,"featured_media":5459,"comment_status":"open","ping_status":"closed","sticky":false,"template":"","format":"standard","meta":{"om_disable_all_campaigns":false,"_monsterinsights_skip_tracking":false,"_monsterinsights_sitenote_active":false,"_monsterinsights_sitenote_note":"","_monsterinsights_sitenote_category":0,"_uf_show_specific_survey":0,"_uf_disable_surveys":false,"ocean_post_layout":"","ocean_both_sidebars_style":"","ocean_both_sidebars_content_width":0,"ocean_both_sidebars_sidebars_width":0,"ocean_sidebar":"","ocean_second_sidebar":"","ocean_disable_margins":"enable","ocean_add_body_class":"","ocean_shortcode_before_top_bar":"","ocean_shortcode_after_top_bar":"","ocean_shortcode_before_header":"","ocean_shortcode_after_header":"","ocean_has_shortcode":"","ocean_shortcode_after_title":"","ocean_shortcode_before_footer_widgets":"","ocean_shortcode_after_footer_widgets":"","ocean_shortcode_before_footer_bottom":"","ocean_shortcode_after_footer_bottom":"","ocean_display_top_bar":"default","ocean_display_header":"default","ocean_header_style":"","ocean_center_header_left_menu":"","ocean_custom_header_template":"","ocean_custom_logo":0,"ocean_custom_retina_logo":0,"ocean_custom_logo_max_width":0,"ocean_custom_logo_tablet_max_width":0,"ocean_custom_logo_mobile_max_width":0,"ocean_custom_logo_max_height":0,"ocean_custom_logo_tablet_max_height":0,"ocean_custom_logo_mobile_max_height":0,"ocean_header_custom_menu":"","ocean_menu_typo_font_family":"","ocean_menu_typo_font_subset":"","ocean_menu_typo_font_size":0,"ocean_menu_typo_font_size_tablet":0,"ocean_menu_typo_font_size_mobile":0,"ocean_menu_typo_font_size_unit":"px","ocean_menu_typo_font_weight":"","ocean_menu_typo_font_weight_tablet":"","ocean_menu_typo_font_weight_mobile":"","ocean_menu_typo_transform":"","ocean_menu_typo_transform_tablet":"","ocean_menu_typo_transform_mobile":"","ocean_menu_typo_line_height":0,"ocean_menu_typo_line_height_tablet":0,"ocean_menu_typo_line_height_mobile":0,"ocean_menu_typo_line_height_unit":"","ocean_menu_typo_spacing":0,"ocean_menu_typo_spacing_tablet":0,"ocean_menu_typo_spacing_mobile":0,"ocean_menu_typo_spacing_unit":"","ocean_menu_link_color":"","ocean_menu_link_color_hover":"","ocean_menu_link_color_active":"","ocean_menu_link_background":"","ocean_menu_link_hover_background":"","ocean_menu_link_active_background":"","ocean_menu_social_links_bg":"","ocean_menu_social_hover_links_bg":"","ocean_menu_social_links_color":"","ocean_menu_social_hover_links_color":"","ocean_disable_title":"default","ocean_disable_heading":"default","ocean_post_title":"","ocean_post_subheading":"","ocean_post_title_style":"","ocean_post_title_background_color":"","ocean_post_title_background":0,"ocean_post_title_bg_image_position":"","ocean_post_title_bg_image_attachment":"","ocean_post_title_bg_image_repeat":"","ocean_post_title_bg_image_size":"","ocean_post_title_height":0,"ocean_post_title_bg_overlay":0.5,"ocean_post_title_bg_overlay_color":"","ocean_disable_breadcrumbs":"default","ocean_breadcrumbs_color":"","ocean_breadcrumbs_separator_color":"","ocean_breadcrumbs_links_color":"","ocean_breadcrumbs_links_hover_color":"","ocean_display_footer_widgets":"default","ocean_display_footer_bottom":"default","ocean_custom_footer_template":"","ocean_post_oembed":"","ocean_post_self_hosted_media":"","ocean_post_video_embed":"","ocean_link_format":"","ocean_link_format_target":"self","ocean_quote_format":"","ocean_quote_format_link":"post","ocean_gallery_link_images":"on","ocean_gallery_id":[],"footnotes":""},"categories":[7],"tags":[445],"class_list":["post-5458","post","type-post","status-publish","format-standard","has-post-thumbnail","hentry","category-camtra-covid-19","tag-auxilioemergencial-covid19","entry","has-media"],"aioseo_notices":[],"yoast_head":"<!-- This site is optimized with the Yoast SEO plugin v23.0 - https:\/\/yoast.com\/wordpress\/plugins\/seo\/ -->\n<title>Especial Aux\u00edlio Emergencial: 2,1 milh\u00f5es ainda aguardam para receber - CAMTRA NOVO<\/title>\n<meta name=\"robots\" content=\"index, follow, max-snippet:-1, max-image-preview:large, max-video-preview:-1\" \/>\n<link rel=\"canonical\" href=\"https:\/\/novo2023.camtra.org.br\/index.php\/2020\/07\/13\/especial-auxilio-emergencial-21-milhoes-ainda-aguardam-para-receber\/\" \/>\n<meta property=\"og:locale\" content=\"pt_BR\" \/>\n<meta property=\"og:type\" content=\"article\" \/>\n<meta property=\"og:title\" content=\"Especial Aux\u00edlio Emergencial: 2,1 milh\u00f5es ainda aguardam para receber - CAMTRA NOVO\" \/>\n<meta property=\"og:description\" content=\"Mesmo tendo direito ao aux\u00edlio, muitas n\u00e3o conseguiram receber, por dificuldades tecnol\u00f3gicas, cadastrais ou outras.\" \/>\n<meta property=\"og:url\" content=\"https:\/\/novo2023.camtra.org.br\/index.php\/2020\/07\/13\/especial-auxilio-emergencial-21-milhoes-ainda-aguardam-para-receber\/\" \/>\n<meta property=\"og:site_name\" content=\"CAMTRA NOVO\" \/>\n<meta property=\"article:published_time\" content=\"2020-07-13T19:51:43+00:00\" \/>\n<meta name=\"author\" content=\"Casa da Mulher Trabalhadora\" \/>\n<meta name=\"twitter:card\" content=\"summary_large_image\" \/>\n<meta name=\"twitter:label1\" content=\"Escrito por\" \/>\n\t<meta name=\"twitter:data1\" content=\"Casa da Mulher Trabalhadora\" \/>\n\t<meta name=\"twitter:label2\" content=\"Est. tempo de leitura\" \/>\n\t<meta name=\"twitter:data2\" content=\"2 minutos\" \/>\n<script type=\"application\/ld+json\" class=\"yoast-schema-graph\">{\"@context\":\"https:\/\/schema.org\",\"@graph\":[{\"@type\":\"Article\",\"@id\":\"https:\/\/novo2023.camtra.org.br\/index.php\/2020\/07\/13\/especial-auxilio-emergencial-21-milhoes-ainda-aguardam-para-receber\/#article\",\"isPartOf\":{\"@id\":\"https:\/\/novo2023.camtra.org.br\/index.php\/2020\/07\/13\/especial-auxilio-emergencial-21-milhoes-ainda-aguardam-para-receber\/\"},\"author\":{\"name\":\"Casa da Mulher Trabalhadora\",\"@id\":\"https:\/\/novo2023.camtra.org.br\/#\/schema\/person\/f163af9cb65589aab5865b0437873a74\"},\"headline\":\"Especial Aux\u00edlio Emergencial: 2,1 milh\u00f5es ainda aguardam para receber\",\"datePublished\":\"2020-07-13T19:51:43+00:00\",\"dateModified\":\"2020-07-13T19:51:43+00:00\",\"mainEntityOfPage\":{\"@id\":\"https:\/\/novo2023.camtra.org.br\/index.php\/2020\/07\/13\/especial-auxilio-emergencial-21-milhoes-ainda-aguardam-para-receber\/\"},\"wordCount\":417,\"commentCount\":0,\"publisher\":{\"@id\":\"https:\/\/novo2023.camtra.org.br\/#organization\"},\"image\":{\"@id\":\"https:\/\/novo2023.camtra.org.br\/index.php\/2020\/07\/13\/especial-auxilio-emergencial-21-milhoes-ainda-aguardam-para-receber\/#primaryimage\"},\"thumbnailUrl\":\"https:\/\/novo2023.camtra.org.br\/wp-content\/uploads\/2020\/07\/Cade-o-Emergencial-do-Auxilio_-1.png\",\"keywords\":[\"#auxilioemergencial #covid19\"],\"articleSection\":[\"CAMTRA-COVID-19\"],\"inLanguage\":\"pt-BR\",\"potentialAction\":[{\"@type\":\"CommentAction\",\"name\":\"Comment\",\"target\":[\"https:\/\/novo2023.camtra.org.br\/index.php\/2020\/07\/13\/especial-auxilio-emergencial-21-milhoes-ainda-aguardam-para-receber\/#respond\"]}]},{\"@type\":\"WebPage\",\"@id\":\"https:\/\/novo2023.camtra.org.br\/index.php\/2020\/07\/13\/especial-auxilio-emergencial-21-milhoes-ainda-aguardam-para-receber\/\",\"url\":\"https:\/\/novo2023.camtra.org.br\/index.php\/2020\/07\/13\/especial-auxilio-emergencial-21-milhoes-ainda-aguardam-para-receber\/\",\"name\":\"Especial Aux\u00edlio Emergencial: 2,1 milh\u00f5es ainda aguardam para receber - CAMTRA NOVO\",\"isPartOf\":{\"@id\":\"https:\/\/novo2023.camtra.org.br\/#website\"},\"primaryImageOfPage\":{\"@id\":\"https:\/\/novo2023.camtra.org.br\/index.php\/2020\/07\/13\/especial-auxilio-emergencial-21-milhoes-ainda-aguardam-para-receber\/#primaryimage\"},\"image\":{\"@id\":\"https:\/\/novo2023.camtra.org.br\/index.php\/2020\/07\/13\/especial-auxilio-emergencial-21-milhoes-ainda-aguardam-para-receber\/#primaryimage\"},\"thumbnailUrl\":\"https:\/\/novo2023.camtra.org.br\/wp-content\/uploads\/2020\/07\/Cade-o-Emergencial-do-Auxilio_-1.png\",\"datePublished\":\"2020-07-13T19:51:43+00:00\",\"dateModified\":\"2020-07-13T19:51:43+00:00\",\"breadcrumb\":{\"@id\":\"https:\/\/novo2023.camtra.org.br\/index.php\/2020\/07\/13\/especial-auxilio-emergencial-21-milhoes-ainda-aguardam-para-receber\/#breadcrumb\"},\"inLanguage\":\"pt-BR\",\"potentialAction\":[{\"@type\":\"ReadAction\",\"target\":[\"https:\/\/novo2023.camtra.org.br\/index.php\/2020\/07\/13\/especial-auxilio-emergencial-21-milhoes-ainda-aguardam-para-receber\/\"]}]},{\"@type\":\"ImageObject\",\"inLanguage\":\"pt-BR\",\"@id\":\"https:\/\/novo2023.camtra.org.br\/index.php\/2020\/07\/13\/especial-auxilio-emergencial-21-milhoes-ainda-aguardam-para-receber\/#primaryimage\",\"url\":\"https:\/\/novo2023.camtra.org.br\/wp-content\/uploads\/2020\/07\/Cade-o-Emergencial-do-Auxilio_-1.png\",\"contentUrl\":\"https:\/\/novo2023.camtra.org.br\/wp-content\/uploads\/2020\/07\/Cade-o-Emergencial-do-Auxilio_-1.png\",\"width\":1080,\"height\":1080},{\"@type\":\"BreadcrumbList\",\"@id\":\"https:\/\/novo2023.camtra.org.br\/index.php\/2020\/07\/13\/especial-auxilio-emergencial-21-milhoes-ainda-aguardam-para-receber\/#breadcrumb\",\"itemListElement\":[{\"@type\":\"ListItem\",\"position\":1,\"name\":\"Home\",\"item\":\"https:\/\/novo2023.camtra.org.br\/\"},{\"@type\":\"ListItem\",\"position\":2,\"name\":\"Especial Aux\u00edlio Emergencial: 2,1 milh\u00f5es ainda aguardam para receber\"}]},{\"@type\":\"WebSite\",\"@id\":\"https:\/\/novo2023.camtra.org.br\/#website\",\"url\":\"https:\/\/novo2023.camtra.org.br\/\",\"name\":\"CAMTRA NOVO\",\"description\":\"\",\"publisher\":{\"@id\":\"https:\/\/novo2023.camtra.org.br\/#organization\"},\"potentialAction\":[{\"@type\":\"SearchAction\",\"target\":{\"@type\":\"EntryPoint\",\"urlTemplate\":\"https:\/\/novo2023.camtra.org.br\/?s={search_term_string}\"},\"query-input\":\"required name=search_term_string\"}],\"inLanguage\":\"pt-BR\"},{\"@type\":\"Organization\",\"@id\":\"https:\/\/novo2023.camtra.org.br\/#organization\",\"name\":\"CAMTRA NOVO\",\"url\":\"https:\/\/novo2023.camtra.org.br\/\",\"logo\":{\"@type\":\"ImageObject\",\"inLanguage\":\"pt-BR\",\"@id\":\"https:\/\/novo2023.camtra.org.br\/#\/schema\/logo\/image\/\",\"url\":\"https:\/\/novo2023.camtra.org.br\/wp-content\/uploads\/2024\/01\/CAMTRA-comflor-roxa-logo_logo-camtra-principal-flor.png\",\"contentUrl\":\"https:\/\/novo2023.camtra.org.br\/wp-content\/uploads\/2024\/01\/CAMTRA-comflor-roxa-logo_logo-camtra-principal-flor.png\",\"width\":1172,\"height\":330,\"caption\":\"CAMTRA NOVO\"},\"image\":{\"@id\":\"https:\/\/novo2023.camtra.org.br\/#\/schema\/logo\/image\/\"}},{\"@type\":\"Person\",\"@id\":\"https:\/\/novo2023.camtra.org.br\/#\/schema\/person\/f163af9cb65589aab5865b0437873a74\",\"name\":\"Casa da Mulher Trabalhadora\",\"image\":{\"@type\":\"ImageObject\",\"inLanguage\":\"pt-BR\",\"@id\":\"https:\/\/novo2023.camtra.org.br\/#\/schema\/person\/image\/\",\"url\":\"https:\/\/novo2023.camtra.org.br\/wp-content\/litespeed\/avatar\/4c87233a8b80506f010db0cccf69e8b5.jpg?ver=1777270965\",\"contentUrl\":\"https:\/\/novo2023.camtra.org.br\/wp-content\/litespeed\/avatar\/4c87233a8b80506f010db0cccf69e8b5.jpg?ver=1777270965\",\"caption\":\"Casa da Mulher Trabalhadora\"},\"url\":\"https:\/\/novo2023.camtra.org.br\/index.php\/author\/camtra\/\"}]}<\/script>\n<!-- \/ Yoast SEO plugin. -->","yoast_head_json":{"title":"Especial Aux\u00edlio Emergencial: 2,1 milh\u00f5es ainda aguardam para receber - CAMTRA NOVO","robots":{"index":"index","follow":"follow","max-snippet":"max-snippet:-1","max-image-preview":"max-image-preview:large","max-video-preview":"max-video-preview:-1"},"canonical":"https:\/\/novo2023.camtra.org.br\/index.php\/2020\/07\/13\/especial-auxilio-emergencial-21-milhoes-ainda-aguardam-para-receber\/","og_locale":"pt_BR","og_type":"article","og_title":"Especial Aux\u00edlio Emergencial: 2,1 milh\u00f5es ainda aguardam para receber - CAMTRA NOVO","og_description":"Mesmo tendo direito ao aux\u00edlio, muitas n\u00e3o conseguiram receber, por dificuldades tecnol\u00f3gicas, cadastrais ou outras.","og_url":"https:\/\/novo2023.camtra.org.br\/index.php\/2020\/07\/13\/especial-auxilio-emergencial-21-milhoes-ainda-aguardam-para-receber\/","og_site_name":"CAMTRA NOVO","article_published_time":"2020-07-13T19:51:43+00:00","author":"Casa da Mulher Trabalhadora","twitter_card":"summary_large_image","twitter_misc":{"Escrito por":"Casa da Mulher Trabalhadora","Est. tempo de leitura":"2 minutos"},"schema":{"@context":"https:\/\/schema.org","@graph":[{"@type":"Article","@id":"https:\/\/novo2023.camtra.org.br\/index.php\/2020\/07\/13\/especial-auxilio-emergencial-21-milhoes-ainda-aguardam-para-receber\/#article","isPartOf":{"@id":"https:\/\/novo2023.camtra.org.br\/index.php\/2020\/07\/13\/especial-auxilio-emergencial-21-milhoes-ainda-aguardam-para-receber\/"},"author":{"name":"Casa da Mulher Trabalhadora","@id":"https:\/\/novo2023.camtra.org.br\/#\/schema\/person\/f163af9cb65589aab5865b0437873a74"},"headline":"Especial Aux\u00edlio Emergencial: 2,1 milh\u00f5es ainda aguardam para receber","datePublished":"2020-07-13T19:51:43+00:00","dateModified":"2020-07-13T19:51:43+00:00","mainEntityOfPage":{"@id":"https:\/\/novo2023.camtra.org.br\/index.php\/2020\/07\/13\/especial-auxilio-emergencial-21-milhoes-ainda-aguardam-para-receber\/"},"wordCount":417,"commentCount":0,"publisher":{"@id":"https:\/\/novo2023.camtra.org.br\/#organization"},"image":{"@id":"https:\/\/novo2023.camtra.org.br\/index.php\/2020\/07\/13\/especial-auxilio-emergencial-21-milhoes-ainda-aguardam-para-receber\/#primaryimage"},"thumbnailUrl":"https:\/\/novo2023.camtra.org.br\/wp-content\/uploads\/2020\/07\/Cade-o-Emergencial-do-Auxilio_-1.png","keywords":["#auxilioemergencial #covid19"],"articleSection":["CAMTRA-COVID-19"],"inLanguage":"pt-BR","potentialAction":[{"@type":"CommentAction","name":"Comment","target":["https:\/\/novo2023.camtra.org.br\/index.php\/2020\/07\/13\/especial-auxilio-emergencial-21-milhoes-ainda-aguardam-para-receber\/#respond"]}]},{"@type":"WebPage","@id":"https:\/\/novo2023.camtra.org.br\/index.php\/2020\/07\/13\/especial-auxilio-emergencial-21-milhoes-ainda-aguardam-para-receber\/","url":"https:\/\/novo2023.camtra.org.br\/index.php\/2020\/07\/13\/especial-auxilio-emergencial-21-milhoes-ainda-aguardam-para-receber\/","name":"Especial Aux\u00edlio Emergencial: 2,1 milh\u00f5es ainda aguardam para receber - CAMTRA NOVO","isPartOf":{"@id":"https:\/\/novo2023.camtra.org.br\/#website"},"primaryImageOfPage":{"@id":"https:\/\/novo2023.camtra.org.br\/index.php\/2020\/07\/13\/especial-auxilio-emergencial-21-milhoes-ainda-aguardam-para-receber\/#primaryimage"},"image":{"@id":"https:\/\/novo2023.camtra.org.br\/index.php\/2020\/07\/13\/especial-auxilio-emergencial-21-milhoes-ainda-aguardam-para-receber\/#primaryimage"},"thumbnailUrl":"https:\/\/novo2023.camtra.org.br\/wp-content\/uploads\/2020\/07\/Cade-o-Emergencial-do-Auxilio_-1.png","datePublished":"2020-07-13T19:51:43+00:00","dateModified":"2020-07-13T19:51:43+00:00","breadcrumb":{"@id":"https:\/\/novo2023.camtra.org.br\/index.php\/2020\/07\/13\/especial-auxilio-emergencial-21-milhoes-ainda-aguardam-para-receber\/#breadcrumb"},"inLanguage":"pt-BR","potentialAction":[{"@type":"ReadAction","target":["https:\/\/novo2023.camtra.org.br\/index.php\/2020\/07\/13\/especial-auxilio-emergencial-21-milhoes-ainda-aguardam-para-receber\/"]}]},{"@type":"ImageObject","inLanguage":"pt-BR","@id":"https:\/\/novo2023.camtra.org.br\/index.php\/2020\/07\/13\/especial-auxilio-emergencial-21-milhoes-ainda-aguardam-para-receber\/#primaryimage","url":"https:\/\/novo2023.camtra.org.br\/wp-content\/uploads\/2020\/07\/Cade-o-Emergencial-do-Auxilio_-1.png","contentUrl":"https:\/\/novo2023.camtra.org.br\/wp-content\/uploads\/2020\/07\/Cade-o-Emergencial-do-Auxilio_-1.png","width":1080,"height":1080},{"@type":"BreadcrumbList","@id":"https:\/\/novo2023.camtra.org.br\/index.php\/2020\/07\/13\/especial-auxilio-emergencial-21-milhoes-ainda-aguardam-para-receber\/#breadcrumb","itemListElement":[{"@type":"ListItem","position":1,"name":"Home","item":"https:\/\/novo2023.camtra.org.br\/"},{"@type":"ListItem","position":2,"name":"Especial Aux\u00edlio Emergencial: 2,1 milh\u00f5es ainda aguardam para receber"}]},{"@type":"WebSite","@id":"https:\/\/novo2023.camtra.org.br\/#website","url":"https:\/\/novo2023.camtra.org.br\/","name":"CAMTRA NOVO","description":"","publisher":{"@id":"https:\/\/novo2023.camtra.org.br\/#organization"},"potentialAction":[{"@type":"SearchAction","target":{"@type":"EntryPoint","urlTemplate":"https:\/\/novo2023.camtra.org.br\/?s={search_term_string}"},"query-input":"required name=search_term_string"}],"inLanguage":"pt-BR"},{"@type":"Organization","@id":"https:\/\/novo2023.camtra.org.br\/#organization","name":"CAMTRA NOVO","url":"https:\/\/novo2023.camtra.org.br\/","logo":{"@type":"ImageObject","inLanguage":"pt-BR","@id":"https:\/\/novo2023.camtra.org.br\/#\/schema\/logo\/image\/","url":"https:\/\/novo2023.camtra.org.br\/wp-content\/uploads\/2024\/01\/CAMTRA-comflor-roxa-logo_logo-camtra-principal-flor.png","contentUrl":"https:\/\/novo2023.camtra.org.br\/wp-content\/uploads\/2024\/01\/CAMTRA-comflor-roxa-logo_logo-camtra-principal-flor.png","width":1172,"height":330,"caption":"CAMTRA NOVO"},"image":{"@id":"https:\/\/novo2023.camtra.org.br\/#\/schema\/logo\/image\/"}},{"@type":"Person","@id":"https:\/\/novo2023.camtra.org.br\/#\/schema\/person\/f163af9cb65589aab5865b0437873a74","name":"Casa da Mulher Trabalhadora","image":{"@type":"ImageObject","inLanguage":"pt-BR","@id":"https:\/\/novo2023.camtra.org.br\/#\/schema\/person\/image\/","url":"https:\/\/novo2023.camtra.org.br\/wp-content\/litespeed\/avatar\/4c87233a8b80506f010db0cccf69e8b5.jpg?ver=1777270965","contentUrl":"https:\/\/novo2023.camtra.org.br\/wp-content\/litespeed\/avatar\/4c87233a8b80506f010db0cccf69e8b5.jpg?ver=1777270965","caption":"Casa da Mulher Trabalhadora"},"url":"https:\/\/novo2023.camtra.org.br\/index.php\/author\/camtra\/"}]}},"_links":{"self":[{"href":"https:\/\/novo2023.camtra.org.br\/index.php\/wp-json\/wp\/v2\/posts\/5458"}],"collection":[{"href":"https:\/\/novo2023.camtra.org.br\/index.php\/wp-json\/wp\/v2\/posts"}],"about":[{"href":"https:\/\/novo2023.camtra.org.br\/index.php\/wp-json\/wp\/v2\/types\/post"}],"author":[{"embeddable":true,"href":"https:\/\/novo2023.camtra.org.br\/index.php\/wp-json\/wp\/v2\/users\/3"}],"replies":[{"embeddable":true,"href":"https:\/\/novo2023.camtra.org.br\/index.php\/wp-json\/wp\/v2\/comments?post=5458"}],"version-history":[{"count":0,"href":"https:\/\/novo2023.camtra.org.br\/index.php\/wp-json\/wp\/v2\/posts\/5458\/revisions"}],"wp:featuredmedia":[{"embeddable":true,"href":"https:\/\/novo2023.camtra.org.br\/index.php\/wp-json\/wp\/v2\/media\/5459"}],"wp:attachment":[{"href":"https:\/\/novo2023.camtra.org.br\/index.php\/wp-json\/wp\/v2\/media?parent=5458"}],"wp:term":[{"taxonomy":"category","embeddable":true,"href":"https:\/\/novo2023.camtra.org.br\/index.php\/wp-json\/wp\/v2\/categories?post=5458"},{"taxonomy":"post_tag","embeddable":true,"href":"https:\/\/novo2023.camtra.org.br\/index.php\/wp-json\/wp\/v2\/tags?post=5458"}],"curies":[{"name":"wp","href":"https:\/\/api.w.org\/{rel}","templated":true}]}}