{"id":5432,"date":"2020-07-02T18:28:19","date_gmt":"2020-07-02T21:28:19","guid":{"rendered":"https:\/\/camtra.org.br\/?p=5432"},"modified":"2020-07-02T18:28:19","modified_gmt":"2020-07-02T21:28:19","slug":"mulheres-trabalhando-em-rede","status":"publish","type":"post","link":"https:\/\/novo2023.camtra.org.br\/index.php\/2020\/07\/02\/mulheres-trabalhando-em-rede\/","title":{"rendered":"Mulheres trabalhando em rede!"},"content":{"rendered":"<div id=\"fb-root\"><\/div>\n<p>No momento em que a COVID-19 atinge a casa de 60.000 mortes no Brasil, sem nenhum plano sanit\u00e1rio governamental s\u00e9rio, o nosso sentimento \u00e9 de resist\u00eancia, luta e solidariedade. Sabemos que cada companheira que atua dentro dos seus territ\u00f3rios e comunidades, muitas vezes nem dormem, porque a todo momento algu\u00e9m bate na sua porta em busca de apoio por alimentos, material de higiene, limpeza, como fazer para receber o aux\u00edlio emergencial, den\u00fancias de viol\u00eancia dom\u00e9stica dentre outras.<\/p>\n<p>Na semana passada, a CAMTRA(www.camtra.org.br) atrav\u00e9s da sua Coordenadora Eleut\u00e9ria Amora, Lucylane Silva (funcion\u00e1ria da CAMTRA) e Odilon (motorista das ONGs) organizamos uma for\u00e7a tarefa da preven\u00e7\u00e3o em IST\u2019s, Aids, gravidez n\u00e3o planejada e viol\u00eancia dom\u00e9stica, chegamos a 08 grupos e movimentos de mulheres, com preservativos femininos e masculinos, gel lubrificante, material educativo sobre viol\u00eancia dom\u00e9stica e calend\u00e1rios da CAMTRA. Esta for\u00e7a tarefa resultou -21.168 preservativos masculino, 400 femininos, 750 cartilhas Lei Maria da Penha e Feminic\u00eddio e 750 calend\u00e1rios da CAMTRA 2020.<\/p>\n<p><strong>Associa\u00e7\u00e3o Pamen Cheifa &#8211; Duque de Caxias<\/strong> (https:\/\/www.facebook.com\/cheifajardimgramacho\/)<\/p>\n<p><strong>AMAC &#8211; Associa\u00e7\u00e3o Mulheres de Atitude e Compromisso Social<\/strong>( <a href=\"https:\/\/www.facebook.com\/AmacAtitudes\/\">https:\/\/www.facebook.com\/AmacAtitudes\/<\/a>)<\/p>\n<p><b>Amigas de Itagua\u00ed\u00a0&#8211; Associa\u00e7\u00e3o de Mulheres de Itagua\u00ed &#8211; Guerreiras e Articuladoras Sociais &#8211;<\/b> (\u00a0https:\/\/www.facebook.com\/Associa%C3%A7%C3%A3o-de-Mulheres-de-Itagua%C3%AD-Guerreiras-e-Articuladoras-Sociais-102509681431190\/ )<\/p>\n<p><strong>Comit\u00ea Vila Alian\u00e7<\/strong>a ( <a href=\"https:\/\/www.facebook.com\/Comit%C3%AA-Vila-Alian%C3%A7a-Integrado-a-A%C3%A7%C3%A3o-da-Cidadania-112958220398868\/\">https:\/\/www.facebook.com\/Comit%C3%AA-Vila-Alian%C3%A7a-Integrado-a-A%C3%A7%C3%A3o-da-Cidadania-112958220398868\/<\/a>)<\/p>\n<p><strong>Grupo de Apoio \u00e0 Mulher\u00a0<\/strong>\u00a0\u00a0<a href=\"https:\/\/www.facebook.com\/grupodeapoioamulherr\/\">https:\/\/www.facebook.com\/grupodeapoioamulherr\/<\/a>)<\/p>\n<p><strong>GT Mulheres da Associa\u00e7\u00e3o Agroecol\u00f3gica SerraMa<\/strong>r: (\u00a0Whatspp: 98993-7508)<\/p>\n<p><strong>Malocada Cadadania\u00a0<\/strong> \u00a0(<a href=\"https:\/\/www.facebook.com\/malocadacidadania\/\">https:\/\/www.facebook.com\/malocadacidadania\/<\/a>)<\/p>\n<p><strong>Associa\u00e7\u00e3o Cultural Poder de Preta<\/strong>; \u00a0(<a href=\"https:\/\/www.facebook.com\/Obarewaju\/\">https:\/\/www.facebook.com\/Obarewaju\/<\/a> )<\/p>\n<p><strong>Sim, Sou do Meio.<\/strong> ( <a href=\"https:\/\/www.facebook.com\/SIMEUSOUDOMEIO\">https:\/\/www.facebook.com\/SIMEUSOUDOMEIO<\/a>)<\/p>\n<p>&nbsp;<\/p>\n<p><img fetchpriority=\"high\" decoding=\"async\" class=\"alignnone  wp-image-5437\" src=\"https:\/\/camtra.org.br\/wp-content\/uploads\/2020\/07\/WhatsApp-Image-2020-06-25-at-18.42.44-768x1024.jpeg\" alt=\"\" width=\"389\" height=\"517\" \/>\u00a0 \u00a0 \u00a0 \u00a0 \u00a0 \u00a0 \u00a0 \u00a0 \u00a0 \u00a0 \u00a0<img decoding=\"async\" class=\"alignnone  wp-image-5441\" src=\"https:\/\/camtra.org.br\/wp-content\/uploads\/2020\/07\/WhatsApp-Image-2020-06-30-at-17.28.20-768x1024.jpeg\" alt=\"\" width=\"395\" height=\"527\" srcset=\"https:\/\/novo2023.camtra.org.br\/wp-content\/uploads\/2020\/07\/WhatsApp-Image-2020-06-30-at-17.28.20-768x1024.jpeg 768w, https:\/\/novo2023.camtra.org.br\/wp-content\/uploads\/2020\/07\/WhatsApp-Image-2020-06-30-at-17.28.20-225x300.jpeg 225w, https:\/\/novo2023.camtra.org.br\/wp-content\/uploads\/2020\/07\/WhatsApp-Image-2020-06-30-at-17.28.20.jpeg 780w\" sizes=\"(max-width: 395px) 100vw, 395px\" \/>\u00a0 \u00a0 \u00a0<img decoding=\"async\" class=\"alignnone  wp-image-5440\" src=\"https:\/\/camtra.org.br\/wp-content\/uploads\/2020\/07\/WhatsApp-Image-2020-06-29-at-18.27.30.jpeg\" alt=\"\" width=\"674\" height=\"505\" srcset=\"https:\/\/novo2023.camtra.org.br\/wp-content\/uploads\/2020\/07\/WhatsApp-Image-2020-06-29-at-18.27.30.jpeg 816w, https:\/\/novo2023.camtra.org.br\/wp-content\/uploads\/2020\/07\/WhatsApp-Image-2020-06-29-at-18.27.30-300x225.jpeg 300w, https:\/\/novo2023.camtra.org.br\/wp-content\/uploads\/2020\/07\/WhatsApp-Image-2020-06-29-at-18.27.30-768x576.jpeg 768w\" sizes=\"(max-width: 674px) 100vw, 674px\" \/>\u00a0 \u00a0 \u00a0 \u00a0 \u00a0 \u00a0 \u00a0<img loading=\"lazy\" decoding=\"async\" class=\"alignnone  wp-image-5439\" src=\"https:\/\/camtra.org.br\/wp-content\/uploads\/2020\/07\/WhatsApp-Image-2020-06-29-at-18.10.23-498x1024.jpeg\" alt=\"\" width=\"278\" height=\"572\" srcset=\"https:\/\/novo2023.camtra.org.br\/wp-content\/uploads\/2020\/07\/WhatsApp-Image-2020-06-29-at-18.10.23-498x1024.jpeg 498w, https:\/\/novo2023.camtra.org.br\/wp-content\/uploads\/2020\/07\/WhatsApp-Image-2020-06-29-at-18.10.23-146x300.jpeg 146w, https:\/\/novo2023.camtra.org.br\/wp-content\/uploads\/2020\/07\/WhatsApp-Image-2020-06-29-at-18.10.23.jpeg 622w\" sizes=\"(max-width: 278px) 100vw, 278px\" \/><\/p>\n","protected":false},"excerpt":{"rendered":"<p>No momento em que a COVID-19 atinge a casa de 60.000 mortes no Brasil, sem nenhum plano sanit\u00e1rio governamental s\u00e9rio, o nosso sentimento \u00e9 de resist\u00eancia, luta e solidariedade.  Leia mais.<\/p>\n","protected":false},"author":3,"featured_media":5436,"comment_status":"open","ping_status":"open","sticky":false,"template":"","format":"standard","meta":{"om_disable_all_campaigns":false,"_monsterinsights_skip_tracking":false,"_monsterinsights_sitenote_active":false,"_monsterinsights_sitenote_note":"","_monsterinsights_sitenote_category":0,"_uf_show_specific_survey":0,"_uf_disable_surveys":false,"ocean_post_layout":"","ocean_both_sidebars_style":"","ocean_both_sidebars_content_width":0,"ocean_both_sidebars_sidebars_width":0,"ocean_sidebar":"","ocean_second_sidebar":"","ocean_disable_margins":"enable","ocean_add_body_class":"","ocean_shortcode_before_top_bar":"","ocean_shortcode_after_top_bar":"","ocean_shortcode_before_header":"","ocean_shortcode_after_header":"","ocean_has_shortcode":"","ocean_shortcode_after_title":"","ocean_shortcode_before_footer_widgets":"","ocean_shortcode_after_footer_widgets":"","ocean_shortcode_before_footer_bottom":"","ocean_shortcode_after_footer_bottom":"","ocean_display_top_bar":"default","ocean_display_header":"default","ocean_header_style":"","ocean_center_header_left_menu":"","ocean_custom_header_template":"","ocean_custom_logo":0,"ocean_custom_retina_logo":0,"ocean_custom_logo_max_width":0,"ocean_custom_logo_tablet_max_width":0,"ocean_custom_logo_mobile_max_width":0,"ocean_custom_logo_max_height":0,"ocean_custom_logo_tablet_max_height":0,"ocean_custom_logo_mobile_max_height":0,"ocean_header_custom_menu":"","ocean_menu_typo_font_family":"","ocean_menu_typo_font_subset":"","ocean_menu_typo_font_size":0,"ocean_menu_typo_font_size_tablet":0,"ocean_menu_typo_font_size_mobile":0,"ocean_menu_typo_font_size_unit":"px","ocean_menu_typo_font_weight":"","ocean_menu_typo_font_weight_tablet":"","ocean_menu_typo_font_weight_mobile":"","ocean_menu_typo_transform":"","ocean_menu_typo_transform_tablet":"","ocean_menu_typo_transform_mobile":"","ocean_menu_typo_line_height":0,"ocean_menu_typo_line_height_tablet":0,"ocean_menu_typo_line_height_mobile":0,"ocean_menu_typo_line_height_unit":"","ocean_menu_typo_spacing":0,"ocean_menu_typo_spacing_tablet":0,"ocean_menu_typo_spacing_mobile":0,"ocean_menu_typo_spacing_unit":"","ocean_menu_link_color":"","ocean_menu_link_color_hover":"","ocean_menu_link_color_active":"","ocean_menu_link_background":"","ocean_menu_link_hover_background":"","ocean_menu_link_active_background":"","ocean_menu_social_links_bg":"","ocean_menu_social_hover_links_bg":"","ocean_menu_social_links_color":"","ocean_menu_social_hover_links_color":"","ocean_disable_title":"default","ocean_disable_heading":"default","ocean_post_title":"","ocean_post_subheading":"","ocean_post_title_style":"","ocean_post_title_background_color":"","ocean_post_title_background":0,"ocean_post_title_bg_image_position":"","ocean_post_title_bg_image_attachment":"","ocean_post_title_bg_image_repeat":"","ocean_post_title_bg_image_size":"","ocean_post_title_height":0,"ocean_post_title_bg_overlay":0.5,"ocean_post_title_bg_overlay_color":"","ocean_disable_breadcrumbs":"default","ocean_breadcrumbs_color":"","ocean_breadcrumbs_separator_color":"","ocean_breadcrumbs_links_color":"","ocean_breadcrumbs_links_hover_color":"","ocean_display_footer_widgets":"default","ocean_display_footer_bottom":"default","ocean_custom_footer_template":"","ocean_post_oembed":"","ocean_post_self_hosted_media":"","ocean_post_video_embed":"","ocean_link_format":"","ocean_link_format_target":"self","ocean_quote_format":"","ocean_quote_format_link":"post","ocean_gallery_link_images":"on","ocean_gallery_id":[],"footnotes":""},"categories":[7],"tags":[142,244,288,122,444],"class_list":["post-5432","post","type-post","status-publish","format-standard","has-post-thumbnail","hentry","category-camtra-covid-19","tag-covid-19","tag-mulheres-trabalhadoras","tag-liderancas-comunitarias","tag-mulheres","tag-prevencao","entry","has-media"],"aioseo_notices":[],"yoast_head":"<!-- This site is optimized with the Yoast SEO plugin v23.0 - https:\/\/yoast.com\/wordpress\/plugins\/seo\/ -->\n<title>Mulheres trabalhando em rede! - CAMTRA NOVO<\/title>\n<meta name=\"robots\" content=\"index, follow, max-snippet:-1, max-image-preview:large, max-video-preview:-1\" \/>\n<link rel=\"canonical\" href=\"https:\/\/novo2023.camtra.org.br\/index.php\/2020\/07\/02\/mulheres-trabalhando-em-rede\/\" \/>\n<meta property=\"og:locale\" content=\"pt_BR\" \/>\n<meta property=\"og:type\" content=\"article\" \/>\n<meta property=\"og:title\" content=\"Mulheres trabalhando em rede! - CAMTRA NOVO\" \/>\n<meta property=\"og:description\" content=\"No momento em que a COVID-19 atinge a casa de 60.000 mortes no Brasil, sem nenhum plano sanit\u00e1rio governamental s\u00e9rio, o nosso sentimento \u00e9 de resist\u00eancia, luta e solidariedade. Leia mais.\" \/>\n<meta property=\"og:url\" content=\"https:\/\/novo2023.camtra.org.br\/index.php\/2020\/07\/02\/mulheres-trabalhando-em-rede\/\" \/>\n<meta property=\"og:site_name\" content=\"CAMTRA NOVO\" \/>\n<meta property=\"article:published_time\" content=\"2020-07-02T21:28:19+00:00\" \/>\n<meta property=\"og:image\" content=\"https:\/\/camtra.org.br\/wp-content\/uploads\/2020\/07\/WhatsApp-Image-2020-06-25-at-18.42.44-768x1024.jpeg\" \/>\n<meta name=\"author\" content=\"Casa da Mulher Trabalhadora\" \/>\n<meta name=\"twitter:card\" content=\"summary_large_image\" \/>\n<meta name=\"twitter:label1\" content=\"Escrito por\" \/>\n\t<meta name=\"twitter:data1\" content=\"Casa da Mulher Trabalhadora\" \/>\n\t<meta name=\"twitter:label2\" content=\"Est. tempo de leitura\" \/>\n\t<meta name=\"twitter:data2\" content=\"2 minutos\" \/>\n<script type=\"application\/ld+json\" class=\"yoast-schema-graph\">{\"@context\":\"https:\/\/schema.org\",\"@graph\":[{\"@type\":\"Article\",\"@id\":\"https:\/\/novo2023.camtra.org.br\/index.php\/2020\/07\/02\/mulheres-trabalhando-em-rede\/#article\",\"isPartOf\":{\"@id\":\"https:\/\/novo2023.camtra.org.br\/index.php\/2020\/07\/02\/mulheres-trabalhando-em-rede\/\"},\"author\":{\"name\":\"Casa da Mulher Trabalhadora\",\"@id\":\"https:\/\/novo2023.camtra.org.br\/#\/schema\/person\/f163af9cb65589aab5865b0437873a74\"},\"headline\":\"Mulheres trabalhando em rede!\",\"datePublished\":\"2020-07-02T21:28:19+00:00\",\"dateModified\":\"2020-07-02T21:28:19+00:00\",\"mainEntityOfPage\":{\"@id\":\"https:\/\/novo2023.camtra.org.br\/index.php\/2020\/07\/02\/mulheres-trabalhando-em-rede\/\"},\"wordCount\":307,\"commentCount\":0,\"publisher\":{\"@id\":\"https:\/\/novo2023.camtra.org.br\/#organization\"},\"image\":{\"@id\":\"https:\/\/novo2023.camtra.org.br\/index.php\/2020\/07\/02\/mulheres-trabalhando-em-rede\/#primaryimage\"},\"thumbnailUrl\":\"https:\/\/novo2023.camtra.org.br\/wp-content\/uploads\/2020\/07\/painel-final-3.png\",\"keywords\":[\"#covid-19\",\"#mulheres #trabalhadoras\",\"lideran\u00e7as comunit\u00e1rias\",\"mulheres\",\"preven\u00e7\u00e3o\"],\"articleSection\":[\"CAMTRA-COVID-19\"],\"inLanguage\":\"pt-BR\",\"potentialAction\":[{\"@type\":\"CommentAction\",\"name\":\"Comment\",\"target\":[\"https:\/\/novo2023.camtra.org.br\/index.php\/2020\/07\/02\/mulheres-trabalhando-em-rede\/#respond\"]}]},{\"@type\":\"WebPage\",\"@id\":\"https:\/\/novo2023.camtra.org.br\/index.php\/2020\/07\/02\/mulheres-trabalhando-em-rede\/\",\"url\":\"https:\/\/novo2023.camtra.org.br\/index.php\/2020\/07\/02\/mulheres-trabalhando-em-rede\/\",\"name\":\"Mulheres trabalhando em rede! - CAMTRA NOVO\",\"isPartOf\":{\"@id\":\"https:\/\/novo2023.camtra.org.br\/#website\"},\"primaryImageOfPage\":{\"@id\":\"https:\/\/novo2023.camtra.org.br\/index.php\/2020\/07\/02\/mulheres-trabalhando-em-rede\/#primaryimage\"},\"image\":{\"@id\":\"https:\/\/novo2023.camtra.org.br\/index.php\/2020\/07\/02\/mulheres-trabalhando-em-rede\/#primaryimage\"},\"thumbnailUrl\":\"https:\/\/novo2023.camtra.org.br\/wp-content\/uploads\/2020\/07\/painel-final-3.png\",\"datePublished\":\"2020-07-02T21:28:19+00:00\",\"dateModified\":\"2020-07-02T21:28:19+00:00\",\"breadcrumb\":{\"@id\":\"https:\/\/novo2023.camtra.org.br\/index.php\/2020\/07\/02\/mulheres-trabalhando-em-rede\/#breadcrumb\"},\"inLanguage\":\"pt-BR\",\"potentialAction\":[{\"@type\":\"ReadAction\",\"target\":[\"https:\/\/novo2023.camtra.org.br\/index.php\/2020\/07\/02\/mulheres-trabalhando-em-rede\/\"]}]},{\"@type\":\"ImageObject\",\"inLanguage\":\"pt-BR\",\"@id\":\"https:\/\/novo2023.camtra.org.br\/index.php\/2020\/07\/02\/mulheres-trabalhando-em-rede\/#primaryimage\",\"url\":\"https:\/\/novo2023.camtra.org.br\/wp-content\/uploads\/2020\/07\/painel-final-3.png\",\"contentUrl\":\"https:\/\/novo2023.camtra.org.br\/wp-content\/uploads\/2020\/07\/painel-final-3.png\",\"width\":1080,\"height\":1080},{\"@type\":\"BreadcrumbList\",\"@id\":\"https:\/\/novo2023.camtra.org.br\/index.php\/2020\/07\/02\/mulheres-trabalhando-em-rede\/#breadcrumb\",\"itemListElement\":[{\"@type\":\"ListItem\",\"position\":1,\"name\":\"Home\",\"item\":\"https:\/\/novo2023.camtra.org.br\/\"},{\"@type\":\"ListItem\",\"position\":2,\"name\":\"Mulheres trabalhando em rede!\"}]},{\"@type\":\"WebSite\",\"@id\":\"https:\/\/novo2023.camtra.org.br\/#website\",\"url\":\"https:\/\/novo2023.camtra.org.br\/\",\"name\":\"CAMTRA NOVO\",\"description\":\"\",\"publisher\":{\"@id\":\"https:\/\/novo2023.camtra.org.br\/#organization\"},\"potentialAction\":[{\"@type\":\"SearchAction\",\"target\":{\"@type\":\"EntryPoint\",\"urlTemplate\":\"https:\/\/novo2023.camtra.org.br\/?s={search_term_string}\"},\"query-input\":\"required name=search_term_string\"}],\"inLanguage\":\"pt-BR\"},{\"@type\":\"Organization\",\"@id\":\"https:\/\/novo2023.camtra.org.br\/#organization\",\"name\":\"CAMTRA NOVO\",\"url\":\"https:\/\/novo2023.camtra.org.br\/\",\"logo\":{\"@type\":\"ImageObject\",\"inLanguage\":\"pt-BR\",\"@id\":\"https:\/\/novo2023.camtra.org.br\/#\/schema\/logo\/image\/\",\"url\":\"https:\/\/novo2023.camtra.org.br\/wp-content\/uploads\/2024\/01\/CAMTRA-comflor-roxa-logo_logo-camtra-principal-flor.png\",\"contentUrl\":\"https:\/\/novo2023.camtra.org.br\/wp-content\/uploads\/2024\/01\/CAMTRA-comflor-roxa-logo_logo-camtra-principal-flor.png\",\"width\":1172,\"height\":330,\"caption\":\"CAMTRA NOVO\"},\"image\":{\"@id\":\"https:\/\/novo2023.camtra.org.br\/#\/schema\/logo\/image\/\"}},{\"@type\":\"Person\",\"@id\":\"https:\/\/novo2023.camtra.org.br\/#\/schema\/person\/f163af9cb65589aab5865b0437873a74\",\"name\":\"Casa da Mulher Trabalhadora\",\"image\":{\"@type\":\"ImageObject\",\"inLanguage\":\"pt-BR\",\"@id\":\"https:\/\/novo2023.camtra.org.br\/#\/schema\/person\/image\/\",\"url\":\"https:\/\/novo2023.camtra.org.br\/wp-content\/litespeed\/avatar\/4c87233a8b80506f010db0cccf69e8b5.jpg?ver=1777270965\",\"contentUrl\":\"https:\/\/novo2023.camtra.org.br\/wp-content\/litespeed\/avatar\/4c87233a8b80506f010db0cccf69e8b5.jpg?ver=1777270965\",\"caption\":\"Casa da Mulher Trabalhadora\"},\"url\":\"https:\/\/novo2023.camtra.org.br\/index.php\/author\/camtra\/\"}]}<\/script>\n<!-- \/ Yoast SEO plugin. -->","yoast_head_json":{"title":"Mulheres trabalhando em rede! - CAMTRA NOVO","robots":{"index":"index","follow":"follow","max-snippet":"max-snippet:-1","max-image-preview":"max-image-preview:large","max-video-preview":"max-video-preview:-1"},"canonical":"https:\/\/novo2023.camtra.org.br\/index.php\/2020\/07\/02\/mulheres-trabalhando-em-rede\/","og_locale":"pt_BR","og_type":"article","og_title":"Mulheres trabalhando em rede! - CAMTRA NOVO","og_description":"No momento em que a COVID-19 atinge a casa de 60.000 mortes no Brasil, sem nenhum plano sanit\u00e1rio governamental s\u00e9rio, o nosso sentimento \u00e9 de resist\u00eancia, luta e solidariedade. Leia mais.","og_url":"https:\/\/novo2023.camtra.org.br\/index.php\/2020\/07\/02\/mulheres-trabalhando-em-rede\/","og_site_name":"CAMTRA NOVO","article_published_time":"2020-07-02T21:28:19+00:00","og_image":[{"url":"https:\/\/camtra.org.br\/wp-content\/uploads\/2020\/07\/WhatsApp-Image-2020-06-25-at-18.42.44-768x1024.jpeg"}],"author":"Casa da Mulher Trabalhadora","twitter_card":"summary_large_image","twitter_misc":{"Escrito por":"Casa da Mulher Trabalhadora","Est. tempo de leitura":"2 minutos"},"schema":{"@context":"https:\/\/schema.org","@graph":[{"@type":"Article","@id":"https:\/\/novo2023.camtra.org.br\/index.php\/2020\/07\/02\/mulheres-trabalhando-em-rede\/#article","isPartOf":{"@id":"https:\/\/novo2023.camtra.org.br\/index.php\/2020\/07\/02\/mulheres-trabalhando-em-rede\/"},"author":{"name":"Casa da Mulher Trabalhadora","@id":"https:\/\/novo2023.camtra.org.br\/#\/schema\/person\/f163af9cb65589aab5865b0437873a74"},"headline":"Mulheres trabalhando em rede!","datePublished":"2020-07-02T21:28:19+00:00","dateModified":"2020-07-02T21:28:19+00:00","mainEntityOfPage":{"@id":"https:\/\/novo2023.camtra.org.br\/index.php\/2020\/07\/02\/mulheres-trabalhando-em-rede\/"},"wordCount":307,"commentCount":0,"publisher":{"@id":"https:\/\/novo2023.camtra.org.br\/#organization"},"image":{"@id":"https:\/\/novo2023.camtra.org.br\/index.php\/2020\/07\/02\/mulheres-trabalhando-em-rede\/#primaryimage"},"thumbnailUrl":"https:\/\/novo2023.camtra.org.br\/wp-content\/uploads\/2020\/07\/painel-final-3.png","keywords":["#covid-19","#mulheres #trabalhadoras","lideran\u00e7as comunit\u00e1rias","mulheres","preven\u00e7\u00e3o"],"articleSection":["CAMTRA-COVID-19"],"inLanguage":"pt-BR","potentialAction":[{"@type":"CommentAction","name":"Comment","target":["https:\/\/novo2023.camtra.org.br\/index.php\/2020\/07\/02\/mulheres-trabalhando-em-rede\/#respond"]}]},{"@type":"WebPage","@id":"https:\/\/novo2023.camtra.org.br\/index.php\/2020\/07\/02\/mulheres-trabalhando-em-rede\/","url":"https:\/\/novo2023.camtra.org.br\/index.php\/2020\/07\/02\/mulheres-trabalhando-em-rede\/","name":"Mulheres trabalhando em rede! - CAMTRA NOVO","isPartOf":{"@id":"https:\/\/novo2023.camtra.org.br\/#website"},"primaryImageOfPage":{"@id":"https:\/\/novo2023.camtra.org.br\/index.php\/2020\/07\/02\/mulheres-trabalhando-em-rede\/#primaryimage"},"image":{"@id":"https:\/\/novo2023.camtra.org.br\/index.php\/2020\/07\/02\/mulheres-trabalhando-em-rede\/#primaryimage"},"thumbnailUrl":"https:\/\/novo2023.camtra.org.br\/wp-content\/uploads\/2020\/07\/painel-final-3.png","datePublished":"2020-07-02T21:28:19+00:00","dateModified":"2020-07-02T21:28:19+00:00","breadcrumb":{"@id":"https:\/\/novo2023.camtra.org.br\/index.php\/2020\/07\/02\/mulheres-trabalhando-em-rede\/#breadcrumb"},"inLanguage":"pt-BR","potentialAction":[{"@type":"ReadAction","target":["https:\/\/novo2023.camtra.org.br\/index.php\/2020\/07\/02\/mulheres-trabalhando-em-rede\/"]}]},{"@type":"ImageObject","inLanguage":"pt-BR","@id":"https:\/\/novo2023.camtra.org.br\/index.php\/2020\/07\/02\/mulheres-trabalhando-em-rede\/#primaryimage","url":"https:\/\/novo2023.camtra.org.br\/wp-content\/uploads\/2020\/07\/painel-final-3.png","contentUrl":"https:\/\/novo2023.camtra.org.br\/wp-content\/uploads\/2020\/07\/painel-final-3.png","width":1080,"height":1080},{"@type":"BreadcrumbList","@id":"https:\/\/novo2023.camtra.org.br\/index.php\/2020\/07\/02\/mulheres-trabalhando-em-rede\/#breadcrumb","itemListElement":[{"@type":"ListItem","position":1,"name":"Home","item":"https:\/\/novo2023.camtra.org.br\/"},{"@type":"ListItem","position":2,"name":"Mulheres trabalhando em rede!"}]},{"@type":"WebSite","@id":"https:\/\/novo2023.camtra.org.br\/#website","url":"https:\/\/novo2023.camtra.org.br\/","name":"CAMTRA NOVO","description":"","publisher":{"@id":"https:\/\/novo2023.camtra.org.br\/#organization"},"potentialAction":[{"@type":"SearchAction","target":{"@type":"EntryPoint","urlTemplate":"https:\/\/novo2023.camtra.org.br\/?s={search_term_string}"},"query-input":"required name=search_term_string"}],"inLanguage":"pt-BR"},{"@type":"Organization","@id":"https:\/\/novo2023.camtra.org.br\/#organization","name":"CAMTRA NOVO","url":"https:\/\/novo2023.camtra.org.br\/","logo":{"@type":"ImageObject","inLanguage":"pt-BR","@id":"https:\/\/novo2023.camtra.org.br\/#\/schema\/logo\/image\/","url":"https:\/\/novo2023.camtra.org.br\/wp-content\/uploads\/2024\/01\/CAMTRA-comflor-roxa-logo_logo-camtra-principal-flor.png","contentUrl":"https:\/\/novo2023.camtra.org.br\/wp-content\/uploads\/2024\/01\/CAMTRA-comflor-roxa-logo_logo-camtra-principal-flor.png","width":1172,"height":330,"caption":"CAMTRA NOVO"},"image":{"@id":"https:\/\/novo2023.camtra.org.br\/#\/schema\/logo\/image\/"}},{"@type":"Person","@id":"https:\/\/novo2023.camtra.org.br\/#\/schema\/person\/f163af9cb65589aab5865b0437873a74","name":"Casa da Mulher Trabalhadora","image":{"@type":"ImageObject","inLanguage":"pt-BR","@id":"https:\/\/novo2023.camtra.org.br\/#\/schema\/person\/image\/","url":"https:\/\/novo2023.camtra.org.br\/wp-content\/litespeed\/avatar\/4c87233a8b80506f010db0cccf69e8b5.jpg?ver=1777270965","contentUrl":"https:\/\/novo2023.camtra.org.br\/wp-content\/litespeed\/avatar\/4c87233a8b80506f010db0cccf69e8b5.jpg?ver=1777270965","caption":"Casa da Mulher Trabalhadora"},"url":"https:\/\/novo2023.camtra.org.br\/index.php\/author\/camtra\/"}]}},"_links":{"self":[{"href":"https:\/\/novo2023.camtra.org.br\/index.php\/wp-json\/wp\/v2\/posts\/5432"}],"collection":[{"href":"https:\/\/novo2023.camtra.org.br\/index.php\/wp-json\/wp\/v2\/posts"}],"about":[{"href":"https:\/\/novo2023.camtra.org.br\/index.php\/wp-json\/wp\/v2\/types\/post"}],"author":[{"embeddable":true,"href":"https:\/\/novo2023.camtra.org.br\/index.php\/wp-json\/wp\/v2\/users\/3"}],"replies":[{"embeddable":true,"href":"https:\/\/novo2023.camtra.org.br\/index.php\/wp-json\/wp\/v2\/comments?post=5432"}],"version-history":[{"count":0,"href":"https:\/\/novo2023.camtra.org.br\/index.php\/wp-json\/wp\/v2\/posts\/5432\/revisions"}],"wp:featuredmedia":[{"embeddable":true,"href":"https:\/\/novo2023.camtra.org.br\/index.php\/wp-json\/wp\/v2\/media\/5436"}],"wp:attachment":[{"href":"https:\/\/novo2023.camtra.org.br\/index.php\/wp-json\/wp\/v2\/media?parent=5432"}],"wp:term":[{"taxonomy":"category","embeddable":true,"href":"https:\/\/novo2023.camtra.org.br\/index.php\/wp-json\/wp\/v2\/categories?post=5432"},{"taxonomy":"post_tag","embeddable":true,"href":"https:\/\/novo2023.camtra.org.br\/index.php\/wp-json\/wp\/v2\/tags?post=5432"}],"curies":[{"name":"wp","href":"https:\/\/api.w.org\/{rel}","templated":true}]}}