{"id":3834,"date":"2019-11-25T12:33:03","date_gmt":"2019-11-25T15:33:03","guid":{"rendered":"https:\/\/camtra.org.br\/?p=3834"},"modified":"2019-11-25T12:33:03","modified_gmt":"2019-11-25T15:33:03","slug":"3834-2","status":"publish","type":"post","link":"https:\/\/novo2023.camtra.org.br\/index.php\/2019\/11\/25\/3834-2\/","title":{"rendered":"Ato na Fran\u00e7a pela Vida das Mulheres"},"content":{"rendered":"<div id=\"fb-root\"><\/div>\n<p>Ontem, na Fran\u00e7a, 49 mil pessoas foram as ruas lutar pelo direito das mulheres e contra os 117 feminic\u00eddios registrados!<!--more--><\/p>\n<p>Hoje, dia 25 de novembro, Dia Internacional de Enfrentamento a Viol\u00eancia contra a Mulher, \u00e9 a vez do Rio de Janeiro se somar a luta!<\/p>\n<p>O Ato no Rio de Janeiro ter\u00e1 concentra\u00e7\u00e3o na Alerj a partir das 17 horas:\u00a0<a class=\"profileLink\" href=\"https:\/\/www.facebook.com\/events\/2641008235961423\/?acontext=%7B%22source%22%3A3%2C%22source_newsfeed_story_type%22%3A%22regular%22%2C%22action_history%22%3A%22%5B%7B%5C%22surface%5C%22%3A%5C%22newsfeed%5C%22%2C%5C%22mechanism%5C%22%3A%5C%22feed_story%5C%22%2C%5C%22extra_data%5C%22%3A%5B%5D%7D%5D%22%2C%22has_source%22%3Atrue%7D&amp;source=3&amp;source_newsfeed_story_type=regular&amp;action_history=%5B%7B%22surface%22%3A%22newsfeed%22%2C%22mechanism%22%3A%22feed_story%22%2C%22extra_data%22%3A%5B%5D%7D%5D&amp;has_source=1&amp;__tn__=K-R&amp;eid=ARAu27XkgK1Re8jHJVNKQQbfSv7BcqG2SHsPIYNC5mNZltMqJ8YxSP_sw2BhtIzY9OX7Fz56H2Z0_wRX&amp;fref=mentions&amp;__xts__%5B0%5D=68.ARDXKHqf-1NC33adlzxnnvP5LG-13O87OOkJAmVT3zd8_XLwhfd4JXBduHnFwnZeObVET3DHZBMS2cLnJ6l7U0zvaXhDGJQYsoNDUEIw4hinLuVDY941BZvEzOaiTojZ22H3sTlZj_Hp1B_wG46dnPINV59-Bv6bOzHvfhdfu2PESmShQ-uv4xv-uS2Z475tlA8B30DjkG8gGhjG65Iw-hS6isi5GbvubM_QTwiU5JCFbkTjYCDrPfWDg4hPXPuWPr1lDL1Enn-X1V7gOiqSx2hOMAf1TW6Cuz-slxL-ZkSapKodaeaSP7XJqfE9I_faK6QMhMj6RownbZCyA8RUkzn6o3hs\" data-hovercard=\"\/ajax\/hovercard\/event.php?id=2641008235961423&amp;extragetparams=%7B%22source%22%3A3%2C%22source_newsfeed_story_type%22%3A%22regular%22%2C%22action_history%22%3A%22%5B%7B%5C%22surface%5C%22%3A%5C%22newsfeed%5C%22%2C%5C%22mechanism%5C%22%3A%5C%22feed_story%5C%22%2C%5C%22extra_data%5C%22%3A%5B%5D%7D%5D%22%2C%22has_source%22%3Atrue%2C%22__tn__%22%3A%22%2CdK-R-R%22%2C%22eid%22%3A%22ARAu27XkgK1Re8jHJVNKQQbfSv7BcqG2SHsPIYNC5mNZltMqJ8YxSP_sw2BhtIzY9OX7Fz56H2Z0_wRX%22%2C%22fref%22%3A%22mentions%22%7D\" data-hovercard-prefer-more-content-show=\"1\">https:\/\/www.facebook.com\/events\/2641008235961423\/<\/a><\/p>\n<p><img fetchpriority=\"high\" decoding=\"async\" class=\"alignnone wp-image-3836\" src=\"https:\/\/camtra.org.br\/wp-content\/uploads\/2019\/11\/2-1024x768.jpeg\" alt=\"\" width=\"603\" height=\"452\" srcset=\"https:\/\/novo2023.camtra.org.br\/wp-content\/uploads\/2019\/11\/2-1024x768.jpeg 1024w, https:\/\/novo2023.camtra.org.br\/wp-content\/uploads\/2019\/11\/2-300x225.jpeg 300w, https:\/\/novo2023.camtra.org.br\/wp-content\/uploads\/2019\/11\/2-768x576.jpeg 768w, https:\/\/novo2023.camtra.org.br\/wp-content\/uploads\/2019\/11\/2-1536x1152.jpeg 1536w, https:\/\/novo2023.camtra.org.br\/wp-content\/uploads\/2019\/11\/2.jpeg 1600w\" sizes=\"(max-width: 603px) 100vw, 603px\" \/><img decoding=\"async\" class=\"alignnone wp-image-3837\" src=\"https:\/\/camtra.org.br\/wp-content\/uploads\/2019\/11\/3-1024x768.jpeg\" alt=\"\" width=\"603\" height=\"453\" srcset=\"https:\/\/novo2023.camtra.org.br\/wp-content\/uploads\/2019\/11\/3-1024x768.jpeg 1024w, https:\/\/novo2023.camtra.org.br\/wp-content\/uploads\/2019\/11\/3-300x225.jpeg 300w, https:\/\/novo2023.camtra.org.br\/wp-content\/uploads\/2019\/11\/3-768x576.jpeg 768w, https:\/\/novo2023.camtra.org.br\/wp-content\/uploads\/2019\/11\/3-1536x1152.jpeg 1536w, https:\/\/novo2023.camtra.org.br\/wp-content\/uploads\/2019\/11\/3.jpeg 1600w\" sizes=\"(max-width: 603px) 100vw, 603px\" \/><img decoding=\"async\" class=\"alignnone wp-image-3838\" src=\"https:\/\/camtra.org.br\/wp-content\/uploads\/2019\/11\/4-1024x768.jpeg\" alt=\"\" width=\"601\" height=\"450\" srcset=\"https:\/\/novo2023.camtra.org.br\/wp-content\/uploads\/2019\/11\/4-1024x768.jpeg 1024w, https:\/\/novo2023.camtra.org.br\/wp-content\/uploads\/2019\/11\/4-300x225.jpeg 300w, https:\/\/novo2023.camtra.org.br\/wp-content\/uploads\/2019\/11\/4-768x576.jpeg 768w, https:\/\/novo2023.camtra.org.br\/wp-content\/uploads\/2019\/11\/4-1536x1152.jpeg 1536w, https:\/\/novo2023.camtra.org.br\/wp-content\/uploads\/2019\/11\/4.jpeg 1600w\" sizes=\"(max-width: 601px) 100vw, 601px\" \/><\/p>\n","protected":false},"excerpt":{"rendered":"<p>Ontem, na Fran\u00e7a, 49 mil pessoas foram as ruas lutar pelo direito das mulheres e contra os 117 feminic\u00eddios registrados!<\/p>\n","protected":false},"author":3,"featured_media":3835,"comment_status":"open","ping_status":"open","sticky":false,"template":"","format":"image","meta":{"om_disable_all_campaigns":false,"_monsterinsights_skip_tracking":false,"_monsterinsights_sitenote_active":false,"_monsterinsights_sitenote_note":"","_monsterinsights_sitenote_category":0,"_uf_show_specific_survey":0,"_uf_disable_surveys":false,"ocean_post_layout":"","ocean_both_sidebars_style":"","ocean_both_sidebars_content_width":0,"ocean_both_sidebars_sidebars_width":0,"ocean_sidebar":"","ocean_second_sidebar":"","ocean_disable_margins":"enable","ocean_add_body_class":"","ocean_shortcode_before_top_bar":"","ocean_shortcode_after_top_bar":"","ocean_shortcode_before_header":"","ocean_shortcode_after_header":"","ocean_has_shortcode":"","ocean_shortcode_after_title":"","ocean_shortcode_before_footer_widgets":"","ocean_shortcode_after_footer_widgets":"","ocean_shortcode_before_footer_bottom":"","ocean_shortcode_after_footer_bottom":"","ocean_display_top_bar":"default","ocean_display_header":"default","ocean_header_style":"","ocean_center_header_left_menu":"","ocean_custom_header_template":"","ocean_custom_logo":0,"ocean_custom_retina_logo":0,"ocean_custom_logo_max_width":0,"ocean_custom_logo_tablet_max_width":0,"ocean_custom_logo_mobile_max_width":0,"ocean_custom_logo_max_height":0,"ocean_custom_logo_tablet_max_height":0,"ocean_custom_logo_mobile_max_height":0,"ocean_header_custom_menu":"","ocean_menu_typo_font_family":"","ocean_menu_typo_font_subset":"","ocean_menu_typo_font_size":0,"ocean_menu_typo_font_size_tablet":0,"ocean_menu_typo_font_size_mobile":0,"ocean_menu_typo_font_size_unit":"px","ocean_menu_typo_font_weight":"","ocean_menu_typo_font_weight_tablet":"","ocean_menu_typo_font_weight_mobile":"","ocean_menu_typo_transform":"","ocean_menu_typo_transform_tablet":"","ocean_menu_typo_transform_mobile":"","ocean_menu_typo_line_height":0,"ocean_menu_typo_line_height_tablet":0,"ocean_menu_typo_line_height_mobile":0,"ocean_menu_typo_line_height_unit":"","ocean_menu_typo_spacing":0,"ocean_menu_typo_spacing_tablet":0,"ocean_menu_typo_spacing_mobile":0,"ocean_menu_typo_spacing_unit":"","ocean_menu_link_color":"","ocean_menu_link_color_hover":"","ocean_menu_link_color_active":"","ocean_menu_link_background":"","ocean_menu_link_hover_background":"","ocean_menu_link_active_background":"","ocean_menu_social_links_bg":"","ocean_menu_social_hover_links_bg":"","ocean_menu_social_links_color":"","ocean_menu_social_hover_links_color":"","ocean_disable_title":"default","ocean_disable_heading":"default","ocean_post_title":"","ocean_post_subheading":"","ocean_post_title_style":"","ocean_post_title_background_color":"","ocean_post_title_background":0,"ocean_post_title_bg_image_position":"","ocean_post_title_bg_image_attachment":"","ocean_post_title_bg_image_repeat":"","ocean_post_title_bg_image_size":"","ocean_post_title_height":0,"ocean_post_title_bg_overlay":0.5,"ocean_post_title_bg_overlay_color":"","ocean_disable_breadcrumbs":"default","ocean_breadcrumbs_color":"","ocean_breadcrumbs_separator_color":"","ocean_breadcrumbs_links_color":"","ocean_breadcrumbs_links_hover_color":"","ocean_display_footer_widgets":"default","ocean_display_footer_bottom":"default","ocean_custom_footer_template":"","ocean_post_oembed":"","ocean_post_self_hosted_media":"","ocean_post_video_embed":"","ocean_link_format":"","ocean_link_format_target":"self","ocean_quote_format":"","ocean_quote_format_link":"post","ocean_gallery_link_images":"on","ocean_gallery_id":[],"footnotes":""},"categories":[56,108,34],"tags":[],"class_list":["post-3834","post","type-post","status-publish","format-image","has-post-thumbnail","hentry","category-data","category-evento","category-politica","post_format-post-format-image","entry","has-media"],"aioseo_notices":[],"yoast_head":"<!-- This site is optimized with the Yoast SEO plugin v23.0 - https:\/\/yoast.com\/wordpress\/plugins\/seo\/ -->\n<title>Ato na Fran\u00e7a pela Vida das Mulheres - CAMTRA NOVO<\/title>\n<meta name=\"robots\" content=\"index, follow, max-snippet:-1, max-image-preview:large, max-video-preview:-1\" \/>\n<link rel=\"canonical\" href=\"https:\/\/novo2023.camtra.org.br\/index.php\/2019\/11\/25\/3834-2\/\" \/>\n<meta property=\"og:locale\" content=\"pt_BR\" \/>\n<meta property=\"og:type\" content=\"article\" \/>\n<meta property=\"og:title\" content=\"Ato na Fran\u00e7a pela Vida das Mulheres - CAMTRA NOVO\" \/>\n<meta property=\"og:description\" content=\"Ontem, na Fran\u00e7a, 49 mil pessoas foram as ruas lutar pelo direito das mulheres e contra os 117 feminic\u00eddios registrados!\" \/>\n<meta property=\"og:url\" content=\"https:\/\/novo2023.camtra.org.br\/index.php\/2019\/11\/25\/3834-2\/\" \/>\n<meta property=\"og:site_name\" content=\"CAMTRA NOVO\" \/>\n<meta property=\"article:published_time\" content=\"2019-11-25T15:33:03+00:00\" \/>\n<meta property=\"og:image\" content=\"https:\/\/camtra.org.br\/wp-content\/uploads\/2019\/11\/2-1024x768.jpeg\" \/>\n<meta name=\"author\" content=\"Casa da Mulher Trabalhadora\" \/>\n<meta name=\"twitter:card\" content=\"summary_large_image\" \/>\n<meta name=\"twitter:label1\" content=\"Escrito por\" \/>\n\t<meta name=\"twitter:data1\" content=\"Casa da Mulher Trabalhadora\" \/>\n<script type=\"application\/ld+json\" class=\"yoast-schema-graph\">{\"@context\":\"https:\/\/schema.org\",\"@graph\":[{\"@type\":\"Article\",\"@id\":\"https:\/\/novo2023.camtra.org.br\/index.php\/2019\/11\/25\/3834-2\/#article\",\"isPartOf\":{\"@id\":\"https:\/\/novo2023.camtra.org.br\/index.php\/2019\/11\/25\/3834-2\/\"},\"author\":{\"name\":\"Casa da Mulher Trabalhadora\",\"@id\":\"https:\/\/novo2023.camtra.org.br\/#\/schema\/person\/f163af9cb65589aab5865b0437873a74\"},\"headline\":\"Ato na Fran\u00e7a pela Vida das Mulheres\",\"datePublished\":\"2019-11-25T15:33:03+00:00\",\"dateModified\":\"2019-11-25T15:33:03+00:00\",\"mainEntityOfPage\":{\"@id\":\"https:\/\/novo2023.camtra.org.br\/index.php\/2019\/11\/25\/3834-2\/\"},\"wordCount\":72,\"commentCount\":0,\"publisher\":{\"@id\":\"https:\/\/novo2023.camtra.org.br\/#organization\"},\"image\":{\"@id\":\"https:\/\/novo2023.camtra.org.br\/index.php\/2019\/11\/25\/3834-2\/#primaryimage\"},\"thumbnailUrl\":\"https:\/\/novo2023.camtra.org.br\/wp-content\/uploads\/2019\/11\/1.jpeg\",\"articleSection\":[\"Data\",\"Evento\",\"Pol\u00edtica\"],\"inLanguage\":\"pt-BR\",\"potentialAction\":[{\"@type\":\"CommentAction\",\"name\":\"Comment\",\"target\":[\"https:\/\/novo2023.camtra.org.br\/index.php\/2019\/11\/25\/3834-2\/#respond\"]}]},{\"@type\":\"WebPage\",\"@id\":\"https:\/\/novo2023.camtra.org.br\/index.php\/2019\/11\/25\/3834-2\/\",\"url\":\"https:\/\/novo2023.camtra.org.br\/index.php\/2019\/11\/25\/3834-2\/\",\"name\":\"Ato na Fran\u00e7a pela Vida das Mulheres - CAMTRA NOVO\",\"isPartOf\":{\"@id\":\"https:\/\/novo2023.camtra.org.br\/#website\"},\"primaryImageOfPage\":{\"@id\":\"https:\/\/novo2023.camtra.org.br\/index.php\/2019\/11\/25\/3834-2\/#primaryimage\"},\"image\":{\"@id\":\"https:\/\/novo2023.camtra.org.br\/index.php\/2019\/11\/25\/3834-2\/#primaryimage\"},\"thumbnailUrl\":\"https:\/\/novo2023.camtra.org.br\/wp-content\/uploads\/2019\/11\/1.jpeg\",\"datePublished\":\"2019-11-25T15:33:03+00:00\",\"dateModified\":\"2019-11-25T15:33:03+00:00\",\"breadcrumb\":{\"@id\":\"https:\/\/novo2023.camtra.org.br\/index.php\/2019\/11\/25\/3834-2\/#breadcrumb\"},\"inLanguage\":\"pt-BR\",\"potentialAction\":[{\"@type\":\"ReadAction\",\"target\":[\"https:\/\/novo2023.camtra.org.br\/index.php\/2019\/11\/25\/3834-2\/\"]}]},{\"@type\":\"ImageObject\",\"inLanguage\":\"pt-BR\",\"@id\":\"https:\/\/novo2023.camtra.org.br\/index.php\/2019\/11\/25\/3834-2\/#primaryimage\",\"url\":\"https:\/\/novo2023.camtra.org.br\/wp-content\/uploads\/2019\/11\/1.jpeg\",\"contentUrl\":\"https:\/\/novo2023.camtra.org.br\/wp-content\/uploads\/2019\/11\/1.jpeg\",\"width\":640,\"height\":408},{\"@type\":\"BreadcrumbList\",\"@id\":\"https:\/\/novo2023.camtra.org.br\/index.php\/2019\/11\/25\/3834-2\/#breadcrumb\",\"itemListElement\":[{\"@type\":\"ListItem\",\"position\":1,\"name\":\"Home\",\"item\":\"https:\/\/novo2023.camtra.org.br\/\"},{\"@type\":\"ListItem\",\"position\":2,\"name\":\"Ato na Fran\u00e7a pela Vida das Mulheres\"}]},{\"@type\":\"WebSite\",\"@id\":\"https:\/\/novo2023.camtra.org.br\/#website\",\"url\":\"https:\/\/novo2023.camtra.org.br\/\",\"name\":\"CAMTRA NOVO\",\"description\":\"\",\"publisher\":{\"@id\":\"https:\/\/novo2023.camtra.org.br\/#organization\"},\"potentialAction\":[{\"@type\":\"SearchAction\",\"target\":{\"@type\":\"EntryPoint\",\"urlTemplate\":\"https:\/\/novo2023.camtra.org.br\/?s={search_term_string}\"},\"query-input\":\"required name=search_term_string\"}],\"inLanguage\":\"pt-BR\"},{\"@type\":\"Organization\",\"@id\":\"https:\/\/novo2023.camtra.org.br\/#organization\",\"name\":\"CAMTRA NOVO\",\"url\":\"https:\/\/novo2023.camtra.org.br\/\",\"logo\":{\"@type\":\"ImageObject\",\"inLanguage\":\"pt-BR\",\"@id\":\"https:\/\/novo2023.camtra.org.br\/#\/schema\/logo\/image\/\",\"url\":\"https:\/\/novo2023.camtra.org.br\/wp-content\/uploads\/2024\/01\/CAMTRA-comflor-roxa-logo_logo-camtra-principal-flor.png\",\"contentUrl\":\"https:\/\/novo2023.camtra.org.br\/wp-content\/uploads\/2024\/01\/CAMTRA-comflor-roxa-logo_logo-camtra-principal-flor.png\",\"width\":1172,\"height\":330,\"caption\":\"CAMTRA NOVO\"},\"image\":{\"@id\":\"https:\/\/novo2023.camtra.org.br\/#\/schema\/logo\/image\/\"}},{\"@type\":\"Person\",\"@id\":\"https:\/\/novo2023.camtra.org.br\/#\/schema\/person\/f163af9cb65589aab5865b0437873a74\",\"name\":\"Casa da Mulher Trabalhadora\",\"image\":{\"@type\":\"ImageObject\",\"inLanguage\":\"pt-BR\",\"@id\":\"https:\/\/novo2023.camtra.org.br\/#\/schema\/person\/image\/\",\"url\":\"https:\/\/novo2023.camtra.org.br\/wp-content\/litespeed\/avatar\/4c87233a8b80506f010db0cccf69e8b5.jpg?ver=1777270965\",\"contentUrl\":\"https:\/\/novo2023.camtra.org.br\/wp-content\/litespeed\/avatar\/4c87233a8b80506f010db0cccf69e8b5.jpg?ver=1777270965\",\"caption\":\"Casa da Mulher Trabalhadora\"},\"url\":\"https:\/\/novo2023.camtra.org.br\/index.php\/author\/camtra\/\"}]}<\/script>\n<!-- \/ Yoast SEO plugin. -->","yoast_head_json":{"title":"Ato na Fran\u00e7a pela Vida das Mulheres - CAMTRA NOVO","robots":{"index":"index","follow":"follow","max-snippet":"max-snippet:-1","max-image-preview":"max-image-preview:large","max-video-preview":"max-video-preview:-1"},"canonical":"https:\/\/novo2023.camtra.org.br\/index.php\/2019\/11\/25\/3834-2\/","og_locale":"pt_BR","og_type":"article","og_title":"Ato na Fran\u00e7a pela Vida das Mulheres - CAMTRA NOVO","og_description":"Ontem, na Fran\u00e7a, 49 mil pessoas foram as ruas lutar pelo direito das mulheres e contra os 117 feminic\u00eddios registrados!","og_url":"https:\/\/novo2023.camtra.org.br\/index.php\/2019\/11\/25\/3834-2\/","og_site_name":"CAMTRA NOVO","article_published_time":"2019-11-25T15:33:03+00:00","og_image":[{"url":"https:\/\/camtra.org.br\/wp-content\/uploads\/2019\/11\/2-1024x768.jpeg"}],"author":"Casa da Mulher Trabalhadora","twitter_card":"summary_large_image","twitter_misc":{"Escrito por":"Casa da Mulher Trabalhadora"},"schema":{"@context":"https:\/\/schema.org","@graph":[{"@type":"Article","@id":"https:\/\/novo2023.camtra.org.br\/index.php\/2019\/11\/25\/3834-2\/#article","isPartOf":{"@id":"https:\/\/novo2023.camtra.org.br\/index.php\/2019\/11\/25\/3834-2\/"},"author":{"name":"Casa da Mulher Trabalhadora","@id":"https:\/\/novo2023.camtra.org.br\/#\/schema\/person\/f163af9cb65589aab5865b0437873a74"},"headline":"Ato na Fran\u00e7a pela Vida das Mulheres","datePublished":"2019-11-25T15:33:03+00:00","dateModified":"2019-11-25T15:33:03+00:00","mainEntityOfPage":{"@id":"https:\/\/novo2023.camtra.org.br\/index.php\/2019\/11\/25\/3834-2\/"},"wordCount":72,"commentCount":0,"publisher":{"@id":"https:\/\/novo2023.camtra.org.br\/#organization"},"image":{"@id":"https:\/\/novo2023.camtra.org.br\/index.php\/2019\/11\/25\/3834-2\/#primaryimage"},"thumbnailUrl":"https:\/\/novo2023.camtra.org.br\/wp-content\/uploads\/2019\/11\/1.jpeg","articleSection":["Data","Evento","Pol\u00edtica"],"inLanguage":"pt-BR","potentialAction":[{"@type":"CommentAction","name":"Comment","target":["https:\/\/novo2023.camtra.org.br\/index.php\/2019\/11\/25\/3834-2\/#respond"]}]},{"@type":"WebPage","@id":"https:\/\/novo2023.camtra.org.br\/index.php\/2019\/11\/25\/3834-2\/","url":"https:\/\/novo2023.camtra.org.br\/index.php\/2019\/11\/25\/3834-2\/","name":"Ato na Fran\u00e7a pela Vida das Mulheres - CAMTRA NOVO","isPartOf":{"@id":"https:\/\/novo2023.camtra.org.br\/#website"},"primaryImageOfPage":{"@id":"https:\/\/novo2023.camtra.org.br\/index.php\/2019\/11\/25\/3834-2\/#primaryimage"},"image":{"@id":"https:\/\/novo2023.camtra.org.br\/index.php\/2019\/11\/25\/3834-2\/#primaryimage"},"thumbnailUrl":"https:\/\/novo2023.camtra.org.br\/wp-content\/uploads\/2019\/11\/1.jpeg","datePublished":"2019-11-25T15:33:03+00:00","dateModified":"2019-11-25T15:33:03+00:00","breadcrumb":{"@id":"https:\/\/novo2023.camtra.org.br\/index.php\/2019\/11\/25\/3834-2\/#breadcrumb"},"inLanguage":"pt-BR","potentialAction":[{"@type":"ReadAction","target":["https:\/\/novo2023.camtra.org.br\/index.php\/2019\/11\/25\/3834-2\/"]}]},{"@type":"ImageObject","inLanguage":"pt-BR","@id":"https:\/\/novo2023.camtra.org.br\/index.php\/2019\/11\/25\/3834-2\/#primaryimage","url":"https:\/\/novo2023.camtra.org.br\/wp-content\/uploads\/2019\/11\/1.jpeg","contentUrl":"https:\/\/novo2023.camtra.org.br\/wp-content\/uploads\/2019\/11\/1.jpeg","width":640,"height":408},{"@type":"BreadcrumbList","@id":"https:\/\/novo2023.camtra.org.br\/index.php\/2019\/11\/25\/3834-2\/#breadcrumb","itemListElement":[{"@type":"ListItem","position":1,"name":"Home","item":"https:\/\/novo2023.camtra.org.br\/"},{"@type":"ListItem","position":2,"name":"Ato na Fran\u00e7a pela Vida das Mulheres"}]},{"@type":"WebSite","@id":"https:\/\/novo2023.camtra.org.br\/#website","url":"https:\/\/novo2023.camtra.org.br\/","name":"CAMTRA NOVO","description":"","publisher":{"@id":"https:\/\/novo2023.camtra.org.br\/#organization"},"potentialAction":[{"@type":"SearchAction","target":{"@type":"EntryPoint","urlTemplate":"https:\/\/novo2023.camtra.org.br\/?s={search_term_string}"},"query-input":"required name=search_term_string"}],"inLanguage":"pt-BR"},{"@type":"Organization","@id":"https:\/\/novo2023.camtra.org.br\/#organization","name":"CAMTRA NOVO","url":"https:\/\/novo2023.camtra.org.br\/","logo":{"@type":"ImageObject","inLanguage":"pt-BR","@id":"https:\/\/novo2023.camtra.org.br\/#\/schema\/logo\/image\/","url":"https:\/\/novo2023.camtra.org.br\/wp-content\/uploads\/2024\/01\/CAMTRA-comflor-roxa-logo_logo-camtra-principal-flor.png","contentUrl":"https:\/\/novo2023.camtra.org.br\/wp-content\/uploads\/2024\/01\/CAMTRA-comflor-roxa-logo_logo-camtra-principal-flor.png","width":1172,"height":330,"caption":"CAMTRA NOVO"},"image":{"@id":"https:\/\/novo2023.camtra.org.br\/#\/schema\/logo\/image\/"}},{"@type":"Person","@id":"https:\/\/novo2023.camtra.org.br\/#\/schema\/person\/f163af9cb65589aab5865b0437873a74","name":"Casa da Mulher Trabalhadora","image":{"@type":"ImageObject","inLanguage":"pt-BR","@id":"https:\/\/novo2023.camtra.org.br\/#\/schema\/person\/image\/","url":"https:\/\/novo2023.camtra.org.br\/wp-content\/litespeed\/avatar\/4c87233a8b80506f010db0cccf69e8b5.jpg?ver=1777270965","contentUrl":"https:\/\/novo2023.camtra.org.br\/wp-content\/litespeed\/avatar\/4c87233a8b80506f010db0cccf69e8b5.jpg?ver=1777270965","caption":"Casa da Mulher Trabalhadora"},"url":"https:\/\/novo2023.camtra.org.br\/index.php\/author\/camtra\/"}]}},"_links":{"self":[{"href":"https:\/\/novo2023.camtra.org.br\/index.php\/wp-json\/wp\/v2\/posts\/3834"}],"collection":[{"href":"https:\/\/novo2023.camtra.org.br\/index.php\/wp-json\/wp\/v2\/posts"}],"about":[{"href":"https:\/\/novo2023.camtra.org.br\/index.php\/wp-json\/wp\/v2\/types\/post"}],"author":[{"embeddable":true,"href":"https:\/\/novo2023.camtra.org.br\/index.php\/wp-json\/wp\/v2\/users\/3"}],"replies":[{"embeddable":true,"href":"https:\/\/novo2023.camtra.org.br\/index.php\/wp-json\/wp\/v2\/comments?post=3834"}],"version-history":[{"count":0,"href":"https:\/\/novo2023.camtra.org.br\/index.php\/wp-json\/wp\/v2\/posts\/3834\/revisions"}],"wp:featuredmedia":[{"embeddable":true,"href":"https:\/\/novo2023.camtra.org.br\/index.php\/wp-json\/wp\/v2\/media\/3835"}],"wp:attachment":[{"href":"https:\/\/novo2023.camtra.org.br\/index.php\/wp-json\/wp\/v2\/media?parent=3834"}],"wp:term":[{"taxonomy":"category","embeddable":true,"href":"https:\/\/novo2023.camtra.org.br\/index.php\/wp-json\/wp\/v2\/categories?post=3834"},{"taxonomy":"post_tag","embeddable":true,"href":"https:\/\/novo2023.camtra.org.br\/index.php\/wp-json\/wp\/v2\/tags?post=3834"}],"curies":[{"name":"wp","href":"https:\/\/api.w.org\/{rel}","templated":true}]}}