{"id":3676,"date":"2019-10-04T15:33:20","date_gmt":"2019-10-04T18:33:20","guid":{"rendered":"https:\/\/camtra.org.br\/?p=3676"},"modified":"2019-10-04T15:33:20","modified_gmt":"2019-10-04T18:33:20","slug":"agenda-semanal-da-camtra-7-a-13-de-outubro","status":"publish","type":"post","link":"https:\/\/novo2023.camtra.org.br\/index.php\/2019\/10\/04\/agenda-semanal-da-camtra-7-a-13-de-outubro\/","title":{"rendered":"Agenda Semanal da Camtra &#8211; 7 a 13 de Outubro"},"content":{"rendered":"<div id=\"fb-root\"><\/div>\n<p>A Agenda Semanal da pr\u00f3xima semana da Camtra j\u00e1 est\u00e1 pronta, e dessa vez, Eleut\u00e9ria Amora da Silva, Coordenadora Geral da Camtra e Diretora Executiva da Abong, estar\u00e1 durante toda a semana na Europa para fortalecer os la\u00e7os da luta feminista.<!--more--> No dia 07, dando o pontap\u00e9 inicial nas atividades, ela participar\u00e1 do Semin\u00e1rio Consulta UE\/Brasil de Direitos Humanos com a Sociedade Civil, em Bruxelas!<\/p>\n<p>E ainda na pr\u00f3xima semana teremos duas datas muito importantes de serem relembradas, o Dia Nacional de Luta da Mulher contra a Viol\u00eancia (10\/10) e o Dia Nacional de Luta por Creches (Dia das crian\u00e7as &#8211; 12\/10). Duas datas que representam lutas important\u00edssimas para todas as mulheres! Fiquem ligadas nas nossas redes sociais que publicaremos materiais sobre ambas as lutas em suas respectivas datas e colabora compartilhando as informa\u00e7\u00f5es!<\/p>\n<p>#PraCegaVer<br \/>\nEm meio a uma moldura de tecido chita florido aparece no topo o t\u00edtulo da publica\u00e7\u00e3o sob a cor de fundo marsala: Agenda Semana da Camtra. Abaixo aparecem as datas do lado esquerdo e as descri\u00e7\u00f5es do evento do lado direito.<\/p>\n<p>07 de Outubro: Semin\u00e1rio Consulta UE\/Brasil de Direitos Humanos com a Sociedade Civil &#8211; Bruxelas (B\u00e9lgica)<br \/>\nDo dia 07 ao dia 12 de outubro Eleut\u00e9ria Amora da Silva, Coordenadora da Camtra, estar\u00e1 fortalecendo la\u00e7os da nossa luta na Europa, come\u00e7ando pelo Semin\u00e1rio Consulta UE-Brasil.<\/p>\n<p>10 de Outubro: Dia Nacional de Luta da Mulher contra a Viol\u00eancia<br \/>\nData que tem por objetivo relembrar e conscientizar a popula\u00e7\u00e3o sobre a luta das mulheres contra os mais diferentes tipos de viol\u00eancia.<\/p>\n<p>12 de Outubro: Dia das Crian\u00e7as e Dia Nacional de Luta por Creches<br \/>\nA data que celebra os direitos das crian\u00e7as e adolescentes tamb\u00e9m luta por um direito assegurado a todas as crian\u00e7as pela Constitui\u00e7\u00e3o Federal (Art. 208, inciso IV): O direito a creche.<\/p>\n","protected":false},"excerpt":{"rendered":"<p>A Agenda Semanal da pr\u00f3xima semana da Camtra j\u00e1 est\u00e1 pronta, e dessa vez, Eleut\u00e9ria Amora da Silva, Coordenadora Geral da Camtra e Diretora Executiva da Abong, estar\u00e1 durante toda [&hellip;]<\/p>\n","protected":false},"author":3,"featured_media":3677,"comment_status":"open","ping_status":"open","sticky":false,"template":"","format":"image","meta":{"om_disable_all_campaigns":false,"_monsterinsights_skip_tracking":false,"_monsterinsights_sitenote_active":false,"_monsterinsights_sitenote_note":"","_monsterinsights_sitenote_category":0,"_uf_show_specific_survey":0,"_uf_disable_surveys":false,"ocean_post_layout":"","ocean_both_sidebars_style":"","ocean_both_sidebars_content_width":0,"ocean_both_sidebars_sidebars_width":0,"ocean_sidebar":"","ocean_second_sidebar":"","ocean_disable_margins":"enable","ocean_add_body_class":"","ocean_shortcode_before_top_bar":"","ocean_shortcode_after_top_bar":"","ocean_shortcode_before_header":"","ocean_shortcode_after_header":"","ocean_has_shortcode":"","ocean_shortcode_after_title":"","ocean_shortcode_before_footer_widgets":"","ocean_shortcode_after_footer_widgets":"","ocean_shortcode_before_footer_bottom":"","ocean_shortcode_after_footer_bottom":"","ocean_display_top_bar":"default","ocean_display_header":"default","ocean_header_style":"","ocean_center_header_left_menu":"","ocean_custom_header_template":"","ocean_custom_logo":0,"ocean_custom_retina_logo":0,"ocean_custom_logo_max_width":0,"ocean_custom_logo_tablet_max_width":0,"ocean_custom_logo_mobile_max_width":0,"ocean_custom_logo_max_height":0,"ocean_custom_logo_tablet_max_height":0,"ocean_custom_logo_mobile_max_height":0,"ocean_header_custom_menu":"","ocean_menu_typo_font_family":"","ocean_menu_typo_font_subset":"","ocean_menu_typo_font_size":0,"ocean_menu_typo_font_size_tablet":0,"ocean_menu_typo_font_size_mobile":0,"ocean_menu_typo_font_size_unit":"px","ocean_menu_typo_font_weight":"","ocean_menu_typo_font_weight_tablet":"","ocean_menu_typo_font_weight_mobile":"","ocean_menu_typo_transform":"","ocean_menu_typo_transform_tablet":"","ocean_menu_typo_transform_mobile":"","ocean_menu_typo_line_height":0,"ocean_menu_typo_line_height_tablet":0,"ocean_menu_typo_line_height_mobile":0,"ocean_menu_typo_line_height_unit":"","ocean_menu_typo_spacing":0,"ocean_menu_typo_spacing_tablet":0,"ocean_menu_typo_spacing_mobile":0,"ocean_menu_typo_spacing_unit":"","ocean_menu_link_color":"","ocean_menu_link_color_hover":"","ocean_menu_link_color_active":"","ocean_menu_link_background":"","ocean_menu_link_hover_background":"","ocean_menu_link_active_background":"","ocean_menu_social_links_bg":"","ocean_menu_social_hover_links_bg":"","ocean_menu_social_links_color":"","ocean_menu_social_hover_links_color":"","ocean_disable_title":"default","ocean_disable_heading":"default","ocean_post_title":"","ocean_post_subheading":"","ocean_post_title_style":"","ocean_post_title_background_color":"","ocean_post_title_background":0,"ocean_post_title_bg_image_position":"","ocean_post_title_bg_image_attachment":"","ocean_post_title_bg_image_repeat":"","ocean_post_title_bg_image_size":"","ocean_post_title_height":0,"ocean_post_title_bg_overlay":0.5,"ocean_post_title_bg_overlay_color":"","ocean_disable_breadcrumbs":"default","ocean_breadcrumbs_color":"","ocean_breadcrumbs_separator_color":"","ocean_breadcrumbs_links_color":"","ocean_breadcrumbs_links_hover_color":"","ocean_display_footer_widgets":"default","ocean_display_footer_bottom":"default","ocean_custom_footer_template":"","ocean_post_oembed":"","ocean_post_self_hosted_media":"","ocean_post_video_embed":"","ocean_link_format":"","ocean_link_format_target":"self","ocean_quote_format":"","ocean_quote_format_link":"post","ocean_gallery_link_images":"on","ocean_gallery_id":[],"footnotes":""},"categories":[56,108],"tags":[],"class_list":["post-3676","post","type-post","status-publish","format-image","has-post-thumbnail","hentry","category-data","category-evento","post_format-post-format-image","entry","has-media"],"aioseo_notices":[],"yoast_head":"<!-- This site is optimized with the Yoast SEO plugin v23.0 - https:\/\/yoast.com\/wordpress\/plugins\/seo\/ -->\n<title>Agenda Semanal da Camtra - 7 a 13 de Outubro - CAMTRA NOVO<\/title>\n<meta name=\"robots\" content=\"index, follow, max-snippet:-1, max-image-preview:large, max-video-preview:-1\" \/>\n<link rel=\"canonical\" href=\"https:\/\/novo2023.camtra.org.br\/index.php\/2019\/10\/04\/agenda-semanal-da-camtra-7-a-13-de-outubro\/\" \/>\n<meta property=\"og:locale\" content=\"pt_BR\" \/>\n<meta property=\"og:type\" content=\"article\" \/>\n<meta property=\"og:title\" content=\"Agenda Semanal da Camtra - 7 a 13 de Outubro - CAMTRA NOVO\" \/>\n<meta property=\"og:description\" content=\"A Agenda Semanal da pr\u00f3xima semana da Camtra j\u00e1 est\u00e1 pronta, e dessa vez, Eleut\u00e9ria Amora da Silva, Coordenadora Geral da Camtra e Diretora Executiva da Abong, estar\u00e1 durante toda [&hellip;]\" \/>\n<meta property=\"og:url\" content=\"https:\/\/novo2023.camtra.org.br\/index.php\/2019\/10\/04\/agenda-semanal-da-camtra-7-a-13-de-outubro\/\" \/>\n<meta property=\"og:site_name\" content=\"CAMTRA NOVO\" \/>\n<meta property=\"article:published_time\" content=\"2019-10-04T18:33:20+00:00\" \/>\n<meta name=\"author\" content=\"Casa da Mulher Trabalhadora\" \/>\n<meta name=\"twitter:card\" content=\"summary_large_image\" \/>\n<meta name=\"twitter:label1\" content=\"Escrito por\" \/>\n\t<meta name=\"twitter:data1\" content=\"Casa da Mulher Trabalhadora\" \/>\n\t<meta name=\"twitter:label2\" content=\"Est. tempo de leitura\" \/>\n\t<meta name=\"twitter:data2\" content=\"2 minutos\" \/>\n<script type=\"application\/ld+json\" class=\"yoast-schema-graph\">{\"@context\":\"https:\/\/schema.org\",\"@graph\":[{\"@type\":\"Article\",\"@id\":\"https:\/\/novo2023.camtra.org.br\/index.php\/2019\/10\/04\/agenda-semanal-da-camtra-7-a-13-de-outubro\/#article\",\"isPartOf\":{\"@id\":\"https:\/\/novo2023.camtra.org.br\/index.php\/2019\/10\/04\/agenda-semanal-da-camtra-7-a-13-de-outubro\/\"},\"author\":{\"name\":\"Casa da Mulher Trabalhadora\",\"@id\":\"https:\/\/novo2023.camtra.org.br\/#\/schema\/person\/f163af9cb65589aab5865b0437873a74\"},\"headline\":\"Agenda Semanal da Camtra &#8211; 7 a 13 de Outubro\",\"datePublished\":\"2019-10-04T18:33:20+00:00\",\"dateModified\":\"2019-10-04T18:33:20+00:00\",\"mainEntityOfPage\":{\"@id\":\"https:\/\/novo2023.camtra.org.br\/index.php\/2019\/10\/04\/agenda-semanal-da-camtra-7-a-13-de-outubro\/\"},\"wordCount\":325,\"commentCount\":0,\"publisher\":{\"@id\":\"https:\/\/novo2023.camtra.org.br\/#organization\"},\"image\":{\"@id\":\"https:\/\/novo2023.camtra.org.br\/index.php\/2019\/10\/04\/agenda-semanal-da-camtra-7-a-13-de-outubro\/#primaryimage\"},\"thumbnailUrl\":\"https:\/\/novo2023.camtra.org.br\/wp-content\/uploads\/2019\/10\/Arte-4-Agenda-Semanal-7-12-de-Outubro.jpg\",\"articleSection\":[\"Data\",\"Evento\"],\"inLanguage\":\"pt-BR\",\"potentialAction\":[{\"@type\":\"CommentAction\",\"name\":\"Comment\",\"target\":[\"https:\/\/novo2023.camtra.org.br\/index.php\/2019\/10\/04\/agenda-semanal-da-camtra-7-a-13-de-outubro\/#respond\"]}]},{\"@type\":\"WebPage\",\"@id\":\"https:\/\/novo2023.camtra.org.br\/index.php\/2019\/10\/04\/agenda-semanal-da-camtra-7-a-13-de-outubro\/\",\"url\":\"https:\/\/novo2023.camtra.org.br\/index.php\/2019\/10\/04\/agenda-semanal-da-camtra-7-a-13-de-outubro\/\",\"name\":\"Agenda Semanal da Camtra - 7 a 13 de Outubro - CAMTRA NOVO\",\"isPartOf\":{\"@id\":\"https:\/\/novo2023.camtra.org.br\/#website\"},\"primaryImageOfPage\":{\"@id\":\"https:\/\/novo2023.camtra.org.br\/index.php\/2019\/10\/04\/agenda-semanal-da-camtra-7-a-13-de-outubro\/#primaryimage\"},\"image\":{\"@id\":\"https:\/\/novo2023.camtra.org.br\/index.php\/2019\/10\/04\/agenda-semanal-da-camtra-7-a-13-de-outubro\/#primaryimage\"},\"thumbnailUrl\":\"https:\/\/novo2023.camtra.org.br\/wp-content\/uploads\/2019\/10\/Arte-4-Agenda-Semanal-7-12-de-Outubro.jpg\",\"datePublished\":\"2019-10-04T18:33:20+00:00\",\"dateModified\":\"2019-10-04T18:33:20+00:00\",\"breadcrumb\":{\"@id\":\"https:\/\/novo2023.camtra.org.br\/index.php\/2019\/10\/04\/agenda-semanal-da-camtra-7-a-13-de-outubro\/#breadcrumb\"},\"inLanguage\":\"pt-BR\",\"potentialAction\":[{\"@type\":\"ReadAction\",\"target\":[\"https:\/\/novo2023.camtra.org.br\/index.php\/2019\/10\/04\/agenda-semanal-da-camtra-7-a-13-de-outubro\/\"]}]},{\"@type\":\"ImageObject\",\"inLanguage\":\"pt-BR\",\"@id\":\"https:\/\/novo2023.camtra.org.br\/index.php\/2019\/10\/04\/agenda-semanal-da-camtra-7-a-13-de-outubro\/#primaryimage\",\"url\":\"https:\/\/novo2023.camtra.org.br\/wp-content\/uploads\/2019\/10\/Arte-4-Agenda-Semanal-7-12-de-Outubro.jpg\",\"contentUrl\":\"https:\/\/novo2023.camtra.org.br\/wp-content\/uploads\/2019\/10\/Arte-4-Agenda-Semanal-7-12-de-Outubro.jpg\",\"width\":1080,\"height\":1348},{\"@type\":\"BreadcrumbList\",\"@id\":\"https:\/\/novo2023.camtra.org.br\/index.php\/2019\/10\/04\/agenda-semanal-da-camtra-7-a-13-de-outubro\/#breadcrumb\",\"itemListElement\":[{\"@type\":\"ListItem\",\"position\":1,\"name\":\"Home\",\"item\":\"https:\/\/novo2023.camtra.org.br\/\"},{\"@type\":\"ListItem\",\"position\":2,\"name\":\"Agenda Semanal da Camtra &#8211; 7 a 13 de Outubro\"}]},{\"@type\":\"WebSite\",\"@id\":\"https:\/\/novo2023.camtra.org.br\/#website\",\"url\":\"https:\/\/novo2023.camtra.org.br\/\",\"name\":\"CAMTRA NOVO\",\"description\":\"\",\"publisher\":{\"@id\":\"https:\/\/novo2023.camtra.org.br\/#organization\"},\"potentialAction\":[{\"@type\":\"SearchAction\",\"target\":{\"@type\":\"EntryPoint\",\"urlTemplate\":\"https:\/\/novo2023.camtra.org.br\/?s={search_term_string}\"},\"query-input\":\"required name=search_term_string\"}],\"inLanguage\":\"pt-BR\"},{\"@type\":\"Organization\",\"@id\":\"https:\/\/novo2023.camtra.org.br\/#organization\",\"name\":\"CAMTRA NOVO\",\"url\":\"https:\/\/novo2023.camtra.org.br\/\",\"logo\":{\"@type\":\"ImageObject\",\"inLanguage\":\"pt-BR\",\"@id\":\"https:\/\/novo2023.camtra.org.br\/#\/schema\/logo\/image\/\",\"url\":\"https:\/\/novo2023.camtra.org.br\/wp-content\/uploads\/2024\/01\/CAMTRA-comflor-roxa-logo_logo-camtra-principal-flor.png\",\"contentUrl\":\"https:\/\/novo2023.camtra.org.br\/wp-content\/uploads\/2024\/01\/CAMTRA-comflor-roxa-logo_logo-camtra-principal-flor.png\",\"width\":1172,\"height\":330,\"caption\":\"CAMTRA NOVO\"},\"image\":{\"@id\":\"https:\/\/novo2023.camtra.org.br\/#\/schema\/logo\/image\/\"}},{\"@type\":\"Person\",\"@id\":\"https:\/\/novo2023.camtra.org.br\/#\/schema\/person\/f163af9cb65589aab5865b0437873a74\",\"name\":\"Casa da Mulher Trabalhadora\",\"image\":{\"@type\":\"ImageObject\",\"inLanguage\":\"pt-BR\",\"@id\":\"https:\/\/novo2023.camtra.org.br\/#\/schema\/person\/image\/\",\"url\":\"https:\/\/novo2023.camtra.org.br\/wp-content\/litespeed\/avatar\/4c87233a8b80506f010db0cccf69e8b5.jpg?ver=1777270965\",\"contentUrl\":\"https:\/\/novo2023.camtra.org.br\/wp-content\/litespeed\/avatar\/4c87233a8b80506f010db0cccf69e8b5.jpg?ver=1777270965\",\"caption\":\"Casa da Mulher Trabalhadora\"},\"url\":\"https:\/\/novo2023.camtra.org.br\/index.php\/author\/camtra\/\"}]}<\/script>\n<!-- \/ Yoast SEO plugin. -->","yoast_head_json":{"title":"Agenda Semanal da Camtra - 7 a 13 de Outubro - CAMTRA NOVO","robots":{"index":"index","follow":"follow","max-snippet":"max-snippet:-1","max-image-preview":"max-image-preview:large","max-video-preview":"max-video-preview:-1"},"canonical":"https:\/\/novo2023.camtra.org.br\/index.php\/2019\/10\/04\/agenda-semanal-da-camtra-7-a-13-de-outubro\/","og_locale":"pt_BR","og_type":"article","og_title":"Agenda Semanal da Camtra - 7 a 13 de Outubro - CAMTRA NOVO","og_description":"A Agenda Semanal da pr\u00f3xima semana da Camtra j\u00e1 est\u00e1 pronta, e dessa vez, Eleut\u00e9ria Amora da Silva, Coordenadora Geral da Camtra e Diretora Executiva da Abong, estar\u00e1 durante toda [&hellip;]","og_url":"https:\/\/novo2023.camtra.org.br\/index.php\/2019\/10\/04\/agenda-semanal-da-camtra-7-a-13-de-outubro\/","og_site_name":"CAMTRA NOVO","article_published_time":"2019-10-04T18:33:20+00:00","author":"Casa da Mulher Trabalhadora","twitter_card":"summary_large_image","twitter_misc":{"Escrito por":"Casa da Mulher Trabalhadora","Est. tempo de leitura":"2 minutos"},"schema":{"@context":"https:\/\/schema.org","@graph":[{"@type":"Article","@id":"https:\/\/novo2023.camtra.org.br\/index.php\/2019\/10\/04\/agenda-semanal-da-camtra-7-a-13-de-outubro\/#article","isPartOf":{"@id":"https:\/\/novo2023.camtra.org.br\/index.php\/2019\/10\/04\/agenda-semanal-da-camtra-7-a-13-de-outubro\/"},"author":{"name":"Casa da Mulher Trabalhadora","@id":"https:\/\/novo2023.camtra.org.br\/#\/schema\/person\/f163af9cb65589aab5865b0437873a74"},"headline":"Agenda Semanal da Camtra &#8211; 7 a 13 de Outubro","datePublished":"2019-10-04T18:33:20+00:00","dateModified":"2019-10-04T18:33:20+00:00","mainEntityOfPage":{"@id":"https:\/\/novo2023.camtra.org.br\/index.php\/2019\/10\/04\/agenda-semanal-da-camtra-7-a-13-de-outubro\/"},"wordCount":325,"commentCount":0,"publisher":{"@id":"https:\/\/novo2023.camtra.org.br\/#organization"},"image":{"@id":"https:\/\/novo2023.camtra.org.br\/index.php\/2019\/10\/04\/agenda-semanal-da-camtra-7-a-13-de-outubro\/#primaryimage"},"thumbnailUrl":"https:\/\/novo2023.camtra.org.br\/wp-content\/uploads\/2019\/10\/Arte-4-Agenda-Semanal-7-12-de-Outubro.jpg","articleSection":["Data","Evento"],"inLanguage":"pt-BR","potentialAction":[{"@type":"CommentAction","name":"Comment","target":["https:\/\/novo2023.camtra.org.br\/index.php\/2019\/10\/04\/agenda-semanal-da-camtra-7-a-13-de-outubro\/#respond"]}]},{"@type":"WebPage","@id":"https:\/\/novo2023.camtra.org.br\/index.php\/2019\/10\/04\/agenda-semanal-da-camtra-7-a-13-de-outubro\/","url":"https:\/\/novo2023.camtra.org.br\/index.php\/2019\/10\/04\/agenda-semanal-da-camtra-7-a-13-de-outubro\/","name":"Agenda Semanal da Camtra - 7 a 13 de Outubro - CAMTRA NOVO","isPartOf":{"@id":"https:\/\/novo2023.camtra.org.br\/#website"},"primaryImageOfPage":{"@id":"https:\/\/novo2023.camtra.org.br\/index.php\/2019\/10\/04\/agenda-semanal-da-camtra-7-a-13-de-outubro\/#primaryimage"},"image":{"@id":"https:\/\/novo2023.camtra.org.br\/index.php\/2019\/10\/04\/agenda-semanal-da-camtra-7-a-13-de-outubro\/#primaryimage"},"thumbnailUrl":"https:\/\/novo2023.camtra.org.br\/wp-content\/uploads\/2019\/10\/Arte-4-Agenda-Semanal-7-12-de-Outubro.jpg","datePublished":"2019-10-04T18:33:20+00:00","dateModified":"2019-10-04T18:33:20+00:00","breadcrumb":{"@id":"https:\/\/novo2023.camtra.org.br\/index.php\/2019\/10\/04\/agenda-semanal-da-camtra-7-a-13-de-outubro\/#breadcrumb"},"inLanguage":"pt-BR","potentialAction":[{"@type":"ReadAction","target":["https:\/\/novo2023.camtra.org.br\/index.php\/2019\/10\/04\/agenda-semanal-da-camtra-7-a-13-de-outubro\/"]}]},{"@type":"ImageObject","inLanguage":"pt-BR","@id":"https:\/\/novo2023.camtra.org.br\/index.php\/2019\/10\/04\/agenda-semanal-da-camtra-7-a-13-de-outubro\/#primaryimage","url":"https:\/\/novo2023.camtra.org.br\/wp-content\/uploads\/2019\/10\/Arte-4-Agenda-Semanal-7-12-de-Outubro.jpg","contentUrl":"https:\/\/novo2023.camtra.org.br\/wp-content\/uploads\/2019\/10\/Arte-4-Agenda-Semanal-7-12-de-Outubro.jpg","width":1080,"height":1348},{"@type":"BreadcrumbList","@id":"https:\/\/novo2023.camtra.org.br\/index.php\/2019\/10\/04\/agenda-semanal-da-camtra-7-a-13-de-outubro\/#breadcrumb","itemListElement":[{"@type":"ListItem","position":1,"name":"Home","item":"https:\/\/novo2023.camtra.org.br\/"},{"@type":"ListItem","position":2,"name":"Agenda Semanal da Camtra &#8211; 7 a 13 de Outubro"}]},{"@type":"WebSite","@id":"https:\/\/novo2023.camtra.org.br\/#website","url":"https:\/\/novo2023.camtra.org.br\/","name":"CAMTRA NOVO","description":"","publisher":{"@id":"https:\/\/novo2023.camtra.org.br\/#organization"},"potentialAction":[{"@type":"SearchAction","target":{"@type":"EntryPoint","urlTemplate":"https:\/\/novo2023.camtra.org.br\/?s={search_term_string}"},"query-input":"required name=search_term_string"}],"inLanguage":"pt-BR"},{"@type":"Organization","@id":"https:\/\/novo2023.camtra.org.br\/#organization","name":"CAMTRA NOVO","url":"https:\/\/novo2023.camtra.org.br\/","logo":{"@type":"ImageObject","inLanguage":"pt-BR","@id":"https:\/\/novo2023.camtra.org.br\/#\/schema\/logo\/image\/","url":"https:\/\/novo2023.camtra.org.br\/wp-content\/uploads\/2024\/01\/CAMTRA-comflor-roxa-logo_logo-camtra-principal-flor.png","contentUrl":"https:\/\/novo2023.camtra.org.br\/wp-content\/uploads\/2024\/01\/CAMTRA-comflor-roxa-logo_logo-camtra-principal-flor.png","width":1172,"height":330,"caption":"CAMTRA NOVO"},"image":{"@id":"https:\/\/novo2023.camtra.org.br\/#\/schema\/logo\/image\/"}},{"@type":"Person","@id":"https:\/\/novo2023.camtra.org.br\/#\/schema\/person\/f163af9cb65589aab5865b0437873a74","name":"Casa da Mulher Trabalhadora","image":{"@type":"ImageObject","inLanguage":"pt-BR","@id":"https:\/\/novo2023.camtra.org.br\/#\/schema\/person\/image\/","url":"https:\/\/novo2023.camtra.org.br\/wp-content\/litespeed\/avatar\/4c87233a8b80506f010db0cccf69e8b5.jpg?ver=1777270965","contentUrl":"https:\/\/novo2023.camtra.org.br\/wp-content\/litespeed\/avatar\/4c87233a8b80506f010db0cccf69e8b5.jpg?ver=1777270965","caption":"Casa da Mulher Trabalhadora"},"url":"https:\/\/novo2023.camtra.org.br\/index.php\/author\/camtra\/"}]}},"_links":{"self":[{"href":"https:\/\/novo2023.camtra.org.br\/index.php\/wp-json\/wp\/v2\/posts\/3676"}],"collection":[{"href":"https:\/\/novo2023.camtra.org.br\/index.php\/wp-json\/wp\/v2\/posts"}],"about":[{"href":"https:\/\/novo2023.camtra.org.br\/index.php\/wp-json\/wp\/v2\/types\/post"}],"author":[{"embeddable":true,"href":"https:\/\/novo2023.camtra.org.br\/index.php\/wp-json\/wp\/v2\/users\/3"}],"replies":[{"embeddable":true,"href":"https:\/\/novo2023.camtra.org.br\/index.php\/wp-json\/wp\/v2\/comments?post=3676"}],"version-history":[{"count":0,"href":"https:\/\/novo2023.camtra.org.br\/index.php\/wp-json\/wp\/v2\/posts\/3676\/revisions"}],"wp:featuredmedia":[{"embeddable":true,"href":"https:\/\/novo2023.camtra.org.br\/index.php\/wp-json\/wp\/v2\/media\/3677"}],"wp:attachment":[{"href":"https:\/\/novo2023.camtra.org.br\/index.php\/wp-json\/wp\/v2\/media?parent=3676"}],"wp:term":[{"taxonomy":"category","embeddable":true,"href":"https:\/\/novo2023.camtra.org.br\/index.php\/wp-json\/wp\/v2\/categories?post=3676"},{"taxonomy":"post_tag","embeddable":true,"href":"https:\/\/novo2023.camtra.org.br\/index.php\/wp-json\/wp\/v2\/tags?post=3676"}],"curies":[{"name":"wp","href":"https:\/\/api.w.org\/{rel}","templated":true}]}}