{"id":3217,"date":"2019-03-12T13:41:04","date_gmt":"2019-03-12T16:41:04","guid":{"rendered":"https:\/\/camtra.org.br\/?p=3217"},"modified":"2019-03-12T13:41:04","modified_gmt":"2019-03-12T16:41:04","slug":"festival-justica-por-marielle-e-anderson-365-dias-sem-marielle","status":"publish","type":"post","link":"https:\/\/novo2023.camtra.org.br\/index.php\/2019\/03\/12\/festival-justica-por-marielle-e-anderson-365-dias-sem-marielle\/","title":{"rendered":"Festival Justi\u00e7a Por Marielle e Anderson &#8211; 365 Dias Sem Marielle"},"content":{"rendered":"<div id=\"fb-root\"><\/div>\n<p>No dia 14 de mar\u00e7o completar\u00e1 1 ano sem Marielle Franco e Anderson Gomes. Ser\u00e3o 365 dias da execu\u00e7\u00e3o pol\u00edtica de nossa companheira de luta.<\/p>\n<p>Para marcar essa dif\u00edcil data acontecer\u00e1 o Festival Justi\u00e7a Por Marielle e Anderson, um dia inteiro de atividades dedicados a mem\u00f3ria e legado de Marielle e pedido de justi\u00e7a para esse crime at\u00e9 hoje sem respostas. Hoje pela manh\u00e3 demos mais um passo para a resolu\u00e7\u00e3o desse caso, mas ainda precisamos saber: Quem Mandou Matar Marielle?<\/p>\n<p>Organizado por diversas institui\u00e7\u00f5es e grupos de mulheres negras, feministas, entre outros. A CAMTRA participa dessa articula\u00e7\u00e3o e convoca a todas para estar juntas! Marielle n\u00e3o ser\u00e1 interrompida!<\/p>\n<p>A data tamb\u00e9m marca o primeiro Dia Marielle Franco, que surgiu para refor\u00e7ar a luta contra o genoc\u00eddio das mulheres negras. Juntas somos mais fortes!<\/p>\n<p><strong>Confira a Programa\u00e7\u00e3o Completa do Festival:<\/strong><\/p>\n<p><strong>8h<\/strong> &#8211; <a href=\"https:\/\/www.facebook.com\/events\/2041316109255887\/\" target=\"_blank\" rel=\"noopener\">Amanhecer por Marielle e Anderson &#8211; RJ<\/a><\/p>\n<p>Com a ajuda de todos, vamos construir um lindo Amanhecer, enfeitando as pra\u00e7as mais pr\u00f3xima, para lembrar a toda popula\u00e7\u00e3o que n\u00e3o descansaremos enquanto esse crime seguir impune e que o legado de Marielle n\u00e3o ser\u00e1 interrompido! Inscreva sua atividade atrav\u00e9s do formul\u00e1rio: <a href=\"https:\/\/goo.gl\/forms\/VO3FWcj3Z0XrJVxD3?fbclid=IwAR0xkYAT6guGCcKyApKZ6ZyycF_AGIj60i7lzpFvosQna_3rF4gs61RbweI\" target=\"_blank\" rel=\"nofollow noopener\" data-lynx-mode=\"hover\" data-lynx-uri=\"https:\/\/l.facebook.com\/l.php?u=https%3A%2F%2Fgoo.gl%2Fforms%2FVO3FWcj3Z0XrJVxD3%3Ffbclid%3DIwAR0xkYAT6guGCcKyApKZ6ZyycF_AGIj60i7lzpFvosQna_3rF4gs61RbweI&amp;h=AT02oqwnX7f_EhRKVykZ_u5-9gun67m6dcaggtNEGXmaO1PG_uCGnQ34yusG7SFvlif2drk0GFiDeIRHlZK4CqfQRsmaLsW6-G4hlqEvRh_NIYt8yhvtPMBwkzeUuLgbrJh93-_yYCWnxuCC0xIh\">https:\/\/goo.gl\/forms\/VO3FWcj3Z0XrJVxD3<\/a><\/p>\n<p><strong>10h<\/strong> &#8211; Missa na Candel\u00e1ria<\/p>\n<p><strong>14h<\/strong> &#8211; <a href=\"https:\/\/www.facebook.com\/events\/358224751571162\/\" target=\"_blank\" rel=\"noopener\">Aula Magna: Eu Sou Porque N\u00f3s Somos :. 14\/03 .: 8h<\/a><\/p>\n<p>Mulher preta de As\u00e9, professora de Direito Constitucional e coordenadora do N\u00facleo Interdisciplinar de Reflex\u00e3o e Mem\u00f3ria Afrodescendente da PUC\/RJ ministrando a aula magna \u201cEu Sou Porque N\u00f3s Somos\u201d em mem\u00f3ria de Marielle Franco e Anderson Gomes.<\/p>\n<p><strong>16h<\/strong> &#8211; Ato Politico e Cultural, na Cinel\u00e2ndia.<\/p>\n<p>E para fechar o dia, teremos esse ato na Cinel\u00e2ndia com diversas apresenta\u00e7\u00f5es culturais em homenagem a Marielle e ao Anderson.<\/p>\n<p>Para mais informa\u00e7\u00f5es acesse o Evento Oficial no Link:\u00a0<a href=\"https:\/\/www.facebook.com\/events\/2331838690172633\/\">https:\/\/www.facebook.com\/events\/2331838690172633\/<\/a><\/p>\n<p>#MariellePresente #MarielleVive #DiaMarielleFranco #QuemMandouMatarMarielle<\/p>\n","protected":false},"excerpt":{"rendered":"<p>No dia 14 de mar\u00e7o completar\u00e1 1 ano sem Marielle Franco e Anderson Gomes. Ser\u00e3o 365 dias da execu\u00e7\u00e3o pol\u00edtica de nossa companheira de luta. Para marcar essa dif\u00edcil data [&hellip;]<\/p>\n","protected":false},"author":3,"featured_media":3221,"comment_status":"open","ping_status":"open","sticky":false,"template":"","format":"image","meta":{"om_disable_all_campaigns":false,"_monsterinsights_skip_tracking":false,"_monsterinsights_sitenote_active":false,"_monsterinsights_sitenote_note":"","_monsterinsights_sitenote_category":0,"_uf_show_specific_survey":0,"_uf_disable_surveys":false,"ocean_post_layout":"","ocean_both_sidebars_style":"","ocean_both_sidebars_content_width":0,"ocean_both_sidebars_sidebars_width":0,"ocean_sidebar":"","ocean_second_sidebar":"","ocean_disable_margins":"enable","ocean_add_body_class":"","ocean_shortcode_before_top_bar":"","ocean_shortcode_after_top_bar":"","ocean_shortcode_before_header":"","ocean_shortcode_after_header":"","ocean_has_shortcode":"","ocean_shortcode_after_title":"","ocean_shortcode_before_footer_widgets":"","ocean_shortcode_after_footer_widgets":"","ocean_shortcode_before_footer_bottom":"","ocean_shortcode_after_footer_bottom":"","ocean_display_top_bar":"default","ocean_display_header":"default","ocean_header_style":"","ocean_center_header_left_menu":"","ocean_custom_header_template":"","ocean_custom_logo":0,"ocean_custom_retina_logo":0,"ocean_custom_logo_max_width":0,"ocean_custom_logo_tablet_max_width":0,"ocean_custom_logo_mobile_max_width":0,"ocean_custom_logo_max_height":0,"ocean_custom_logo_tablet_max_height":0,"ocean_custom_logo_mobile_max_height":0,"ocean_header_custom_menu":"","ocean_menu_typo_font_family":"","ocean_menu_typo_font_subset":"","ocean_menu_typo_font_size":0,"ocean_menu_typo_font_size_tablet":0,"ocean_menu_typo_font_size_mobile":0,"ocean_menu_typo_font_size_unit":"px","ocean_menu_typo_font_weight":"","ocean_menu_typo_font_weight_tablet":"","ocean_menu_typo_font_weight_mobile":"","ocean_menu_typo_transform":"","ocean_menu_typo_transform_tablet":"","ocean_menu_typo_transform_mobile":"","ocean_menu_typo_line_height":0,"ocean_menu_typo_line_height_tablet":0,"ocean_menu_typo_line_height_mobile":0,"ocean_menu_typo_line_height_unit":"","ocean_menu_typo_spacing":0,"ocean_menu_typo_spacing_tablet":0,"ocean_menu_typo_spacing_mobile":0,"ocean_menu_typo_spacing_unit":"","ocean_menu_link_color":"","ocean_menu_link_color_hover":"","ocean_menu_link_color_active":"","ocean_menu_link_background":"","ocean_menu_link_hover_background":"","ocean_menu_link_active_background":"","ocean_menu_social_links_bg":"","ocean_menu_social_hover_links_bg":"","ocean_menu_social_links_color":"","ocean_menu_social_hover_links_color":"","ocean_disable_title":"default","ocean_disable_heading":"default","ocean_post_title":"","ocean_post_subheading":"","ocean_post_title_style":"","ocean_post_title_background_color":"","ocean_post_title_background":0,"ocean_post_title_bg_image_position":"","ocean_post_title_bg_image_attachment":"","ocean_post_title_bg_image_repeat":"","ocean_post_title_bg_image_size":"","ocean_post_title_height":0,"ocean_post_title_bg_overlay":0.5,"ocean_post_title_bg_overlay_color":"","ocean_disable_breadcrumbs":"default","ocean_breadcrumbs_color":"","ocean_breadcrumbs_separator_color":"","ocean_breadcrumbs_links_color":"","ocean_breadcrumbs_links_hover_color":"","ocean_display_footer_widgets":"default","ocean_display_footer_bottom":"default","ocean_custom_footer_template":"","ocean_post_oembed":"","ocean_post_self_hosted_media":"","ocean_post_video_embed":"","ocean_link_format":"","ocean_link_format_target":"self","ocean_quote_format":"","ocean_quote_format_link":"post","ocean_gallery_link_images":"on","ocean_gallery_id":[],"footnotes":""},"categories":[108],"tags":[],"class_list":["post-3217","post","type-post","status-publish","format-image","has-post-thumbnail","hentry","category-evento","post_format-post-format-image","entry","has-media"],"aioseo_notices":[],"yoast_head":"<!-- This site is optimized with the Yoast SEO plugin v23.0 - https:\/\/yoast.com\/wordpress\/plugins\/seo\/ -->\n<title>Festival Justi\u00e7a Por Marielle e Anderson - 365 Dias Sem Marielle - CAMTRA NOVO<\/title>\n<meta name=\"robots\" content=\"index, follow, max-snippet:-1, max-image-preview:large, max-video-preview:-1\" \/>\n<link rel=\"canonical\" href=\"https:\/\/novo2023.camtra.org.br\/index.php\/2019\/03\/12\/festival-justica-por-marielle-e-anderson-365-dias-sem-marielle\/\" \/>\n<meta property=\"og:locale\" content=\"pt_BR\" \/>\n<meta property=\"og:type\" content=\"article\" \/>\n<meta property=\"og:title\" content=\"Festival Justi\u00e7a Por Marielle e Anderson - 365 Dias Sem Marielle - CAMTRA NOVO\" \/>\n<meta property=\"og:description\" content=\"No dia 14 de mar\u00e7o completar\u00e1 1 ano sem Marielle Franco e Anderson Gomes. Ser\u00e3o 365 dias da execu\u00e7\u00e3o pol\u00edtica de nossa companheira de luta. Para marcar essa dif\u00edcil data [&hellip;]\" \/>\n<meta property=\"og:url\" content=\"https:\/\/novo2023.camtra.org.br\/index.php\/2019\/03\/12\/festival-justica-por-marielle-e-anderson-365-dias-sem-marielle\/\" \/>\n<meta property=\"og:site_name\" content=\"CAMTRA NOVO\" \/>\n<meta property=\"article:published_time\" content=\"2019-03-12T16:41:04+00:00\" \/>\n<meta name=\"author\" content=\"Casa da Mulher Trabalhadora\" \/>\n<meta name=\"twitter:card\" content=\"summary_large_image\" \/>\n<meta name=\"twitter:label1\" content=\"Escrito por\" \/>\n\t<meta name=\"twitter:data1\" content=\"Casa da Mulher Trabalhadora\" \/>\n\t<meta name=\"twitter:label2\" content=\"Est. tempo de leitura\" \/>\n\t<meta name=\"twitter:data2\" content=\"2 minutos\" \/>\n<script type=\"application\/ld+json\" class=\"yoast-schema-graph\">{\"@context\":\"https:\/\/schema.org\",\"@graph\":[{\"@type\":\"Article\",\"@id\":\"https:\/\/novo2023.camtra.org.br\/index.php\/2019\/03\/12\/festival-justica-por-marielle-e-anderson-365-dias-sem-marielle\/#article\",\"isPartOf\":{\"@id\":\"https:\/\/novo2023.camtra.org.br\/index.php\/2019\/03\/12\/festival-justica-por-marielle-e-anderson-365-dias-sem-marielle\/\"},\"author\":{\"name\":\"Casa da Mulher Trabalhadora\",\"@id\":\"https:\/\/novo2023.camtra.org.br\/#\/schema\/person\/f163af9cb65589aab5865b0437873a74\"},\"headline\":\"Festival Justi\u00e7a Por Marielle e Anderson &#8211; 365 Dias Sem Marielle\",\"datePublished\":\"2019-03-12T16:41:04+00:00\",\"dateModified\":\"2019-03-12T16:41:04+00:00\",\"mainEntityOfPage\":{\"@id\":\"https:\/\/novo2023.camtra.org.br\/index.php\/2019\/03\/12\/festival-justica-por-marielle-e-anderson-365-dias-sem-marielle\/\"},\"wordCount\":342,\"commentCount\":0,\"publisher\":{\"@id\":\"https:\/\/novo2023.camtra.org.br\/#organization\"},\"image\":{\"@id\":\"https:\/\/novo2023.camtra.org.br\/index.php\/2019\/03\/12\/festival-justica-por-marielle-e-anderson-365-dias-sem-marielle\/#primaryimage\"},\"thumbnailUrl\":\"https:\/\/novo2023.camtra.org.br\/wp-content\/uploads\/2019\/03\/Espaco-reservado-para-texto.jpg\",\"articleSection\":[\"Evento\"],\"inLanguage\":\"pt-BR\",\"potentialAction\":[{\"@type\":\"CommentAction\",\"name\":\"Comment\",\"target\":[\"https:\/\/novo2023.camtra.org.br\/index.php\/2019\/03\/12\/festival-justica-por-marielle-e-anderson-365-dias-sem-marielle\/#respond\"]}]},{\"@type\":\"WebPage\",\"@id\":\"https:\/\/novo2023.camtra.org.br\/index.php\/2019\/03\/12\/festival-justica-por-marielle-e-anderson-365-dias-sem-marielle\/\",\"url\":\"https:\/\/novo2023.camtra.org.br\/index.php\/2019\/03\/12\/festival-justica-por-marielle-e-anderson-365-dias-sem-marielle\/\",\"name\":\"Festival Justi\u00e7a Por Marielle e Anderson - 365 Dias Sem Marielle - CAMTRA NOVO\",\"isPartOf\":{\"@id\":\"https:\/\/novo2023.camtra.org.br\/#website\"},\"primaryImageOfPage\":{\"@id\":\"https:\/\/novo2023.camtra.org.br\/index.php\/2019\/03\/12\/festival-justica-por-marielle-e-anderson-365-dias-sem-marielle\/#primaryimage\"},\"image\":{\"@id\":\"https:\/\/novo2023.camtra.org.br\/index.php\/2019\/03\/12\/festival-justica-por-marielle-e-anderson-365-dias-sem-marielle\/#primaryimage\"},\"thumbnailUrl\":\"https:\/\/novo2023.camtra.org.br\/wp-content\/uploads\/2019\/03\/Espaco-reservado-para-texto.jpg\",\"datePublished\":\"2019-03-12T16:41:04+00:00\",\"dateModified\":\"2019-03-12T16:41:04+00:00\",\"breadcrumb\":{\"@id\":\"https:\/\/novo2023.camtra.org.br\/index.php\/2019\/03\/12\/festival-justica-por-marielle-e-anderson-365-dias-sem-marielle\/#breadcrumb\"},\"inLanguage\":\"pt-BR\",\"potentialAction\":[{\"@type\":\"ReadAction\",\"target\":[\"https:\/\/novo2023.camtra.org.br\/index.php\/2019\/03\/12\/festival-justica-por-marielle-e-anderson-365-dias-sem-marielle\/\"]}]},{\"@type\":\"ImageObject\",\"inLanguage\":\"pt-BR\",\"@id\":\"https:\/\/novo2023.camtra.org.br\/index.php\/2019\/03\/12\/festival-justica-por-marielle-e-anderson-365-dias-sem-marielle\/#primaryimage\",\"url\":\"https:\/\/novo2023.camtra.org.br\/wp-content\/uploads\/2019\/03\/Espaco-reservado-para-texto.jpg\",\"contentUrl\":\"https:\/\/novo2023.camtra.org.br\/wp-content\/uploads\/2019\/03\/Espaco-reservado-para-texto.jpg\",\"width\":800,\"height\":800},{\"@type\":\"BreadcrumbList\",\"@id\":\"https:\/\/novo2023.camtra.org.br\/index.php\/2019\/03\/12\/festival-justica-por-marielle-e-anderson-365-dias-sem-marielle\/#breadcrumb\",\"itemListElement\":[{\"@type\":\"ListItem\",\"position\":1,\"name\":\"Home\",\"item\":\"https:\/\/novo2023.camtra.org.br\/\"},{\"@type\":\"ListItem\",\"position\":2,\"name\":\"Festival Justi\u00e7a Por Marielle e Anderson &#8211; 365 Dias Sem Marielle\"}]},{\"@type\":\"WebSite\",\"@id\":\"https:\/\/novo2023.camtra.org.br\/#website\",\"url\":\"https:\/\/novo2023.camtra.org.br\/\",\"name\":\"CAMTRA NOVO\",\"description\":\"\",\"publisher\":{\"@id\":\"https:\/\/novo2023.camtra.org.br\/#organization\"},\"potentialAction\":[{\"@type\":\"SearchAction\",\"target\":{\"@type\":\"EntryPoint\",\"urlTemplate\":\"https:\/\/novo2023.camtra.org.br\/?s={search_term_string}\"},\"query-input\":\"required name=search_term_string\"}],\"inLanguage\":\"pt-BR\"},{\"@type\":\"Organization\",\"@id\":\"https:\/\/novo2023.camtra.org.br\/#organization\",\"name\":\"CAMTRA NOVO\",\"url\":\"https:\/\/novo2023.camtra.org.br\/\",\"logo\":{\"@type\":\"ImageObject\",\"inLanguage\":\"pt-BR\",\"@id\":\"https:\/\/novo2023.camtra.org.br\/#\/schema\/logo\/image\/\",\"url\":\"https:\/\/novo2023.camtra.org.br\/wp-content\/uploads\/2024\/01\/CAMTRA-comflor-roxa-logo_logo-camtra-principal-flor.png\",\"contentUrl\":\"https:\/\/novo2023.camtra.org.br\/wp-content\/uploads\/2024\/01\/CAMTRA-comflor-roxa-logo_logo-camtra-principal-flor.png\",\"width\":1172,\"height\":330,\"caption\":\"CAMTRA NOVO\"},\"image\":{\"@id\":\"https:\/\/novo2023.camtra.org.br\/#\/schema\/logo\/image\/\"}},{\"@type\":\"Person\",\"@id\":\"https:\/\/novo2023.camtra.org.br\/#\/schema\/person\/f163af9cb65589aab5865b0437873a74\",\"name\":\"Casa da Mulher Trabalhadora\",\"image\":{\"@type\":\"ImageObject\",\"inLanguage\":\"pt-BR\",\"@id\":\"https:\/\/novo2023.camtra.org.br\/#\/schema\/person\/image\/\",\"url\":\"https:\/\/novo2023.camtra.org.br\/wp-content\/litespeed\/avatar\/4c87233a8b80506f010db0cccf69e8b5.jpg?ver=1777270965\",\"contentUrl\":\"https:\/\/novo2023.camtra.org.br\/wp-content\/litespeed\/avatar\/4c87233a8b80506f010db0cccf69e8b5.jpg?ver=1777270965\",\"caption\":\"Casa da Mulher Trabalhadora\"},\"url\":\"https:\/\/novo2023.camtra.org.br\/index.php\/author\/camtra\/\"}]}<\/script>\n<!-- \/ Yoast SEO plugin. -->","yoast_head_json":{"title":"Festival Justi\u00e7a Por Marielle e Anderson - 365 Dias Sem Marielle - CAMTRA NOVO","robots":{"index":"index","follow":"follow","max-snippet":"max-snippet:-1","max-image-preview":"max-image-preview:large","max-video-preview":"max-video-preview:-1"},"canonical":"https:\/\/novo2023.camtra.org.br\/index.php\/2019\/03\/12\/festival-justica-por-marielle-e-anderson-365-dias-sem-marielle\/","og_locale":"pt_BR","og_type":"article","og_title":"Festival Justi\u00e7a Por Marielle e Anderson - 365 Dias Sem Marielle - CAMTRA NOVO","og_description":"No dia 14 de mar\u00e7o completar\u00e1 1 ano sem Marielle Franco e Anderson Gomes. Ser\u00e3o 365 dias da execu\u00e7\u00e3o pol\u00edtica de nossa companheira de luta. Para marcar essa dif\u00edcil data [&hellip;]","og_url":"https:\/\/novo2023.camtra.org.br\/index.php\/2019\/03\/12\/festival-justica-por-marielle-e-anderson-365-dias-sem-marielle\/","og_site_name":"CAMTRA NOVO","article_published_time":"2019-03-12T16:41:04+00:00","author":"Casa da Mulher Trabalhadora","twitter_card":"summary_large_image","twitter_misc":{"Escrito por":"Casa da Mulher Trabalhadora","Est. tempo de leitura":"2 minutos"},"schema":{"@context":"https:\/\/schema.org","@graph":[{"@type":"Article","@id":"https:\/\/novo2023.camtra.org.br\/index.php\/2019\/03\/12\/festival-justica-por-marielle-e-anderson-365-dias-sem-marielle\/#article","isPartOf":{"@id":"https:\/\/novo2023.camtra.org.br\/index.php\/2019\/03\/12\/festival-justica-por-marielle-e-anderson-365-dias-sem-marielle\/"},"author":{"name":"Casa da Mulher Trabalhadora","@id":"https:\/\/novo2023.camtra.org.br\/#\/schema\/person\/f163af9cb65589aab5865b0437873a74"},"headline":"Festival Justi\u00e7a Por Marielle e Anderson &#8211; 365 Dias Sem Marielle","datePublished":"2019-03-12T16:41:04+00:00","dateModified":"2019-03-12T16:41:04+00:00","mainEntityOfPage":{"@id":"https:\/\/novo2023.camtra.org.br\/index.php\/2019\/03\/12\/festival-justica-por-marielle-e-anderson-365-dias-sem-marielle\/"},"wordCount":342,"commentCount":0,"publisher":{"@id":"https:\/\/novo2023.camtra.org.br\/#organization"},"image":{"@id":"https:\/\/novo2023.camtra.org.br\/index.php\/2019\/03\/12\/festival-justica-por-marielle-e-anderson-365-dias-sem-marielle\/#primaryimage"},"thumbnailUrl":"https:\/\/novo2023.camtra.org.br\/wp-content\/uploads\/2019\/03\/Espaco-reservado-para-texto.jpg","articleSection":["Evento"],"inLanguage":"pt-BR","potentialAction":[{"@type":"CommentAction","name":"Comment","target":["https:\/\/novo2023.camtra.org.br\/index.php\/2019\/03\/12\/festival-justica-por-marielle-e-anderson-365-dias-sem-marielle\/#respond"]}]},{"@type":"WebPage","@id":"https:\/\/novo2023.camtra.org.br\/index.php\/2019\/03\/12\/festival-justica-por-marielle-e-anderson-365-dias-sem-marielle\/","url":"https:\/\/novo2023.camtra.org.br\/index.php\/2019\/03\/12\/festival-justica-por-marielle-e-anderson-365-dias-sem-marielle\/","name":"Festival Justi\u00e7a Por Marielle e Anderson - 365 Dias Sem Marielle - CAMTRA NOVO","isPartOf":{"@id":"https:\/\/novo2023.camtra.org.br\/#website"},"primaryImageOfPage":{"@id":"https:\/\/novo2023.camtra.org.br\/index.php\/2019\/03\/12\/festival-justica-por-marielle-e-anderson-365-dias-sem-marielle\/#primaryimage"},"image":{"@id":"https:\/\/novo2023.camtra.org.br\/index.php\/2019\/03\/12\/festival-justica-por-marielle-e-anderson-365-dias-sem-marielle\/#primaryimage"},"thumbnailUrl":"https:\/\/novo2023.camtra.org.br\/wp-content\/uploads\/2019\/03\/Espaco-reservado-para-texto.jpg","datePublished":"2019-03-12T16:41:04+00:00","dateModified":"2019-03-12T16:41:04+00:00","breadcrumb":{"@id":"https:\/\/novo2023.camtra.org.br\/index.php\/2019\/03\/12\/festival-justica-por-marielle-e-anderson-365-dias-sem-marielle\/#breadcrumb"},"inLanguage":"pt-BR","potentialAction":[{"@type":"ReadAction","target":["https:\/\/novo2023.camtra.org.br\/index.php\/2019\/03\/12\/festival-justica-por-marielle-e-anderson-365-dias-sem-marielle\/"]}]},{"@type":"ImageObject","inLanguage":"pt-BR","@id":"https:\/\/novo2023.camtra.org.br\/index.php\/2019\/03\/12\/festival-justica-por-marielle-e-anderson-365-dias-sem-marielle\/#primaryimage","url":"https:\/\/novo2023.camtra.org.br\/wp-content\/uploads\/2019\/03\/Espaco-reservado-para-texto.jpg","contentUrl":"https:\/\/novo2023.camtra.org.br\/wp-content\/uploads\/2019\/03\/Espaco-reservado-para-texto.jpg","width":800,"height":800},{"@type":"BreadcrumbList","@id":"https:\/\/novo2023.camtra.org.br\/index.php\/2019\/03\/12\/festival-justica-por-marielle-e-anderson-365-dias-sem-marielle\/#breadcrumb","itemListElement":[{"@type":"ListItem","position":1,"name":"Home","item":"https:\/\/novo2023.camtra.org.br\/"},{"@type":"ListItem","position":2,"name":"Festival Justi\u00e7a Por Marielle e Anderson &#8211; 365 Dias Sem Marielle"}]},{"@type":"WebSite","@id":"https:\/\/novo2023.camtra.org.br\/#website","url":"https:\/\/novo2023.camtra.org.br\/","name":"CAMTRA NOVO","description":"","publisher":{"@id":"https:\/\/novo2023.camtra.org.br\/#organization"},"potentialAction":[{"@type":"SearchAction","target":{"@type":"EntryPoint","urlTemplate":"https:\/\/novo2023.camtra.org.br\/?s={search_term_string}"},"query-input":"required name=search_term_string"}],"inLanguage":"pt-BR"},{"@type":"Organization","@id":"https:\/\/novo2023.camtra.org.br\/#organization","name":"CAMTRA NOVO","url":"https:\/\/novo2023.camtra.org.br\/","logo":{"@type":"ImageObject","inLanguage":"pt-BR","@id":"https:\/\/novo2023.camtra.org.br\/#\/schema\/logo\/image\/","url":"https:\/\/novo2023.camtra.org.br\/wp-content\/uploads\/2024\/01\/CAMTRA-comflor-roxa-logo_logo-camtra-principal-flor.png","contentUrl":"https:\/\/novo2023.camtra.org.br\/wp-content\/uploads\/2024\/01\/CAMTRA-comflor-roxa-logo_logo-camtra-principal-flor.png","width":1172,"height":330,"caption":"CAMTRA NOVO"},"image":{"@id":"https:\/\/novo2023.camtra.org.br\/#\/schema\/logo\/image\/"}},{"@type":"Person","@id":"https:\/\/novo2023.camtra.org.br\/#\/schema\/person\/f163af9cb65589aab5865b0437873a74","name":"Casa da Mulher Trabalhadora","image":{"@type":"ImageObject","inLanguage":"pt-BR","@id":"https:\/\/novo2023.camtra.org.br\/#\/schema\/person\/image\/","url":"https:\/\/novo2023.camtra.org.br\/wp-content\/litespeed\/avatar\/4c87233a8b80506f010db0cccf69e8b5.jpg?ver=1777270965","contentUrl":"https:\/\/novo2023.camtra.org.br\/wp-content\/litespeed\/avatar\/4c87233a8b80506f010db0cccf69e8b5.jpg?ver=1777270965","caption":"Casa da Mulher Trabalhadora"},"url":"https:\/\/novo2023.camtra.org.br\/index.php\/author\/camtra\/"}]}},"_links":{"self":[{"href":"https:\/\/novo2023.camtra.org.br\/index.php\/wp-json\/wp\/v2\/posts\/3217"}],"collection":[{"href":"https:\/\/novo2023.camtra.org.br\/index.php\/wp-json\/wp\/v2\/posts"}],"about":[{"href":"https:\/\/novo2023.camtra.org.br\/index.php\/wp-json\/wp\/v2\/types\/post"}],"author":[{"embeddable":true,"href":"https:\/\/novo2023.camtra.org.br\/index.php\/wp-json\/wp\/v2\/users\/3"}],"replies":[{"embeddable":true,"href":"https:\/\/novo2023.camtra.org.br\/index.php\/wp-json\/wp\/v2\/comments?post=3217"}],"version-history":[{"count":0,"href":"https:\/\/novo2023.camtra.org.br\/index.php\/wp-json\/wp\/v2\/posts\/3217\/revisions"}],"wp:featuredmedia":[{"embeddable":true,"href":"https:\/\/novo2023.camtra.org.br\/index.php\/wp-json\/wp\/v2\/media\/3221"}],"wp:attachment":[{"href":"https:\/\/novo2023.camtra.org.br\/index.php\/wp-json\/wp\/v2\/media?parent=3217"}],"wp:term":[{"taxonomy":"category","embeddable":true,"href":"https:\/\/novo2023.camtra.org.br\/index.php\/wp-json\/wp\/v2\/categories?post=3217"},{"taxonomy":"post_tag","embeddable":true,"href":"https:\/\/novo2023.camtra.org.br\/index.php\/wp-json\/wp\/v2\/tags?post=3217"}],"curies":[{"name":"wp","href":"https:\/\/api.w.org\/{rel}","templated":true}]}}