{"id":1252,"date":"2018-08-17T11:35:37","date_gmt":"2018-08-17T14:35:37","guid":{"rendered":"https:\/\/camtra.org.br\/?p=1252"},"modified":"2018-08-17T11:35:37","modified_gmt":"2018-08-17T14:35:37","slug":"mexeu-com-uma-mexeu-com-todas","status":"publish","type":"post","link":"https:\/\/novo2023.camtra.org.br\/index.php\/2018\/08\/17\/mexeu-com-uma-mexeu-com-todas\/","title":{"rendered":"Mexeu com uma, mexeu com todas!"},"content":{"rendered":"<div id=\"fb-root\"><\/div>\n<p>17Mexeu com uma, mexeu com todas!<\/p>\n<p>Nessa \u00faltima sexta-feira, dia 17 de agosto, alunas\/os e ex-alunas\/os subiram a hashtag <a href=\"https:\/\/www.facebook.com\/hashtag\/ass%C3%A9dio%C3%A9h%C3%A1bitonopensi?source=feed_text&amp;__xts__%5B0%5D=68.ARBIrQJl60g794YipnCOxYEqdvxe7ehIH8FjW1bvLk02q9XbDJxkaRq4R-ZEhq5DcPAgNeNWP8RPA6YRuJCPJu0DXGBo5fXdeOaoq6XOE1kXZPJ10Qsb7RoECNfm2gi3ZnU6i_vu-Ed6_7k5-FdnxolkgK1YlBAt00Ojcl4xhsYD4CoLyv-EcFjUDqdpl-jr9MIO-xuyl-k6sYlk8Q0knFqJi0Y&amp;__tn__=%2ANK-R\">#Ass\u00e9dio\u00c9H\u00e1bitoNoPensi<\/a> contando relatos sobre professores assediando sexual e moralmente adolescentes e pr\u00e9-adolescentes, professoras demitidas por denunciar os casos e col\u00e9gios acobertando essas situa\u00e7\u00f5es.<!--more--><\/p>\n<p>O ambiente escolar n\u00e3o deve ser um local de inseguran\u00e7a e viol\u00eancia para suas alunas e funcion\u00e1rias. \u00c9 um absurdo que os agressores ainda se mantenham em cima do tablado, protegidos pelas institui\u00e7\u00f5es.<\/p>\n<p>\u00c9 necess\u00e1rio que haja debates de g\u00eanero nas escolas para enfrentarmos o machismo e a misoginia, com as mulheres sabendo sobre seus direitos.<\/p>\n<p>E, hoje, meninas de v\u00e1rias escolas do Rio vestiram vermelho em apoio \u00e0s alunas do Pensi e de v\u00e1rios outros col\u00e9gios que exporam suas hist\u00f3rias de ass\u00e9dio. Al\u00e9m disso, alunas, professoras e funcion\u00e1rias se organizaram em um protesto em frente ao Pensi de Madureira contra essa viol\u00eancia.<\/p>\n<p>Por uma educa\u00e7\u00e3o n\u00e3o sexista, pelo fim do ass\u00e9dio nas escolas e pelo direito das mulheres N\u00c3O V\u00c3O NOS CALAR!<\/p>\n<p>Juntas somos muito mais fortes!<\/p>\n<p><em>Foto: Escolas do RJ em luta<\/em><\/p>\n<p><a href=\"https:\/\/www.facebook.com\/hashtag\/ass%C3%A9dio?source=feed_text&amp;__xts__%5B0%5D=68.ARBIrQJl60g794YipnCOxYEqdvxe7ehIH8FjW1bvLk02q9XbDJxkaRq4R-ZEhq5DcPAgNeNWP8RPA6YRuJCPJu0DXGBo5fXdeOaoq6XOE1kXZPJ10Qsb7RoECNfm2gi3ZnU6i_vu-Ed6_7k5-FdnxolkgK1YlBAt00Ojcl4xhsYD4CoLyv-EcFjUDqdpl-jr9MIO-xuyl-k6sYlk8Q0knFqJi0Y&amp;__tn__=%2ANK-R\">#ass\u00e9dio<\/a> <a href=\"https:\/\/www.facebook.com\/hashtag\/ass%C3%A9dionasescolas?source=feed_text&amp;__xts__%5B0%5D=68.ARBIrQJl60g794YipnCOxYEqdvxe7ehIH8FjW1bvLk02q9XbDJxkaRq4R-ZEhq5DcPAgNeNWP8RPA6YRuJCPJu0DXGBo5fXdeOaoq6XOE1kXZPJ10Qsb7RoECNfm2gi3ZnU6i_vu-Ed6_7k5-FdnxolkgK1YlBAt00Ojcl4xhsYD4CoLyv-EcFjUDqdpl-jr9MIO-xuyl-k6sYlk8Q0knFqJi0Y&amp;__tn__=%2ANK-R\">#ass\u00e9dionasescolas<\/a> <a href=\"https:\/\/www.facebook.com\/hashtag\/mulheres?source=feed_text&amp;__xts__%5B0%5D=68.ARBIrQJl60g794YipnCOxYEqdvxe7ehIH8FjW1bvLk02q9XbDJxkaRq4R-ZEhq5DcPAgNeNWP8RPA6YRuJCPJu0DXGBo5fXdeOaoq6XOE1kXZPJ10Qsb7RoECNfm2gi3ZnU6i_vu-Ed6_7k5-FdnxolkgK1YlBAt00Ojcl4xhsYD4CoLyv-EcFjUDqdpl-jr9MIO-xuyl-k6sYlk8Q0knFqJi0Y&amp;__tn__=%2ANK-R\">#mulheres<\/a> <a href=\"https:\/\/www.facebook.com\/hashtag\/mulheresnapolitica?source=feed_text&amp;__xts__%5B0%5D=68.ARBIrQJl60g794YipnCOxYEqdvxe7ehIH8FjW1bvLk02q9XbDJxkaRq4R-ZEhq5DcPAgNeNWP8RPA6YRuJCPJu0DXGBo5fXdeOaoq6XOE1kXZPJ10Qsb7RoECNfm2gi3ZnU6i_vu-Ed6_7k5-FdnxolkgK1YlBAt00Ojcl4xhsYD4CoLyv-EcFjUDqdpl-jr9MIO-xuyl-k6sYlk8Q0knFqJi0Y&amp;__tn__=%2ANK-R\">#mulheresnapolitica<\/a> <a href=\"https:\/\/www.facebook.com\/hashtag\/mulher?source=feed_text&amp;__xts__%5B0%5D=68.ARBIrQJl60g794YipnCOxYEqdvxe7ehIH8FjW1bvLk02q9XbDJxkaRq4R-ZEhq5DcPAgNeNWP8RPA6YRuJCPJu0DXGBo5fXdeOaoq6XOE1kXZPJ10Qsb7RoECNfm2gi3ZnU6i_vu-Ed6_7k5-FdnxolkgK1YlBAt00Ojcl4xhsYD4CoLyv-EcFjUDqdpl-jr9MIO-xuyl-k6sYlk8Q0knFqJi0Y&amp;__tn__=%2ANK-R\">#mulher<\/a> <a href=\"https:\/\/www.facebook.com\/hashtag\/feminismo?source=feed_text&amp;__xts__%5B0%5D=68.ARBIrQJl60g794YipnCOxYEqdvxe7ehIH8FjW1bvLk02q9XbDJxkaRq4R-ZEhq5DcPAgNeNWP8RPA6YRuJCPJu0DXGBo5fXdeOaoq6XOE1kXZPJ10Qsb7RoECNfm2gi3ZnU6i_vu-Ed6_7k5-FdnxolkgK1YlBAt00Ojcl4xhsYD4CoLyv-EcFjUDqdpl-jr9MIO-xuyl-k6sYlk8Q0knFqJi0Y&amp;__tn__=%2ANK-R\">#feminismo<\/a> <a href=\"https:\/\/www.facebook.com\/hashtag\/feminista?source=feed_text&amp;__xts__%5B0%5D=68.ARBIrQJl60g794YipnCOxYEqdvxe7ehIH8FjW1bvLk02q9XbDJxkaRq4R-ZEhq5DcPAgNeNWP8RPA6YRuJCPJu0DXGBo5fXdeOaoq6XOE1kXZPJ10Qsb7RoECNfm2gi3ZnU6i_vu-Ed6_7k5-FdnxolkgK1YlBAt00Ojcl4xhsYD4CoLyv-EcFjUDqdpl-jr9MIO-xuyl-k6sYlk8Q0knFqJi0Y&amp;__tn__=%2ANK-R\">#feminista<\/a> <a href=\"https:\/\/www.facebook.com\/hashtag\/feminism?source=feed_text&amp;__xts__%5B0%5D=68.ARBIrQJl60g794YipnCOxYEqdvxe7ehIH8FjW1bvLk02q9XbDJxkaRq4R-ZEhq5DcPAgNeNWP8RPA6YRuJCPJu0DXGBo5fXdeOaoq6XOE1kXZPJ10Qsb7RoECNfm2gi3ZnU6i_vu-Ed6_7k5-FdnxolkgK1YlBAt00Ojcl4xhsYD4CoLyv-EcFjUDqdpl-jr9MIO-xuyl-k6sYlk8Q0knFqJi0Y&amp;__tn__=%2ANK-R\">#feminism<\/a> <a href=\"https:\/\/www.facebook.com\/hashtag\/misoginia?source=feed_text&amp;__xts__%5B0%5D=68.ARBIrQJl60g794YipnCOxYEqdvxe7ehIH8FjW1bvLk02q9XbDJxkaRq4R-ZEhq5DcPAgNeNWP8RPA6YRuJCPJu0DXGBo5fXdeOaoq6XOE1kXZPJ10Qsb7RoECNfm2gi3ZnU6i_vu-Ed6_7k5-FdnxolkgK1YlBAt00Ojcl4xhsYD4CoLyv-EcFjUDqdpl-jr9MIO-xuyl-k6sYlk8Q0knFqJi0Y&amp;__tn__=%2ANK-R\">#misoginia<\/a> <a href=\"https:\/\/www.facebook.com\/hashtag\/machistasn%C3%A3opassar%C3%A3o?source=feed_text&amp;__xts__%5B0%5D=68.ARBIrQJl60g794YipnCOxYEqdvxe7ehIH8FjW1bvLk02q9XbDJxkaRq4R-ZEhq5DcPAgNeNWP8RPA6YRuJCPJu0DXGBo5fXdeOaoq6XOE1kXZPJ10Qsb7RoECNfm2gi3ZnU6i_vu-Ed6_7k5-FdnxolkgK1YlBAt00Ojcl4xhsYD4CoLyv-EcFjUDqdpl-jr9MIO-xuyl-k6sYlk8Q0knFqJi0Y&amp;__tn__=%2ANK-R\">#machistasn\u00e3opassar\u00e3o<\/a> <a href=\"https:\/\/www.facebook.com\/hashtag\/mulheresunidas?source=feed_text&amp;__xts__%5B0%5D=68.ARBIrQJl60g794YipnCOxYEqdvxe7ehIH8FjW1bvLk02q9XbDJxkaRq4R-ZEhq5DcPAgNeNWP8RPA6YRuJCPJu0DXGBo5fXdeOaoq6XOE1kXZPJ10Qsb7RoECNfm2gi3ZnU6i_vu-Ed6_7k5-FdnxolkgK1YlBAt00Ojcl4xhsYD4CoLyv-EcFjUDqdpl-jr9MIO-xuyl-k6sYlk8Q0knFqJi0Y&amp;__tn__=%2ANK-R\">#mulheresunidas<\/a><\/p>\n<p><strong>\u00a0<\/strong><\/p>\n","protected":false},"excerpt":{"rendered":"<p>17Mexeu com uma, mexeu com todas! Nessa \u00faltima sexta-feira, dia 17 de agosto, alunas\/os e ex-alunas\/os subiram a hashtag #Ass\u00e9dio\u00c9H\u00e1bitoNoPensi contando relatos sobre professores assediando sexual e moralmente adolescentes e [&hellip;]<\/p>\n","protected":false},"author":3,"featured_media":1225,"comment_status":"open","ping_status":"open","sticky":false,"template":"","format":"standard","meta":{"om_disable_all_campaigns":false,"_monsterinsights_skip_tracking":false,"_monsterinsights_sitenote_active":false,"_monsterinsights_sitenote_note":"","_monsterinsights_sitenote_category":0,"_uf_show_specific_survey":0,"_uf_disable_surveys":false,"ocean_post_layout":"","ocean_both_sidebars_style":"","ocean_both_sidebars_content_width":0,"ocean_both_sidebars_sidebars_width":0,"ocean_sidebar":"","ocean_second_sidebar":"","ocean_disable_margins":"enable","ocean_add_body_class":"","ocean_shortcode_before_top_bar":"","ocean_shortcode_after_top_bar":"","ocean_shortcode_before_header":"","ocean_shortcode_after_header":"","ocean_has_shortcode":"","ocean_shortcode_after_title":"","ocean_shortcode_before_footer_widgets":"","ocean_shortcode_after_footer_widgets":"","ocean_shortcode_before_footer_bottom":"","ocean_shortcode_after_footer_bottom":"","ocean_display_top_bar":"default","ocean_display_header":"default","ocean_header_style":"","ocean_center_header_left_menu":"","ocean_custom_header_template":"","ocean_custom_logo":0,"ocean_custom_retina_logo":0,"ocean_custom_logo_max_width":0,"ocean_custom_logo_tablet_max_width":0,"ocean_custom_logo_mobile_max_width":0,"ocean_custom_logo_max_height":0,"ocean_custom_logo_tablet_max_height":0,"ocean_custom_logo_mobile_max_height":0,"ocean_header_custom_menu":"","ocean_menu_typo_font_family":"","ocean_menu_typo_font_subset":"","ocean_menu_typo_font_size":0,"ocean_menu_typo_font_size_tablet":0,"ocean_menu_typo_font_size_mobile":0,"ocean_menu_typo_font_size_unit":"px","ocean_menu_typo_font_weight":"","ocean_menu_typo_font_weight_tablet":"","ocean_menu_typo_font_weight_mobile":"","ocean_menu_typo_transform":"","ocean_menu_typo_transform_tablet":"","ocean_menu_typo_transform_mobile":"","ocean_menu_typo_line_height":0,"ocean_menu_typo_line_height_tablet":0,"ocean_menu_typo_line_height_mobile":0,"ocean_menu_typo_line_height_unit":"","ocean_menu_typo_spacing":0,"ocean_menu_typo_spacing_tablet":0,"ocean_menu_typo_spacing_mobile":0,"ocean_menu_typo_spacing_unit":"","ocean_menu_link_color":"","ocean_menu_link_color_hover":"","ocean_menu_link_color_active":"","ocean_menu_link_background":"","ocean_menu_link_hover_background":"","ocean_menu_link_active_background":"","ocean_menu_social_links_bg":"","ocean_menu_social_hover_links_bg":"","ocean_menu_social_links_color":"","ocean_menu_social_hover_links_color":"","ocean_disable_title":"default","ocean_disable_heading":"default","ocean_post_title":"","ocean_post_subheading":"","ocean_post_title_style":"","ocean_post_title_background_color":"","ocean_post_title_background":0,"ocean_post_title_bg_image_position":"","ocean_post_title_bg_image_attachment":"","ocean_post_title_bg_image_repeat":"","ocean_post_title_bg_image_size":"","ocean_post_title_height":0,"ocean_post_title_bg_overlay":0.5,"ocean_post_title_bg_overlay_color":"","ocean_disable_breadcrumbs":"default","ocean_breadcrumbs_color":"","ocean_breadcrumbs_separator_color":"","ocean_breadcrumbs_links_color":"","ocean_breadcrumbs_links_hover_color":"","ocean_display_footer_widgets":"default","ocean_display_footer_bottom":"default","ocean_custom_footer_template":"","ocean_post_oembed":"","ocean_post_self_hosted_media":"","ocean_post_video_embed":"","ocean_link_format":"","ocean_link_format_target":"self","ocean_quote_format":"","ocean_quote_format_link":"post","ocean_gallery_link_images":"on","ocean_gallery_id":[],"footnotes":""},"categories":[30],"tags":[133,301,114,115,117,118,120,121,122,123,124],"class_list":["post-1252","post","type-post","status-publish","format-standard","has-post-thumbnail","hentry","category-violencia","tag-assedio","tag-assedionasescolas","tag-feminism","tag-feminismo","tag-feminista","tag-machistasnaopassarao","tag-misoginia","tag-mulher","tag-mulheres","tag-mulheresnapolitica","tag-mulheresunidas","entry","has-media"],"aioseo_notices":[],"yoast_head":"<!-- This site is optimized with the Yoast SEO plugin v23.0 - https:\/\/yoast.com\/wordpress\/plugins\/seo\/ -->\n<title>Mexeu com uma, mexeu com todas! - CAMTRA NOVO<\/title>\n<meta name=\"robots\" content=\"index, follow, max-snippet:-1, max-image-preview:large, max-video-preview:-1\" \/>\n<link rel=\"canonical\" href=\"https:\/\/novo2023.camtra.org.br\/index.php\/2018\/08\/17\/mexeu-com-uma-mexeu-com-todas\/\" \/>\n<meta property=\"og:locale\" content=\"pt_BR\" \/>\n<meta property=\"og:type\" content=\"article\" \/>\n<meta property=\"og:title\" content=\"Mexeu com uma, mexeu com todas! - CAMTRA NOVO\" \/>\n<meta property=\"og:description\" content=\"17Mexeu com uma, mexeu com todas! Nessa \u00faltima sexta-feira, dia 17 de agosto, alunas\/os e ex-alunas\/os subiram a hashtag #Ass\u00e9dio\u00c9H\u00e1bitoNoPensi contando relatos sobre professores assediando sexual e moralmente adolescentes e [&hellip;]\" \/>\n<meta property=\"og:url\" content=\"https:\/\/novo2023.camtra.org.br\/index.php\/2018\/08\/17\/mexeu-com-uma-mexeu-com-todas\/\" \/>\n<meta property=\"og:site_name\" content=\"CAMTRA NOVO\" \/>\n<meta property=\"article:published_time\" content=\"2018-08-17T14:35:37+00:00\" \/>\n<meta name=\"author\" content=\"Casa da Mulher Trabalhadora\" \/>\n<meta name=\"twitter:card\" content=\"summary_large_image\" \/>\n<meta name=\"twitter:label1\" content=\"Escrito por\" \/>\n\t<meta name=\"twitter:data1\" content=\"Casa da Mulher Trabalhadora\" \/>\n\t<meta name=\"twitter:label2\" content=\"Est. tempo de leitura\" \/>\n\t<meta name=\"twitter:data2\" content=\"1 minuto\" \/>\n<script type=\"application\/ld+json\" class=\"yoast-schema-graph\">{\"@context\":\"https:\/\/schema.org\",\"@graph\":[{\"@type\":\"Article\",\"@id\":\"https:\/\/novo2023.camtra.org.br\/index.php\/2018\/08\/17\/mexeu-com-uma-mexeu-com-todas\/#article\",\"isPartOf\":{\"@id\":\"https:\/\/novo2023.camtra.org.br\/index.php\/2018\/08\/17\/mexeu-com-uma-mexeu-com-todas\/\"},\"author\":{\"name\":\"Casa da Mulher Trabalhadora\",\"@id\":\"https:\/\/novo2023.camtra.org.br\/#\/schema\/person\/f163af9cb65589aab5865b0437873a74\"},\"headline\":\"Mexeu com uma, mexeu com todas!\",\"datePublished\":\"2018-08-17T14:35:37+00:00\",\"dateModified\":\"2018-08-17T14:35:37+00:00\",\"mainEntityOfPage\":{\"@id\":\"https:\/\/novo2023.camtra.org.br\/index.php\/2018\/08\/17\/mexeu-com-uma-mexeu-com-todas\/\"},\"wordCount\":222,\"commentCount\":0,\"publisher\":{\"@id\":\"https:\/\/novo2023.camtra.org.br\/#organization\"},\"image\":{\"@id\":\"https:\/\/novo2023.camtra.org.br\/index.php\/2018\/08\/17\/mexeu-com-uma-mexeu-com-todas\/#primaryimage\"},\"thumbnailUrl\":\"https:\/\/novo2023.camtra.org.br\/wp-content\/uploads\/2018\/11\/13.jpg\",\"keywords\":[\"ass\u00e9dio\",\"ass\u00e9dionasescolas\",\"feminism\",\"feminismo\",\"feminista\",\"machistasn\u00e3opassar\u00e3o\",\"misoginia\",\"mulher\",\"mulheres\",\"mulheresnapolitica\",\"mulheresunidas\"],\"articleSection\":[\"Viol\u00eancia\"],\"inLanguage\":\"pt-BR\",\"potentialAction\":[{\"@type\":\"CommentAction\",\"name\":\"Comment\",\"target\":[\"https:\/\/novo2023.camtra.org.br\/index.php\/2018\/08\/17\/mexeu-com-uma-mexeu-com-todas\/#respond\"]}]},{\"@type\":\"WebPage\",\"@id\":\"https:\/\/novo2023.camtra.org.br\/index.php\/2018\/08\/17\/mexeu-com-uma-mexeu-com-todas\/\",\"url\":\"https:\/\/novo2023.camtra.org.br\/index.php\/2018\/08\/17\/mexeu-com-uma-mexeu-com-todas\/\",\"name\":\"Mexeu com uma, mexeu com todas! - CAMTRA NOVO\",\"isPartOf\":{\"@id\":\"https:\/\/novo2023.camtra.org.br\/#website\"},\"primaryImageOfPage\":{\"@id\":\"https:\/\/novo2023.camtra.org.br\/index.php\/2018\/08\/17\/mexeu-com-uma-mexeu-com-todas\/#primaryimage\"},\"image\":{\"@id\":\"https:\/\/novo2023.camtra.org.br\/index.php\/2018\/08\/17\/mexeu-com-uma-mexeu-com-todas\/#primaryimage\"},\"thumbnailUrl\":\"https:\/\/novo2023.camtra.org.br\/wp-content\/uploads\/2018\/11\/13.jpg\",\"datePublished\":\"2018-08-17T14:35:37+00:00\",\"dateModified\":\"2018-08-17T14:35:37+00:00\",\"breadcrumb\":{\"@id\":\"https:\/\/novo2023.camtra.org.br\/index.php\/2018\/08\/17\/mexeu-com-uma-mexeu-com-todas\/#breadcrumb\"},\"inLanguage\":\"pt-BR\",\"potentialAction\":[{\"@type\":\"ReadAction\",\"target\":[\"https:\/\/novo2023.camtra.org.br\/index.php\/2018\/08\/17\/mexeu-com-uma-mexeu-com-todas\/\"]}]},{\"@type\":\"ImageObject\",\"inLanguage\":\"pt-BR\",\"@id\":\"https:\/\/novo2023.camtra.org.br\/index.php\/2018\/08\/17\/mexeu-com-uma-mexeu-com-todas\/#primaryimage\",\"url\":\"https:\/\/novo2023.camtra.org.br\/wp-content\/uploads\/2018\/11\/13.jpg\",\"contentUrl\":\"https:\/\/novo2023.camtra.org.br\/wp-content\/uploads\/2018\/11\/13.jpg\",\"width\":1080,\"height\":1080},{\"@type\":\"BreadcrumbList\",\"@id\":\"https:\/\/novo2023.camtra.org.br\/index.php\/2018\/08\/17\/mexeu-com-uma-mexeu-com-todas\/#breadcrumb\",\"itemListElement\":[{\"@type\":\"ListItem\",\"position\":1,\"name\":\"Home\",\"item\":\"https:\/\/novo2023.camtra.org.br\/\"},{\"@type\":\"ListItem\",\"position\":2,\"name\":\"Mexeu com uma, mexeu com todas!\"}]},{\"@type\":\"WebSite\",\"@id\":\"https:\/\/novo2023.camtra.org.br\/#website\",\"url\":\"https:\/\/novo2023.camtra.org.br\/\",\"name\":\"CAMTRA NOVO\",\"description\":\"\",\"publisher\":{\"@id\":\"https:\/\/novo2023.camtra.org.br\/#organization\"},\"potentialAction\":[{\"@type\":\"SearchAction\",\"target\":{\"@type\":\"EntryPoint\",\"urlTemplate\":\"https:\/\/novo2023.camtra.org.br\/?s={search_term_string}\"},\"query-input\":\"required name=search_term_string\"}],\"inLanguage\":\"pt-BR\"},{\"@type\":\"Organization\",\"@id\":\"https:\/\/novo2023.camtra.org.br\/#organization\",\"name\":\"CAMTRA NOVO\",\"url\":\"https:\/\/novo2023.camtra.org.br\/\",\"logo\":{\"@type\":\"ImageObject\",\"inLanguage\":\"pt-BR\",\"@id\":\"https:\/\/novo2023.camtra.org.br\/#\/schema\/logo\/image\/\",\"url\":\"https:\/\/novo2023.camtra.org.br\/wp-content\/uploads\/2024\/01\/CAMTRA-comflor-roxa-logo_logo-camtra-principal-flor.png\",\"contentUrl\":\"https:\/\/novo2023.camtra.org.br\/wp-content\/uploads\/2024\/01\/CAMTRA-comflor-roxa-logo_logo-camtra-principal-flor.png\",\"width\":1172,\"height\":330,\"caption\":\"CAMTRA NOVO\"},\"image\":{\"@id\":\"https:\/\/novo2023.camtra.org.br\/#\/schema\/logo\/image\/\"}},{\"@type\":\"Person\",\"@id\":\"https:\/\/novo2023.camtra.org.br\/#\/schema\/person\/f163af9cb65589aab5865b0437873a74\",\"name\":\"Casa da Mulher Trabalhadora\",\"image\":{\"@type\":\"ImageObject\",\"inLanguage\":\"pt-BR\",\"@id\":\"https:\/\/novo2023.camtra.org.br\/#\/schema\/person\/image\/\",\"url\":\"https:\/\/novo2023.camtra.org.br\/wp-content\/litespeed\/avatar\/4c87233a8b80506f010db0cccf69e8b5.jpg?ver=1777270965\",\"contentUrl\":\"https:\/\/novo2023.camtra.org.br\/wp-content\/litespeed\/avatar\/4c87233a8b80506f010db0cccf69e8b5.jpg?ver=1777270965\",\"caption\":\"Casa da Mulher Trabalhadora\"},\"url\":\"https:\/\/novo2023.camtra.org.br\/index.php\/author\/camtra\/\"}]}<\/script>\n<!-- \/ Yoast SEO plugin. -->","yoast_head_json":{"title":"Mexeu com uma, mexeu com todas! - CAMTRA NOVO","robots":{"index":"index","follow":"follow","max-snippet":"max-snippet:-1","max-image-preview":"max-image-preview:large","max-video-preview":"max-video-preview:-1"},"canonical":"https:\/\/novo2023.camtra.org.br\/index.php\/2018\/08\/17\/mexeu-com-uma-mexeu-com-todas\/","og_locale":"pt_BR","og_type":"article","og_title":"Mexeu com uma, mexeu com todas! - CAMTRA NOVO","og_description":"17Mexeu com uma, mexeu com todas! Nessa \u00faltima sexta-feira, dia 17 de agosto, alunas\/os e ex-alunas\/os subiram a hashtag #Ass\u00e9dio\u00c9H\u00e1bitoNoPensi contando relatos sobre professores assediando sexual e moralmente adolescentes e [&hellip;]","og_url":"https:\/\/novo2023.camtra.org.br\/index.php\/2018\/08\/17\/mexeu-com-uma-mexeu-com-todas\/","og_site_name":"CAMTRA NOVO","article_published_time":"2018-08-17T14:35:37+00:00","author":"Casa da Mulher Trabalhadora","twitter_card":"summary_large_image","twitter_misc":{"Escrito por":"Casa da Mulher Trabalhadora","Est. tempo de leitura":"1 minuto"},"schema":{"@context":"https:\/\/schema.org","@graph":[{"@type":"Article","@id":"https:\/\/novo2023.camtra.org.br\/index.php\/2018\/08\/17\/mexeu-com-uma-mexeu-com-todas\/#article","isPartOf":{"@id":"https:\/\/novo2023.camtra.org.br\/index.php\/2018\/08\/17\/mexeu-com-uma-mexeu-com-todas\/"},"author":{"name":"Casa da Mulher Trabalhadora","@id":"https:\/\/novo2023.camtra.org.br\/#\/schema\/person\/f163af9cb65589aab5865b0437873a74"},"headline":"Mexeu com uma, mexeu com todas!","datePublished":"2018-08-17T14:35:37+00:00","dateModified":"2018-08-17T14:35:37+00:00","mainEntityOfPage":{"@id":"https:\/\/novo2023.camtra.org.br\/index.php\/2018\/08\/17\/mexeu-com-uma-mexeu-com-todas\/"},"wordCount":222,"commentCount":0,"publisher":{"@id":"https:\/\/novo2023.camtra.org.br\/#organization"},"image":{"@id":"https:\/\/novo2023.camtra.org.br\/index.php\/2018\/08\/17\/mexeu-com-uma-mexeu-com-todas\/#primaryimage"},"thumbnailUrl":"https:\/\/novo2023.camtra.org.br\/wp-content\/uploads\/2018\/11\/13.jpg","keywords":["ass\u00e9dio","ass\u00e9dionasescolas","feminism","feminismo","feminista","machistasn\u00e3opassar\u00e3o","misoginia","mulher","mulheres","mulheresnapolitica","mulheresunidas"],"articleSection":["Viol\u00eancia"],"inLanguage":"pt-BR","potentialAction":[{"@type":"CommentAction","name":"Comment","target":["https:\/\/novo2023.camtra.org.br\/index.php\/2018\/08\/17\/mexeu-com-uma-mexeu-com-todas\/#respond"]}]},{"@type":"WebPage","@id":"https:\/\/novo2023.camtra.org.br\/index.php\/2018\/08\/17\/mexeu-com-uma-mexeu-com-todas\/","url":"https:\/\/novo2023.camtra.org.br\/index.php\/2018\/08\/17\/mexeu-com-uma-mexeu-com-todas\/","name":"Mexeu com uma, mexeu com todas! - CAMTRA NOVO","isPartOf":{"@id":"https:\/\/novo2023.camtra.org.br\/#website"},"primaryImageOfPage":{"@id":"https:\/\/novo2023.camtra.org.br\/index.php\/2018\/08\/17\/mexeu-com-uma-mexeu-com-todas\/#primaryimage"},"image":{"@id":"https:\/\/novo2023.camtra.org.br\/index.php\/2018\/08\/17\/mexeu-com-uma-mexeu-com-todas\/#primaryimage"},"thumbnailUrl":"https:\/\/novo2023.camtra.org.br\/wp-content\/uploads\/2018\/11\/13.jpg","datePublished":"2018-08-17T14:35:37+00:00","dateModified":"2018-08-17T14:35:37+00:00","breadcrumb":{"@id":"https:\/\/novo2023.camtra.org.br\/index.php\/2018\/08\/17\/mexeu-com-uma-mexeu-com-todas\/#breadcrumb"},"inLanguage":"pt-BR","potentialAction":[{"@type":"ReadAction","target":["https:\/\/novo2023.camtra.org.br\/index.php\/2018\/08\/17\/mexeu-com-uma-mexeu-com-todas\/"]}]},{"@type":"ImageObject","inLanguage":"pt-BR","@id":"https:\/\/novo2023.camtra.org.br\/index.php\/2018\/08\/17\/mexeu-com-uma-mexeu-com-todas\/#primaryimage","url":"https:\/\/novo2023.camtra.org.br\/wp-content\/uploads\/2018\/11\/13.jpg","contentUrl":"https:\/\/novo2023.camtra.org.br\/wp-content\/uploads\/2018\/11\/13.jpg","width":1080,"height":1080},{"@type":"BreadcrumbList","@id":"https:\/\/novo2023.camtra.org.br\/index.php\/2018\/08\/17\/mexeu-com-uma-mexeu-com-todas\/#breadcrumb","itemListElement":[{"@type":"ListItem","position":1,"name":"Home","item":"https:\/\/novo2023.camtra.org.br\/"},{"@type":"ListItem","position":2,"name":"Mexeu com uma, mexeu com todas!"}]},{"@type":"WebSite","@id":"https:\/\/novo2023.camtra.org.br\/#website","url":"https:\/\/novo2023.camtra.org.br\/","name":"CAMTRA NOVO","description":"","publisher":{"@id":"https:\/\/novo2023.camtra.org.br\/#organization"},"potentialAction":[{"@type":"SearchAction","target":{"@type":"EntryPoint","urlTemplate":"https:\/\/novo2023.camtra.org.br\/?s={search_term_string}"},"query-input":"required name=search_term_string"}],"inLanguage":"pt-BR"},{"@type":"Organization","@id":"https:\/\/novo2023.camtra.org.br\/#organization","name":"CAMTRA NOVO","url":"https:\/\/novo2023.camtra.org.br\/","logo":{"@type":"ImageObject","inLanguage":"pt-BR","@id":"https:\/\/novo2023.camtra.org.br\/#\/schema\/logo\/image\/","url":"https:\/\/novo2023.camtra.org.br\/wp-content\/uploads\/2024\/01\/CAMTRA-comflor-roxa-logo_logo-camtra-principal-flor.png","contentUrl":"https:\/\/novo2023.camtra.org.br\/wp-content\/uploads\/2024\/01\/CAMTRA-comflor-roxa-logo_logo-camtra-principal-flor.png","width":1172,"height":330,"caption":"CAMTRA NOVO"},"image":{"@id":"https:\/\/novo2023.camtra.org.br\/#\/schema\/logo\/image\/"}},{"@type":"Person","@id":"https:\/\/novo2023.camtra.org.br\/#\/schema\/person\/f163af9cb65589aab5865b0437873a74","name":"Casa da Mulher Trabalhadora","image":{"@type":"ImageObject","inLanguage":"pt-BR","@id":"https:\/\/novo2023.camtra.org.br\/#\/schema\/person\/image\/","url":"https:\/\/novo2023.camtra.org.br\/wp-content\/litespeed\/avatar\/4c87233a8b80506f010db0cccf69e8b5.jpg?ver=1777270965","contentUrl":"https:\/\/novo2023.camtra.org.br\/wp-content\/litespeed\/avatar\/4c87233a8b80506f010db0cccf69e8b5.jpg?ver=1777270965","caption":"Casa da Mulher Trabalhadora"},"url":"https:\/\/novo2023.camtra.org.br\/index.php\/author\/camtra\/"}]}},"_links":{"self":[{"href":"https:\/\/novo2023.camtra.org.br\/index.php\/wp-json\/wp\/v2\/posts\/1252"}],"collection":[{"href":"https:\/\/novo2023.camtra.org.br\/index.php\/wp-json\/wp\/v2\/posts"}],"about":[{"href":"https:\/\/novo2023.camtra.org.br\/index.php\/wp-json\/wp\/v2\/types\/post"}],"author":[{"embeddable":true,"href":"https:\/\/novo2023.camtra.org.br\/index.php\/wp-json\/wp\/v2\/users\/3"}],"replies":[{"embeddable":true,"href":"https:\/\/novo2023.camtra.org.br\/index.php\/wp-json\/wp\/v2\/comments?post=1252"}],"version-history":[{"count":0,"href":"https:\/\/novo2023.camtra.org.br\/index.php\/wp-json\/wp\/v2\/posts\/1252\/revisions"}],"wp:featuredmedia":[{"embeddable":true,"href":"https:\/\/novo2023.camtra.org.br\/index.php\/wp-json\/wp\/v2\/media\/1225"}],"wp:attachment":[{"href":"https:\/\/novo2023.camtra.org.br\/index.php\/wp-json\/wp\/v2\/media?parent=1252"}],"wp:term":[{"taxonomy":"category","embeddable":true,"href":"https:\/\/novo2023.camtra.org.br\/index.php\/wp-json\/wp\/v2\/categories?post=1252"},{"taxonomy":"post_tag","embeddable":true,"href":"https:\/\/novo2023.camtra.org.br\/index.php\/wp-json\/wp\/v2\/tags?post=1252"}],"curies":[{"name":"wp","href":"https:\/\/api.w.org\/{rel}","templated":true}]}}