{"id":11888,"date":"2024-04-15T16:43:19","date_gmt":"2024-04-15T16:43:19","guid":{"rendered":"https:\/\/novo2023.camtra.org.br\/?p=11888"},"modified":"2024-07-12T13:11:20","modified_gmt":"2024-07-12T13:11:20","slug":"trabalho-das-mulheres","status":"publish","type":"post","link":"https:\/\/novo2023.camtra.org.br\/index.php\/2024\/04\/15\/trabalho-das-mulheres\/","title":{"rendered":"Trabalho das Mulheres"},"content":{"rendered":"<div id=\"fb-root\"><\/div>\n\t\t<div data-elementor-type=\"wp-post\" data-elementor-id=\"11888\" class=\"elementor elementor-11888\">\n\t\t\t\t<div class=\"elementor-element elementor-element-63f7f08 e-flex e-con-boxed e-con e-parent\" data-id=\"63f7f08\" data-element_type=\"container\">\n\t\t\t\t\t<div class=\"e-con-inner\">\n\t\t\t\t<div class=\"elementor-element elementor-element-a778d0a elementor-widget__width-initial exad-sticky-section-no exad-glass-effect-no elementor-widget elementor-widget-image\" data-id=\"a778d0a\" data-element_type=\"widget\" data-widget_type=\"image.default\">\n\t\t\t\t<div class=\"elementor-widget-container\">\n\t\t\t<style>\/*! elementor - v3.23.0 - 15-07-2024 *\/\n.elementor-widget-image{text-align:center}.elementor-widget-image a{display:inline-block}.elementor-widget-image a img[src$=\".svg\"]{width:48px}.elementor-widget-image img{vertical-align:middle;display:inline-block}<\/style>\t\t\t\t\t\t\t<figure class=\"wp-caption\">\n\t\t\t\t\t\t\t\t\t\t<img fetchpriority=\"high\" decoding=\"async\" width=\"800\" height=\"450\" src=\"https:\/\/novo2023.camtra.org.br\/wp-content\/uploads\/2024\/04\/CCS1385-800x450.jpg\" class=\"attachment-ocean-thumb-ml size-ocean-thumb-ml wp-image-13325\" alt=\"\" \/>\t\t\t\t\t\t\t\t\t\t\t<figcaption class=\"widget-image-caption wp-caption-text\"><\/figcaption>\n\t\t\t\t\t\t\t\t\t\t<\/figure>\n\t\t\t\t\t\t\t<\/div>\n\t\t\t\t<\/div>\n\t\t\t\t\t<\/div>\n\t\t\t\t<\/div>\n\t\t<div class=\"elementor-element elementor-element-0eb306a e-flex e-con-boxed e-con e-parent\" data-id=\"0eb306a\" data-element_type=\"container\">\n\t\t\t\t\t<div class=\"e-con-inner\">\n\t\t\t\t<div class=\"elementor-element elementor-element-7ce050a elementor-absolute exad-sticky-section-no exad-glass-effect-no elementor-widget elementor-widget-heading\" data-id=\"7ce050a\" data-element_type=\"widget\" data-settings=\"{&quot;_position&quot;:&quot;absolute&quot;}\" data-widget_type=\"heading.default\">\n\t\t\t\t<div class=\"elementor-widget-container\">\n\t\t\t<style>\/*! elementor - v3.23.0 - 15-07-2024 *\/\n.elementor-heading-title{padding:0;margin:0;line-height:1}.elementor-widget-heading .elementor-heading-title[class*=elementor-size-]>a{color:inherit;font-size:inherit;line-height:inherit}.elementor-widget-heading .elementor-heading-title.elementor-size-small{font-size:15px}.elementor-widget-heading .elementor-heading-title.elementor-size-medium{font-size:19px}.elementor-widget-heading .elementor-heading-title.elementor-size-large{font-size:29px}.elementor-widget-heading .elementor-heading-title.elementor-size-xl{font-size:39px}.elementor-widget-heading .elementor-heading-title.elementor-size-xxl{font-size:59px}<\/style><h2 class=\"elementor-heading-title elementor-size-default\">Foto Claudinei de Castro \/ Camtra e trabalhadoras da Saara<\/h2>\t\t<\/div>\n\t\t\t\t<\/div>\n\t\t\t\t\t<\/div>\n\t\t\t\t<\/div>\n\t\t<div class=\"elementor-element elementor-element-1218b10a e-flex e-con-boxed e-con e-parent\" data-id=\"1218b10a\" data-element_type=\"container\">\n\t\t\t\t\t<div class=\"e-con-inner\">\n\t\t\t\t<div class=\"elementor-element elementor-element-54400f57 exad-sticky-section-no exad-glass-effect-no elementor-widget elementor-widget-text-editor\" data-id=\"54400f57\" data-element_type=\"widget\" data-widget_type=\"text-editor.default\">\n\t\t\t\t<div class=\"elementor-widget-container\">\n\t\t\t<style>\/*! elementor - v3.23.0 - 15-07-2024 *\/\n.elementor-widget-text-editor.elementor-drop-cap-view-stacked .elementor-drop-cap{background-color:#69727d;color:#fff}.elementor-widget-text-editor.elementor-drop-cap-view-framed .elementor-drop-cap{color:#69727d;border:3px solid;background-color:transparent}.elementor-widget-text-editor:not(.elementor-drop-cap-view-default) .elementor-drop-cap{margin-top:8px}.elementor-widget-text-editor:not(.elementor-drop-cap-view-default) .elementor-drop-cap-letter{width:1em;height:1em}.elementor-widget-text-editor .elementor-drop-cap{float:left;text-align:center;line-height:1;font-size:50px}.elementor-widget-text-editor .elementor-drop-cap-letter{display:inline-block}<\/style>\t\t\t\t<!-- wp:paragraph -->\n<p>\u00a0<\/p>\n<p><span style=\"font-weight: 400;\">As mulheres s\u00e3o culturalmente responsabilizadas pelos afazeres de casa e tarefas do cuidado. Este trabalho \u00e9 socialmente desvalorizado e invisibilizado, o que acarreta desigualdades em diversas esferas da vida das mulheres, inclusive em sua condi\u00e7\u00e3o econ\u00f4mica e inser\u00e7\u00e3o no mercado de trabalho remunerado.<\/span><\/p>\n<p><span style=\"font-weight: 400;\">Assim, as mulheres, em especial as negras, continuam a ocupar fun\u00e7\u00f5es mais precarizadas e mal remuneradas, com menos acesso a direitos, visto que tem que conciliar com os afazeres de casa e tarefas do cuidado. O que \u00e9 agravado ainda pela precariza\u00e7\u00e3o de pol\u00edticas p\u00fablicas, que n\u00e3o oferecem suporte para a realiza\u00e7\u00e3o das mesmas.<\/span><\/p>\n<p><span style=\"font-weight: 400;\">Neste sentido, a Camtra compreende a import\u00e2ncia de a\u00e7\u00f5es que visem a visibilidade e valoriza\u00e7\u00e3o do trabalho realizado pelas mulheres, a dissemina\u00e7\u00e3o de informa\u00e7\u00f5es sobre direitos e visibilidade das condi\u00e7\u00f5es de trabalho das mulheres e sua autonomia econ\u00f4mica.<\/span><\/p>\n<p><div class=\"_df_thumb \" id=\"df_11923\"  _slug=\"cartilha-tempo-e-vida\" data-title=\"cartilha-tempo-e-vida\" wpoptions=\"true\" thumb=\"https:\/\/novo2023.camtra.org.br\/wp-content\/uploads\/2024\/04\/Trabalho-tempo-e-vida-das-mulheres.jpg\" thumbtype=\"\" >Cartilha Tempo e Vida<\/div><script class=\"df-shortcode-script\" type=\"application\/javascript\">window.option_df_11923 = {\"outline\":[],\"autoEnableOutline\":\"false\",\"autoEnableThumbnail\":\"false\",\"overwritePDFOutline\":\"false\",\"direction\":\"1\",\"pageSize\":\"0\",\"source\":\"https:\\\/\\\/novo2023.camtra.org.br\\\/wp-content\\\/uploads\\\/2024\\\/04\\\/livreto-trabalho-tempo-e-vida-das-mulheres.pdf\",\"wpOptions\":\"true\"}; if(window.DFLIP && window.DFLIP.parseBooks){window.DFLIP.parseBooks();}<\/script><\/p>\n<!-- \/wp:paragraph --><!-- wp:paragraph --><!-- \/wp:paragraph -->\t\t\t\t\t\t<\/div>\n\t\t\t\t<\/div>\n\t\t\t\t\t<\/div>\n\t\t\t\t<\/div>\n\t\t<div class=\"elementor-element elementor-element-cf04fe2 e-flex e-con-boxed e-con e-parent\" data-id=\"cf04fe2\" data-element_type=\"container\">\n\t\t\t\t\t<div class=\"e-con-inner\">\n\t\t\t\t<div class=\"elementor-element elementor-element-5374c77 exad-sticky-section-no exad-glass-effect-no elementor-widget elementor-widget-heading\" data-id=\"5374c77\" data-element_type=\"widget\" data-widget_type=\"heading.default\">\n\t\t\t\t<div class=\"elementor-widget-container\">\n\t\t\t<h2 class=\"elementor-heading-title elementor-size-default\">Veja tamb\u00e9m<\/h2>\t\t<\/div>\n\t\t\t\t<\/div>\n\t\t\t\t\t<\/div>\n\t\t\t\t<\/div>\n\t\t<div class=\"elementor-element elementor-element-5058152 e-flex e-con-boxed e-con e-parent\" data-id=\"5058152\" data-element_type=\"container\">\n\t\t\t\t\t<div class=\"e-con-inner\">\n\t\t\t\t<div class=\"elementor-element elementor-element-2463d83 exad-sticky-section-no exad-glass-effect-no elementor-widget elementor-widget-text-editor\" data-id=\"2463d83\" data-element_type=\"widget\" data-widget_type=\"text-editor.default\">\n\t\t\t\t<div class=\"elementor-widget-container\">\n\t\t\t\t\t\t\t<p>\u00a0<div class=\"_df_thumb \" id=\"df_12793\"  _slug=\"por-uma-educacao-nao-sexista\" data-title=\"por-uma-educacao-nao-sexista\" wpoptions=\"true\" thumb=\"https:\/\/novo2023.camtra.org.br\/wp-content\/uploads\/2024\/04\/Por-uma-educacao-nao-sexista.jpg\" thumbtype=\"\" >Por uma educa\u00e7\u00e3o n\u00e3o sexista<\/div><script class=\"df-shortcode-script\" type=\"application\/javascript\">window.option_df_12793 = {\"outline\":[],\"backgroundColor\":\"#590a5d\",\"autoEnableOutline\":\"false\",\"autoEnableThumbnail\":\"false\",\"overwritePDFOutline\":\"false\",\"direction\":\"1\",\"pageSize\":\"0\",\"source\":\"https:\\\/\\\/novo2023.camtra.org.br\\\/wp-content\\\/uploads\\\/2024\\\/04\\\/Por-uma-educacao-nao-sexista.pdf\",\"wpOptions\":\"true\"}; if(window.DFLIP && window.DFLIP.parseBooks){window.DFLIP.parseBooks();}<\/script> <div class=\"_df_thumb \" id=\"df_12786\"  _slug=\"trabalhadoras-ambulantes-vida-trabalho-e-direitos\" data-title=\"trabalhadoras-ambulantes-vida-trabalho-e-direitos\" wpoptions=\"true\" thumb=\"https:\/\/novo2023.camtra.org.br\/wp-content\/uploads\/2024\/04\/Trabalhadoras-Ambulantes-Vida-Trabalho-e-Direitos.jpg\" thumbtype=\"\" >Trabalhadoras Ambulantes: Vida, Trabalho e Direitos<\/div><script class=\"df-shortcode-script\" type=\"application\/javascript\">window.option_df_12786 = {\"outline\":[],\"backgroundColor\":\"#590a5d\",\"autoEnableOutline\":\"false\",\"autoEnableThumbnail\":\"false\",\"overwritePDFOutline\":\"false\",\"direction\":\"1\",\"pageSize\":\"0\",\"source\":\"https:\\\/\\\/novo2023.camtra.org.br\\\/wp-content\\\/uploads\\\/2024\\\/04\\\/Trabalhadoras-Ambulantes-Vida-Trabalho-e-Direitos.pdf\",\"wpOptions\":\"true\"}; if(window.DFLIP && window.DFLIP.parseBooks){window.DFLIP.parseBooks();}<\/script> <span style=\"caret-color: #3c434a; color: #3c434a; font-family: Consolas, Monaco, monospace; font-size: 13px; font-style: normal; font-variant-caps: normal; background-color: rgba(0, 0, 0, 0.07); text-align: var(--text-align);\"><div class=\"_df_thumb \" id=\"df_13431\"  _slug=\"mulheres-trabalhadoras-vida-e-direitos-2\" data-title=\"mulheres-trabalhadoras-vida-e-direitos\" wpoptions=\"true\" thumb=\"https:\/\/novo2023.camtra.org.br\/wp-content\/uploads\/2024\/05\/Revista-Mulheres-Trabalhadoras-3-Edicao-1.jpg\" thumbtype=\"\" >Mulheres Trabalhadoras Vida e Direitos<\/div><script class=\"df-shortcode-script\" type=\"application\/javascript\">window.option_df_13431 = {\"outline\":[],\"backgroundColor\":\"#590a5d\",\"autoEnableOutline\":\"false\",\"autoEnableThumbnail\":\"false\",\"overwritePDFOutline\":\"false\",\"direction\":\"1\",\"pageSize\":\"0\",\"source\":\"https:\\\/\\\/novo2023.camtra.org.br\\\/wp-content\\\/uploads\\\/2024\\\/05\\\/Revista-Mulheres-Trabalhadoras-3a-Edicao.pdf\",\"wpOptions\":\"true\"}; if(window.DFLIP && window.DFLIP.parseBooks){window.DFLIP.parseBooks();}<\/script><\/span><\/p>\t\t\t\t\t\t<\/div>\n\t\t\t\t<\/div>\n\t\t\t\t\t<\/div>\n\t\t\t\t<\/div>\n\t\t<div class=\"elementor-element elementor-element-fb2bf16 e-flex e-con-boxed e-con e-parent\" data-id=\"fb2bf16\" data-element_type=\"container\">\n\t\t\t\t\t<div class=\"e-con-inner\">\n\t\t\t\t<div class=\"elementor-element elementor-element-6c9b7dd exad-sticky-section-no exad-glass-effect-no elementor-widget elementor-widget-heading\" data-id=\"6c9b7dd\" data-element_type=\"widget\" data-widget_type=\"heading.default\">\n\t\t\t\t<div class=\"elementor-widget-container\">\n\t\t\t<h2 class=\"elementor-heading-title elementor-size-default\">Assista agora<\/h2>\t\t<\/div>\n\t\t\t\t<\/div>\n\t\t\t\t\t<\/div>\n\t\t\t\t<\/div>\n\t\t<div class=\"elementor-element elementor-element-4948a54 e-flex e-con-boxed e-con e-parent\" data-id=\"4948a54\" data-element_type=\"container\">\n\t\t\t\t\t<div class=\"e-con-inner\">\n\t\t<div class=\"elementor-element elementor-element-4cff484 e-con-full e-flex e-con e-child\" data-id=\"4cff484\" data-element_type=\"container\">\n\t\t\t\t<div class=\"elementor-element elementor-element-28322ef exad-sticky-section-no exad-glass-effect-no elementor-widget elementor-widget-video\" data-id=\"28322ef\" data-element_type=\"widget\" data-settings=\"{&quot;youtube_url&quot;:&quot;https:\\\/\\\/youtu.be\\\/TVABZtpGYAc&quot;,&quot;video_type&quot;:&quot;youtube&quot;,&quot;controls&quot;:&quot;yes&quot;}\" data-widget_type=\"video.default\">\n\t\t\t\t<div class=\"elementor-widget-container\">\n\t\t\t<style>\/*! elementor - v3.23.0 - 15-07-2024 *\/\n.elementor-widget-video .elementor-widget-container{overflow:hidden;transform:translateZ(0)}.elementor-widget-video .elementor-wrapper{aspect-ratio:var(--video-aspect-ratio)}.elementor-widget-video .elementor-wrapper iframe,.elementor-widget-video .elementor-wrapper video{height:100%;width:100%;display:flex;border:none;background-color:#000}@supports not (aspect-ratio:1\/1){.elementor-widget-video .elementor-wrapper{position:relative;overflow:hidden;height:0;padding-bottom:calc(100% \/ var(--video-aspect-ratio))}.elementor-widget-video .elementor-wrapper iframe,.elementor-widget-video .elementor-wrapper video{position:absolute;top:0;right:0;bottom:0;left:0}}.elementor-widget-video .elementor-open-inline .elementor-custom-embed-image-overlay{position:absolute;top:0;right:0;bottom:0;left:0;background-size:cover;background-position:50%}.elementor-widget-video .elementor-custom-embed-image-overlay{cursor:pointer;text-align:center}.elementor-widget-video .elementor-custom-embed-image-overlay:hover .elementor-custom-embed-play i{opacity:1}.elementor-widget-video .elementor-custom-embed-image-overlay img{display:block;width:100%;aspect-ratio:var(--video-aspect-ratio);-o-object-fit:cover;object-fit:cover;-o-object-position:center center;object-position:center center}@supports not (aspect-ratio:1\/1){.elementor-widget-video .elementor-custom-embed-image-overlay{position:relative;overflow:hidden;height:0;padding-bottom:calc(100% \/ var(--video-aspect-ratio))}.elementor-widget-video .elementor-custom-embed-image-overlay img{position:absolute;top:0;right:0;bottom:0;left:0}}.elementor-widget-video .e-hosted-video .elementor-video{-o-object-fit:cover;object-fit:cover}.e-con-inner>.elementor-widget-video,.e-con>.elementor-widget-video{width:var(--container-widget-width);--flex-grow:var(--container-widget-flex-grow)}<\/style>\t\t<div class=\"elementor-wrapper elementor-open-inline\">\n\t\t\t<div class=\"elementor-video\"><\/div>\t\t<\/div>\n\t\t\t\t<\/div>\n\t\t\t\t<\/div>\n\t\t\t\t<\/div>\n\t\t<div class=\"elementor-element elementor-element-b22a5f6 e-con-full e-flex e-con e-child\" data-id=\"b22a5f6\" data-element_type=\"container\">\n\t\t\t\t<div class=\"elementor-element elementor-element-170f250 exad-sticky-section-no exad-glass-effect-no elementor-widget elementor-widget-video\" data-id=\"170f250\" data-element_type=\"widget\" data-settings=\"{&quot;youtube_url&quot;:&quot;https:\\\/\\\/youtu.be\\\/9g4JWSrKkNM&quot;,&quot;video_type&quot;:&quot;youtube&quot;,&quot;controls&quot;:&quot;yes&quot;}\" data-widget_type=\"video.default\">\n\t\t\t\t<div class=\"elementor-widget-container\">\n\t\t\t\t\t<div class=\"elementor-wrapper elementor-open-inline\">\n\t\t\t<div class=\"elementor-video\"><\/div>\t\t<\/div>\n\t\t\t\t<\/div>\n\t\t\t\t<\/div>\n\t\t\t\t<\/div>\n\t\t\t\t\t<\/div>\n\t\t\t\t<\/div>\n\t\t<div class=\"elementor-element elementor-element-c03c296 e-flex e-con-boxed e-con e-parent\" data-id=\"c03c296\" data-element_type=\"container\">\n\t\t\t\t\t<div class=\"e-con-inner\">\n\t\t\t\t\t<\/div>\n\t\t\t\t<\/div>\n\t\t<div class=\"elementor-element elementor-element-7471349 e-flex e-con-boxed e-con e-parent\" data-id=\"7471349\" data-element_type=\"container\">\n\t\t\t\t\t<div class=\"e-con-inner\">\n\t\t\t\t<div class=\"elementor-element elementor-element-8edbfc3 exad-sticky-section-no exad-glass-effect-no elementor-widget elementor-widget-heading\" data-id=\"8edbfc3\" data-element_type=\"widget\" data-widget_type=\"heading.default\">\n\t\t\t\t<div class=\"elementor-widget-container\">\n\t\t\t<h2 class=\"elementor-heading-title elementor-size-default\">Infogr\u00e1fico Trabalho An\u00e1logo \u00e0 Escravid\u00e3o\n<\/h2>\t\t<\/div>\n\t\t\t\t<\/div>\n\t\t\t\t\t<\/div>\n\t\t\t\t<\/div>\n\t\t<div class=\"elementor-element elementor-element-bdb8b25 e-flex e-con-boxed e-con e-parent\" data-id=\"bdb8b25\" data-element_type=\"container\">\n\t\t\t\t\t<div class=\"e-con-inner\">\n\t\t\t\t\t<\/div>\n\t\t\t\t<\/div>\n\t\t<div class=\"elementor-element elementor-element-8da4415 e-flex e-con-boxed e-con e-parent\" data-id=\"8da4415\" data-element_type=\"container\">\n\t\t\t\t\t<div class=\"e-con-inner\">\n\t\t\t\t<div class=\"elementor-element elementor-element-31576e8 elementor-widget__width-inherit exad-sticky-section-no exad-glass-effect-no elementor-widget elementor-widget-image\" data-id=\"31576e8\" data-element_type=\"widget\" data-widget_type=\"image.default\">\n\t\t\t\t<div class=\"elementor-widget-container\">\n\t\t\t\t\t\t\t\t\t\t\t\t\t<img decoding=\"async\" width=\"724\" height=\"1024\" src=\"https:\/\/novo2023.camtra.org.br\/wp-content\/uploads\/2024\/04\/camtra-infografico-crimes-escravidao-1-scaled-1-724x1024.jpg\" class=\"attachment-large size-large wp-image-13498\" alt=\"\" srcset=\"https:\/\/novo2023.camtra.org.br\/wp-content\/uploads\/2024\/04\/camtra-infografico-crimes-escravidao-1-scaled-1-724x1024.jpg 724w, https:\/\/novo2023.camtra.org.br\/wp-content\/uploads\/2024\/04\/camtra-infografico-crimes-escravidao-1-scaled-1-212x300.jpg 212w, https:\/\/novo2023.camtra.org.br\/wp-content\/uploads\/2024\/04\/camtra-infografico-crimes-escravidao-1-scaled-1-768x1086.jpg 768w, https:\/\/novo2023.camtra.org.br\/wp-content\/uploads\/2024\/04\/camtra-infografico-crimes-escravidao-1-scaled-1-1086x1536.jpg 1086w, https:\/\/novo2023.camtra.org.br\/wp-content\/uploads\/2024\/04\/camtra-infografico-crimes-escravidao-1-scaled-1-1448x2048.jpg 1448w, https:\/\/novo2023.camtra.org.br\/wp-content\/uploads\/2024\/04\/camtra-infografico-crimes-escravidao-1-scaled-1.jpg 1810w\" sizes=\"(max-width: 724px) 100vw, 724px\" \/>\t\t\t\t\t\t\t\t\t\t\t\t\t<\/div>\n\t\t\t\t<\/div>\n\t\t\t\t\t<\/div>\n\t\t\t\t<\/div>\n\t\t<div class=\"elementor-element elementor-element-617838a e-flex e-con-boxed e-con e-parent\" data-id=\"617838a\" data-element_type=\"container\">\n\t\t\t\t\t<div class=\"e-con-inner\">\n\t\t\t\t\t<\/div>\n\t\t\t\t<\/div>\n\t\t<div class=\"elementor-element elementor-element-cd10551 e-flex e-con-boxed e-con e-parent\" data-id=\"cd10551\" data-element_type=\"container\">\n\t\t\t\t\t<div class=\"e-con-inner\">\n\t\t<div class=\"elementor-element elementor-element-50d347f e-con-full e-flex e-con e-child\" data-id=\"50d347f\" data-element_type=\"container\">\n\t\t\t\t<div class=\"elementor-element elementor-element-a664171 exad-sticky-section-no exad-glass-effect-no elementor-widget elementor-widget-heading\" data-id=\"a664171\" data-element_type=\"widget\" data-widget_type=\"heading.default\">\n\t\t\t\t<div class=\"elementor-widget-container\">\n\t\t\t<h2 class=\"elementor-heading-title elementor-size-default\"><br><br>Relat\u00f3rio - Mulheres Trabalhadoras Dom\u00e9sticas e o Trabalho An\u00e1logo \u00e0 Escravid\u00e3o 2022<\/h2>\t\t<\/div>\n\t\t\t\t<\/div>\n\t\t\t\t<\/div>\n\t\t<div class=\"elementor-element elementor-element-bac4ac4 e-con-full e-flex e-con e-child\" data-id=\"bac4ac4\" data-element_type=\"container\">\n\t\t\t\t<div class=\"elementor-element elementor-element-b6b86e2 exad-sticky-section-no exad-glass-effect-no elementor-widget elementor-widget-text-editor\" data-id=\"b6b86e2\" data-element_type=\"widget\" data-widget_type=\"text-editor.default\">\n\t\t\t\t<div class=\"elementor-widget-container\">\n\t\t\t\t\t\t\t<p><div class=\"_df_thumb \" id=\"df_12179\"  _slug=\"relatorio-mulheres-trabalhadoras-domesticas-e-o-trabalho-analogo-a-escravidao-2022\" data-title=\"relatorio-mulheres-trabalhadoras-domesticas-e-o-trabalho-analogo-a-escravidao-2022\" wpoptions=\"true\" thumb=\"https:\/\/novo2023.camtra.org.br\/wp-content\/uploads\/2024\/04\/WhatsApp-Image-2024-04-15-at-17.15.12.jpeg\" thumbtype=\"\" >Relat\u00f3rio &#8211; Mulheres Trabalhadoras Dom\u00e9sticas e o Trabalho An\u00e1logo \u00e0 Escravid\u00e3o 2022<\/div><script class=\"df-shortcode-script\" type=\"application\/javascript\">window.option_df_12179 = {\"outline\":[],\"backgroundColor\":\"#590a5d\",\"autoEnableOutline\":\"false\",\"autoEnableThumbnail\":\"false\",\"overwritePDFOutline\":\"false\",\"direction\":\"1\",\"pageSize\":\"0\",\"source\":\"https:\\\/\\\/novo2023.camtra.org.br\\\/wp-content\\\/uploads\\\/2024\\\/04\\\/Infografico-crimes-analogos-ok-2.pdf\",\"wpOptions\":\"true\"}; if(window.DFLIP && window.DFLIP.parseBooks){window.DFLIP.parseBooks();}<\/script><\/p>\t\t\t\t\t\t<\/div>\n\t\t\t\t<\/div>\n\t\t\t\t<\/div>\n\t\t\t\t\t<\/div>\n\t\t\t\t<\/div>\n\t\t\t\t<\/div>\n\t\t","protected":false},"excerpt":{"rendered":"<p>Foto Claudinei de Castro \/ Camtra e trabalhadoras da Saara \u00a0 As mulheres s\u00e3o culturalmente responsabilizadas pelos afazeres de casa e tarefas do cuidado. Este trabalho \u00e9 socialmente desvalorizado e [&hellip;]<\/p>\n","protected":false},"author":1,"featured_media":0,"comment_status":"open","ping_status":"open","sticky":false,"template":"","format":"standard","meta":{"om_disable_all_campaigns":false,"_monsterinsights_skip_tracking":false,"_monsterinsights_sitenote_active":false,"_monsterinsights_sitenote_note":"","_monsterinsights_sitenote_category":0,"_uf_show_specific_survey":0,"_uf_disable_surveys":false,"ocean_post_layout":"","ocean_both_sidebars_style":"","ocean_both_sidebars_content_width":0,"ocean_both_sidebars_sidebars_width":0,"ocean_sidebar":"","ocean_second_sidebar":"","ocean_disable_margins":"enable","ocean_add_body_class":"","ocean_shortcode_before_top_bar":"","ocean_shortcode_after_top_bar":"","ocean_shortcode_before_header":"","ocean_shortcode_after_header":"","ocean_has_shortcode":"","ocean_shortcode_after_title":"","ocean_shortcode_before_footer_widgets":"","ocean_shortcode_after_footer_widgets":"","ocean_shortcode_before_footer_bottom":"","ocean_shortcode_after_footer_bottom":"","ocean_display_top_bar":"default","ocean_display_header":"default","ocean_header_style":"","ocean_center_header_left_menu":"","ocean_custom_header_template":"","ocean_custom_logo":0,"ocean_custom_retina_logo":0,"ocean_custom_logo_max_width":0,"ocean_custom_logo_tablet_max_width":0,"ocean_custom_logo_mobile_max_width":0,"ocean_custom_logo_max_height":0,"ocean_custom_logo_tablet_max_height":0,"ocean_custom_logo_mobile_max_height":0,"ocean_header_custom_menu":"","ocean_menu_typo_font_family":"","ocean_menu_typo_font_subset":"","ocean_menu_typo_font_size":0,"ocean_menu_typo_font_size_tablet":0,"ocean_menu_typo_font_size_mobile":0,"ocean_menu_typo_font_size_unit":"px","ocean_menu_typo_font_weight":"","ocean_menu_typo_font_weight_tablet":"","ocean_menu_typo_font_weight_mobile":"","ocean_menu_typo_transform":"","ocean_menu_typo_transform_tablet":"","ocean_menu_typo_transform_mobile":"","ocean_menu_typo_line_height":0,"ocean_menu_typo_line_height_tablet":0,"ocean_menu_typo_line_height_mobile":0,"ocean_menu_typo_line_height_unit":"","ocean_menu_typo_spacing":0,"ocean_menu_typo_spacing_tablet":0,"ocean_menu_typo_spacing_mobile":0,"ocean_menu_typo_spacing_unit":"","ocean_menu_link_color":"","ocean_menu_link_color_hover":"","ocean_menu_link_color_active":"","ocean_menu_link_background":"","ocean_menu_link_hover_background":"","ocean_menu_link_active_background":"","ocean_menu_social_links_bg":"","ocean_menu_social_hover_links_bg":"","ocean_menu_social_links_color":"","ocean_menu_social_hover_links_color":"","ocean_disable_title":"default","ocean_disable_heading":"default","ocean_post_title":"","ocean_post_subheading":"","ocean_post_title_style":"","ocean_post_title_background_color":"","ocean_post_title_background":0,"ocean_post_title_bg_image_position":"","ocean_post_title_bg_image_attachment":"","ocean_post_title_bg_image_repeat":"","ocean_post_title_bg_image_size":"","ocean_post_title_height":0,"ocean_post_title_bg_overlay":0.5,"ocean_post_title_bg_overlay_color":"","ocean_disable_breadcrumbs":"default","ocean_breadcrumbs_color":"","ocean_breadcrumbs_separator_color":"","ocean_breadcrumbs_links_color":"","ocean_breadcrumbs_links_hover_color":"","ocean_display_footer_widgets":"default","ocean_display_footer_bottom":"default","ocean_custom_footer_template":"","ocean_post_oembed":"","ocean_post_self_hosted_media":"","ocean_post_video_embed":"","ocean_link_format":"","ocean_link_format_target":"self","ocean_quote_format":"","ocean_quote_format_link":"post","ocean_gallery_link_images":"on","ocean_gallery_id":[],"footnotes":""},"categories":[1],"tags":[],"class_list":["post-11888","post","type-post","status-publish","format-standard","hentry","category-blog","entry"],"aioseo_notices":[],"yoast_head":"<!-- This site is optimized with the Yoast SEO plugin v23.0 - https:\/\/yoast.com\/wordpress\/plugins\/seo\/ -->\n<title>Trabalho das Mulheres - CAMTRA NOVO<\/title>\n<meta name=\"robots\" content=\"index, follow, max-snippet:-1, max-image-preview:large, max-video-preview:-1\" \/>\n<link rel=\"canonical\" href=\"https:\/\/novo2023.camtra.org.br\/index.php\/2024\/04\/15\/trabalho-das-mulheres\/\" \/>\n<meta property=\"og:locale\" content=\"pt_BR\" \/>\n<meta property=\"og:type\" content=\"article\" \/>\n<meta property=\"og:title\" content=\"Trabalho das Mulheres - CAMTRA NOVO\" \/>\n<meta property=\"og:description\" content=\"Foto Claudinei de Castro \/ Camtra e trabalhadoras da Saara \u00a0 As mulheres s\u00e3o culturalmente responsabilizadas pelos afazeres de casa e tarefas do cuidado. Este trabalho \u00e9 socialmente desvalorizado e [&hellip;]\" \/>\n<meta property=\"og:url\" content=\"https:\/\/novo2023.camtra.org.br\/index.php\/2024\/04\/15\/trabalho-das-mulheres\/\" \/>\n<meta property=\"og:site_name\" content=\"CAMTRA NOVO\" \/>\n<meta property=\"article:published_time\" content=\"2024-04-15T16:43:19+00:00\" \/>\n<meta property=\"article:modified_time\" content=\"2024-07-12T13:11:20+00:00\" \/>\n<meta property=\"og:image\" content=\"https:\/\/novo2023.camtra.org.br\/wp-content\/uploads\/2024\/04\/CCS1385-800x450.jpg\" \/>\n<meta name=\"author\" content=\"alter\" \/>\n<meta name=\"twitter:card\" content=\"summary_large_image\" \/>\n<meta name=\"twitter:label1\" content=\"Escrito por\" \/>\n\t<meta name=\"twitter:data1\" content=\"alter\" \/>\n\t<meta name=\"twitter:label2\" content=\"Est. tempo de leitura\" \/>\n\t<meta name=\"twitter:data2\" content=\"2 minutos\" \/>\n<script type=\"application\/ld+json\" class=\"yoast-schema-graph\">{\"@context\":\"https:\/\/schema.org\",\"@graph\":[{\"@type\":\"Article\",\"@id\":\"https:\/\/novo2023.camtra.org.br\/index.php\/2024\/04\/15\/trabalho-das-mulheres\/#article\",\"isPartOf\":{\"@id\":\"https:\/\/novo2023.camtra.org.br\/index.php\/2024\/04\/15\/trabalho-das-mulheres\/\"},\"author\":{\"name\":\"alter\",\"@id\":\"https:\/\/novo2023.camtra.org.br\/#\/schema\/person\/15fb554c7c7e80758d7b3e44634f5118\"},\"headline\":\"Trabalho das Mulheres\",\"datePublished\":\"2024-04-15T16:43:19+00:00\",\"dateModified\":\"2024-07-12T13:11:20+00:00\",\"mainEntityOfPage\":{\"@id\":\"https:\/\/novo2023.camtra.org.br\/index.php\/2024\/04\/15\/trabalho-das-mulheres\/\"},\"wordCount\":221,\"commentCount\":0,\"publisher\":{\"@id\":\"https:\/\/novo2023.camtra.org.br\/#organization\"},\"image\":{\"@id\":\"https:\/\/novo2023.camtra.org.br\/index.php\/2024\/04\/15\/trabalho-das-mulheres\/#primaryimage\"},\"thumbnailUrl\":\"https:\/\/novo2023.camtra.org.br\/wp-content\/uploads\/2024\/04\/CCS1385-800x450.jpg\",\"articleSection\":[\"Blog\"],\"inLanguage\":\"pt-BR\",\"potentialAction\":[{\"@type\":\"CommentAction\",\"name\":\"Comment\",\"target\":[\"https:\/\/novo2023.camtra.org.br\/index.php\/2024\/04\/15\/trabalho-das-mulheres\/#respond\"]}]},{\"@type\":\"WebPage\",\"@id\":\"https:\/\/novo2023.camtra.org.br\/index.php\/2024\/04\/15\/trabalho-das-mulheres\/\",\"url\":\"https:\/\/novo2023.camtra.org.br\/index.php\/2024\/04\/15\/trabalho-das-mulheres\/\",\"name\":\"Trabalho das Mulheres - CAMTRA NOVO\",\"isPartOf\":{\"@id\":\"https:\/\/novo2023.camtra.org.br\/#website\"},\"primaryImageOfPage\":{\"@id\":\"https:\/\/novo2023.camtra.org.br\/index.php\/2024\/04\/15\/trabalho-das-mulheres\/#primaryimage\"},\"image\":{\"@id\":\"https:\/\/novo2023.camtra.org.br\/index.php\/2024\/04\/15\/trabalho-das-mulheres\/#primaryimage\"},\"thumbnailUrl\":\"https:\/\/novo2023.camtra.org.br\/wp-content\/uploads\/2024\/04\/CCS1385-800x450.jpg\",\"datePublished\":\"2024-04-15T16:43:19+00:00\",\"dateModified\":\"2024-07-12T13:11:20+00:00\",\"breadcrumb\":{\"@id\":\"https:\/\/novo2023.camtra.org.br\/index.php\/2024\/04\/15\/trabalho-das-mulheres\/#breadcrumb\"},\"inLanguage\":\"pt-BR\",\"potentialAction\":[{\"@type\":\"ReadAction\",\"target\":[\"https:\/\/novo2023.camtra.org.br\/index.php\/2024\/04\/15\/trabalho-das-mulheres\/\"]}]},{\"@type\":\"ImageObject\",\"inLanguage\":\"pt-BR\",\"@id\":\"https:\/\/novo2023.camtra.org.br\/index.php\/2024\/04\/15\/trabalho-das-mulheres\/#primaryimage\",\"url\":\"https:\/\/novo2023.camtra.org.br\/wp-content\/uploads\/2024\/04\/CCS1385-scaled.jpg\",\"contentUrl\":\"https:\/\/novo2023.camtra.org.br\/wp-content\/uploads\/2024\/04\/CCS1385-scaled.jpg\",\"width\":2560,\"height\":1709},{\"@type\":\"BreadcrumbList\",\"@id\":\"https:\/\/novo2023.camtra.org.br\/index.php\/2024\/04\/15\/trabalho-das-mulheres\/#breadcrumb\",\"itemListElement\":[{\"@type\":\"ListItem\",\"position\":1,\"name\":\"Home\",\"item\":\"https:\/\/novo2023.camtra.org.br\/\"},{\"@type\":\"ListItem\",\"position\":2,\"name\":\"Trabalho das Mulheres\"}]},{\"@type\":\"WebSite\",\"@id\":\"https:\/\/novo2023.camtra.org.br\/#website\",\"url\":\"https:\/\/novo2023.camtra.org.br\/\",\"name\":\"CAMTRA NOVO\",\"description\":\"\",\"publisher\":{\"@id\":\"https:\/\/novo2023.camtra.org.br\/#organization\"},\"potentialAction\":[{\"@type\":\"SearchAction\",\"target\":{\"@type\":\"EntryPoint\",\"urlTemplate\":\"https:\/\/novo2023.camtra.org.br\/?s={search_term_string}\"},\"query-input\":\"required name=search_term_string\"}],\"inLanguage\":\"pt-BR\"},{\"@type\":\"Organization\",\"@id\":\"https:\/\/novo2023.camtra.org.br\/#organization\",\"name\":\"CAMTRA NOVO\",\"url\":\"https:\/\/novo2023.camtra.org.br\/\",\"logo\":{\"@type\":\"ImageObject\",\"inLanguage\":\"pt-BR\",\"@id\":\"https:\/\/novo2023.camtra.org.br\/#\/schema\/logo\/image\/\",\"url\":\"https:\/\/novo2023.camtra.org.br\/wp-content\/uploads\/2024\/01\/CAMTRA-comflor-roxa-logo_logo-camtra-principal-flor.png\",\"contentUrl\":\"https:\/\/novo2023.camtra.org.br\/wp-content\/uploads\/2024\/01\/CAMTRA-comflor-roxa-logo_logo-camtra-principal-flor.png\",\"width\":1172,\"height\":330,\"caption\":\"CAMTRA NOVO\"},\"image\":{\"@id\":\"https:\/\/novo2023.camtra.org.br\/#\/schema\/logo\/image\/\"}},{\"@type\":\"Person\",\"@id\":\"https:\/\/novo2023.camtra.org.br\/#\/schema\/person\/15fb554c7c7e80758d7b3e44634f5118\",\"name\":\"alter\",\"image\":{\"@type\":\"ImageObject\",\"inLanguage\":\"pt-BR\",\"@id\":\"https:\/\/novo2023.camtra.org.br\/#\/schema\/person\/image\/\",\"url\":\"https:\/\/novo2023.camtra.org.br\/wp-content\/litespeed\/avatar\/5227e4c6fe242ae45e670da808858849.jpg?ver=1776842484\",\"contentUrl\":\"https:\/\/novo2023.camtra.org.br\/wp-content\/litespeed\/avatar\/5227e4c6fe242ae45e670da808858849.jpg?ver=1776842484\",\"caption\":\"alter\"},\"sameAs\":[\"https:\/\/novo2023.camtra.org.br\"],\"url\":\"https:\/\/novo2023.camtra.org.br\/index.php\/author\/alter\/\"}]}<\/script>\n<!-- \/ Yoast SEO plugin. -->","yoast_head_json":{"title":"Trabalho das Mulheres - CAMTRA NOVO","robots":{"index":"index","follow":"follow","max-snippet":"max-snippet:-1","max-image-preview":"max-image-preview:large","max-video-preview":"max-video-preview:-1"},"canonical":"https:\/\/novo2023.camtra.org.br\/index.php\/2024\/04\/15\/trabalho-das-mulheres\/","og_locale":"pt_BR","og_type":"article","og_title":"Trabalho das Mulheres - CAMTRA NOVO","og_description":"Foto Claudinei de Castro \/ Camtra e trabalhadoras da Saara \u00a0 As mulheres s\u00e3o culturalmente responsabilizadas pelos afazeres de casa e tarefas do cuidado. Este trabalho \u00e9 socialmente desvalorizado e [&hellip;]","og_url":"https:\/\/novo2023.camtra.org.br\/index.php\/2024\/04\/15\/trabalho-das-mulheres\/","og_site_name":"CAMTRA NOVO","article_published_time":"2024-04-15T16:43:19+00:00","article_modified_time":"2024-07-12T13:11:20+00:00","og_image":[{"url":"https:\/\/novo2023.camtra.org.br\/wp-content\/uploads\/2024\/04\/CCS1385-800x450.jpg"}],"author":"alter","twitter_card":"summary_large_image","twitter_misc":{"Escrito por":"alter","Est. tempo de leitura":"2 minutos"},"schema":{"@context":"https:\/\/schema.org","@graph":[{"@type":"Article","@id":"https:\/\/novo2023.camtra.org.br\/index.php\/2024\/04\/15\/trabalho-das-mulheres\/#article","isPartOf":{"@id":"https:\/\/novo2023.camtra.org.br\/index.php\/2024\/04\/15\/trabalho-das-mulheres\/"},"author":{"name":"alter","@id":"https:\/\/novo2023.camtra.org.br\/#\/schema\/person\/15fb554c7c7e80758d7b3e44634f5118"},"headline":"Trabalho das Mulheres","datePublished":"2024-04-15T16:43:19+00:00","dateModified":"2024-07-12T13:11:20+00:00","mainEntityOfPage":{"@id":"https:\/\/novo2023.camtra.org.br\/index.php\/2024\/04\/15\/trabalho-das-mulheres\/"},"wordCount":221,"commentCount":0,"publisher":{"@id":"https:\/\/novo2023.camtra.org.br\/#organization"},"image":{"@id":"https:\/\/novo2023.camtra.org.br\/index.php\/2024\/04\/15\/trabalho-das-mulheres\/#primaryimage"},"thumbnailUrl":"https:\/\/novo2023.camtra.org.br\/wp-content\/uploads\/2024\/04\/CCS1385-800x450.jpg","articleSection":["Blog"],"inLanguage":"pt-BR","potentialAction":[{"@type":"CommentAction","name":"Comment","target":["https:\/\/novo2023.camtra.org.br\/index.php\/2024\/04\/15\/trabalho-das-mulheres\/#respond"]}]},{"@type":"WebPage","@id":"https:\/\/novo2023.camtra.org.br\/index.php\/2024\/04\/15\/trabalho-das-mulheres\/","url":"https:\/\/novo2023.camtra.org.br\/index.php\/2024\/04\/15\/trabalho-das-mulheres\/","name":"Trabalho das Mulheres - CAMTRA NOVO","isPartOf":{"@id":"https:\/\/novo2023.camtra.org.br\/#website"},"primaryImageOfPage":{"@id":"https:\/\/novo2023.camtra.org.br\/index.php\/2024\/04\/15\/trabalho-das-mulheres\/#primaryimage"},"image":{"@id":"https:\/\/novo2023.camtra.org.br\/index.php\/2024\/04\/15\/trabalho-das-mulheres\/#primaryimage"},"thumbnailUrl":"https:\/\/novo2023.camtra.org.br\/wp-content\/uploads\/2024\/04\/CCS1385-800x450.jpg","datePublished":"2024-04-15T16:43:19+00:00","dateModified":"2024-07-12T13:11:20+00:00","breadcrumb":{"@id":"https:\/\/novo2023.camtra.org.br\/index.php\/2024\/04\/15\/trabalho-das-mulheres\/#breadcrumb"},"inLanguage":"pt-BR","potentialAction":[{"@type":"ReadAction","target":["https:\/\/novo2023.camtra.org.br\/index.php\/2024\/04\/15\/trabalho-das-mulheres\/"]}]},{"@type":"ImageObject","inLanguage":"pt-BR","@id":"https:\/\/novo2023.camtra.org.br\/index.php\/2024\/04\/15\/trabalho-das-mulheres\/#primaryimage","url":"https:\/\/novo2023.camtra.org.br\/wp-content\/uploads\/2024\/04\/CCS1385-scaled.jpg","contentUrl":"https:\/\/novo2023.camtra.org.br\/wp-content\/uploads\/2024\/04\/CCS1385-scaled.jpg","width":2560,"height":1709},{"@type":"BreadcrumbList","@id":"https:\/\/novo2023.camtra.org.br\/index.php\/2024\/04\/15\/trabalho-das-mulheres\/#breadcrumb","itemListElement":[{"@type":"ListItem","position":1,"name":"Home","item":"https:\/\/novo2023.camtra.org.br\/"},{"@type":"ListItem","position":2,"name":"Trabalho das Mulheres"}]},{"@type":"WebSite","@id":"https:\/\/novo2023.camtra.org.br\/#website","url":"https:\/\/novo2023.camtra.org.br\/","name":"CAMTRA NOVO","description":"","publisher":{"@id":"https:\/\/novo2023.camtra.org.br\/#organization"},"potentialAction":[{"@type":"SearchAction","target":{"@type":"EntryPoint","urlTemplate":"https:\/\/novo2023.camtra.org.br\/?s={search_term_string}"},"query-input":"required name=search_term_string"}],"inLanguage":"pt-BR"},{"@type":"Organization","@id":"https:\/\/novo2023.camtra.org.br\/#organization","name":"CAMTRA NOVO","url":"https:\/\/novo2023.camtra.org.br\/","logo":{"@type":"ImageObject","inLanguage":"pt-BR","@id":"https:\/\/novo2023.camtra.org.br\/#\/schema\/logo\/image\/","url":"https:\/\/novo2023.camtra.org.br\/wp-content\/uploads\/2024\/01\/CAMTRA-comflor-roxa-logo_logo-camtra-principal-flor.png","contentUrl":"https:\/\/novo2023.camtra.org.br\/wp-content\/uploads\/2024\/01\/CAMTRA-comflor-roxa-logo_logo-camtra-principal-flor.png","width":1172,"height":330,"caption":"CAMTRA NOVO"},"image":{"@id":"https:\/\/novo2023.camtra.org.br\/#\/schema\/logo\/image\/"}},{"@type":"Person","@id":"https:\/\/novo2023.camtra.org.br\/#\/schema\/person\/15fb554c7c7e80758d7b3e44634f5118","name":"alter","image":{"@type":"ImageObject","inLanguage":"pt-BR","@id":"https:\/\/novo2023.camtra.org.br\/#\/schema\/person\/image\/","url":"https:\/\/novo2023.camtra.org.br\/wp-content\/litespeed\/avatar\/5227e4c6fe242ae45e670da808858849.jpg?ver=1776842484","contentUrl":"https:\/\/novo2023.camtra.org.br\/wp-content\/litespeed\/avatar\/5227e4c6fe242ae45e670da808858849.jpg?ver=1776842484","caption":"alter"},"sameAs":["https:\/\/novo2023.camtra.org.br"],"url":"https:\/\/novo2023.camtra.org.br\/index.php\/author\/alter\/"}]}},"_links":{"self":[{"href":"https:\/\/novo2023.camtra.org.br\/index.php\/wp-json\/wp\/v2\/posts\/11888"}],"collection":[{"href":"https:\/\/novo2023.camtra.org.br\/index.php\/wp-json\/wp\/v2\/posts"}],"about":[{"href":"https:\/\/novo2023.camtra.org.br\/index.php\/wp-json\/wp\/v2\/types\/post"}],"author":[{"embeddable":true,"href":"https:\/\/novo2023.camtra.org.br\/index.php\/wp-json\/wp\/v2\/users\/1"}],"replies":[{"embeddable":true,"href":"https:\/\/novo2023.camtra.org.br\/index.php\/wp-json\/wp\/v2\/comments?post=11888"}],"version-history":[{"count":29,"href":"https:\/\/novo2023.camtra.org.br\/index.php\/wp-json\/wp\/v2\/posts\/11888\/revisions"}],"predecessor-version":[{"id":14284,"href":"https:\/\/novo2023.camtra.org.br\/index.php\/wp-json\/wp\/v2\/posts\/11888\/revisions\/14284"}],"wp:attachment":[{"href":"https:\/\/novo2023.camtra.org.br\/index.php\/wp-json\/wp\/v2\/media?parent=11888"}],"wp:term":[{"taxonomy":"category","embeddable":true,"href":"https:\/\/novo2023.camtra.org.br\/index.php\/wp-json\/wp\/v2\/categories?post=11888"},{"taxonomy":"post_tag","embeddable":true,"href":"https:\/\/novo2023.camtra.org.br\/index.php\/wp-json\/wp\/v2\/tags?post=11888"}],"curies":[{"name":"wp","href":"https:\/\/api.w.org\/{rel}","templated":true}]}}